{"id":19101,"date":"2023-03-24T22:02:43","date_gmt":"2023-03-25T04:02:43","guid":{"rendered":"https:\/\/politicosaldesnudo.com.mx\/?p=19101"},"modified":"2023-05-01T21:08:26","modified_gmt":"2023-05-02T02:08:26","slug":"en-jornada-itinerante-ssteev-realiza-entrega-de-certificacion-testamentaria-a-docentes-de-tuxpan","status":"publish","type":"post","link":"https:\/\/politicosaldesnudo.com.mx\/index.php\/2023\/03\/24\/en-jornada-itinerante-ssteev-realiza-entrega-de-certificacion-testamentaria-a-docentes-de-tuxpan\/","title":{"rendered":"En jornada itinerante, Ssteev\u00a0 realiza entrega de Certificaci\u00f3n Testamentaria a docentes de Tuxpan"},"content":{"rendered":"<p>&nbsp;<\/p>\n<p><span style=\"font-size: 14pt;\"><em><strong>TUXPAN, VERACRUZ.<\/strong> <\/em>En el m\u00f3dulo itinerante instalado en la sala anexa de la Direcci\u00f3n de Cultura, el Seguro Social de los Trabajadores de la Educaci\u00f3n del Estado de Veracruz ( Ssteev) realiz\u00f3 la entrega de Certificaci\u00f3n Testamentaria a profesores activos y jubilados de esta regi\u00f3n.<\/span><\/p>\n<p><span style=\"font-size: 14pt;\">El alcalde Jos\u00e9 Manuel Pozos Castro acompa\u00f1\u00f3 en esta entrega al Lic. Francisco Enrique P\u00e9rez Carre\u00f3n, director general del Ssteev; Hiram Wenceslao Basti\u00e1n Bautista, delegado regional del Sindicato Unificador de los Trabajadores al Servicio del Estado y del Magisterio (Sutsem ); y al Prof. Jos\u00e9 Luis Cruz Cruz, delegado de escuelas primarias del Sutsem.<\/span><\/p>\n<p><span style=\"font-size: 14pt;\">A trav\u00e9s de este m\u00f3dulo, el Ssteev tambi\u00e9n llev\u00f3 a cabo tr\u00e1mites de afiliaciones y renovaciones, para que los docentes no tengan la necesidad de trasladarse a la ciudad de Xalapa.<\/span><\/p>\n<p>&nbsp;<\/p>\n<p><img data-recalc-dims=\"1\" loading=\"lazy\" decoding=\"async\" class=\"aligncenter wp-image-19103 size-large\" src=\"https:\/\/i0.wp.com\/politicosaldesnudo.com.mx\/wp-content\/uploads\/2023\/05\/P-TESTAMENTO-TUXPAN-1-1024x573.png?resize=800%2C448&#038;ssl=1\" alt=\"\" width=\"800\" height=\"448\" srcset=\"https:\/\/i0.wp.com\/politicosaldesnudo.com.mx\/wp-content\/uploads\/2023\/05\/P-TESTAMENTO-TUXPAN-1.png?resize=1024%2C573&amp;ssl=1 1024w, https:\/\/i0.wp.com\/politicosaldesnudo.com.mx\/wp-content\/uploads\/2023\/05\/P-TESTAMENTO-TUXPAN-1.png?resize=300%2C168&amp;ssl=1 300w, https:\/\/i0.wp.com\/politicosaldesnudo.com.mx\/wp-content\/uploads\/2023\/05\/P-TESTAMENTO-TUXPAN-1.png?resize=768%2C430&amp;ssl=1 768w, https:\/\/i0.wp.com\/politicosaldesnudo.com.mx\/wp-content\/uploads\/2023\/05\/P-TESTAMENTO-TUXPAN-1.png?resize=1536%2C859&amp;ssl=1 1536w, https:\/\/i0.wp.com\/politicosaldesnudo.com.mx\/wp-content\/uploads\/2023\/05\/P-TESTAMENTO-TUXPAN-1.png?w=1816&amp;ssl=1 1816w, https:\/\/i0.wp.com\/politicosaldesnudo.com.mx\/wp-content\/uploads\/2023\/05\/P-TESTAMENTO-TUXPAN-1.png?w=1600&amp;ssl=1 1600w\" sizes=\"auto, (max-width: 800px) 100vw, 800px\" \/><\/p>\n<p>&nbsp;<\/p>\n<p><span style=\"font-size: 18pt;\"><strong>Jos\u00e9 Manuel Pozos Castro agradeci\u00f3 al Seguro Social por acercar las prestaciones a los derechohabientes: \u201cMe alegra que se contin\u00fae acercando las prestaciones a los derechohabientes tales como afiliaci\u00f3n, renovaci\u00f3n y disposici\u00f3n testamentaria, pero m\u00e1s gusto me da que se hayan entregado pagos anticipados de media p\u00f3liza, ya que esto permite abatir un rezago que se ten\u00eda desde hace m\u00e1s de seis a\u00f1os en el estado\u201d.<\/strong><\/span><\/p>\n<p><span style=\"font-size: 14pt;\">Asimismo, inform\u00f3 que los jubilados recibir\u00e1n su pago de beneficios complementarios que, como su nombre lo indica, es un complemento a las prestaciones del Seguro Social estatal.<\/span><\/p>\n<p><span style=\"font-size: 14pt;\">Al respecto, Francisco Enrique P\u00e9rez destac\u00f3 que se entregaron 1 mill\u00f3n 343 mil pesos como pago de p\u00f3lizas y medias p\u00f3lizas y del Fondo de Beneficios Complementarios.<\/span><\/p>\n<p><span style=\"font-size: 14pt;\">El director general del Ssteev agradeci\u00f3 al alcalde Jos\u00e9 Manuel Pozos Castro por el apoyo para instalar el m\u00f3dulo itinerante, y reconoci\u00f3 que Tuxpan se ha convertido en parte importante para el desarrollo econ\u00f3mico y social del estado de Veracruz.<\/span><\/p>\n<p>&nbsp;<\/p>\n<p>&nbsp;<\/p>\n","protected":false},"excerpt":{"rendered":"<p>&nbsp; TUXPAN, VERACRUZ. En el m\u00f3dulo itinerante instalado en la sala anexa de la Direcci\u00f3n de Cultura, el Seguro Social<\/p>\n","protected":false},"author":4,"featured_media":19104,"comment_status":"closed","ping_status":"closed","sticky":false,"template":"","format":"standard","meta":{"colormag_page_container_layout":"default_layout","colormag_page_sidebar_layout":"default_layout","_jetpack_memberships_contains_paid_content":false,"footnotes":"","jetpack_publicize_message":"","jetpack_publicize_feature_enabled":true,"jetpack_social_post_already_shared":false,"jetpack_social_options":{"image_generator_settings":{"template":"highway","default_image_id":0,"font":"","enabled":false},"version":2}},"categories":[1082],"tags":[],"class_list":["post-19101","post","type-post","status-publish","format-standard","has-post-thumbnail","hentry","category-tuxpan"],"jetpack_publicize_connections":[],"jetpack_featured_media_url":"https:\/\/i0.wp.com\/politicosaldesnudo.com.mx\/wp-content\/uploads\/2023\/05\/P-TESTAMENTO-TUXPAN-2.png?fit=1816%2C1016&ssl=1","jetpack-related-posts":[],"jetpack_sharing_enabled":true,"_links":{"self":[{"href":"https:\/\/politicosaldesnudo.com.mx\/index.php\/wp-json\/wp\/v2\/posts\/19101","targetHints":{"allow":["GET"]}}],"collection":[{"href":"https:\/\/politicosaldesnudo.com.mx\/index.php\/wp-json\/wp\/v2\/posts"}],"about":[{"href":"https:\/\/politicosaldesnudo.com.mx\/index.php\/wp-json\/wp\/v2\/types\/post"}],"author":[{"embeddable":true,"href":"https:\/\/politicosaldesnudo.com.mx\/index.php\/wp-json\/wp\/v2\/users\/4"}],"replies":[{"embeddable":true,"href":"https:\/\/politicosaldesnudo.com.mx\/index.php\/wp-json\/wp\/v2\/comments?post=19101"}],"version-history":[{"count":0,"href":"https:\/\/politicosaldesnudo.com.mx\/index.php\/wp-json\/wp\/v2\/posts\/19101\/revisions"}],"wp:featuredmedia":[{"embeddable":true,"href":"https:\/\/politicosaldesnudo.com.mx\/index.php\/wp-json\/wp\/v2\/media\/19104"}],"wp:attachment":[{"href":"https:\/\/politicosaldesnudo.com.mx\/index.php\/wp-json\/wp\/v2\/media?parent=19101"}],"wp:term":[{"taxonomy":"category","embeddable":true,"href":"https:\/\/politicosaldesnudo.com.mx\/index.php\/wp-json\/wp\/v2\/categories?post=19101"},{"taxonomy":"post_tag","embeddable":true,"href":"https:\/\/politicosaldesnudo.com.mx\/index.php\/wp-json\/wp\/v2\/tags?post=19101"}],"curies":[{"name":"wp","href":"https:\/\/api.w.org\/{rel}","templated":true}]}}