{"id":19108,"date":"2023-03-26T15:10:49","date_gmt":"2023-03-26T21:10:49","guid":{"rendered":"https:\/\/politicosaldesnudo.com.mx\/?p=19108"},"modified":"2023-05-01T21:17:20","modified_gmt":"2023-05-02T02:17:20","slug":"con-gran-exito-se-realizo-segunda-carrera-atletica-unidos-todos-benito-juarez","status":"publish","type":"post","link":"https:\/\/politicosaldesnudo.com.mx\/index.php\/2023\/03\/26\/con-gran-exito-se-realizo-segunda-carrera-atletica-unidos-todos-benito-juarez\/","title":{"rendered":"Con gran \u00e9xito se realiz\u00f3 Segunda Carrera Atl\u00e9tica Unidos Todos \u201cBenito Ju\u00e1rez \u201c"},"content":{"rendered":"<p>&nbsp;<\/p>\n<p><span style=\"font-size: 14pt;\"><em><strong>TUXPAN, VERACRUZ.\u00a0<\/strong> <\/em>Con gran \u00e9xito se realiz\u00f3 este domingo la \u201cSegunda Carrera Unidos Todos \u201cBenito Ju\u00e1rez\u201d, en la que particip\u00f3 el gobernador Cuitl\u00e1huac Garc\u00eda Jim\u00e9nez, legisladores, servidores p\u00fablicos, ciudadanos de Tuxpan y de otros municipios.<\/span><\/p>\n<p><span style=\"font-size: 14pt;\">El alcalde Jos\u00e9 Manuel Pozos Castro destac\u00f3 que este evento deportivo, m\u00e1s que una competencia, fue una convivencia.<\/span><\/p>\n<p><span style=\"font-size: 18pt;\"><strong>Los participates corrieron a lo largo del boulevard Demetrio Ruiz Malerva, el boulevard Jes\u00fas Reyes Heroles, boulevard Independencia, hasta el Boulevard Maples Arce, completando un circuito de 5 K y 10 K, siendo la meta el punto de partida, que fue el monumento a los Ni\u00f1os H\u00e9roes.<\/strong><\/span><\/p>\n<p>&nbsp;<\/p>\n<p><img data-recalc-dims=\"1\" loading=\"lazy\" decoding=\"async\" class=\"aligncenter wp-image-19112 size-large\" src=\"https:\/\/i0.wp.com\/politicosaldesnudo.com.mx\/wp-content\/uploads\/2023\/05\/P-CARRERA-BENITO-JUAREZ-4-1024x573.png?resize=800%2C448&#038;ssl=1\" alt=\"\" width=\"800\" height=\"448\" srcset=\"https:\/\/i0.wp.com\/politicosaldesnudo.com.mx\/wp-content\/uploads\/2023\/05\/P-CARRERA-BENITO-JUAREZ-4.png?resize=1024%2C573&amp;ssl=1 1024w, https:\/\/i0.wp.com\/politicosaldesnudo.com.mx\/wp-content\/uploads\/2023\/05\/P-CARRERA-BENITO-JUAREZ-4.png?resize=300%2C168&amp;ssl=1 300w, https:\/\/i0.wp.com\/politicosaldesnudo.com.mx\/wp-content\/uploads\/2023\/05\/P-CARRERA-BENITO-JUAREZ-4.png?resize=768%2C430&amp;ssl=1 768w, https:\/\/i0.wp.com\/politicosaldesnudo.com.mx\/wp-content\/uploads\/2023\/05\/P-CARRERA-BENITO-JUAREZ-4.png?resize=1536%2C859&amp;ssl=1 1536w, https:\/\/i0.wp.com\/politicosaldesnudo.com.mx\/wp-content\/uploads\/2023\/05\/P-CARRERA-BENITO-JUAREZ-4.png?w=1816&amp;ssl=1 1816w, https:\/\/i0.wp.com\/politicosaldesnudo.com.mx\/wp-content\/uploads\/2023\/05\/P-CARRERA-BENITO-JUAREZ-4.png?w=1600&amp;ssl=1 1600w\" sizes=\"auto, (max-width: 800px) 100vw, 800px\" \/><\/p>\n<p>&nbsp;<\/p>\n<p><span style=\"font-size: 14pt;\">La carrera se realiz\u00f3 en un ambiente de fiesta deportiva, donde no pudo faltar el esp\u00edritu de competencia.<\/span><\/p>\n<p><span style=\"font-size: 14pt;\">Al t\u00e9rmino de esta carrera se realiz\u00f3 un homenaje al \u201cBenem\u00e9rito de las Am\u00e9ricas\u201d, Benito Ju\u00e1rez, en donde el alcalde Jos\u00e9 Manuel Pozos resalt\u00f3 la importante labor del expresidente al ser uno de los grandes transformadores de M\u00e9xico.<\/span><\/p>\n<p>&nbsp;<\/p>\n<blockquote><p><span style=\"font-size: 14pt;\">\u201cComo presidente de M\u00e9xico fue un f\u00e9rreo defensor de la igualdad, la libertad y la democracia, por eso es una de las figuras m\u00e1s importantes de la historia de M\u00e9xico y su doctrina inspir\u00f3 a muchos pa\u00edses a defender su Estado de Derecho, la libre determinaci\u00f3n y su dignidad. <\/span><span style=\"font-size: 14pt;\">No hay duda de que el Benem\u00e9rito de las Am\u00e9ricas ha sido un gran hombre, un gran ejemplo de honestidad legalidad, justicia y de amor por su pueblo\u201d.<\/span><\/p><\/blockquote>\n<p>&nbsp;<\/p>\n<p><span style=\"font-size: 18pt;\"><strong>Posteriormente el gobernador Cuitl\u00e1huac Garc\u00eda Jim\u00e9nez explic\u00f3 que estas actividades deportivas benefician a la movilidad de los ciudadanos, permitiendo as\u00ed reducir el riesgo de enfermedades cardiacas y obesidad, las cuales dejaron graves consecuencia entre la poblaci\u00f3n luego de la pandemia por el Sars- Cov-2.<\/strong><\/span><\/p>\n<p>&nbsp;<\/p>\n<p><img data-recalc-dims=\"1\" loading=\"lazy\" decoding=\"async\" class=\"aligncenter wp-image-19111 size-large\" src=\"https:\/\/i0.wp.com\/politicosaldesnudo.com.mx\/wp-content\/uploads\/2023\/05\/P-CARRERA-BENITO-JUAREZ-3-1024x573.png?resize=800%2C448&#038;ssl=1\" alt=\"\" width=\"800\" height=\"448\" srcset=\"https:\/\/i0.wp.com\/politicosaldesnudo.com.mx\/wp-content\/uploads\/2023\/05\/P-CARRERA-BENITO-JUAREZ-3.png?resize=1024%2C573&amp;ssl=1 1024w, https:\/\/i0.wp.com\/politicosaldesnudo.com.mx\/wp-content\/uploads\/2023\/05\/P-CARRERA-BENITO-JUAREZ-3.png?resize=300%2C168&amp;ssl=1 300w, https:\/\/i0.wp.com\/politicosaldesnudo.com.mx\/wp-content\/uploads\/2023\/05\/P-CARRERA-BENITO-JUAREZ-3.png?resize=768%2C430&amp;ssl=1 768w, https:\/\/i0.wp.com\/politicosaldesnudo.com.mx\/wp-content\/uploads\/2023\/05\/P-CARRERA-BENITO-JUAREZ-3.png?resize=1536%2C859&amp;ssl=1 1536w, https:\/\/i0.wp.com\/politicosaldesnudo.com.mx\/wp-content\/uploads\/2023\/05\/P-CARRERA-BENITO-JUAREZ-3.png?w=1816&amp;ssl=1 1816w, https:\/\/i0.wp.com\/politicosaldesnudo.com.mx\/wp-content\/uploads\/2023\/05\/P-CARRERA-BENITO-JUAREZ-3.png?w=1600&amp;ssl=1 1600w\" sizes=\"auto, (max-width: 800px) 100vw, 800px\" \/><\/p>\n<p>&nbsp;<\/p>\n<p><span style=\"font-size: 14pt;\">Al finalizar se procedi\u00f3 a la premiaci\u00f3n de los primeros lugares en cada una de las categor\u00edas; y el Alcalde y el Gobernador entregaron un reconocimiento a cada uno de los participantes.<\/span><\/p>\n<p><span style=\"font-size: 14pt;\">En la rama femenil de 10K las triunfadoras fueron Francisca Raquel Mu\u00f1oz Cruz, quien obtuvo el primer lugar; Luz Selene P\u00e9rez Bandala, segundo lugar; y el tercer lugar fue para Mar\u00eda Magdalena Cruz Torres.<\/span><\/p>\n<p><span style=\"font-size: 18pt;\"><strong>Mientras que en la rama femenil 5K el primer lugar fue para Paula Escobedo Gonz\u00e1lez; el segundo lugar para Ada Iris P\u00e9rez Bandala; y el tercer lugar para Macrina V\u00e1zquez Hern\u00e1ndez.<\/strong><\/span><\/p>\n<p><span style=\"font-size: 18pt;\"><strong>Por otra parte, en la rama varonil 10K los ganadores fueron Gabriel Arroyo Onofre, en primer lugar; el segundo lugar lo ocup\u00f3 Sergio Pedraza Gonz\u00e1lez, y el tercer lugar Carlos Lupercio Mar.<\/strong><\/span><\/p>\n<p><span style=\"font-size: 18pt;\"><strong>Finalmente, en la rama varonil 5K el primer lugar lo obtuvo Ram\u00f3n Arroyo Trejo; el segundo lugar \u00c1ngel Axel Malpica Hern\u00e1ndez, y el tercer lugar fue para Fabi\u00e1n Blanco Moranto.<\/strong><\/span><\/p>\n<p><img data-recalc-dims=\"1\" loading=\"lazy\" decoding=\"async\" class=\"aligncenter wp-image-19110 size-large\" src=\"https:\/\/i0.wp.com\/politicosaldesnudo.com.mx\/wp-content\/uploads\/2023\/05\/P-CARRERA-BENITO-JUAREZ-2-1024x573.png?resize=800%2C448&#038;ssl=1\" alt=\"\" width=\"800\" height=\"448\" srcset=\"https:\/\/i0.wp.com\/politicosaldesnudo.com.mx\/wp-content\/uploads\/2023\/05\/P-CARRERA-BENITO-JUAREZ-2.png?resize=1024%2C573&amp;ssl=1 1024w, https:\/\/i0.wp.com\/politicosaldesnudo.com.mx\/wp-content\/uploads\/2023\/05\/P-CARRERA-BENITO-JUAREZ-2.png?resize=300%2C168&amp;ssl=1 300w, https:\/\/i0.wp.com\/politicosaldesnudo.com.mx\/wp-content\/uploads\/2023\/05\/P-CARRERA-BENITO-JUAREZ-2.png?resize=768%2C430&amp;ssl=1 768w, https:\/\/i0.wp.com\/politicosaldesnudo.com.mx\/wp-content\/uploads\/2023\/05\/P-CARRERA-BENITO-JUAREZ-2.png?resize=1536%2C859&amp;ssl=1 1536w, https:\/\/i0.wp.com\/politicosaldesnudo.com.mx\/wp-content\/uploads\/2023\/05\/P-CARRERA-BENITO-JUAREZ-2.png?w=1816&amp;ssl=1 1816w, https:\/\/i0.wp.com\/politicosaldesnudo.com.mx\/wp-content\/uploads\/2023\/05\/P-CARRERA-BENITO-JUAREZ-2.png?w=1600&amp;ssl=1 1600w\" sizes=\"auto, (max-width: 800px) 100vw, 800px\" \/><\/p>\n<p>&nbsp;<\/p>\n<p><span style=\"font-size: 14pt;\">En esta carrera estuvieron presentes el Ing. Cuitl\u00e1huac Garc\u00eda Jim\u00e9nez, gobernador de Veracruz; el alcalde Jos\u00e9 Manuel Pozos Castro; el Mtro. Zenyazen Escobar, secretario de Educaci\u00f3n; el Mtro. Eleazar Guerrero P\u00e9rez, subsecretario de Finanzas y Planeaci\u00f3n del Gobierno del Estado de Veracruz.<\/span><\/p>\n<p><span style=\"font-size: 14pt;\">Asimismo, el MVZ. Evaristo Ovando Ram\u00edrez, secretario de Desarrollo Agropecuario, Rural y Pesca; Pamela Morales Huesca, presidenta del DIF Tuxpan y Maraj\u00ed L\u00f3pez Pacheco, representante de la agrupaci\u00f3n Unidos Todos.<\/span><\/p>\n<p><span style=\"font-size: 14pt;\">El diputado local por el tercer distrito Genaro Ib\u00e1\u00f1ez Garc\u00eda tambi\u00e9n estuvo presente en este evento; adem\u00e1s de las diputadas y los diputados Paul Mart\u00ednez Marie, Perla Romero, Jennifer Yois Garc\u00eda Esquivel y Diana Arostegui Carballo.<\/span><\/p>\n<p>&nbsp;<\/p>\n<p>&nbsp;<\/p>\n","protected":false},"excerpt":{"rendered":"<p>&nbsp; TUXPAN, VERACRUZ.\u00a0 Con gran \u00e9xito se realiz\u00f3 este domingo la \u201cSegunda Carrera Unidos Todos \u201cBenito Ju\u00e1rez\u201d, en la que<\/p>\n","protected":false},"author":4,"featured_media":19109,"comment_status":"closed","ping_status":"closed","sticky":false,"template":"","format":"standard","meta":{"colormag_page_container_layout":"default_layout","colormag_page_sidebar_layout":"default_layout","_jetpack_memberships_contains_paid_content":false,"footnotes":"","jetpack_publicize_message":"","jetpack_publicize_feature_enabled":true,"jetpack_social_post_already_shared":false,"jetpack_social_options":{"image_generator_settings":{"template":"highway","default_image_id":0,"font":"","enabled":false},"version":2}},"categories":[1082],"tags":[],"class_list":["post-19108","post","type-post","status-publish","format-standard","has-post-thumbnail","hentry","category-tuxpan"],"jetpack_publicize_connections":[],"jetpack_featured_media_url":"https:\/\/i0.wp.com\/politicosaldesnudo.com.mx\/wp-content\/uploads\/2023\/05\/P-CARRERA-BENITO-JUAREZ-1.png?fit=1816%2C1016&ssl=1","jetpack-related-posts":[],"jetpack_sharing_enabled":true,"_links":{"self":[{"href":"https:\/\/politicosaldesnudo.com.mx\/index.php\/wp-json\/wp\/v2\/posts\/19108","targetHints":{"allow":["GET"]}}],"collection":[{"href":"https:\/\/politicosaldesnudo.com.mx\/index.php\/wp-json\/wp\/v2\/posts"}],"about":[{"href":"https:\/\/politicosaldesnudo.com.mx\/index.php\/wp-json\/wp\/v2\/types\/post"}],"author":[{"embeddable":true,"href":"https:\/\/politicosaldesnudo.com.mx\/index.php\/wp-json\/wp\/v2\/users\/4"}],"replies":[{"embeddable":true,"href":"https:\/\/politicosaldesnudo.com.mx\/index.php\/wp-json\/wp\/v2\/comments?post=19108"}],"version-history":[{"count":0,"href":"https:\/\/politicosaldesnudo.com.mx\/index.php\/wp-json\/wp\/v2\/posts\/19108\/revisions"}],"wp:featuredmedia":[{"embeddable":true,"href":"https:\/\/politicosaldesnudo.com.mx\/index.php\/wp-json\/wp\/v2\/media\/19109"}],"wp:attachment":[{"href":"https:\/\/politicosaldesnudo.com.mx\/index.php\/wp-json\/wp\/v2\/media?parent=19108"}],"wp:term":[{"taxonomy":"category","embeddable":true,"href":"https:\/\/politicosaldesnudo.com.mx\/index.php\/wp-json\/wp\/v2\/categories?post=19108"},{"taxonomy":"post_tag","embeddable":true,"href":"https:\/\/politicosaldesnudo.com.mx\/index.php\/wp-json\/wp\/v2\/tags?post=19108"}],"curies":[{"name":"wp","href":"https:\/\/api.w.org\/{rel}","templated":true}]}}