{"id":19119,"date":"2023-03-29T21:24:45","date_gmt":"2023-03-30T03:24:45","guid":{"rendered":"https:\/\/politicosaldesnudo.com.mx\/?p=19119"},"modified":"2023-05-08T21:46:01","modified_gmt":"2023-05-09T02:46:01","slug":"dif-tuxpan-realiza-la-entrega-de-apoyos-a-la-vivienda-y-paquetes-alimenticios-a-familias-vulnerables","status":"publish","type":"post","link":"https:\/\/politicosaldesnudo.com.mx\/index.php\/2023\/03\/29\/dif-tuxpan-realiza-la-entrega-de-apoyos-a-la-vivienda-y-paquetes-alimenticios-a-familias-vulnerables\/","title":{"rendered":"DIF Tuxpan realiza la entrega de apoyos a la vivienda y paquetes alimenticios a familias vulnerables"},"content":{"rendered":"<p>&nbsp;<\/p>\n<p><span style=\"font-size: 14pt;\"><em><strong>TUXPAN, VERACRUZ.<\/strong> <\/em>El alcalde Jos\u00e9 Manuel Pozos Castro y la presidenta del DIF Tuxpan, Pamela Morales Huesca, encabezaron la entrega de Apoyos a la Vivienda y la Comunidad, y del Programa de Asistencia a la Poblaci\u00f3n en Condici\u00f3n de Emergencia (APCE).<\/span><\/p>\n<p><span style=\"font-size: 14pt;\">\u201cGarantizar una vivienda digna y una buena alimentaci\u00f3n a las familias m\u00e1s vulnerables, es uno de los pilares fundamentales para lograr el bienestar social\u201d, indic\u00f3 en su mensaje el alcalde Jos\u00e9 Manuel Pozos.<\/span><\/p>\n<p><span style=\"font-size: 14pt;\">Dijo que una verdadera transformaci\u00f3n es aquella que permite cambiar positivamente la vida de las personas y devolverles la esperanza.<\/span><\/p>\n<p>&nbsp;<\/p>\n<p><img data-recalc-dims=\"1\" loading=\"lazy\" decoding=\"async\" class=\"aligncenter wp-image-19122 size-large\" src=\"https:\/\/i0.wp.com\/politicosaldesnudo.com.mx\/wp-content\/uploads\/2023\/05\/P-PRODUCTOS-DIF-3-1024x573.png?resize=800%2C448&#038;ssl=1\" alt=\"\" width=\"800\" height=\"448\" srcset=\"https:\/\/i0.wp.com\/politicosaldesnudo.com.mx\/wp-content\/uploads\/2023\/05\/P-PRODUCTOS-DIF-3.png?resize=1024%2C573&amp;ssl=1 1024w, https:\/\/i0.wp.com\/politicosaldesnudo.com.mx\/wp-content\/uploads\/2023\/05\/P-PRODUCTOS-DIF-3.png?resize=300%2C168&amp;ssl=1 300w, https:\/\/i0.wp.com\/politicosaldesnudo.com.mx\/wp-content\/uploads\/2023\/05\/P-PRODUCTOS-DIF-3.png?resize=768%2C430&amp;ssl=1 768w, https:\/\/i0.wp.com\/politicosaldesnudo.com.mx\/wp-content\/uploads\/2023\/05\/P-PRODUCTOS-DIF-3.png?resize=1536%2C859&amp;ssl=1 1536w, https:\/\/i0.wp.com\/politicosaldesnudo.com.mx\/wp-content\/uploads\/2023\/05\/P-PRODUCTOS-DIF-3.png?w=1816&amp;ssl=1 1816w, https:\/\/i0.wp.com\/politicosaldesnudo.com.mx\/wp-content\/uploads\/2023\/05\/P-PRODUCTOS-DIF-3.png?w=1600&amp;ssl=1 1600w\" sizes=\"auto, (max-width: 800px) 100vw, 800px\" \/><\/p>\n<p>&nbsp;<\/p>\n<p><span style=\"font-size: 14pt;\">Por ello agradeci\u00f3 a la directora del DIF Estatal, Rebeca Quintanar Barcel\u00f3, y al gobernador Cuitl\u00e1huac Garc\u00eda Jim\u00e9nez por el respaldo que brindan a las familias tuxpe\u00f1as.<\/span><\/p>\n<p><span style=\"font-size: 14pt;\">De la misma manera hizo un reconocimiento al DIF Tuxpan que encabeza su esposa Pamela Morales Huesca, y a todo su equipo de trabajo por la labor tan importante que realizan.<\/span><\/p>\n<p><span style=\"font-size: 14pt;\">En ese sentido, destac\u00f3 que el gobierno municipal y el DIF Tuxpan trabajan coordinadamente para responder al leg\u00edtimo y justo anhelo de los ciudadanos.<\/span><\/p>\n<p>&nbsp;<\/p>\n<p><img data-recalc-dims=\"1\" loading=\"lazy\" decoding=\"async\" class=\"aligncenter wp-image-19121 size-large\" src=\"https:\/\/i0.wp.com\/politicosaldesnudo.com.mx\/wp-content\/uploads\/2023\/05\/P-PRODUCTOS-DIF-2-1024x573.png?resize=800%2C448&#038;ssl=1\" alt=\"\" width=\"800\" height=\"448\" srcset=\"https:\/\/i0.wp.com\/politicosaldesnudo.com.mx\/wp-content\/uploads\/2023\/05\/P-PRODUCTOS-DIF-2.png?resize=1024%2C573&amp;ssl=1 1024w, https:\/\/i0.wp.com\/politicosaldesnudo.com.mx\/wp-content\/uploads\/2023\/05\/P-PRODUCTOS-DIF-2.png?resize=300%2C168&amp;ssl=1 300w, https:\/\/i0.wp.com\/politicosaldesnudo.com.mx\/wp-content\/uploads\/2023\/05\/P-PRODUCTOS-DIF-2.png?resize=768%2C430&amp;ssl=1 768w, https:\/\/i0.wp.com\/politicosaldesnudo.com.mx\/wp-content\/uploads\/2023\/05\/P-PRODUCTOS-DIF-2.png?resize=1536%2C859&amp;ssl=1 1536w, https:\/\/i0.wp.com\/politicosaldesnudo.com.mx\/wp-content\/uploads\/2023\/05\/P-PRODUCTOS-DIF-2.png?w=1816&amp;ssl=1 1816w, https:\/\/i0.wp.com\/politicosaldesnudo.com.mx\/wp-content\/uploads\/2023\/05\/P-PRODUCTOS-DIF-2.png?w=1600&amp;ssl=1 1600w\" sizes=\"auto, (max-width: 800px) 100vw, 800px\" \/><\/p>\n<p>&nbsp;<\/p>\n<p><span style=\"font-size: 14pt;\">\u201cNo hay duda de que hoy en Tuxpan se gobierna diferente, los apoyos se entregan de manera directa, en forma equitativa y sin intermediarios; ahora gobernamos con el ejemplo del presidente Andr\u00e9s Manuel L\u00f3pez Obrador y de nuestro amigo el gobernador Cuitl\u00e1huac Garc\u00eda Jim\u00e9nez\u201d.<\/span><\/p>\n<p><span style=\"font-size: 14pt;\">En este evento, en el que estuvo presente el Psic. Eliseo Reyes Melchor, director del DIF, se entregaron 53 paquetes de l\u00e1minas y 146 despensas a las comunidades Montemorelos, Otatal y Alto Lucero, beneficiando as\u00ed a la poblaci\u00f3n m\u00e1s vulnerable.<\/span><\/p>\n<p>&nbsp;<\/p>\n<p>&nbsp;<\/p>\n","protected":false},"excerpt":{"rendered":"<p>&nbsp; TUXPAN, VERACRUZ. El alcalde Jos\u00e9 Manuel Pozos Castro y la presidenta del DIF Tuxpan, Pamela Morales Huesca, encabezaron la<\/p>\n","protected":false},"author":4,"featured_media":19120,"comment_status":"closed","ping_status":"closed","sticky":false,"template":"","format":"standard","meta":{"colormag_page_container_layout":"default_layout","colormag_page_sidebar_layout":"default_layout","_jetpack_memberships_contains_paid_content":false,"footnotes":"","jetpack_publicize_message":"","jetpack_publicize_feature_enabled":true,"jetpack_social_post_already_shared":false,"jetpack_social_options":{"image_generator_settings":{"template":"highway","default_image_id":0,"font":"","enabled":false},"version":2}},"categories":[1082],"tags":[1099,576,70,100],"class_list":["post-19119","post","type-post","status-publish","format-standard","has-post-thumbnail","hentry","category-tuxpan","tag-dif-tuxpan","tag-jose-manuel-pozos","tag-tuxpan","tag-veracruz"],"jetpack_publicize_connections":[],"jetpack_featured_media_url":"https:\/\/i0.wp.com\/politicosaldesnudo.com.mx\/wp-content\/uploads\/2023\/05\/P-PRODUCTOS-DIF-1.png?fit=1816%2C1016&ssl=1","jetpack-related-posts":[],"jetpack_sharing_enabled":true,"_links":{"self":[{"href":"https:\/\/politicosaldesnudo.com.mx\/index.php\/wp-json\/wp\/v2\/posts\/19119","targetHints":{"allow":["GET"]}}],"collection":[{"href":"https:\/\/politicosaldesnudo.com.mx\/index.php\/wp-json\/wp\/v2\/posts"}],"about":[{"href":"https:\/\/politicosaldesnudo.com.mx\/index.php\/wp-json\/wp\/v2\/types\/post"}],"author":[{"embeddable":true,"href":"https:\/\/politicosaldesnudo.com.mx\/index.php\/wp-json\/wp\/v2\/users\/4"}],"replies":[{"embeddable":true,"href":"https:\/\/politicosaldesnudo.com.mx\/index.php\/wp-json\/wp\/v2\/comments?post=19119"}],"version-history":[{"count":0,"href":"https:\/\/politicosaldesnudo.com.mx\/index.php\/wp-json\/wp\/v2\/posts\/19119\/revisions"}],"wp:featuredmedia":[{"embeddable":true,"href":"https:\/\/politicosaldesnudo.com.mx\/index.php\/wp-json\/wp\/v2\/media\/19120"}],"wp:attachment":[{"href":"https:\/\/politicosaldesnudo.com.mx\/index.php\/wp-json\/wp\/v2\/media?parent=19119"}],"wp:term":[{"taxonomy":"category","embeddable":true,"href":"https:\/\/politicosaldesnudo.com.mx\/index.php\/wp-json\/wp\/v2\/categories?post=19119"},{"taxonomy":"post_tag","embeddable":true,"href":"https:\/\/politicosaldesnudo.com.mx\/index.php\/wp-json\/wp\/v2\/tags?post=19119"}],"curies":[{"name":"wp","href":"https:\/\/api.w.org\/{rel}","templated":true}]}}