{"id":19146,"date":"2023-04-24T23:03:23","date_gmt":"2023-04-25T04:03:23","guid":{"rendered":"https:\/\/politicosaldesnudo.com.mx\/?p=19146"},"modified":"2023-05-04T18:33:31","modified_gmt":"2023-05-04T23:33:31","slug":"quedo-conformada-la-corte-real-del-carnaval-tuxpan-2023-que-siga-la-alegria","status":"publish","type":"post","link":"https:\/\/politicosaldesnudo.com.mx\/index.php\/2023\/04\/24\/quedo-conformada-la-corte-real-del-carnaval-tuxpan-2023-que-siga-la-alegria\/","title":{"rendered":"Qued\u00f3 conformada la Corte Real del Carnaval Tuxpan 2023 \u00a1Que siga la Alegr\u00eda!"},"content":{"rendered":"<p>&nbsp;<\/p>\n<p><span style=\"font-size: 14pt;\"><em><strong>TUXPAN, VERACRUZ. E<\/strong><\/em>n un ambiente lleno de alegr\u00eda se dieron a conocer los resultados del conteo final para elegir a quienes integrar\u00e1n la Corte Real del Carnaval Tuxpan 2023.<\/span><\/p>\n<p><span style=\"font-size: 18pt;\"><strong>La celebraci\u00f3n inici\u00f3 con un espectacular Papaqui de m\u00e1s de 300 autom\u00f3viles, en el que participaron los aspirantes a reinas y reyes de esta fiesta carnestolenda, una de las m\u00e1s importantes de Veracruz.<\/strong><\/span><\/p>\n<p><span style=\"font-size: 14pt;\">Al finalizar el recorrido, cientos de personas se dieron cita en la Plaza C\u00edvica para disfrutar del show musical donde las candidatas y los candidatos dieron muestra de su talento.<\/span><\/p>\n<p><span style=\"font-size: 14pt;\">Durante el evento el secretario t\u00e9cnico del Ayuntamiento, Daniel Cortina Mart\u00ednez, en representaci\u00f3n del alcalde Jos\u00e9 Manuel Pozos Castro, felicit\u00f3 a todos los participantes por su esfuerzo, y reconoci\u00f3 la labor realizada por el Comit\u00e9 Central del Carnaval.<\/span><\/p>\n<p>&nbsp;<\/p>\n<p><img data-recalc-dims=\"1\" loading=\"lazy\" decoding=\"async\" class=\"aligncenter wp-image-19147 size-large\" src=\"https:\/\/i0.wp.com\/politicosaldesnudo.com.mx\/wp-content\/uploads\/2023\/05\/P-CORTE-REAL-1-1024x573.png?resize=800%2C448&#038;ssl=1\" alt=\"\" width=\"800\" height=\"448\" srcset=\"https:\/\/i0.wp.com\/politicosaldesnudo.com.mx\/wp-content\/uploads\/2023\/05\/P-CORTE-REAL-1.png?resize=1024%2C573&amp;ssl=1 1024w, https:\/\/i0.wp.com\/politicosaldesnudo.com.mx\/wp-content\/uploads\/2023\/05\/P-CORTE-REAL-1.png?resize=300%2C168&amp;ssl=1 300w, https:\/\/i0.wp.com\/politicosaldesnudo.com.mx\/wp-content\/uploads\/2023\/05\/P-CORTE-REAL-1.png?resize=768%2C430&amp;ssl=1 768w, https:\/\/i0.wp.com\/politicosaldesnudo.com.mx\/wp-content\/uploads\/2023\/05\/P-CORTE-REAL-1.png?resize=1536%2C859&amp;ssl=1 1536w, https:\/\/i0.wp.com\/politicosaldesnudo.com.mx\/wp-content\/uploads\/2023\/05\/P-CORTE-REAL-1.png?w=1816&amp;ssl=1 1816w, https:\/\/i0.wp.com\/politicosaldesnudo.com.mx\/wp-content\/uploads\/2023\/05\/P-CORTE-REAL-1.png?w=1600&amp;ssl=1 1600w\" sizes=\"auto, (max-width: 800px) 100vw, 800px\" \/><\/p>\n<p>&nbsp;<\/p>\n<p><span style=\"font-size: 14pt;\">Destac\u00f3 que despu\u00e9s de muchos a\u00f1os esta fiesta es organizada por tuxpe\u00f1os y para los tuxpe\u00f1os; y asegur\u00f3 que ser\u00e1 un carnaval seguro, alegre y para diversi\u00f3n de todo el pueblo de Tuxpan.<\/span><\/p>\n<p><span style=\"font-size: 18pt;\"><strong>Luego de las presentaciones de todos los aspirantes se dieron a conocer los resultados del conteo, donde Alexa Montero fue la candidata que m\u00e1s votos obtuvo, siendo elegida Reina del Canaval de este a\u00f1o; y estar\u00e1 acompa\u00f1ada por la Princesa 1era. Am\u00e9rica, Princesa 2da. Perla; 1era. Duquesa Paty Argumedo, 2da. Duquesa Lorelei, 3era. Duquesa Adriana Escudero<\/strong><\/span><\/p>\n<p><span style=\"font-size: 14pt;\">Como Rey de la Alegr\u00eda result\u00f3 triunfador Jes\u00fas G\u00f3ngora 1ero., y como pr\u00edncipe 1ero. Geffroy y pr\u00edncipe 2do. Kriss Alberto.<\/span><\/p>\n<p><span style=\"font-size: 14pt;\">Los peque\u00f1os Aimee y Ayram se ponderaron como Reina y Rey Infantil, respectivamente; mientras que las princesas de esta categor\u00eda son Erin, Jaylin, Camila, Alaia y Karol; y el pr\u00edncipe es el ni\u00f1o Dorian.<\/span><\/p>\n<p>&nbsp;<\/p>\n<p><img data-recalc-dims=\"1\" loading=\"lazy\" decoding=\"async\" class=\"aligncenter wp-image-19148 size-large\" src=\"https:\/\/i0.wp.com\/politicosaldesnudo.com.mx\/wp-content\/uploads\/2023\/05\/P-CORTE-REAL-2-1024x573.png?resize=800%2C448&#038;ssl=1\" alt=\"\" width=\"800\" height=\"448\" srcset=\"https:\/\/i0.wp.com\/politicosaldesnudo.com.mx\/wp-content\/uploads\/2023\/05\/P-CORTE-REAL-2.png?resize=1024%2C573&amp;ssl=1 1024w, https:\/\/i0.wp.com\/politicosaldesnudo.com.mx\/wp-content\/uploads\/2023\/05\/P-CORTE-REAL-2.png?resize=300%2C168&amp;ssl=1 300w, https:\/\/i0.wp.com\/politicosaldesnudo.com.mx\/wp-content\/uploads\/2023\/05\/P-CORTE-REAL-2.png?resize=768%2C430&amp;ssl=1 768w, https:\/\/i0.wp.com\/politicosaldesnudo.com.mx\/wp-content\/uploads\/2023\/05\/P-CORTE-REAL-2.png?resize=1536%2C859&amp;ssl=1 1536w, https:\/\/i0.wp.com\/politicosaldesnudo.com.mx\/wp-content\/uploads\/2023\/05\/P-CORTE-REAL-2.png?w=1816&amp;ssl=1 1816w, https:\/\/i0.wp.com\/politicosaldesnudo.com.mx\/wp-content\/uploads\/2023\/05\/P-CORTE-REAL-2.png?w=1600&amp;ssl=1 1600w\" sizes=\"auto, (max-width: 800px) 100vw, 800px\" \/><\/p>\n<p>&nbsp;<\/p>\n<p><span style=\"font-size: 18pt;\"><strong>Los primeros reyes de la comunidad LGBTQ+ en nuestro municipio son Aries 1era. y Yerson 1ero; la princesa y el pr\u00edncipe de esta categor\u00eda son Vania y Luis Fernando.<\/strong><\/span><\/p>\n<p><span style=\"font-size: 14pt;\">Tambi\u00e9n integran la Corte Real los Reyes del Adulto Mayor Laura 1era. y Raymundo 1ero.; y la princesa Rosa y el pr\u00edncipe Jos\u00e9 Luis, quienes fueron elegidos mediante un concurso de baile realizado por el DIF Tuxpan.<\/span><\/p>\n<p><span style=\"font-size: 14pt;\">Asimismo, los Reyes PCD (Personas con Discapacidad) son Ang\u00e9lica Amairani 1era y No\u00e9 1ro; el pr\u00edncipe es Sergio y la princesa Vianey.<\/span><\/p>\n<p><span style=\"font-size: 14pt;\">Los asistentes disfrutaron la presentaci\u00f3n de la agrupaci\u00f3n de m\u00fasicos tuxpe\u00f1os Sinker Avenue; y bailaron al ritmo de Mike \u201cEl Coste\u00f1o\u201d y el \u201cGrupo Deseo\u201d.<\/span><\/p>\n<p>&nbsp;<\/p>\n<p>&nbsp;<\/p>\n<p>&nbsp;<\/p>\n","protected":false},"excerpt":{"rendered":"<p>&nbsp; TUXPAN, VERACRUZ. En un ambiente lleno de alegr\u00eda se dieron a conocer los resultados del conteo final para elegir<\/p>\n","protected":false},"author":4,"featured_media":19149,"comment_status":"closed","ping_status":"closed","sticky":false,"template":"","format":"standard","meta":{"colormag_page_container_layout":"default_layout","colormag_page_sidebar_layout":"default_layout","_jetpack_memberships_contains_paid_content":false,"footnotes":"","jetpack_publicize_message":"","jetpack_publicize_feature_enabled":true,"jetpack_social_post_already_shared":false,"jetpack_social_options":{"image_generator_settings":{"template":"highway","default_image_id":0,"font":"","enabled":false},"version":2}},"categories":[1082],"tags":[2386,2395,70,100],"class_list":["post-19146","post","type-post","status-publish","format-standard","has-post-thumbnail","hentry","category-tuxpan","tag-carnaval-2023","tag-corte-real","tag-tuxpan","tag-veracruz"],"jetpack_publicize_connections":[],"jetpack_featured_media_url":"https:\/\/i0.wp.com\/politicosaldesnudo.com.mx\/wp-content\/uploads\/2023\/05\/P-CORTE-REAL-3.png?fit=1816%2C1016&ssl=1","jetpack-related-posts":[],"jetpack_sharing_enabled":true,"_links":{"self":[{"href":"https:\/\/politicosaldesnudo.com.mx\/index.php\/wp-json\/wp\/v2\/posts\/19146","targetHints":{"allow":["GET"]}}],"collection":[{"href":"https:\/\/politicosaldesnudo.com.mx\/index.php\/wp-json\/wp\/v2\/posts"}],"about":[{"href":"https:\/\/politicosaldesnudo.com.mx\/index.php\/wp-json\/wp\/v2\/types\/post"}],"author":[{"embeddable":true,"href":"https:\/\/politicosaldesnudo.com.mx\/index.php\/wp-json\/wp\/v2\/users\/4"}],"replies":[{"embeddable":true,"href":"https:\/\/politicosaldesnudo.com.mx\/index.php\/wp-json\/wp\/v2\/comments?post=19146"}],"version-history":[{"count":0,"href":"https:\/\/politicosaldesnudo.com.mx\/index.php\/wp-json\/wp\/v2\/posts\/19146\/revisions"}],"wp:featuredmedia":[{"embeddable":true,"href":"https:\/\/politicosaldesnudo.com.mx\/index.php\/wp-json\/wp\/v2\/media\/19149"}],"wp:attachment":[{"href":"https:\/\/politicosaldesnudo.com.mx\/index.php\/wp-json\/wp\/v2\/media?parent=19146"}],"wp:term":[{"taxonomy":"category","embeddable":true,"href":"https:\/\/politicosaldesnudo.com.mx\/index.php\/wp-json\/wp\/v2\/categories?post=19146"},{"taxonomy":"post_tag","embeddable":true,"href":"https:\/\/politicosaldesnudo.com.mx\/index.php\/wp-json\/wp\/v2\/tags?post=19146"}],"curies":[{"name":"wp","href":"https:\/\/api.w.org\/{rel}","templated":true}]}}