{"id":19155,"date":"2023-04-28T22:15:57","date_gmt":"2023-04-29T03:15:57","guid":{"rendered":"https:\/\/politicosaldesnudo.com.mx\/?p=19155"},"modified":"2023-05-04T18:59:16","modified_gmt":"2023-05-04T23:59:16","slug":"gran-participacion-en-tuxpan-se-realiza-el-primer-registro-de-mascotas","status":"publish","type":"post","link":"https:\/\/politicosaldesnudo.com.mx\/index.php\/2023\/04\/28\/gran-participacion-en-tuxpan-se-realiza-el-primer-registro-de-mascotas\/","title":{"rendered":"Gran participaci\u00f3n en Tuxpan, se realiza el Primer Registro de Mascotas\u00a0"},"content":{"rendered":"<p>&nbsp;<\/p>\n<p><span style=\"font-size: 14pt;\"><em><strong>TUXPAN, VERACRUZ.<\/strong><\/em>\u00a0 Un \u00e9xito rotundo result\u00f3 el Primer Registro de Mascotas que realizaron la Oficial\u00eda del Registro Civil en colaboraci\u00f3n con el Gobierno de Tuxpan, en el marco de la celebraci\u00f3n por el D\u00eda del Ni\u00f1o y la Ni\u00f1a.<\/span><\/p>\n<p><span style=\"font-size: 18pt;\"><strong>Un gran n\u00famero de padres y madres de familia acompa\u00f1aron a sus peque\u00f1os a registrar de manera gratuita a sus perros, gatos, conejos, tortugas, loros, entre otros animales de compa\u00f1\u00eda, fomentando con ello el respeto a la identidad y la tenencia responsable de las mascotas.<\/strong><\/span><\/p>\n<p>&nbsp;<\/p>\n<p><img data-recalc-dims=\"1\" loading=\"lazy\" decoding=\"async\" class=\"aligncenter wp-image-19156 size-large\" src=\"https:\/\/i0.wp.com\/politicosaldesnudo.com.mx\/wp-content\/uploads\/2023\/05\/P-REGISTRO-MASCOTAS-1-1024x573.png?resize=800%2C448&#038;ssl=1\" alt=\"\" width=\"800\" height=\"448\" srcset=\"https:\/\/i0.wp.com\/politicosaldesnudo.com.mx\/wp-content\/uploads\/2023\/05\/P-REGISTRO-MASCOTAS-1.png?resize=1024%2C573&amp;ssl=1 1024w, https:\/\/i0.wp.com\/politicosaldesnudo.com.mx\/wp-content\/uploads\/2023\/05\/P-REGISTRO-MASCOTAS-1.png?resize=300%2C168&amp;ssl=1 300w, https:\/\/i0.wp.com\/politicosaldesnudo.com.mx\/wp-content\/uploads\/2023\/05\/P-REGISTRO-MASCOTAS-1.png?resize=768%2C430&amp;ssl=1 768w, https:\/\/i0.wp.com\/politicosaldesnudo.com.mx\/wp-content\/uploads\/2023\/05\/P-REGISTRO-MASCOTAS-1.png?resize=1536%2C859&amp;ssl=1 1536w, https:\/\/i0.wp.com\/politicosaldesnudo.com.mx\/wp-content\/uploads\/2023\/05\/P-REGISTRO-MASCOTAS-1.png?w=1816&amp;ssl=1 1816w, https:\/\/i0.wp.com\/politicosaldesnudo.com.mx\/wp-content\/uploads\/2023\/05\/P-REGISTRO-MASCOTAS-1.png?w=1600&amp;ssl=1 1600w\" sizes=\"auto, (max-width: 800px) 100vw, 800px\" \/><\/p>\n<p>&nbsp;<\/p>\n<p><span style=\"font-size: 14pt;\">El alcalde Jos\u00e9 Manuel Pozos Castro y el Oficial del Registro Civil de Tuxpan, Mtro. Jordi Mois\u00e9s Maya, supervisaron el proceso registral.<\/span><\/p>\n<p><span style=\"font-size: 18pt;\"><strong>Pozos Castro indic\u00f3 que a trav\u00e9s de esta campa\u00f1a tambi\u00e9n se genera en ni\u00f1as y ni\u00f1os la cultura de la responsabilidad, amor, protecci\u00f3n y cuidado de los animales.<\/strong><\/span><\/p>\n<p>&nbsp;<\/p>\n<p><img data-recalc-dims=\"1\" loading=\"lazy\" decoding=\"async\" class=\"aligncenter wp-image-19158 size-large\" src=\"https:\/\/i0.wp.com\/politicosaldesnudo.com.mx\/wp-content\/uploads\/2023\/05\/P-REGISTRO-MASCOTAS-3-1024x573.png?resize=800%2C448&#038;ssl=1\" alt=\"\" width=\"800\" height=\"448\" srcset=\"https:\/\/i0.wp.com\/politicosaldesnudo.com.mx\/wp-content\/uploads\/2023\/05\/P-REGISTRO-MASCOTAS-3.png?resize=1024%2C573&amp;ssl=1 1024w, https:\/\/i0.wp.com\/politicosaldesnudo.com.mx\/wp-content\/uploads\/2023\/05\/P-REGISTRO-MASCOTAS-3.png?resize=300%2C168&amp;ssl=1 300w, https:\/\/i0.wp.com\/politicosaldesnudo.com.mx\/wp-content\/uploads\/2023\/05\/P-REGISTRO-MASCOTAS-3.png?resize=768%2C430&amp;ssl=1 768w, https:\/\/i0.wp.com\/politicosaldesnudo.com.mx\/wp-content\/uploads\/2023\/05\/P-REGISTRO-MASCOTAS-3.png?resize=1536%2C859&amp;ssl=1 1536w, https:\/\/i0.wp.com\/politicosaldesnudo.com.mx\/wp-content\/uploads\/2023\/05\/P-REGISTRO-MASCOTAS-3.png?w=1816&amp;ssl=1 1816w, https:\/\/i0.wp.com\/politicosaldesnudo.com.mx\/wp-content\/uploads\/2023\/05\/P-REGISTRO-MASCOTAS-3.png?w=1600&amp;ssl=1 1600w\" sizes=\"auto, (max-width: 800px) 100vw, 800px\" \/><\/p>\n<p>&nbsp;<\/p>\n<p><span style=\"font-size: 18pt;\"><strong>A los due\u00f1os de los animalitos les entregaron el acta de registro con el nombre, raza, edad y la huella de las patitas de sus mascotas.<\/strong><\/span><\/p>\n<p><img data-recalc-dims=\"1\" loading=\"lazy\" decoding=\"async\" class=\"aligncenter wp-image-19159 size-large\" src=\"https:\/\/i0.wp.com\/politicosaldesnudo.com.mx\/wp-content\/uploads\/2023\/05\/P-REGISTRO-MASCOTAS-4-1024x573.png?resize=800%2C448&#038;ssl=1\" alt=\"\" width=\"800\" height=\"448\" srcset=\"https:\/\/i0.wp.com\/politicosaldesnudo.com.mx\/wp-content\/uploads\/2023\/05\/P-REGISTRO-MASCOTAS-4.png?resize=1024%2C573&amp;ssl=1 1024w, https:\/\/i0.wp.com\/politicosaldesnudo.com.mx\/wp-content\/uploads\/2023\/05\/P-REGISTRO-MASCOTAS-4.png?resize=300%2C168&amp;ssl=1 300w, https:\/\/i0.wp.com\/politicosaldesnudo.com.mx\/wp-content\/uploads\/2023\/05\/P-REGISTRO-MASCOTAS-4.png?resize=768%2C430&amp;ssl=1 768w, https:\/\/i0.wp.com\/politicosaldesnudo.com.mx\/wp-content\/uploads\/2023\/05\/P-REGISTRO-MASCOTAS-4.png?resize=1536%2C859&amp;ssl=1 1536w, https:\/\/i0.wp.com\/politicosaldesnudo.com.mx\/wp-content\/uploads\/2023\/05\/P-REGISTRO-MASCOTAS-4.png?w=1816&amp;ssl=1 1816w, https:\/\/i0.wp.com\/politicosaldesnudo.com.mx\/wp-content\/uploads\/2023\/05\/P-REGISTRO-MASCOTAS-4.png?w=1600&amp;ssl=1 1600w\" sizes=\"auto, (max-width: 800px) 100vw, 800px\" \/><\/p>\n<p>&nbsp;<\/p>\n<p>&nbsp;<\/p>\n","protected":false},"excerpt":{"rendered":"<p>&nbsp; TUXPAN, VERACRUZ.\u00a0 Un \u00e9xito rotundo result\u00f3 el Primer Registro de Mascotas que realizaron la Oficial\u00eda del Registro Civil en<\/p>\n","protected":false},"author":4,"featured_media":19157,"comment_status":"closed","ping_status":"closed","sticky":false,"template":"","format":"standard","meta":{"colormag_page_container_layout":"default_layout","colormag_page_sidebar_layout":"default_layout","_jetpack_memberships_contains_paid_content":false,"footnotes":"","jetpack_publicize_message":"","jetpack_publicize_feature_enabled":true,"jetpack_social_post_already_shared":false,"jetpack_social_options":{"image_generator_settings":{"template":"highway","default_image_id":0,"font":"","enabled":false},"version":2}},"categories":[1082],"tags":[2633,2387,70,100],"class_list":["post-19155","post","type-post","status-publish","format-standard","has-post-thumbnail","hentry","category-tuxpan","tag-mascotas","tag-registro","tag-tuxpan","tag-veracruz"],"jetpack_publicize_connections":[],"jetpack_featured_media_url":"https:\/\/i0.wp.com\/politicosaldesnudo.com.mx\/wp-content\/uploads\/2023\/05\/P-REGISTRO-MASCOTAS-2.png?fit=1816%2C1016&ssl=1","jetpack-related-posts":[],"jetpack_sharing_enabled":true,"_links":{"self":[{"href":"https:\/\/politicosaldesnudo.com.mx\/index.php\/wp-json\/wp\/v2\/posts\/19155","targetHints":{"allow":["GET"]}}],"collection":[{"href":"https:\/\/politicosaldesnudo.com.mx\/index.php\/wp-json\/wp\/v2\/posts"}],"about":[{"href":"https:\/\/politicosaldesnudo.com.mx\/index.php\/wp-json\/wp\/v2\/types\/post"}],"author":[{"embeddable":true,"href":"https:\/\/politicosaldesnudo.com.mx\/index.php\/wp-json\/wp\/v2\/users\/4"}],"replies":[{"embeddable":true,"href":"https:\/\/politicosaldesnudo.com.mx\/index.php\/wp-json\/wp\/v2\/comments?post=19155"}],"version-history":[{"count":0,"href":"https:\/\/politicosaldesnudo.com.mx\/index.php\/wp-json\/wp\/v2\/posts\/19155\/revisions"}],"wp:featuredmedia":[{"embeddable":true,"href":"https:\/\/politicosaldesnudo.com.mx\/index.php\/wp-json\/wp\/v2\/media\/19157"}],"wp:attachment":[{"href":"https:\/\/politicosaldesnudo.com.mx\/index.php\/wp-json\/wp\/v2\/media?parent=19155"}],"wp:term":[{"taxonomy":"category","embeddable":true,"href":"https:\/\/politicosaldesnudo.com.mx\/index.php\/wp-json\/wp\/v2\/categories?post=19155"},{"taxonomy":"post_tag","embeddable":true,"href":"https:\/\/politicosaldesnudo.com.mx\/index.php\/wp-json\/wp\/v2\/tags?post=19155"}],"curies":[{"name":"wp","href":"https:\/\/api.w.org\/{rel}","templated":true}]}}