{"id":19161,"date":"2023-05-02T05:00:15","date_gmt":"2023-05-02T10:00:15","guid":{"rendered":"https:\/\/politicosaldesnudo.com.mx\/?p=19161"},"modified":"2023-05-02T08:23:18","modified_gmt":"2023-05-02T13:23:18","slug":"austericidio-y-corrupcion-criminal-en-salud","status":"publish","type":"post","link":"https:\/\/politicosaldesnudo.com.mx\/index.php\/2023\/05\/02\/austericidio-y-corrupcion-criminal-en-salud\/","title":{"rendered":"Austericidio y corrupci\u00f3n criminal en salud"},"content":{"rendered":"<p>&nbsp;<\/p>\n<p><span style=\"font-size: 18pt;\"><strong>Por Aurelio Contreras Moreno<\/strong><\/span><\/p>\n<p><span style=\"font-weight: 400; font-size: 14pt;\">Lo que est\u00e1 pasando dentro de los Servicios de Salud de Veracruz es realmente para ponerle atenci\u00f3n, por las enormes implicaciones que puede tener al poner en grave riesgo la vida de los usuarios.<\/span><\/p>\n<p><span style=\"font-weight: 400; font-size: 14pt;\">Apenas hace unos d\u00edas nos enteramos que un elevador se desplom\u00f3 en la Torre Pedi\u00e1trica de la ciudad de Veracruz, causando severas lesiones en tres enfermeras. Hecho que intent\u00f3 ser ocultado por el secretario de Salud Gerardo D\u00edaz de manera descarada e irresponsable, hasta que las propias afectadas lo exhibieron como un mentiroso.<\/span><\/p>\n<p><span style=\"font-weight: 400; font-size: 14pt;\">Este lunes, otra enfermera, Soledad Pimentel Zilch, denunci\u00f3 que en el Hospital General de Perote se les orden\u00f3 reutilizar jeringas y otros materiales desechables, mismos que se pretend\u00eda que \u201csanitizaran\u201d con sal para usarlos con m\u00e1s de un paciente, con los enormes riesgos de contaminaci\u00f3n y transmisi\u00f3n de virus y bacterias que eso conlleva.<\/span><\/p>\n<p><span style=\"font-weight: 400; font-size: 14pt;\">\u00bfQu\u00e9 es lo que est\u00e1 pasando? Pues es evidente: no hay recursos suficientes ya no solo para adquirir medicamentos, sino ni siquiera para los insumos b\u00e1sicos para la atenci\u00f3n de los pacientes. Mucho menos a\u00fan para darle mantenimiento a la infraestructura de las instalaciones hospitalarias.<\/span><\/p>\n<p><span style=\"font-weight: 400; font-size: 14pt;\">\u00bfY el sistema de salud como el de Dinamarca? Solo existe en los febriles delirios del cada vez m\u00e1s descolocado y autoritario presidente Andr\u00e9s Manuel L\u00f3pez Obrador, que cierra los ojos ante el brutal desastre de su gobierno en materia de salud, aunque no lo desconoce: la prueba m\u00e1s palpable de ese fracaso es la desaparici\u00f3n del Insabi, instituci\u00f3n creada en este sexenio en lugar del Seguro Popular y que siempre estuvo condenada a ser un fiasco. Mismo camino que puede recorrer su sustituto, el IMSS-Bienestar.<\/span><\/p>\n<p><span style=\"font-weight: 400; font-size: 14pt;\">Aunado a ello, el manejo de los Servicios de Salud en Veracruz es un completo desastre y un hoyo negro de corrupci\u00f3n. No hay que olvidar que solamente ah\u00ed se otorgaron contratos por m\u00e1s de 100 millones de pesos a la proveedora fantasma \u201cAraly Rodr\u00edguez\u201d, cuyos servicios nunca nadie ha probado que se hayan llevado a cabo realmente. Pura \u201clengua\u201d, como ya es \u201cnormal\u201d que suceda en la administraci\u00f3n de Cuitl\u00e1huac Garc\u00eda.<\/span><\/p>\n<p><span style=\"font-weight: 400; font-size: 14pt;\">Es la misma Secretar\u00eda de Salud a la que miserablemente se le caducaron medicamentos y vacunas por especular pol\u00edticamente con \u00e9stos, sin que nadie haya sido llamado a cuentas por ese atentado contra los veracruzanos. Es tambi\u00e9n la misma dependencia a la que el a\u00f1o pasado le \u201chackearon\u201d toda su red de c\u00f3mputo y sus archivos digitales, y que qui\u00e9n sabe cu\u00e1nto tuvo que pagar para recuperarlos.<\/span><\/p>\n<p><span style=\"font-weight: 400; font-size: 14pt;\">Asimismo, es donde se ha ejercido el terrorismo laboral m\u00e1s deleznable: por protestar por abusos laborales, varios trabajadores han sido echados de la Secretar\u00eda de Salud estatal; a dos de ellas, las acusaron de \u201csedici\u00f3n\u201d y las encarcelaron. Por denunciar que las autoridades hospitalarias pon\u00edan en riesgo a los pacientes en Perote, Soledad Pimentel tambi\u00e9n perdi\u00f3 su empleo. Habr\u00eda que preguntar por las enfermeras de la Torre Pedi\u00e1trica.\u00a0<\/span><\/p>\n<p><span style=\"font-weight: 400; font-size: 14pt;\">Todo esto, con la total complacencia del indolente gobernador Cuitl\u00e1huac Garc\u00eda, cuyo sexenio entra a su fase final en medio de la zozobra pol\u00edtica y financiera, sostenido \u00fanicamente por el apoyo presidencial, que no es gratis.<\/span><\/p>\n<p><span style=\"font-weight: 400; font-size: 14pt;\">Los Servicios de Salud son el \u00e1rea del gobierno de Veracruz que m\u00e1s dinero maneja, junto con la Secretar\u00eda de Educaci\u00f3n, ya que ambas reciben multimillonarias transferencias presupuestales federales. Y sin embargo, no hay dinero ni para lo m\u00e1s b\u00e1sico, al grado que en varios nosocomios se han suspendido servicios m\u00e9dicos fundamentales, en perjuicio de los derechohabientes.<\/span><\/p>\n<p><span style=\"font-weight: 400; font-size: 14pt;\">\u00bfS\u00ed se imagina a d\u00f3nde va a dar ese dinero?<\/span><\/p>\n<p>&nbsp;<\/p>\n<hr \/>\n<p>&nbsp;<\/p>\n<p class=\"p1\"><span style=\"font-size: 18pt;\"><strong>Correo: <a href=\"mailto:aureliocontreras@gmail.com\">aureliocontreras@gmail.com<\/a><\/strong><\/span><\/p>\n<p class=\"p1\"><span style=\"font-size: 18pt;\"><strong>Twitter: <a href=\"http:\/\/www.twitter.com\/yeyocontreras\">@yeyocontreras<\/a><\/strong><\/span><\/p>\n<p>&nbsp;<\/p>\n<p><img data-recalc-dims=\"1\" loading=\"lazy\" decoding=\"async\" class=\"aligncenter wp-image-14351\" src=\"https:\/\/i0.wp.com\/politicosaldesnudo.com.mx\/wp-content\/uploads\/2023\/01\/FIRMA-EDITORIAL-PD-300x37.png?resize=800%2C98&#038;ssl=1\" alt=\"\" width=\"800\" height=\"98\" srcset=\"https:\/\/i0.wp.com\/politicosaldesnudo.com.mx\/wp-content\/uploads\/2023\/01\/FIRMA-EDITORIAL-PD.png?resize=300%2C37&amp;ssl=1 300w, https:\/\/i0.wp.com\/politicosaldesnudo.com.mx\/wp-content\/uploads\/2023\/01\/FIRMA-EDITORIAL-PD.png?resize=1024%2C125&amp;ssl=1 1024w, https:\/\/i0.wp.com\/politicosaldesnudo.com.mx\/wp-content\/uploads\/2023\/01\/FIRMA-EDITORIAL-PD.png?resize=768%2C94&amp;ssl=1 768w, https:\/\/i0.wp.com\/politicosaldesnudo.com.mx\/wp-content\/uploads\/2023\/01\/FIRMA-EDITORIAL-PD.png?resize=1536%2C188&amp;ssl=1 1536w, https:\/\/i0.wp.com\/politicosaldesnudo.com.mx\/wp-content\/uploads\/2023\/01\/FIRMA-EDITORIAL-PD.png?resize=2048%2C250&amp;ssl=1 2048w, https:\/\/i0.wp.com\/politicosaldesnudo.com.mx\/wp-content\/uploads\/2023\/01\/FIRMA-EDITORIAL-PD.png?w=1600&amp;ssl=1 1600w, https:\/\/i0.wp.com\/politicosaldesnudo.com.mx\/wp-content\/uploads\/2023\/01\/FIRMA-EDITORIAL-PD.png?w=2400&amp;ssl=1 2400w\" sizes=\"auto, (max-width: 800px) 100vw, 800px\" \/><\/p>\n","protected":false},"excerpt":{"rendered":"<p>&nbsp; Por Aurelio Contreras Moreno Lo que est\u00e1 pasando dentro de los Servicios de Salud de Veracruz es realmente para<\/p>\n","protected":false},"author":4,"featured_media":4397,"comment_status":"closed","ping_status":"closed","sticky":false,"template":"","format":"standard","meta":{"colormag_page_container_layout":"default_layout","colormag_page_sidebar_layout":"default_layout","_jetpack_memberships_contains_paid_content":false,"footnotes":"","jetpack_publicize_message":"","jetpack_publicize_feature_enabled":true,"jetpack_social_post_already_shared":false,"jetpack_social_options":{"image_generator_settings":{"template":"highway","default_image_id":0,"font":"","enabled":false},"version":2}},"categories":[26],"tags":[],"class_list":["post-19161","post","type-post","status-publish","format-standard","has-post-thumbnail","hentry","category-columnistas"],"jetpack_publicize_connections":[],"jetpack_featured_media_url":"https:\/\/i0.wp.com\/politicosaldesnudo.com.mx\/wp-content\/uploads\/2022\/04\/AURELIO-CONTRERAS-MORENO-1.png?fit=1816%2C1016&ssl=1","jetpack-related-posts":[],"jetpack_sharing_enabled":true,"_links":{"self":[{"href":"https:\/\/politicosaldesnudo.com.mx\/index.php\/wp-json\/wp\/v2\/posts\/19161","targetHints":{"allow":["GET"]}}],"collection":[{"href":"https:\/\/politicosaldesnudo.com.mx\/index.php\/wp-json\/wp\/v2\/posts"}],"about":[{"href":"https:\/\/politicosaldesnudo.com.mx\/index.php\/wp-json\/wp\/v2\/types\/post"}],"author":[{"embeddable":true,"href":"https:\/\/politicosaldesnudo.com.mx\/index.php\/wp-json\/wp\/v2\/users\/4"}],"replies":[{"embeddable":true,"href":"https:\/\/politicosaldesnudo.com.mx\/index.php\/wp-json\/wp\/v2\/comments?post=19161"}],"version-history":[{"count":0,"href":"https:\/\/politicosaldesnudo.com.mx\/index.php\/wp-json\/wp\/v2\/posts\/19161\/revisions"}],"wp:featuredmedia":[{"embeddable":true,"href":"https:\/\/politicosaldesnudo.com.mx\/index.php\/wp-json\/wp\/v2\/media\/4397"}],"wp:attachment":[{"href":"https:\/\/politicosaldesnudo.com.mx\/index.php\/wp-json\/wp\/v2\/media?parent=19161"}],"wp:term":[{"taxonomy":"category","embeddable":true,"href":"https:\/\/politicosaldesnudo.com.mx\/index.php\/wp-json\/wp\/v2\/categories?post=19161"},{"taxonomy":"post_tag","embeddable":true,"href":"https:\/\/politicosaldesnudo.com.mx\/index.php\/wp-json\/wp\/v2\/tags?post=19161"}],"curies":[{"name":"wp","href":"https:\/\/api.w.org\/{rel}","templated":true}]}}