{"id":19214,"date":"2023-05-02T22:02:49","date_gmt":"2023-05-03T03:02:49","guid":{"rendered":"https:\/\/politicosaldesnudo.com.mx\/?p=19214"},"modified":"2023-05-02T22:42:40","modified_gmt":"2023-05-03T03:42:40","slug":"tuxpan-preparate-para-la-coronacion-de-la-corte-real-y-el-concierto-de-los-super-lamas-y-aleks-syntek","status":"publish","type":"post","link":"https:\/\/politicosaldesnudo.com.mx\/index.php\/2023\/05\/02\/tuxpan-preparate-para-la-coronacion-de-la-corte-real-y-el-concierto-de-los-super-lamas-y-aleks-syntek\/","title":{"rendered":"\u00a1Tuxpan prep\u00e1rate! para la coronaci\u00f3n de la Corte Real y el concierto de los Super Lamas y Aleks Syntek"},"content":{"rendered":"<p>&nbsp;<\/p>\n<p class=\"p2\" style=\"text-align: center;\"><em><span style=\"font-size: 18pt;\"><strong>&lt;&lt;A partir de las 19:00 horas habr\u00e1 una gran actividad art\u00edstica en el estadio \u201c\u00c1lvaro Lorenzo Fern\u00e1ndez\u201d&gt;&gt;<\/strong><\/span><\/em><\/p>\n<p>&nbsp;<\/p>\n<p>&nbsp;<\/p>\n<p class=\"p2\"><span style=\"font-size: 14pt;\"><em><strong>TUXPAN, VERACRUZ.<\/strong> <\/em>Con la<strong> Quema del Mal Humor y la coronaci\u00f3n de la Corte Real, este jueves 4 de mayo dar\u00e1 inicio la edici\u00f3n 126 del Carnaval Tuxpan 2023<\/strong>, \u00a1Que siga la Alegr\u00eda!, una de las celebraciones emblem\u00e1ticas de la zona norte del estado de Veracruz.<span class=\"Apple-converted-space\">\u00a0<\/span><\/span><\/p>\n<p class=\"p2\"><span style=\"font-size: 18pt;\"><strong>El estadio municipal \u201c\u00c1lvaro Lorenzo Fern\u00e1ndez\u201d ser\u00e1 el escenario para esta ceremonia con la que arrancan cinco d\u00edas de fiesta, espect\u00e1culos musicales y diversi\u00f3n.<span class=\"Apple-converted-space\">\u00a0<\/span><\/strong><\/span><\/p>\n<p>&nbsp;<\/p>\n<div style=\"width: 640px;\" class=\"wp-video\"><video class=\"wp-video-shortcode\" id=\"video-19214-1\" width=\"640\" height=\"352\" preload=\"metadata\" controls=\"controls\"><source type=\"video\/mp4\" src=\"https:\/\/politicosaldesnudo.com.mx\/wp-content\/uploads\/2023\/05\/WhatsApp-Video-2023-05-02-at-7.31.20-PM.mp4?_=1\" \/><a href=\"https:\/\/politicosaldesnudo.com.mx\/wp-content\/uploads\/2023\/05\/WhatsApp-Video-2023-05-02-at-7.31.20-PM.mp4\">https:\/\/politicosaldesnudo.com.mx\/wp-content\/uploads\/2023\/05\/WhatsApp-Video-2023-05-02-at-7.31.20-PM.mp4<\/a><\/video><\/div>\n<p>&nbsp;<\/p>\n<p><span style=\"font-size: 18pt; color: #139eca;\"><strong>INICIA EL CARNAVAL\u00a0<\/strong><\/span><\/p>\n<p class=\"p2\"><span style=\"font-size: 18pt;\"><strong>El evento iniciar\u00e1 las 19:00 horas con m\u00fasica y animaci\u00f3n, posteriormente a las 19:45 horas se presentar\u00e1 el comediante Jes\u00fas \u201cChucho\u201d Zequera.<span class=\"Apple-converted-space\">\u00a0<\/span><\/strong><\/span><\/p>\n<p class=\"p2\"><span style=\"font-size: 18pt;\"><strong>A las 21:00 horas se llevar\u00e1 a cabo la tradicional \u201cQuema del Mal Humor\u201d, para despu\u00e9s dar paso a la coronaci\u00f3n de quienes integran la Corte Real de las fiestas carnestolendas.<\/strong><\/span><\/p>\n<p class=\"p2\"><span style=\"font-size: 18pt; color: #139eca;\"><strong>El primer concierto masivo iniciar\u00e1 a las 22:00 horas con la presentaci\u00f3n del grupo Super Lamas, y el destacado artista internacional Aleks Syntek.<\/strong><\/span><\/p>\n<p class=\"p2\"><span style=\"font-size: 14pt;\">Es importante mencionar que las puertas del estadio municipal estar\u00e1n abiertas al p\u00fablico en general a partir de las 18:00 horas.<\/span><\/p>\n<p>&nbsp;<\/p>\n<p>&nbsp;<\/p>\n<p>&nbsp;<\/p>\n","protected":false},"excerpt":{"rendered":"<p>&nbsp; &lt;&lt;A partir de las 19:00 horas habr\u00e1 una gran actividad art\u00edstica en el estadio \u201c\u00c1lvaro Lorenzo Fern\u00e1ndez\u201d&gt;&gt; &nbsp; &nbsp;<\/p>\n","protected":false},"author":4,"featured_media":19218,"comment_status":"closed","ping_status":"closed","sticky":false,"template":"","format":"standard","meta":{"colormag_page_container_layout":"default_layout","colormag_page_sidebar_layout":"default_layout","_jetpack_memberships_contains_paid_content":false,"footnotes":"","jetpack_publicize_message":"","jetpack_publicize_feature_enabled":true,"jetpack_social_post_already_shared":false,"jetpack_social_options":{"image_generator_settings":{"template":"highway","default_image_id":0,"font":"","enabled":false},"version":2}},"categories":[1082],"tags":[236,70,100],"class_list":["post-19214","post","type-post","status-publish","format-standard","has-post-thumbnail","hentry","category-tuxpan","tag-carnaval","tag-tuxpan","tag-veracruz"],"jetpack_publicize_connections":[],"jetpack_featured_media_url":"https:\/\/i0.wp.com\/politicosaldesnudo.com.mx\/wp-content\/uploads\/2023\/05\/P-CARNAVAL-TUXPAN-3.png?fit=1816%2C1016&ssl=1","jetpack-related-posts":[],"jetpack_sharing_enabled":true,"_links":{"self":[{"href":"https:\/\/politicosaldesnudo.com.mx\/index.php\/wp-json\/wp\/v2\/posts\/19214","targetHints":{"allow":["GET"]}}],"collection":[{"href":"https:\/\/politicosaldesnudo.com.mx\/index.php\/wp-json\/wp\/v2\/posts"}],"about":[{"href":"https:\/\/politicosaldesnudo.com.mx\/index.php\/wp-json\/wp\/v2\/types\/post"}],"author":[{"embeddable":true,"href":"https:\/\/politicosaldesnudo.com.mx\/index.php\/wp-json\/wp\/v2\/users\/4"}],"replies":[{"embeddable":true,"href":"https:\/\/politicosaldesnudo.com.mx\/index.php\/wp-json\/wp\/v2\/comments?post=19214"}],"version-history":[{"count":0,"href":"https:\/\/politicosaldesnudo.com.mx\/index.php\/wp-json\/wp\/v2\/posts\/19214\/revisions"}],"wp:featuredmedia":[{"embeddable":true,"href":"https:\/\/politicosaldesnudo.com.mx\/index.php\/wp-json\/wp\/v2\/media\/19218"}],"wp:attachment":[{"href":"https:\/\/politicosaldesnudo.com.mx\/index.php\/wp-json\/wp\/v2\/media?parent=19214"}],"wp:term":[{"taxonomy":"category","embeddable":true,"href":"https:\/\/politicosaldesnudo.com.mx\/index.php\/wp-json\/wp\/v2\/categories?post=19214"},{"taxonomy":"post_tag","embeddable":true,"href":"https:\/\/politicosaldesnudo.com.mx\/index.php\/wp-json\/wp\/v2\/tags?post=19214"}],"curies":[{"name":"wp","href":"https:\/\/api.w.org\/{rel}","templated":true}]}}