{"id":19230,"date":"2023-05-03T05:30:46","date_gmt":"2023-05-03T10:30:46","guid":{"rendered":"https:\/\/politicosaldesnudo.com.mx\/?p=19230"},"modified":"2023-05-03T08:19:53","modified_gmt":"2023-05-03T13:19:53","slug":"claudia-sheinbaum-para-rectora-de-la-unam","status":"publish","type":"post","link":"https:\/\/politicosaldesnudo.com.mx\/index.php\/2023\/05\/03\/claudia-sheinbaum-para-rectora-de-la-unam\/","title":{"rendered":"\u00bfClaudia Sheinbaum para rectora de la UNAM?"},"content":{"rendered":"<p>&nbsp;<\/p>\n<p class=\"p1\"><span style=\"font-size: 18pt;\"><strong>Por Jos\u00e9 Ure\u00f1a<\/strong><\/span><\/p>\n<p class=\"p1\"><span style=\"font-size: 14pt;\">Cr\u00e9ame, no es especulaci\u00f3n. En los altos niveles de la Universidad Nacional Aut\u00f3noma de M\u00e9xico (UNAM) corre la versi\u00f3n sobre la imposici\u00f3n de un sucesor -o sucesora- del doctor\u00a0Enrique Graue.<\/span><\/p>\n<p class=\"p1\"><span style=\"font-size: 14pt;\">Y el nombre m\u00e1s recurrente es la jefa de Gobierno de la Ciudad de M\u00e9xico por su curr\u00edculum como cient\u00edfica universitaria y por su enorme cercan\u00eda con\u00a0Andr\u00e9s Manuel L\u00f3pez Obrador.<\/span><\/p>\n<p class=\"p1\"><span style=\"font-size: 14pt;\">Ser\u00eda la persona id\u00f3nea para someter una instituci\u00f3n educativa, la m\u00e1xima universidad del pa\u00eds, non grata al Presidente e inc\u00f3moda como en su momento fueron otras instituciones.<\/span><\/p>\n<p class=\"p1\"><span style=\"font-size: 14pt;\">Abundan los ejemplos de esos adversarios, pero hablemos de dos: la Comisi\u00f3n Nacional de Derechos Humanos (CNDH), a donde envi\u00f3 a su promotora\u00a0Rosario Piedra Ibarra, y el Instituto Nacional de Transparencia, Acceso a la Informaci\u00f3n y Protecci\u00f3n de Datos Personales (Inai), de\u00a0Blanca Lilia Ibarra.<\/span><\/p>\n<p class=\"p1\"><span style=\"font-size: 14pt;\">\u2013Claudia Sheinbaum es mejor que John Ackerman, la otra opci\u00f3n -me dijo ayer un alto funcionario del Gobierno.\u00a0<\/span><span style=\"font-size: 14pt;\">-\u00bfDe verdad? -Bueno, hay efervescencia.<\/span><\/p>\n<p>&nbsp;<\/p>\n<p class=\"p1\"><span style=\"font-size: 18pt; color: #139eca;\"><strong>NUEVA LEY ORG\u00c1NICA<\/strong><\/span><\/p>\n<p class=\"p1\"><span style=\"font-size: 14pt;\">Habr\u00eda cambio de reglas. Para muchos, sobre todo afines del Gobierno,\u00a0Claudia Sheinbaum\u00a0es la favorita para ser candidata a la Presidencia de la Rep\u00fablica para 2024.<\/span><\/p>\n<p class=\"p1\"><span style=\"font-size: 14pt;\">Su salida dejar\u00eda libre el camino a\u00a0Ad\u00e1n Augusto L\u00f3pez, el secretario de Gobernaci\u00f3n con funciones de vicepresidente y en algunos casos, en ausencia de\u00a0Andr\u00e9s Manuel L\u00f3pez Obrador, de Presidente.<\/span><\/p>\n<p class=\"p1\"><span style=\"font-size: 14pt;\">En este juego de nombres no aparecen las otras dos\u00a0corcholatas, el canciller\u00a0Marcelo Ebrard\u00a0y el jefe del control pol\u00edtico del Senado de la Rep\u00fablica,\u00a0Ricardo Monreal.<\/span><\/p>\n<p class=\"p1\"><span style=\"font-size: 14pt;\">Pero aparte, aqu\u00ed lo adelantamos ahora, se intensificar\u00e1 una sucia campa\u00f1a en contra del rector Enrique Graue, a quien se identificar\u00e1 como priista con sus ma\u00f1as corruptas, por supuesto mal uso de recursos y de gran parte de su equipo durante ocho a\u00f1os.\u00a0<\/span><span style=\"font-size: 14pt;\">\u00bfTodo para qu\u00e9?<\/span><\/p>\n<p class=\"p1\"><span style=\"font-size: 14pt;\">Para crear percepci\u00f3n y modificar la Ley Org\u00e1nica de la UNAM y promover la elecci\u00f3n del nuevo rector con voto directo de una comunidad superior a 350 mil acad\u00e9micos y estudiantes de la instituci\u00f3n. <\/span><span style=\"font-size: 14pt;\">Ya est\u00e1 el pulso.<\/span><\/p>\n<p class=\"p1\"><span style=\"font-size: 14pt;\">Falta ver si realmente Palacio Nacional opta por\u00a0Claudia Sheinbaum\u00a0porque tiene de aqu\u00ed al 1 de septiembre, cuando iniciar\u00e1 el pr\u00f3ximo per\u00edodo ordinario de sesiones, para proceder.<\/span><\/p>\n<p class=\"p1\"><span style=\"font-size: 14pt;\">Y a noviembre para imponer.<\/span><\/p>\n<p>&nbsp;<\/p>\n<p class=\"p1\"><span style=\"font-size: 18pt; color: #139eca;\"><strong>NUEVA LEY ORG\u00c1NICA<\/strong><\/span><\/p>\n<p class=\"p1\"><span style=\"font-size: 14pt;\">\u00a0Aqu\u00ed lo adelantamos el lunes 24 de abril. Ven\u00eda la revisi\u00f3n de tiempos sobre el manejo de las\u00a0corcholatas\u00a0y la pretensi\u00f3n de adelantar tiempos para ocupar todos los espacios medi\u00e1ticos.<\/span><\/p>\n<p class=\"p1\"><span style=\"font-size: 14pt;\">Pues bien, el Presidente confirm\u00f3 a los aspirantes y a los senadores oficialistas en la reuni\u00f3n de la semana pasada con el mismo m\u00e9todo, la consulta.<\/span><\/p>\n<p class=\"p1\"><span style=\"font-size: 14pt;\">Ser\u00e1 en julio y no en septiembre u octubre pr\u00f3ximos para tener candidato en noviembre, orden\u00f3 el viernes de la semana pasada delante de los interesados.<\/span><\/p>\n<p class=\"p1\"><span style=\"font-size: 14pt;\">Mario Delgado, el empleado puesto al frente de Morena, deber\u00e1 acatar y las cuatro\u00a0corcholatas\u00a0\u2013Claudia Sheinbaum,\u00a0Ad\u00e1n Augusto L\u00f3pez,\u00a0Marcelo Ebrard\u00a0y\u00a0Ricardo Monreal, en ese orden- aceptar las condiciones.<\/span><\/p>\n<p class=\"p1\"><span style=\"font-size: 14pt;\">Es decir, la famosa encuesta -dedo presidencial- ser\u00e1 en julio y en agosto o a m\u00e1s tardar en septiembre\u00a0Delgado\u00a0anunciar\u00e1 el parto de los montes\u2026 como en los viejos tiempos.<\/span><\/p>\n<p class=\"p1\"><span style=\"font-size: 14pt;\">S\u00ed, los viejos tiempos del priismo de\u00a0Luis Echeverr\u00eda,\u00a0Jos\u00e9 L\u00f3pez Portillo, Miguel de la Madrid, Carlos Salinas\u2026 y \u00bfpara qu\u00e9 seguir?<\/span><\/p>\n<p>&nbsp;<\/p>\n<hr \/>\n<p>&nbsp;<\/p>\n<p><img data-recalc-dims=\"1\" loading=\"lazy\" decoding=\"async\" class=\"aligncenter wp-image-14351\" src=\"https:\/\/i0.wp.com\/politicosaldesnudo.com.mx\/wp-content\/uploads\/2023\/01\/FIRMA-EDITORIAL-PD-300x37.png?resize=800%2C98&#038;ssl=1\" alt=\"\" width=\"800\" height=\"98\" srcset=\"https:\/\/i0.wp.com\/politicosaldesnudo.com.mx\/wp-content\/uploads\/2023\/01\/FIRMA-EDITORIAL-PD.png?resize=300%2C37&amp;ssl=1 300w, https:\/\/i0.wp.com\/politicosaldesnudo.com.mx\/wp-content\/uploads\/2023\/01\/FIRMA-EDITORIAL-PD.png?resize=1024%2C125&amp;ssl=1 1024w, https:\/\/i0.wp.com\/politicosaldesnudo.com.mx\/wp-content\/uploads\/2023\/01\/FIRMA-EDITORIAL-PD.png?resize=768%2C94&amp;ssl=1 768w, https:\/\/i0.wp.com\/politicosaldesnudo.com.mx\/wp-content\/uploads\/2023\/01\/FIRMA-EDITORIAL-PD.png?resize=1536%2C188&amp;ssl=1 1536w, https:\/\/i0.wp.com\/politicosaldesnudo.com.mx\/wp-content\/uploads\/2023\/01\/FIRMA-EDITORIAL-PD.png?resize=2048%2C250&amp;ssl=1 2048w, https:\/\/i0.wp.com\/politicosaldesnudo.com.mx\/wp-content\/uploads\/2023\/01\/FIRMA-EDITORIAL-PD.png?w=1600&amp;ssl=1 1600w, https:\/\/i0.wp.com\/politicosaldesnudo.com.mx\/wp-content\/uploads\/2023\/01\/FIRMA-EDITORIAL-PD.png?w=2400&amp;ssl=1 2400w\" sizes=\"auto, (max-width: 800px) 100vw, 800px\" \/><\/p>\n","protected":false},"excerpt":{"rendered":"<p>&nbsp; Por Jos\u00e9 Ure\u00f1a Cr\u00e9ame, no es especulaci\u00f3n. En los altos niveles de la Universidad Nacional Aut\u00f3noma de M\u00e9xico (UNAM)<\/p>\n","protected":false},"author":4,"featured_media":3848,"comment_status":"closed","ping_status":"closed","sticky":false,"template":"","format":"standard","meta":{"colormag_page_container_layout":"default_layout","colormag_page_sidebar_layout":"default_layout","_jetpack_memberships_contains_paid_content":false,"footnotes":"","jetpack_publicize_message":"","jetpack_publicize_feature_enabled":true,"jetpack_social_post_already_shared":false,"jetpack_social_options":{"image_generator_settings":{"template":"highway","default_image_id":0,"font":"","enabled":false},"version":2}},"categories":[26],"tags":[],"class_list":["post-19230","post","type-post","status-publish","format-standard","has-post-thumbnail","hentry","category-columnistas"],"jetpack_publicize_connections":[],"jetpack_featured_media_url":"https:\/\/i0.wp.com\/politicosaldesnudo.com.mx\/wp-content\/uploads\/2022\/04\/JOSE%CC%81-UREN%CC%83A.png?fit=1816%2C1016&ssl=1","jetpack-related-posts":[],"jetpack_sharing_enabled":true,"_links":{"self":[{"href":"https:\/\/politicosaldesnudo.com.mx\/index.php\/wp-json\/wp\/v2\/posts\/19230","targetHints":{"allow":["GET"]}}],"collection":[{"href":"https:\/\/politicosaldesnudo.com.mx\/index.php\/wp-json\/wp\/v2\/posts"}],"about":[{"href":"https:\/\/politicosaldesnudo.com.mx\/index.php\/wp-json\/wp\/v2\/types\/post"}],"author":[{"embeddable":true,"href":"https:\/\/politicosaldesnudo.com.mx\/index.php\/wp-json\/wp\/v2\/users\/4"}],"replies":[{"embeddable":true,"href":"https:\/\/politicosaldesnudo.com.mx\/index.php\/wp-json\/wp\/v2\/comments?post=19230"}],"version-history":[{"count":0,"href":"https:\/\/politicosaldesnudo.com.mx\/index.php\/wp-json\/wp\/v2\/posts\/19230\/revisions"}],"wp:featuredmedia":[{"embeddable":true,"href":"https:\/\/politicosaldesnudo.com.mx\/index.php\/wp-json\/wp\/v2\/media\/3848"}],"wp:attachment":[{"href":"https:\/\/politicosaldesnudo.com.mx\/index.php\/wp-json\/wp\/v2\/media?parent=19230"}],"wp:term":[{"taxonomy":"category","embeddable":true,"href":"https:\/\/politicosaldesnudo.com.mx\/index.php\/wp-json\/wp\/v2\/categories?post=19230"},{"taxonomy":"post_tag","embeddable":true,"href":"https:\/\/politicosaldesnudo.com.mx\/index.php\/wp-json\/wp\/v2\/tags?post=19230"}],"curies":[{"name":"wp","href":"https:\/\/api.w.org\/{rel}","templated":true}]}}