{"id":19286,"date":"2023-04-08T17:47:13","date_gmt":"2023-04-08T22:47:13","guid":{"rendered":"https:\/\/politicosaldesnudo.com.mx\/?p=19286"},"modified":"2023-05-04T17:52:38","modified_gmt":"2023-05-04T22:52:38","slug":"estan-todos-invitados-al-festival-de-semana-santa-2023-en-plaza-civica","status":"publish","type":"post","link":"https:\/\/politicosaldesnudo.com.mx\/index.php\/2023\/04\/08\/estan-todos-invitados-al-festival-de-semana-santa-2023-en-plaza-civica\/","title":{"rendered":"\u00a1Est\u00e1n todos invitados al Festival de Semana Santa 2023 en Plaza C\u00edvica!"},"content":{"rendered":"<p>&nbsp;<\/p>\n<p style=\"text-align: center;\"><em><span style=\"font-size: 18pt;\"><strong>&lt;&lt;Este s\u00e1bado, a partir de las 18:00 horas se presentan varios grupos art\u00edsticos&gt;&gt;<\/strong><\/span><\/em><\/p>\n<p>&nbsp;<\/p>\n<p><span style=\"font-size: 14pt;\">TUXPAN, VERACRUZ. El Ayuntamiento de Tuxpan que preside Jos\u00e9 Manuel Pozos Castro, a trav\u00e9s de la Direcci\u00f3n de Cultura, invita al p\u00fablico en general a que asista al Festival de Semana Santa 2023 que se realizar\u00e1 en la Plaza C\u00edvica municipal.<\/span><\/p>\n<p><span style=\"font-size: 18pt;\"><strong>Este s\u00e1bado 8 de abril, a partir de las 18:00 horas, familias tuxpe\u00f1as y visitantes podr\u00e1n disfrutar -de manera gratuita- de un gran programa musical con las presentaciones de Edson \u201cel negrito de la Cumbia\u201d, \u201cEl Casanova y La Diva de los teclados\u201d, \u201cFiesta Time Chavo Rucos\u201d, y \u201cLos Soneros de Kachikin\u201d.<\/strong><\/span><\/p>\n<p><span style=\"font-size: 14pt;\">Con estas acciones, el Gobierno Municipal adem\u00e1s de promover el talento local, busca impulsar el desarrollo tur\u00edstico de Tuxpan.<\/span><\/p>\n<p>&nbsp;<\/p>\n<p><img data-recalc-dims=\"1\" loading=\"lazy\" decoding=\"async\" class=\"wp-image-19287 aligncenter\" src=\"https:\/\/i0.wp.com\/politicosaldesnudo.com.mx\/wp-content\/uploads\/2023\/05\/CONCIERTO-SEMANA-SANTA-232x300.jpeg?resize=600%2C777&#038;ssl=1\" alt=\"\" width=\"600\" height=\"777\" srcset=\"https:\/\/i0.wp.com\/politicosaldesnudo.com.mx\/wp-content\/uploads\/2023\/05\/CONCIERTO-SEMANA-SANTA.jpeg?resize=232%2C300&amp;ssl=1 232w, https:\/\/i0.wp.com\/politicosaldesnudo.com.mx\/wp-content\/uploads\/2023\/05\/CONCIERTO-SEMANA-SANTA.jpeg?w=720&amp;ssl=1 720w\" sizes=\"auto, (max-width: 600px) 100vw, 600px\" \/><\/p>\n<p>&nbsp;<\/p>\n","protected":false},"excerpt":{"rendered":"<p>&nbsp; &lt;&lt;Este s\u00e1bado, a partir de las 18:00 horas se presentan varios grupos art\u00edsticos&gt;&gt; &nbsp; TUXPAN, VERACRUZ. El Ayuntamiento de<\/p>\n","protected":false},"author":4,"featured_media":19288,"comment_status":"closed","ping_status":"closed","sticky":false,"template":"","format":"standard","meta":{"colormag_page_container_layout":"default_layout","colormag_page_sidebar_layout":"default_layout","_jetpack_memberships_contains_paid_content":false,"footnotes":"","jetpack_publicize_message":"","jetpack_publicize_feature_enabled":true,"jetpack_social_post_already_shared":false,"jetpack_social_options":{"image_generator_settings":{"template":"highway","default_image_id":0,"font":"","enabled":false},"version":2}},"categories":[1082],"tags":[2343,2523,70,100],"class_list":["post-19286","post","type-post","status-publish","format-standard","has-post-thumbnail","hentry","category-tuxpan","tag-concierto","tag-semana-santa","tag-tuxpan","tag-veracruz"],"jetpack_publicize_connections":[],"jetpack_featured_media_url":"https:\/\/i0.wp.com\/politicosaldesnudo.com.mx\/wp-content\/uploads\/2023\/05\/P-CONCIERTO-SEMANA-SANATA.png?fit=1816%2C1016&ssl=1","jetpack-related-posts":[],"jetpack_sharing_enabled":true,"_links":{"self":[{"href":"https:\/\/politicosaldesnudo.com.mx\/index.php\/wp-json\/wp\/v2\/posts\/19286","targetHints":{"allow":["GET"]}}],"collection":[{"href":"https:\/\/politicosaldesnudo.com.mx\/index.php\/wp-json\/wp\/v2\/posts"}],"about":[{"href":"https:\/\/politicosaldesnudo.com.mx\/index.php\/wp-json\/wp\/v2\/types\/post"}],"author":[{"embeddable":true,"href":"https:\/\/politicosaldesnudo.com.mx\/index.php\/wp-json\/wp\/v2\/users\/4"}],"replies":[{"embeddable":true,"href":"https:\/\/politicosaldesnudo.com.mx\/index.php\/wp-json\/wp\/v2\/comments?post=19286"}],"version-history":[{"count":0,"href":"https:\/\/politicosaldesnudo.com.mx\/index.php\/wp-json\/wp\/v2\/posts\/19286\/revisions"}],"wp:featuredmedia":[{"embeddable":true,"href":"https:\/\/politicosaldesnudo.com.mx\/index.php\/wp-json\/wp\/v2\/media\/19288"}],"wp:attachment":[{"href":"https:\/\/politicosaldesnudo.com.mx\/index.php\/wp-json\/wp\/v2\/media?parent=19286"}],"wp:term":[{"taxonomy":"category","embeddable":true,"href":"https:\/\/politicosaldesnudo.com.mx\/index.php\/wp-json\/wp\/v2\/categories?post=19286"},{"taxonomy":"post_tag","embeddable":true,"href":"https:\/\/politicosaldesnudo.com.mx\/index.php\/wp-json\/wp\/v2\/tags?post=19286"}],"curies":[{"name":"wp","href":"https:\/\/api.w.org\/{rel}","templated":true}]}}