{"id":19379,"date":"2023-05-05T08:00:44","date_gmt":"2023-05-05T13:00:44","guid":{"rendered":"https:\/\/politicosaldesnudo.com.mx\/?p=19379"},"modified":"2023-05-05T21:37:41","modified_gmt":"2023-05-06T02:37:41","slug":"xalapa-esta-de-fiesta-la-osx-vuelve-al-barrio-xallitic-con-concierto-gratuito","status":"publish","type":"post","link":"https:\/\/politicosaldesnudo.com.mx\/index.php\/2023\/05\/05\/xalapa-esta-de-fiesta-la-osx-vuelve-al-barrio-xallitic-con-concierto-gratuito\/","title":{"rendered":"Xalapa est\u00e1 de fiesta, la OSX vuelve al Barrio Xallitic con concierto gratuito"},"content":{"rendered":"<p>&nbsp;<\/p>\n<p class=\"p1\" style=\"text-align: center;\"><em><span style=\"font-size: 18pt;\"><strong>&lt;&lt;Obras de Moncayo, Puccini, Rossini, Revueltas y m\u00e1s&gt;&gt;<\/strong><\/span><\/em><\/p>\n<p class=\"p1\" style=\"text-align: center;\"><em><span style=\"font-size: 18pt;\"><strong>&lt;&lt;Direcci\u00f3n de Martin Lebel&gt;&gt;<\/strong><\/span><\/em><\/p>\n<p>&nbsp;<\/p>\n<p class=\"p1\"><span style=\"font-size: 14pt;\"><em><strong>XALAPA, VERACRUZ.<\/strong> <\/em><strong>La Orquesta Sinf\u00f3nica de Xalapa<\/strong> (OSX) de la Universidad Veracruzana (UV) en coordinaci\u00f3n con el Ayuntamiento de Xalapa y el Patronato Vecinal Barrio Xallitic, <strong>presenta un programa especial gratuito con obras mexicanas y latinas<\/strong> de Arturo Rodr\u00edguez, Jos\u00e9 Pablo Moncayo, Silvestre Revueltas, Ernesto Lecuona y tambi\u00e9n con autores del viejo continente como Georges Bizet, Giacomo Puccini y Gioachino Rossini.<span class=\"Apple-converted-space\">\u00a0<\/span><\/span><\/p>\n<p class=\"p1\"><span style=\"font-size: 18pt;\"><strong>Bajo la direcci\u00f3n de Martin Lebel, Director Titular de la Orquesta Sinf\u00f3nica de Xalapa. <\/strong><\/span><\/p>\n<p class=\"p1\"><span style=\"font-size: 18pt; color: #139eca;\"><strong>Este concierto se realizar\u00e1 el s\u00e1bado 6 de mayo a las 19:00 hrs. desde la explanada del Barrio de Xallitic. Entrada Libre.<\/strong><\/span><\/p>\n<p>&nbsp;<\/p>\n<p>&nbsp;<\/p>\n<p class=\"p1\"><span style=\"font-size: 18pt; color: #139eca;\"><strong>REGRESO ESPECTACULAR<\/strong><\/span><br \/>\n<span style=\"font-size: 18pt;\"><strong>A un a\u00f1o de haberse presentado en este hist\u00f3rico recinto con un p\u00fablico asistente de m\u00e1s de 3,000 personas, la Sinf\u00f3nica de Xalapa retorna para deleite de la sociedad xalape\u00f1a a interpretar la m\u00fasica que ha cautivado a generaciones en sus m\u00e1s de 90 a\u00f1os de existencia.<\/strong><\/span><\/p>\n<p class=\"p1\"><span style=\"font-size: 14pt;\">Por su parte, con sus calles empedradas y el correr constante del agua, el tradicional barrio de Xallitic, ubicado entre las calles Lucio y Madero, en el Centro Hist\u00f3rico de Xalapa; se perfila en la contienda por ser el primer Barrio M\u00e1gico del Estado de Veracruz. Y son eventos como este los que realzan su importancia a nivel cultural para la sociedad veracruzana.<\/span><\/p>\n<p class=\"p1\"><span style=\"font-size: 18pt;\"><strong>Compuesta y orquestada en 1999, \u201cMosaico mexicano\u201d del compositor y director mexicano, Arturo Rodr\u00edguez, es una pieza festiva y l\u00fadica que asimila y transforma variopintas muestras sonoras de g\u00e9neros y m\u00fasica popular de M\u00e9xico.<\/strong><\/span><\/p>\n<p class=\"p1\"><span style=\"font-size: 14pt;\">Elegir personajes y locaciones ex\u00f3ticas y remotas para las \u00f3peras era una costumbre muy usual del s. XIX, Rossini fue un vivo ejemplo de esto, por lo cual no extra\u00f1a la elecci\u00f3n de la m\u00edtica leyenda de Babilonia \u201cSemiramis\u201d para la \u00f3pera \u201cSemirade\u201d (en italiano), la cual dio origen a la famosa obertura. Compuesta en 1823, es una de las oberturas m\u00e1s complejas y hermosas del autor, con destacadas melod\u00edas y temas que forman parte integral de la \u00f3pera.<\/span><\/p>\n<p class=\"p1\"><span style=\"font-size: 18pt;\"><strong>\u201cJanitzio\u201d\u00a0es un pueblo de algunos cientos de habitantes y es la mayor de las cinco islas que perfilan el Lago de P\u00e1tzcuaro. Repleto de singulares y pintorescas tradiciones, es la fuente de inspiraci\u00f3n al poema sinf\u00f3nico del mismo nombre, creado en 1933 por Silvestre Revueltas. Guarda adem\u00e1s un lugar especial en la producci\u00f3n del compositor, pues rompe con el paradigma de temas exclusivos provenientes de la imaginaci\u00f3n de Revueltas, empleando melod\u00edas y ritmos folcl\u00f3ricos empapados en las tradiciones del m\u00e1gico lugar.<\/strong><\/span><\/p>\n<p class=\"p1\"><span style=\"font-size: 14pt;\">El cl\u00e1sico literario, \u201cL\u2019Arlesienne\u201d, creado por un personaje controversial como Alphonse Daudet, hubiera pasado desapercibido de no ser por su inclusi\u00f3n en la producci\u00f3n musical del gran Bizet. Disfrutar\u00e1s de dos fragmentos de la Suite No. 1 (Carillon) y la Suite No. 2 (Farandolle) que son extraordinarias vi\u00f1etas musicales, de sonido irresistible y c\u00e1lido para el escucha.<\/span><\/p>\n<p class=\"p1\"><span style=\"font-size: 14pt;\">Dentro de la vasta producci\u00f3n musical del cubano Ernesto Lecuona, incluyendo 176 obras para piano, es la Suite \u201cAndaluc\u00eda\u201d la que se destaca m\u00e1s por su reconocida fama mundial. Compuesta en 1927 e inspirada en la regi\u00f3n hom\u00f3nima de Espa\u00f1a, posee seis movimientos bien distintivos uno de otro. Para este concierto ser\u00e1 interpretado el sexto movimiento, la famosa \u201cMalague\u00f1a\u201d, obra que fue adaptada como canci\u00f3n durante d\u00e9cadas en diferentes g\u00e9neros como el Jazz, Pop, Bandas Militares, \u00e9tc. La versi\u00f3n seleccionada para este programa ser\u00e1 la adaptada por el compositor norteamericano: Ferde Grof\u00e9.<\/span><\/p>\n<p>&nbsp;<\/p>\n<hr \/>\n<p>&nbsp;<\/p>\n<p class=\"p1\" style=\"text-align: center;\"><span style=\"font-size: 18pt;\"><strong><span style=\"font-size: 18pt;\">Este concierto de la OSX desde el Barrio Xallitc ser\u00e1 de Entrada Libre.<\/span><\/strong><\/span><\/p>\n<p class=\"p1\" style=\"text-align: center;\"><span style=\"font-size: 18pt;\"><strong>Tel\u00e9fono: <span style=\"color: #139eca;\">228 818 0834\u00a0<\/span> | <\/strong><\/span><\/p>\n<p class=\"p1\" style=\"text-align: center;\"><span style=\"font-size: 18pt;\"><strong>correo electr\u00f3nico: <a href=\"mailto:mercadotecnia.osx@gmail.com\">mercadotecnia.osx@gmail.com<\/a><\/strong><\/span><\/p>\n<p>&nbsp;<\/p>\n<p>&nbsp;<\/p>\n","protected":false},"excerpt":{"rendered":"<p>&nbsp; &lt;&lt;Obras de Moncayo, Puccini, Rossini, Revueltas y m\u00e1s&gt;&gt; &lt;&lt;Direcci\u00f3n de Martin Lebel&gt;&gt; &nbsp; XALAPA, VERACRUZ. La Orquesta Sinf\u00f3nica de<\/p>\n","protected":false},"author":4,"featured_media":19380,"comment_status":"closed","ping_status":"closed","sticky":false,"template":"","format":"standard","meta":{"colormag_page_container_layout":"default_layout","colormag_page_sidebar_layout":"default_layout","_jetpack_memberships_contains_paid_content":false,"footnotes":"","jetpack_publicize_message":"","jetpack_publicize_feature_enabled":true,"jetpack_social_post_already_shared":false,"jetpack_social_options":{"image_generator_settings":{"template":"highway","default_image_id":0,"font":"","enabled":false},"version":2}},"categories":[474],"tags":[2641,2642,1612,837,772,287],"class_list":["post-19379","post","type-post","status-publish","format-standard","has-post-thumbnail","hentry","category-cultura","tag-barrio-de-xallitic","tag-gratuito","tag-martin-lebel","tag-orquesta-sinfonica-de-xalapa","tag-osx","tag-xalapa"],"jetpack_publicize_connections":[],"jetpack_featured_media_url":"https:\/\/i0.wp.com\/politicosaldesnudo.com.mx\/wp-content\/uploads\/2023\/05\/P-OSX-XALAPA-BARRIOXALLITIC.png?fit=1816%2C1016&ssl=1","jetpack-related-posts":[],"jetpack_sharing_enabled":true,"_links":{"self":[{"href":"https:\/\/politicosaldesnudo.com.mx\/index.php\/wp-json\/wp\/v2\/posts\/19379","targetHints":{"allow":["GET"]}}],"collection":[{"href":"https:\/\/politicosaldesnudo.com.mx\/index.php\/wp-json\/wp\/v2\/posts"}],"about":[{"href":"https:\/\/politicosaldesnudo.com.mx\/index.php\/wp-json\/wp\/v2\/types\/post"}],"author":[{"embeddable":true,"href":"https:\/\/politicosaldesnudo.com.mx\/index.php\/wp-json\/wp\/v2\/users\/4"}],"replies":[{"embeddable":true,"href":"https:\/\/politicosaldesnudo.com.mx\/index.php\/wp-json\/wp\/v2\/comments?post=19379"}],"version-history":[{"count":0,"href":"https:\/\/politicosaldesnudo.com.mx\/index.php\/wp-json\/wp\/v2\/posts\/19379\/revisions"}],"wp:featuredmedia":[{"embeddable":true,"href":"https:\/\/politicosaldesnudo.com.mx\/index.php\/wp-json\/wp\/v2\/media\/19380"}],"wp:attachment":[{"href":"https:\/\/politicosaldesnudo.com.mx\/index.php\/wp-json\/wp\/v2\/media?parent=19379"}],"wp:term":[{"taxonomy":"category","embeddable":true,"href":"https:\/\/politicosaldesnudo.com.mx\/index.php\/wp-json\/wp\/v2\/categories?post=19379"},{"taxonomy":"post_tag","embeddable":true,"href":"https:\/\/politicosaldesnudo.com.mx\/index.php\/wp-json\/wp\/v2\/tags?post=19379"}],"curies":[{"name":"wp","href":"https:\/\/api.w.org\/{rel}","templated":true}]}}