{"id":19440,"date":"2023-05-08T01:16:06","date_gmt":"2023-05-08T06:16:06","guid":{"rendered":"https:\/\/politicosaldesnudo.com.mx\/?p=19440"},"modified":"2023-05-07T23:54:16","modified_gmt":"2023-05-08T04:54:16","slug":"conacyt-ine-inai-y-demas-remoras-nido-de-atracadores-y-bandidos","status":"publish","type":"post","link":"https:\/\/politicosaldesnudo.com.mx\/index.php\/2023\/05\/08\/conacyt-ine-inai-y-demas-remoras-nido-de-atracadores-y-bandidos\/","title":{"rendered":"Conacyt, INE, INAI y dem\u00e1s remoras, nido de atracadores y bandidos"},"content":{"rendered":"<p>&nbsp;<\/p>\n<p class=\"p1\"><span style=\"font-size: 18pt;\"><b>Por Jos\u00e9 Lima Cobos<\/b><\/span><\/p>\n<p class=\"p1\"><span style=\"font-size: 14pt;\">No se puede aceptar l\u00f3gicamente por moral jur\u00eddica, al menos, decoro, honorabilidad, \u2014al vestir la toga y el birrete, s\u00edmbolo distintivo de quien imparte justicia\u2014,<span class=\"Apple-converted-space\">\u00a0 <\/span>que los garantes de la Constituci\u00f3n Pol\u00edtica de los Estados Unidos Mexicanos violenten con extrema impunidad y desverg\u00fcenza ese ordenamiento que protestaron cumplir y hacer cumplir al asumir el cargo que, sin m\u00e1s merecimiento que el dedo presidencial y la aprobaci\u00f3n manipulada en el Senado, para asumir la mayor de las responsabilidades en un pa\u00eds que se afirma democr\u00e1tico y de derecho como lo son los once ministros de la Suprema Corte de Justicia, ahora protagonistas y sicofantes de la pol\u00edtico.<\/span><\/p>\n<p class=\"p1\"><span style=\"font-size: 18pt;\"><strong>Lo anterior viene a colaci\u00f3n porque en el a\u00f1o 2009, el presidente panista Calder\u00f3n,<span class=\"Apple-converted-space\">\u00a0 <\/span>hace catorce a\u00f1os, reform\u00f3 el Art\u00edculo 127 constitucional para que ning\u00fan servidor p\u00fablico \u2014ahora atracadores p\u00fablicos\u2014 perciban un salario o emolumento mayor al del<span class=\"Apple-converted-space\">\u00a0 <\/span>Presidente de la Rep\u00fablica, partiendo del hecho de que quien asume ese encargo, que<span class=\"Apple-converted-space\">\u00a0 <\/span>es el de mayor rango, de ah\u00ed que, quien act\u00fae en contrario est\u00e1 incurriendo en responsabilidad o comete el delito de enriquecimiento ileg\u00edtimo, luego entonces, se castiga a quien traiciona a la naci\u00f3n de esa manera, no hay autoridad moral para calificar los actos de los dem\u00e1s de violatorios de la Constituci\u00f3n.<\/strong><\/span><\/p>\n<p class=\"p1\"><span style=\"font-size: 14pt;\">Ello es as\u00ed, cuando vemos que los once ministros de la Suprema Corte de Justicia que son unos gandallas \u2014y<span class=\"Apple-converted-space\">\u00a0 <\/span>est\u00e1n en el ojo del hurac\u00e1n pol\u00edtico\u2014 van a revisar los actos del poder legislativo que aprob\u00f3 por mayor\u00eda de votos, leyes que tienen el prop\u00f3sito de desterrar la corrupci\u00f3n, constituida a lo largo de treinta a\u00f1os como el caso del Conacyt, el INE, el INAI y otros organismos aut\u00f3nomos que se impusieron sueldos que rebasan a los que percibe el presidente L\u00f3pez Obrador, en s\u00edntesis es un mundo el que vive M\u00e9xico muy arrevesado, pues podemos presumir ahora que \u201cal ladr\u00f3n, al<span class=\"Apple-converted-space\">\u00a0 <\/span>ladr\u00f3n\u201d, o al amparo porque son derechos adquiridos, aunque sean contrarios a la Constituci\u00f3n.<\/span><\/p>\n<p>&nbsp;<\/p>\n<p><img data-recalc-dims=\"1\" loading=\"lazy\" decoding=\"async\" class=\"aligncenter wp-image-19441 size-large\" src=\"https:\/\/i0.wp.com\/politicosaldesnudo.com.mx\/wp-content\/uploads\/2023\/05\/P-BANDIDOS-1-1024x573.png?resize=800%2C448&#038;ssl=1\" alt=\"\" width=\"800\" height=\"448\" srcset=\"https:\/\/i0.wp.com\/politicosaldesnudo.com.mx\/wp-content\/uploads\/2023\/05\/P-BANDIDOS-1.png?resize=1024%2C573&amp;ssl=1 1024w, https:\/\/i0.wp.com\/politicosaldesnudo.com.mx\/wp-content\/uploads\/2023\/05\/P-BANDIDOS-1.png?resize=300%2C168&amp;ssl=1 300w, https:\/\/i0.wp.com\/politicosaldesnudo.com.mx\/wp-content\/uploads\/2023\/05\/P-BANDIDOS-1.png?resize=768%2C430&amp;ssl=1 768w, https:\/\/i0.wp.com\/politicosaldesnudo.com.mx\/wp-content\/uploads\/2023\/05\/P-BANDIDOS-1.png?resize=1536%2C859&amp;ssl=1 1536w, https:\/\/i0.wp.com\/politicosaldesnudo.com.mx\/wp-content\/uploads\/2023\/05\/P-BANDIDOS-1.png?w=1816&amp;ssl=1 1816w, https:\/\/i0.wp.com\/politicosaldesnudo.com.mx\/wp-content\/uploads\/2023\/05\/P-BANDIDOS-1.png?w=1600&amp;ssl=1 1600w\" sizes=\"auto, (max-width: 800px) 100vw, 800px\" \/><\/p>\n<p>&nbsp;<\/p>\n<p class=\"p1\"><span style=\"font-size: 18pt; color: #139eca;\"><b>EL INE DA EL EJEMPLO<\/b><\/span><\/p>\n<p class=\"p1\"><span style=\"font-size: 14pt;\">Ya vendr\u00e1 o caer\u00e1 la justicia divina en todos esos ministros que, si bien tienen catorce a\u00f1os manejando en la opacidad m\u00e1s criminal de que se tenga memoria los recursos de la naci\u00f3n, \u2014algo que solo compete a la tesorer\u00eda de la<span class=\"Apple-converted-space\">\u00a0 <\/span>federaci\u00f3n\u2014,<span class=\"Apple-converted-space\">\u00a0 <\/span>porque son bienes de todo el pueblo, no se ver\u00e1 que, por si solos se reformen en favor de atender la miseria de las mayor\u00edas porque eso es populismo y ellos no quieren vivir en la median\u00eda que dec\u00eda Ju\u00e1rez, es parte o forma parte del servicio a los dem\u00e1s, sin embargo, ahora que vemos que la presidenta del INE, renuncia a privilegios inmerecidos y que entiende su funci\u00f3n, no<span class=\"Apple-converted-space\">\u00a0 <\/span>para enriquecerse o sacar tajada, sino para luchar por la democracia. Se puede pensar que los ministros de la Suprema Corte de Justicia tomar\u00e1n ese ejemplo, aunque lo veo dif\u00edcil, sobre todo, porque no han dado muestras de honestidad o pulcritud, pues se van con el cuento que, la \u201cca\u00eddo, ca\u00eddo\u201d y no tendr\u00e1 retorno, habida<span class=\"Apple-converted-space\">\u00a0 <\/span>cuenta que tuvieron el tiempo necesario para enmendar esa perversidad y nada hicieron.<\/span><\/p>\n<p class=\"p1\"><span style=\"font-size: 18pt;\"><strong>Tan es as\u00ed que al ser nombrados ministros por quince a\u00f1os, a partir del gobierno de Ernesto Zedillo que de 21 integrantes se redujo a once, est\u00e1 en lo correcto que los que ya ten\u00edan m\u00e1s sueldo que el Presidente de la Rep\u00fablica en ese momento se mantuviera, pero nada hicieron, por lo menos, que a partir de ese a\u00f1o, se hicieran los ajustes con los designados a partir de esa fecha de la vigencia de esa disposici\u00f3n constitucional, al contrario, las canonj\u00edas aumentaron habida cuenta que eran los consentidos de la corrupci\u00f3n imperante y m\u00e1s a\u00fan, la desfachatez es may\u00fascula, cuando vemos con pena aut\u00e9ntica, que los propuestos por L\u00f3pez Obrador \u2014ap\u00f3stol de la lucha contra la corrupci\u00f3n\u2014 se montaron en ella y as\u00ed est\u00e1n Yasm\u00edn Esquivel Mossa, Juan Luis Gonz\u00e1lez Alc\u00e1ntara Carranc\u00e1, Loretta Ortiz Ahlf y<span class=\"Apple-converted-space\">\u00a0 <\/span>Margarita R\u00edos Farjat, que adem\u00e1s, \u2014han votado en contra de las propuestas del Presidente\u2014, pero que por su voluntad, vayan por verg\u00fcenza repudiaran a lo indebido, de acuerdo con la constituci\u00f3n que dicen van a respetar, lo veo en chino, el cinismo no tiene limite y ellos no son ajenos.<\/strong><\/span><\/p>\n<p class=\"p1\"><span style=\"font-size: 14pt;\">Si hay molestia con la actitud de Guadalupe Taddei, presidenta del INE por su honestidad, vamos a ver dijo un ciego si sus dem\u00e1s compa\u00f1eros reci\u00e9n nombrados hacen lo propio y se ajustan sus sueldos, pero todo ello, viene a acreditar que la pudrici\u00f3n de todo el sistema pol\u00edtico nacional es descomunal y m\u00e1s cuando se conoce que m\u00e1s de 75 mil millones de pesos del Conacyt se reparten a grandes empresas privadas y extranjeras, ese organismo hoy modificado inconforma a Claudio X. Gonz\u00e1lez y dem\u00e1s mafiosos subvencionados por los presidentes Zedillo, Fox, Calder\u00f3n y Pe\u00f1a con recursos del pueblo de M\u00e9xico entre ellas Telmex, Televisa,<span class=\"Apple-converted-space\">\u00a0 <\/span>Bachoco, Femsa, Banamex, Bayer, es decir, el pobre est\u00e1 condado a vivir y morir pobre, porque sacarlo de la pobreza es su culpa en tanto las minor\u00edas oligarcas, atacan al populismo por ser da\u00f1ino, que se haga la voluntad de Dios en los miserables que adem\u00e1s, son malagradecidos afirman sin estupor alguno, los saqueadores y atracadores de la naci\u00f3n.<\/span><\/p>\n<p>&nbsp;<\/p>\n<hr \/>\n<p>&nbsp;<\/p>\n<p><span style=\"font-size: 18pt;\"><strong>Correo:<a href=\"mailto:limacobos@hotmail.com\"> limacobos@hotmail.com<\/a><\/strong><\/span><\/p>\n<p><span style=\"font-size: 18pt;\"><strong>Twitter: <a href=\"https:\/\/twitter.com\/limacobos1\">@limacobos1<\/a><\/strong><\/span><\/p>\n<p>&nbsp;<\/p>\n<p><img data-recalc-dims=\"1\" loading=\"lazy\" decoding=\"async\" class=\"aligncenter wp-image-14351\" src=\"https:\/\/i0.wp.com\/politicosaldesnudo.com.mx\/wp-content\/uploads\/2023\/01\/FIRMA-EDITORIAL-PD-300x37.png?resize=800%2C98&#038;ssl=1\" alt=\"\" width=\"800\" height=\"98\" srcset=\"https:\/\/i0.wp.com\/politicosaldesnudo.com.mx\/wp-content\/uploads\/2023\/01\/FIRMA-EDITORIAL-PD.png?resize=300%2C37&amp;ssl=1 300w, https:\/\/i0.wp.com\/politicosaldesnudo.com.mx\/wp-content\/uploads\/2023\/01\/FIRMA-EDITORIAL-PD.png?resize=1024%2C125&amp;ssl=1 1024w, https:\/\/i0.wp.com\/politicosaldesnudo.com.mx\/wp-content\/uploads\/2023\/01\/FIRMA-EDITORIAL-PD.png?resize=768%2C94&amp;ssl=1 768w, https:\/\/i0.wp.com\/politicosaldesnudo.com.mx\/wp-content\/uploads\/2023\/01\/FIRMA-EDITORIAL-PD.png?resize=1536%2C188&amp;ssl=1 1536w, https:\/\/i0.wp.com\/politicosaldesnudo.com.mx\/wp-content\/uploads\/2023\/01\/FIRMA-EDITORIAL-PD.png?resize=2048%2C250&amp;ssl=1 2048w, https:\/\/i0.wp.com\/politicosaldesnudo.com.mx\/wp-content\/uploads\/2023\/01\/FIRMA-EDITORIAL-PD.png?w=1600&amp;ssl=1 1600w, https:\/\/i0.wp.com\/politicosaldesnudo.com.mx\/wp-content\/uploads\/2023\/01\/FIRMA-EDITORIAL-PD.png?w=2400&amp;ssl=1 2400w\" sizes=\"auto, (max-width: 800px) 100vw, 800px\" \/><\/p>\n<p>&nbsp;<\/p>\n<p>&nbsp;<\/p>\n","protected":false},"excerpt":{"rendered":"<p>&nbsp; Por Jos\u00e9 Lima Cobos No se puede aceptar l\u00f3gicamente por moral jur\u00eddica, al menos, decoro, honorabilidad, \u2014al vestir la<\/p>\n","protected":false},"author":4,"featured_media":4215,"comment_status":"closed","ping_status":"closed","sticky":false,"template":"","format":"standard","meta":{"colormag_page_container_layout":"default_layout","colormag_page_sidebar_layout":"default_layout","_jetpack_memberships_contains_paid_content":false,"footnotes":"","jetpack_publicize_message":"","jetpack_publicize_feature_enabled":true,"jetpack_social_post_already_shared":false,"jetpack_social_options":{"image_generator_settings":{"template":"highway","default_image_id":0,"font":"","enabled":false},"version":2}},"categories":[26],"tags":[2092,1058,1067,2565,43,545],"class_list":["post-19440","post","type-post","status-publish","format-standard","has-post-thumbnail","hentry","category-columnistas","tag-conacyt","tag-constitucion","tag-corrupcion","tag-inai","tag-ine","tag-suprema-corte-de-justicia"],"jetpack_publicize_connections":[],"jetpack_featured_media_url":"https:\/\/i0.wp.com\/politicosaldesnudo.com.mx\/wp-content\/uploads\/2022\/04\/JOSE%CC%81-LIMA-COBOS.png?fit=1816%2C1016&ssl=1","jetpack-related-posts":[],"jetpack_sharing_enabled":true,"_links":{"self":[{"href":"https:\/\/politicosaldesnudo.com.mx\/index.php\/wp-json\/wp\/v2\/posts\/19440","targetHints":{"allow":["GET"]}}],"collection":[{"href":"https:\/\/politicosaldesnudo.com.mx\/index.php\/wp-json\/wp\/v2\/posts"}],"about":[{"href":"https:\/\/politicosaldesnudo.com.mx\/index.php\/wp-json\/wp\/v2\/types\/post"}],"author":[{"embeddable":true,"href":"https:\/\/politicosaldesnudo.com.mx\/index.php\/wp-json\/wp\/v2\/users\/4"}],"replies":[{"embeddable":true,"href":"https:\/\/politicosaldesnudo.com.mx\/index.php\/wp-json\/wp\/v2\/comments?post=19440"}],"version-history":[{"count":0,"href":"https:\/\/politicosaldesnudo.com.mx\/index.php\/wp-json\/wp\/v2\/posts\/19440\/revisions"}],"wp:featuredmedia":[{"embeddable":true,"href":"https:\/\/politicosaldesnudo.com.mx\/index.php\/wp-json\/wp\/v2\/media\/4215"}],"wp:attachment":[{"href":"https:\/\/politicosaldesnudo.com.mx\/index.php\/wp-json\/wp\/v2\/media?parent=19440"}],"wp:term":[{"taxonomy":"category","embeddable":true,"href":"https:\/\/politicosaldesnudo.com.mx\/index.php\/wp-json\/wp\/v2\/categories?post=19440"},{"taxonomy":"post_tag","embeddable":true,"href":"https:\/\/politicosaldesnudo.com.mx\/index.php\/wp-json\/wp\/v2\/tags?post=19440"}],"curies":[{"name":"wp","href":"https:\/\/api.w.org\/{rel}","templated":true}]}}