{"id":19451,"date":"2023-05-08T01:20:32","date_gmt":"2023-05-08T06:20:32","guid":{"rendered":"https:\/\/politicosaldesnudo.com.mx\/?p=19451"},"modified":"2023-05-08T00:20:14","modified_gmt":"2023-05-08T05:20:14","slug":"creel-el-estridente","status":"publish","type":"post","link":"https:\/\/politicosaldesnudo.com.mx\/index.php\/2023\/05\/08\/creel-el-estridente\/","title":{"rendered":"Creel, el estridente"},"content":{"rendered":"<p>&nbsp;<\/p>\n<p class=\"p1\"><span style=\"font-size: 18pt;\"><b>Por Jos\u00e9 Garc\u00eda S\u00e1nchez<\/b><\/span><\/p>\n<p class=\"p1\"><span style=\"font-size: 14pt;\">Capitanear una oposici\u00f3n cuyos problemas son producto de sus errores, es una estridencia que anula cualquier inteligencia. A pesar de esto, surge con tanta espontaneidad como ingenuidad Santiago Creel, encandilado por la luz de la posibilidad de ser candidato a la Presidencia de la Rep\u00fablica, no percibe el presente, desconoce los cambios de su tiempo y muestra su obsesiva tentaci\u00f3n por el pasado.<\/span><\/p>\n<p class=\"p1\"><span style=\"font-size: 18pt;\"><strong>Creel sabe que no va a ganar las elecciones en caso de ser candidato de la oposici\u00f3n, pero cualquier opositor sabe que el puesto pol\u00edtico de mayor trascendencia dentro de sus posibilidades es ser candidato a la Presidencia de la Rep\u00fablica, y ese honor lo quiere para \u00e9l Santiago Creel de ah\u00ed la estridencia, el paroxismo histri\u00f3nico, la desverg\u00fcenza p\u00fablica.<\/strong><\/span><\/p>\n<p class=\"p1\"><span style=\"font-size: 14pt;\">La composici\u00f3n de la alianza opositora est\u00e1 compuesta de escombros y ruinas, pero quiere encabezar un movimiento asentado en el desmoronamiento pol\u00edtico de un grupo al que la sociedad le ha dado la espalda. PAN y PRI tuvieron la Presidencia en sus manos, es decir, eran partidos con la suficiente capacidad de convocatoria que solos ganaban elecciones de puestos importantes, ahora ni siquiera unidos con el agonizante PRD pueden llegar a algo m\u00e1s que participar.<\/span><\/p>\n<p>&nbsp;<\/p>\n<p class=\"p1\"><span style=\"font-size: 18pt; color: #139eca;\"><b>CREEL EL CORRUPTO<\/b><\/span><\/p>\n<p class=\"p1\"><span style=\"font-size: 14pt;\">Si no concursa para ganar entonces uno o tres partidos pol\u00edticos ni son partidos ni son instancias que puedan respetarse, m\u00e1s a\u00fan tomando en cuenta su progresivo deterioro que no se detiene. Cada d\u00eda sale por lo menos un militante de cada uno de esos tres partidos. Claro, s\u00f3lo tienen espacios en los medios quienes tienen un cargo p\u00fablico pero su descomposici\u00f3n no se detiene ni con el discurso a\u00f1ejo de un Santiago Creel que consciente de esta debacle, opta por la estridencia que acusa desesperaci\u00f3n.<\/span><\/p>\n<p class=\"p1\"><span style=\"font-size: 18pt;\"><strong>El golpe mortal del PAN se llama C\u00e1rtel Inmobiliario, tanta estridencia muestra no s\u00f3lo desesperaci\u00f3n sino miedo y ser\u00e1n capaces de ser m\u00e1s temerarios en sus declaraciones y en sus acciones, con un tono cada vez m\u00e1s alto, con rugidos de le\u00f3n acorralado como en la selva, pero lo cierto es que tanto Jorge Romero como Santiago Taboada, gente de una generaci\u00f3n del PAN que pastore\u00f3 Creel, y donde se fund\u00f3 el futuro del partido, ser\u00e1n sus enterradores.<\/strong><\/span><\/p>\n<p>&nbsp;<\/p>\n<p><img data-recalc-dims=\"1\" loading=\"lazy\" decoding=\"async\" class=\"aligncenter wp-image-19452 size-large\" src=\"https:\/\/i0.wp.com\/politicosaldesnudo.com.mx\/wp-content\/uploads\/2023\/05\/P-CREEL-1-1024x573.png?resize=800%2C448&#038;ssl=1\" alt=\"\" width=\"800\" height=\"448\" srcset=\"https:\/\/i0.wp.com\/politicosaldesnudo.com.mx\/wp-content\/uploads\/2023\/05\/P-CREEL-1.png?resize=1024%2C573&amp;ssl=1 1024w, https:\/\/i0.wp.com\/politicosaldesnudo.com.mx\/wp-content\/uploads\/2023\/05\/P-CREEL-1.png?resize=300%2C168&amp;ssl=1 300w, https:\/\/i0.wp.com\/politicosaldesnudo.com.mx\/wp-content\/uploads\/2023\/05\/P-CREEL-1.png?resize=768%2C430&amp;ssl=1 768w, https:\/\/i0.wp.com\/politicosaldesnudo.com.mx\/wp-content\/uploads\/2023\/05\/P-CREEL-1.png?resize=1536%2C859&amp;ssl=1 1536w, https:\/\/i0.wp.com\/politicosaldesnudo.com.mx\/wp-content\/uploads\/2023\/05\/P-CREEL-1.png?w=1816&amp;ssl=1 1816w, https:\/\/i0.wp.com\/politicosaldesnudo.com.mx\/wp-content\/uploads\/2023\/05\/P-CREEL-1.png?w=1600&amp;ssl=1 1600w\" sizes=\"auto, (max-width: 800px) 100vw, 800px\" \/><\/p>\n<p>&nbsp;<\/p>\n<p class=\"p1\"><span style=\"font-size: 18pt; color: #139eca;\"><strong>Santiago Creel es socio de Ricardo Anaya en negocios sucios, la UIF, la FGR, y el SAT son investigados con el hijo de Creel por facturar operaciones sospechosas. La mayor\u00eda de las empresas tienen su sede en Zapopan, principal centro de operaciones del C\u00e1rtel Jalisco Nueva generaci\u00f3n<\/strong><\/span><\/p>\n<p class=\"p1\"><span style=\"font-size: 14pt;\">Creel carga con un delito grave al aprobar cientos de casinos el d\u00eda que dej\u00f3 la Secretar\u00eda de Gobernaci\u00f3n, sin olvidar que el inicio de la carrera en la administraci\u00f3n p\u00fablica de Genaro Garc\u00eda Luna fue durante la gesti\u00f3n de Creel en la Secretar\u00eda de Gobernaci\u00f3n, encargado de la pol\u00edtica interior del pa\u00eds, de tal manera que no puede negar que sab\u00eda para qui\u00e9n trabajaba en el Palacio de Covi\u00e1n.<\/span><\/p>\n<p class=\"p1\"><span style=\"font-size: 18pt;\"><strong>Creel es el menos indicado para servir de bisagra en la unidad de la oposici\u00f3n, menos a\u00fan para representar la inconformidad social actual, pero sobre todo est\u00e1 incapacitado para encabezar cualquier movimiento social porque s\u00f3lo acarrea l\u00edderes de tres partidos y no masas. Los intereses particulares en los pol\u00edticos de la derecha explican la poca votaci\u00f3n, por la escasa militancia, porque perdieron el reloj y la br\u00fajula en el tiempo y la orientaci\u00f3n de un pa\u00eds que no se han dado cuenta que cambi\u00f3.<\/strong><\/span><\/p>\n<p class=\"p1\"><span style=\"font-size: 14pt;\">Santiago Creel es de los menos respetables representantes de la oposici\u00f3n, claro, los hay peores. As\u00ed la oposici\u00f3n no est\u00e1 fuerte ni unida. A ver cu\u00e1nto tiempo el dura la fuerza y la unidad, con egos tan desproporcionados como el de Creel, quien pas\u00f3 de la ret\u00f3rica c\u00ednica al terror por verse en el anonimato superado por otros personajes de su alianza que bien pueden quitarle lo m\u00e1s preciado en la vida: su candidatura a la Presidencia.<\/span><\/p>\n<div><\/div>\n<div>\n<hr \/>\n<p>&nbsp;<\/p>\n<p><span style=\"font-size: 18pt;\"><strong>Twitter:\u00a0<a href=\"https:\/\/twitter.com\/Josangasa3\">@Josangasa3<\/a><\/strong><\/span><\/p>\n<p>&nbsp;<\/p>\n<p><img data-recalc-dims=\"1\" loading=\"lazy\" decoding=\"async\" class=\"aligncenter wp-image-14351\" src=\"https:\/\/i0.wp.com\/politicosaldesnudo.com.mx\/wp-content\/uploads\/2023\/01\/FIRMA-EDITORIAL-PD-300x37.png?resize=800%2C98&#038;ssl=1\" alt=\"\" width=\"800\" height=\"98\" srcset=\"https:\/\/i0.wp.com\/politicosaldesnudo.com.mx\/wp-content\/uploads\/2023\/01\/FIRMA-EDITORIAL-PD.png?resize=300%2C37&amp;ssl=1 300w, https:\/\/i0.wp.com\/politicosaldesnudo.com.mx\/wp-content\/uploads\/2023\/01\/FIRMA-EDITORIAL-PD.png?resize=1024%2C125&amp;ssl=1 1024w, https:\/\/i0.wp.com\/politicosaldesnudo.com.mx\/wp-content\/uploads\/2023\/01\/FIRMA-EDITORIAL-PD.png?resize=768%2C94&amp;ssl=1 768w, https:\/\/i0.wp.com\/politicosaldesnudo.com.mx\/wp-content\/uploads\/2023\/01\/FIRMA-EDITORIAL-PD.png?resize=1536%2C188&amp;ssl=1 1536w, https:\/\/i0.wp.com\/politicosaldesnudo.com.mx\/wp-content\/uploads\/2023\/01\/FIRMA-EDITORIAL-PD.png?resize=2048%2C250&amp;ssl=1 2048w, https:\/\/i0.wp.com\/politicosaldesnudo.com.mx\/wp-content\/uploads\/2023\/01\/FIRMA-EDITORIAL-PD.png?w=1600&amp;ssl=1 1600w, https:\/\/i0.wp.com\/politicosaldesnudo.com.mx\/wp-content\/uploads\/2023\/01\/FIRMA-EDITORIAL-PD.png?w=2400&amp;ssl=1 2400w\" sizes=\"auto, (max-width: 800px) 100vw, 800px\" \/><\/p>\n<\/div>\n<p>&nbsp;<\/p>\n","protected":false},"excerpt":{"rendered":"<p>&nbsp; Por Jos\u00e9 Garc\u00eda S\u00e1nchez Capitanear una oposici\u00f3n cuyos problemas son producto de sus errores, es una estridencia que anula<\/p>\n","protected":false},"author":4,"featured_media":1086,"comment_status":"closed","ping_status":"closed","sticky":false,"template":"","format":"standard","meta":{"colormag_page_container_layout":"default_layout","colormag_page_sidebar_layout":"default_layout","_jetpack_memberships_contains_paid_content":false,"footnotes":"","jetpack_publicize_message":"","jetpack_publicize_feature_enabled":true,"jetpack_social_post_already_shared":false,"jetpack_social_options":{"image_generator_settings":{"template":"highway","default_image_id":0,"font":"","enabled":false},"version":2}},"categories":[26],"tags":[103,2647,1548],"class_list":["post-19451","post","type-post","status-publish","format-standard","has-post-thumbnail","hentry","category-columnistas","tag-pan","tag-presidencia-republica","tag-santiago-creel"],"jetpack_publicize_connections":[],"jetpack_featured_media_url":"https:\/\/i0.wp.com\/politicosaldesnudo.com.mx\/wp-content\/uploads\/2021\/12\/JOSE%CC%81-GARCI%CC%81A.png?fit=1816%2C1016&ssl=1","jetpack-related-posts":[],"jetpack_sharing_enabled":true,"_links":{"self":[{"href":"https:\/\/politicosaldesnudo.com.mx\/index.php\/wp-json\/wp\/v2\/posts\/19451","targetHints":{"allow":["GET"]}}],"collection":[{"href":"https:\/\/politicosaldesnudo.com.mx\/index.php\/wp-json\/wp\/v2\/posts"}],"about":[{"href":"https:\/\/politicosaldesnudo.com.mx\/index.php\/wp-json\/wp\/v2\/types\/post"}],"author":[{"embeddable":true,"href":"https:\/\/politicosaldesnudo.com.mx\/index.php\/wp-json\/wp\/v2\/users\/4"}],"replies":[{"embeddable":true,"href":"https:\/\/politicosaldesnudo.com.mx\/index.php\/wp-json\/wp\/v2\/comments?post=19451"}],"version-history":[{"count":0,"href":"https:\/\/politicosaldesnudo.com.mx\/index.php\/wp-json\/wp\/v2\/posts\/19451\/revisions"}],"wp:featuredmedia":[{"embeddable":true,"href":"https:\/\/politicosaldesnudo.com.mx\/index.php\/wp-json\/wp\/v2\/media\/1086"}],"wp:attachment":[{"href":"https:\/\/politicosaldesnudo.com.mx\/index.php\/wp-json\/wp\/v2\/media?parent=19451"}],"wp:term":[{"taxonomy":"category","embeddable":true,"href":"https:\/\/politicosaldesnudo.com.mx\/index.php\/wp-json\/wp\/v2\/categories?post=19451"},{"taxonomy":"post_tag","embeddable":true,"href":"https:\/\/politicosaldesnudo.com.mx\/index.php\/wp-json\/wp\/v2\/tags?post=19451"}],"curies":[{"name":"wp","href":"https:\/\/api.w.org\/{rel}","templated":true}]}}