{"id":19461,"date":"2023-05-08T01:35:34","date_gmt":"2023-05-08T06:35:34","guid":{"rendered":"https:\/\/politicosaldesnudo.com.mx\/?p=19461"},"modified":"2023-05-31T22:35:01","modified_gmt":"2023-06-01T03:35:01","slug":"injusticias-en-tres-anos-de-la-fiscal-de-veracruz","status":"publish","type":"post","link":"https:\/\/politicosaldesnudo.com.mx\/index.php\/2023\/05\/08\/injusticias-en-tres-anos-de-la-fiscal-de-veracruz\/","title":{"rendered":"Injusticias en tres a\u00f1os de la fiscal de Veracruz"},"content":{"rendered":"<p>&nbsp;<\/p>\n<p class=\"p1\"><span style=\"font-size: 18pt;\"><b>Por \u00c1ngel \u00c1lvaro Pe\u00f1a<\/b><\/span><\/p>\n<p class=\"p1\"><span style=\"font-size: 18pt;\"><strong>El pr\u00f3ximo 19 de mayo cumple tres a\u00f1os Ver\u00f3nica Hern\u00e1ndez Giaddans al frente de la Fiscal\u00eda General del Estado de Veracruz y ante el tiempo de definiciones debe hacer un balance de sus actividades y responder a la confianza que le otorg\u00f3 el pueblo de la entidad a trav\u00e9s de sus representantes.<\/strong><\/span><\/p>\n<p class=\"p1\"><span style=\"font-size: 14pt;\">As\u00ed, las tareas que debe emprender de inmediato es revisar los expedientes de los presos de conciencia que hay en el estado y que el gobernador niega que existen en Veracruz, ver si han sido sujetos a juicio o sentenciados. Hay v\u00edctimas de su negligencia con m\u00e1s de dos a\u00f1os encarcelados sin proceso legal ni justo.<\/span><\/p>\n<p class=\"p1\"><span style=\"font-size: 18pt;\"><strong>Despu\u00e9s, practicar la tolerancia y ejercer la democracia y desarrollar las acciones necesarias para establecer el di\u00e1logo con los inconformes como es el caso de la poblaci\u00f3n de Amatl\u00e1n de los Reyes, quienes tienen tomada la presidencia municipal,\u00a0en protesta por la construcci\u00f3n del Centro de Transferencia de Residuos S\u00f3lidos en el lugar, debido a que su contaminaci\u00f3n afectar\u00e1 a los ciudadanos de la localidad que viven cerca de donde se planea ejecutar el proyecto, pues tambi\u00e9n hay escuelas en los alrededores.<\/strong><\/span><\/p>\n<p>&nbsp;<\/p>\n<p><img data-recalc-dims=\"1\" loading=\"lazy\" decoding=\"async\" class=\"aligncenter wp-image-19463 size-large\" src=\"https:\/\/i0.wp.com\/politicosaldesnudo.com.mx\/wp-content\/uploads\/2023\/05\/P-VERONICA-HERNANDEZ-GIADDANS-1024x573.png?resize=800%2C448&#038;ssl=1\" alt=\"\" width=\"800\" height=\"448\" srcset=\"https:\/\/i0.wp.com\/politicosaldesnudo.com.mx\/wp-content\/uploads\/2023\/05\/P-VERONICA-HERNANDEZ-GIADDANS.png?resize=1024%2C573&amp;ssl=1 1024w, https:\/\/i0.wp.com\/politicosaldesnudo.com.mx\/wp-content\/uploads\/2023\/05\/P-VERONICA-HERNANDEZ-GIADDANS.png?resize=300%2C168&amp;ssl=1 300w, https:\/\/i0.wp.com\/politicosaldesnudo.com.mx\/wp-content\/uploads\/2023\/05\/P-VERONICA-HERNANDEZ-GIADDANS.png?resize=768%2C430&amp;ssl=1 768w, https:\/\/i0.wp.com\/politicosaldesnudo.com.mx\/wp-content\/uploads\/2023\/05\/P-VERONICA-HERNANDEZ-GIADDANS.png?resize=1536%2C859&amp;ssl=1 1536w, https:\/\/i0.wp.com\/politicosaldesnudo.com.mx\/wp-content\/uploads\/2023\/05\/P-VERONICA-HERNANDEZ-GIADDANS.png?w=1816&amp;ssl=1 1816w, https:\/\/i0.wp.com\/politicosaldesnudo.com.mx\/wp-content\/uploads\/2023\/05\/P-VERONICA-HERNANDEZ-GIADDANS.png?w=1600&amp;ssl=1 1600w\" sizes=\"auto, (max-width: 800px) 100vw, 800px\" \/><\/p>\n<p>&nbsp;<\/p>\n<p class=\"p1\"><span style=\"font-size: 18pt; color: #139eca;\"><strong>La fiscal en lugar de iniciar el di\u00e1logo y establecer una negociaci\u00f3n anuncia que al menos 17 pobladores, quienes fueron denunciados por las autoridades municipales tienen orden de aprehensi\u00f3n.<\/strong><\/span><\/p>\n<p class=\"p1\"><span style=\"font-size: 14pt;\">\u201cVamos a esperar qu\u00e9 resulta de la investigaci\u00f3n y procederemos conforme a derecho\u201d, afirm\u00f3, en lugar de iniciar el di\u00e1logo con los inconformes y si le faltan pretextos para desarrollar con claridad su trabajo aqu\u00ed le ponemos en charola de plata un caso que debe ejecutar cuanto antes, porque si algo sobran en el estado son delincuentes que gozan de total impunidad, en detrimento de los derechos de la poblaci\u00f3n, tal es el caso de Ricardo Lara, quien opera bajo la sombra de la familia Alem\u00e1n, desde hace muchos a\u00f1os tiene el monopolio de las pedreras en la entidad, y que asegura lleva piedra a las obras del Tren Ligero, para lo cual quiere construir una carreta innecesaria.<\/span><\/p>\n<p>&nbsp;<\/p>\n<p class=\"p1\"><span style=\"font-size: 18pt; color: #139eca;\"><b>EL CASO DE RICARDO LARA<\/b><\/span><\/p>\n<p class=\"p1\"><span style=\"font-size: 18pt;\"><strong>Las piedras provienen de Tiahuatl\u00e1n en cuyo trayecto a Tuxpan, viola los derechos laborales de los trabajadores afiliados a los sindicatos de transportistas, porque existen convenios de ocupaci\u00f3n y desplazamiento que deben ser cubiertos por contrato, si no se utilizan los servicios de los agremiados. Y Lara ni ocupa a los trabajadores ni paga su desplazamiento.<\/strong><\/span><\/p>\n<p class=\"p1\"><span style=\"font-size: 14pt;\">Por otra parte, Lara presiona a campesinos para que los terrenos donde crea sus bancos de material como piedras, le sean vendidos a precios irrisorios, la intimidaci\u00f3n empieza por la invasi\u00f3n de los predios donde descarga, invade con camiones y acumulan todo tipo de maquinaria y herramientas para obligar a los propietarios a venderle su espacio que es el patrimonio de sus familias.<\/span><\/p>\n<p class=\"p1\"><span style=\"font-size: 14pt;\">Aqu\u00ed es donde debe actuar la fiscal, pero se siente atemorizada porque Lara asegura tener mucho poder incluso con las nuevas autoridades de Comunicaciones y Transportes, lo cierto es que la mafia enquistada en esa dependencia parece no haberse salido totalmente desde varios sexenios atr\u00e1s.<\/span><\/p>\n<p class=\"p1\"><span style=\"font-size: 18pt; color: #139eca;\"><strong>La actividad clandestina de Ricardo Lara implica una serie de delitos que tiene que ver con la carga de barcos que se llevan desde Tuxpan, materiales.<\/strong><\/span><\/p>\n<p class=\"p1\"><span style=\"font-size: 14pt;\">A Ricardo Lara tambi\u00e9n se le relaciona con lavado de dinero, robo de terrenos, malos manejos de dinero, tr\u00e1fico de influencias, monopolios, evasi\u00f3n de impuestos, entre otras actividades.<\/span><\/p>\n<p class=\"p1\"><span style=\"font-size: 18pt;\"><strong>Lara surge a la sombra de un ex funcionario de un gobernador, llamado Sergio Maya Alem\u00e1n, a quien traiciona porque se vio favorecido con la amistad y complicidad del ex secretario de Comunicaciones y Transportes, Gerardo Ruiz Esparza.<\/strong><\/span><\/p>\n<p class=\"p1\"><span style=\"font-size: 14pt;\">Una de sus empresas de Ricardo Lara es Triturados Santa Clara, cuya casa matriz est\u00e1 ubicada en Carretera a Cobos Km. 6, La Victoria, Tuxpan, Veracruz, que le ha servido para triangular negocios il\u00edcitos, desde tiempos de Gerardo Ruiz Esparza, a quien conoci\u00f3 por medio de la familia Braniff, en Tuxpan, Veracruz, vendi\u00f3 los terrenos donde ahora descargan los contenedores y cre\u00f3 empresas afines asociado con los Braniff, con la anuencia del entonces coordinador general de Puertos y Marina Mercante, Guillermo Ruiz de Teresa.<\/span><\/p>\n<p>&nbsp;<\/p>\n<p><img data-recalc-dims=\"1\" loading=\"lazy\" decoding=\"async\" class=\"aligncenter wp-image-19462 size-large\" src=\"https:\/\/i0.wp.com\/politicosaldesnudo.com.mx\/wp-content\/uploads\/2023\/05\/P-RICARDO-LARA-TUXPAN-1024x573.png?resize=800%2C448&#038;ssl=1\" alt=\"\" width=\"800\" height=\"448\" srcset=\"https:\/\/i0.wp.com\/politicosaldesnudo.com.mx\/wp-content\/uploads\/2023\/05\/P-RICARDO-LARA-TUXPAN.png?resize=1024%2C573&amp;ssl=1 1024w, https:\/\/i0.wp.com\/politicosaldesnudo.com.mx\/wp-content\/uploads\/2023\/05\/P-RICARDO-LARA-TUXPAN.png?resize=300%2C168&amp;ssl=1 300w, https:\/\/i0.wp.com\/politicosaldesnudo.com.mx\/wp-content\/uploads\/2023\/05\/P-RICARDO-LARA-TUXPAN.png?resize=768%2C430&amp;ssl=1 768w, https:\/\/i0.wp.com\/politicosaldesnudo.com.mx\/wp-content\/uploads\/2023\/05\/P-RICARDO-LARA-TUXPAN.png?resize=1536%2C859&amp;ssl=1 1536w, https:\/\/i0.wp.com\/politicosaldesnudo.com.mx\/wp-content\/uploads\/2023\/05\/P-RICARDO-LARA-TUXPAN.png?w=1816&amp;ssl=1 1816w, https:\/\/i0.wp.com\/politicosaldesnudo.com.mx\/wp-content\/uploads\/2023\/05\/P-RICARDO-LARA-TUXPAN.png?w=1600&amp;ssl=1 1600w\" sizes=\"auto, (max-width: 800px) 100vw, 800px\" \/><\/p>\n<p>&nbsp;<\/p>\n<p class=\"p1\"><span style=\"font-size: 18pt; color: #139eca;\"><strong>Lara asegura conocer a todos los funcionarios de la 4T, incluyendo a las autoridades portuarias, civiles y uniformados, nadie lo duda a juzgar por el \u00e9xito de sus negocios florecientes. Posee, adem\u00e1s, caballos finos, ranchos y con su compra venta lava grandes cantidades de dinero, en la entidad y otros estados.<\/strong><\/span><\/p>\n<p class=\"p1\"><span style=\"font-size: 18pt;\"><strong>Lara tiene en Veracruz la manera de realizar negocios il\u00edcitos impunemente, como la enajenaci\u00f3n de terrenos a los ejidatarios, en la zona de manglares, por si fuera poco, acapar\u00f3 los terrenos de otros municipios vecinos, como \u00c1lamo, Cerro Azul y Tiahuatl\u00e1n, para extraer basalto, que sirve para estabilizar las v\u00edas con el terrapl\u00e9n y que enviar\u00e1 todo en barco a Progreso, Yucat\u00e1n, supuestamente para la construcci\u00f3n del Tren Maya.<\/strong><\/span><\/p>\n<p class=\"p1\"><span style=\"font-size: 14pt;\">Lara tiene un dep\u00f3sito de basalto a cinco kil\u00f3metros del recinto portuario de Tuxpan, donde se acumula el material, con camiones de otros estados para no pagar derechos y reducir costos, y n pagar a los operadores, y as\u00ed llena sus dep\u00f3sitos de pedreras, para ser vendidos a trav\u00e9s de prestanombres, porque en esa zona nadie cree en \u00e9l, como est\u00e1 cerca del puerto y de las empresas que provee de material, optaron por comprarle a \u00e9l su producto.<\/span><\/p>\n<p class=\"p1\"><span style=\"font-size: 14pt;\">El descontento de los trabajadores, porque no quiere pagar las tarifas de Tuxpan, teniendo derecho a esta obligaci\u00f3n. Esperemos que la fiscal reciba a todos con sus quejas y denuncias porque desde hace tres a\u00f1os tiene una pol\u00edtica de puertas cerradas.<\/span><\/p>\n<p class=\"p1\"><span style=\"font-size: 14pt;\">El buque Rolling Stones (Piedra rodante) realiz\u00f3 varios viajes al extranjero con basalto, pero la demanda de material detuvo esos traslados seguramente porque conocieron la poca seriedad de Ricardo Lara y sus empresas.<\/span><\/p>\n<p class=\"p1\"><span style=\"font-size: 18pt;\"><strong>Este es un caso que Ver\u00f3nica Hern\u00e1ndez debi\u00f3 investigar desde que lleg\u00f3 a la Fiscal\u00eda y no se sabe si no hace su trabajo por miedo o por complicidad.<\/strong><\/span><\/p>\n<p>&nbsp;<\/p>\n<p class=\"p1\"><span style=\"font-size: 18pt; color: #139eca;\"><b>PEGA Y CORRE<\/b><\/span><\/p>\n<p class=\"p1\"><span style=\"font-size: 14pt;\">Sigue la guerra contra los migrantes. Esta vez en Brownsville, Texas, un conductor, de origen hispano, lanz\u00f3, a prop\u00f3sito, su camioneta contra un grupo de migrantes matando a siete e hiriendo a 11 m\u00e1s. El homicida fue detenido por los propios migrantes en el lugar.<\/span><\/p>\n<p>&nbsp;<\/p>\n<p><em><span style=\"font-size: 18pt;\"><strong>Esta columna se publica los lunes, mi\u00e9rcoles y viernes<\/strong><\/span><\/em><\/p>\n<p>&nbsp;<\/p>\n<hr \/>\n<p>&nbsp;<\/p>\n<p><img data-recalc-dims=\"1\" loading=\"lazy\" decoding=\"async\" class=\"aligncenter wp-image-14351\" src=\"https:\/\/i0.wp.com\/politicosaldesnudo.com.mx\/wp-content\/uploads\/2023\/01\/FIRMA-EDITORIAL-PD-300x37.png?resize=800%2C98&#038;ssl=1\" alt=\"\" width=\"800\" height=\"98\" srcset=\"https:\/\/i0.wp.com\/politicosaldesnudo.com.mx\/wp-content\/uploads\/2023\/01\/FIRMA-EDITORIAL-PD.png?resize=300%2C37&amp;ssl=1 300w, https:\/\/i0.wp.com\/politicosaldesnudo.com.mx\/wp-content\/uploads\/2023\/01\/FIRMA-EDITORIAL-PD.png?resize=1024%2C125&amp;ssl=1 1024w, https:\/\/i0.wp.com\/politicosaldesnudo.com.mx\/wp-content\/uploads\/2023\/01\/FIRMA-EDITORIAL-PD.png?resize=768%2C94&amp;ssl=1 768w, https:\/\/i0.wp.com\/politicosaldesnudo.com.mx\/wp-content\/uploads\/2023\/01\/FIRMA-EDITORIAL-PD.png?resize=1536%2C188&amp;ssl=1 1536w, https:\/\/i0.wp.com\/politicosaldesnudo.com.mx\/wp-content\/uploads\/2023\/01\/FIRMA-EDITORIAL-PD.png?resize=2048%2C250&amp;ssl=1 2048w, https:\/\/i0.wp.com\/politicosaldesnudo.com.mx\/wp-content\/uploads\/2023\/01\/FIRMA-EDITORIAL-PD.png?w=1600&amp;ssl=1 1600w, https:\/\/i0.wp.com\/politicosaldesnudo.com.mx\/wp-content\/uploads\/2023\/01\/FIRMA-EDITORIAL-PD.png?w=2400&amp;ssl=1 2400w\" sizes=\"auto, (max-width: 800px) 100vw, 800px\" \/><\/p>\n<p>&nbsp;<\/p>\n","protected":false},"excerpt":{"rendered":"<p>&nbsp; Por \u00c1ngel \u00c1lvaro Pe\u00f1a El pr\u00f3ximo 19 de mayo cumple tres a\u00f1os Ver\u00f3nica Hern\u00e1ndez Giaddans al frente de la<\/p>\n","protected":false},"author":4,"featured_media":3775,"comment_status":"closed","ping_status":"closed","sticky":false,"template":"","format":"standard","meta":{"colormag_page_container_layout":"default_layout","colormag_page_sidebar_layout":"default_layout","_jetpack_memberships_contains_paid_content":false,"footnotes":"","jetpack_publicize_message":"","jetpack_publicize_feature_enabled":true,"jetpack_social_post_already_shared":false,"jetpack_social_options":{"image_generator_settings":{"template":"highway","default_image_id":0,"font":"","enabled":false},"version":2}},"categories":[26],"tags":[2649,2650,70,100,2648],"class_list":["post-19461","post","type-post","status-publish","format-standard","has-post-thumbnail","hentry","category-columnistas","tag-fiscal-veracruz","tag-ricardo-lara","tag-tuxpan","tag-veracruz","tag-veronica-hernandez-giaddans"],"jetpack_publicize_connections":[],"jetpack_featured_media_url":"https:\/\/i0.wp.com\/politicosaldesnudo.com.mx\/wp-content\/uploads\/2022\/04\/A%CC%81NGEL-A%CC%81LVARO-PEN%CC%83A1.png?fit=1816%2C1016&ssl=1","jetpack-related-posts":[],"jetpack_sharing_enabled":true,"_links":{"self":[{"href":"https:\/\/politicosaldesnudo.com.mx\/index.php\/wp-json\/wp\/v2\/posts\/19461","targetHints":{"allow":["GET"]}}],"collection":[{"href":"https:\/\/politicosaldesnudo.com.mx\/index.php\/wp-json\/wp\/v2\/posts"}],"about":[{"href":"https:\/\/politicosaldesnudo.com.mx\/index.php\/wp-json\/wp\/v2\/types\/post"}],"author":[{"embeddable":true,"href":"https:\/\/politicosaldesnudo.com.mx\/index.php\/wp-json\/wp\/v2\/users\/4"}],"replies":[{"embeddable":true,"href":"https:\/\/politicosaldesnudo.com.mx\/index.php\/wp-json\/wp\/v2\/comments?post=19461"}],"version-history":[{"count":0,"href":"https:\/\/politicosaldesnudo.com.mx\/index.php\/wp-json\/wp\/v2\/posts\/19461\/revisions"}],"wp:featuredmedia":[{"embeddable":true,"href":"https:\/\/politicosaldesnudo.com.mx\/index.php\/wp-json\/wp\/v2\/media\/3775"}],"wp:attachment":[{"href":"https:\/\/politicosaldesnudo.com.mx\/index.php\/wp-json\/wp\/v2\/media?parent=19461"}],"wp:term":[{"taxonomy":"category","embeddable":true,"href":"https:\/\/politicosaldesnudo.com.mx\/index.php\/wp-json\/wp\/v2\/categories?post=19461"},{"taxonomy":"post_tag","embeddable":true,"href":"https:\/\/politicosaldesnudo.com.mx\/index.php\/wp-json\/wp\/v2\/tags?post=19461"}],"curies":[{"name":"wp","href":"https:\/\/api.w.org\/{rel}","templated":true}]}}