{"id":19513,"date":"2023-05-09T05:15:35","date_gmt":"2023-05-09T10:15:35","guid":{"rendered":"https:\/\/politicosaldesnudo.com.mx\/?p=19513"},"modified":"2023-05-09T08:50:08","modified_gmt":"2023-05-09T13:50:08","slug":"la-personalidad-del-ejecutivo-en-la-ley","status":"publish","type":"post","link":"https:\/\/politicosaldesnudo.com.mx\/index.php\/2023\/05\/09\/la-personalidad-del-ejecutivo-en-la-ley\/","title":{"rendered":"La personalidad del ejecutivo en la ley"},"content":{"rendered":"<p>&nbsp;<\/p>\n<p><span style=\"font-size: 18pt;\"><strong>Por Alberto Woolrich Ort\u00edz<\/strong><\/span><\/p>\n<p class=\"p4\"><span style=\"font-size: 14pt;\">El derecho positivo mexicano, que resulta de importancia conocerle, refiere que la personalidad jur\u00eddica del Poder Ejecutivo Federal representa el orden jur\u00eddico, el cu\u00e1l es personificado por Andr\u00e9s Manuel L\u00f3pez Obrador y, debe de constituir la voluntad colectiva.\u00a0<\/span><\/p>\n<p class=\"p4\"><span style=\"font-size: 14pt;\">Nuestra Constituci\u00f3n Pol\u00edtica de los Estados Unidos Mexicanos cita a las personas jur\u00eddicas de derecho p\u00fablico en m\u00faltiples ocasiones y es muy clara, adem\u00e1s, de referir el r\u00e9gimen jur\u00eddico de ellas.\u00a0<\/span><\/p>\n<p class=\"p4\"><span style=\"font-size: 14pt;\">En primer t\u00e9rmino y como algo primordial se\u00f1ala al propio Estado, como la m\u00e1s importante personalidad jur\u00eddica y fuente a la vez de las dem\u00e1s personas jur\u00eddicas. As\u00ed qued\u00f3 asentado en nuestra carta magna desde el lejano -pero cercano- 1917 en el precepto 27.<\/span><\/p>\n<p class=\"p4\"><span style=\"font-size: 14pt;\">Consecuentemente la federaci\u00f3n resulta ser el \u00f3rgano m\u00e1s importante de la vida pol\u00edtica y administrativa y esa federaci\u00f3n se encuentra perfecta e indiscutiblemente regulada en sus ar\u00e1bigos 39, 40 y 41. Es muy sabido por aquellos que se adentran en el estudio de la carta de Carranza que en reiteradas ocasiones se alude al concepto de naci\u00f3n como sin\u00f3nimo de federaci\u00f3n y por excepci\u00f3n de Estado.\u00a0<\/span><\/p>\n<p class=\"p4\"><span style=\"font-size: 14pt;\">Continuando con el tema de referencia, la Academia de Derecho Penal del Colegio Nacional de Abogados Foro de M\u00e9xico, debe puntualizar que la personalidad del Estado es \u00fanica. El hecho de que el Presidente Constitucional de los Estados Unidos Mexicanos act\u00fae o pretenda actuar con una personalidad jur\u00eddica diferente en el cumplimiento de sus fines y obligaciones no lo faculta para desacatar el esp\u00edritu del propio pacto federal. La administraci\u00f3n p\u00fablica en el texto de la Ley Suprema se entiende como el Poder Ejecutivo Federal. \u00c9sta tesis encuentra encuadre en que \u201cla funci\u00f3n administrativa es una funci\u00f3n del Estado como personalidad jur\u00eddica\u201d.<\/span><\/p>\n<p class=\"p4\"><span style=\"font-size: 14pt;\">Con base a lo expuesto en el p\u00e1rrafo antepuesto para el derecho positivo nacional la administraci\u00f3n p\u00fablica es una persona jur\u00eddica.\u00a0<\/span><\/p>\n<p class=\"p4\"><span style=\"font-size: 14pt;\">Acorde con nuestra estructura constitucional, el Estado se integra -entre otras- con la federaci\u00f3n y ella act\u00faa por medio de su poder fundamental, cuyo punto m\u00e1s importante es el Poder Ejecutivo representado a la cabeza por el Presidente Constitucional, en \u00e9ste caso Andr\u00e9s Manuel L\u00f3pez Obrador.\u00a0<\/span><\/p>\n<p class=\"p4\"><span style=\"font-size: 14pt;\">La personalidad jur\u00eddica del Poder Ejecutivo; es un principio jur\u00eddico aceptado, sin m\u00e1s, por todos.\u00a0 Sin embargo, esa personalidad jur\u00eddica no debe de ser destruida por nadie, ni a\u00fan por\u00a0 ocurrencias, de acuerdo ello con nuestros sagrados principios constitucionales.\u00a0<\/span><\/p>\n<p class=\"p4\"><span style=\"font-size: 14pt;\">Entiendes ello Andr\u00e9s Manuel o \u00bfse te explica con peritas y manzanas?.<\/span><\/p>\n<p>&nbsp;<\/p>\n<p class=\"p3\"><span style=\"font-size: 18pt;\"><strong>Es cuanto<\/strong><\/span><\/p>\n<p>&nbsp;<\/p>\n<hr \/>\n<p>&nbsp;<\/p>\n<p class=\"p1\"><strong><span style=\"font-size: 18pt;\">Presidente de la Academia de Derecho Penal<\/span><\/strong><\/p>\n<p class=\"p1\"><strong><span style=\"font-size: 18pt;\">del Colegio de Abogados de M\u00e9xico, A.C.<\/span><\/strong><\/p>\n<p>&nbsp;<\/p>\n<p><img data-recalc-dims=\"1\" loading=\"lazy\" decoding=\"async\" class=\"aligncenter wp-image-14351\" src=\"https:\/\/i0.wp.com\/politicosaldesnudo.com.mx\/wp-content\/uploads\/2023\/01\/FIRMA-EDITORIAL-PD-300x37.png?resize=800%2C98&#038;ssl=1\" alt=\"\" width=\"800\" height=\"98\" srcset=\"https:\/\/i0.wp.com\/politicosaldesnudo.com.mx\/wp-content\/uploads\/2023\/01\/FIRMA-EDITORIAL-PD.png?resize=300%2C37&amp;ssl=1 300w, https:\/\/i0.wp.com\/politicosaldesnudo.com.mx\/wp-content\/uploads\/2023\/01\/FIRMA-EDITORIAL-PD.png?resize=1024%2C125&amp;ssl=1 1024w, https:\/\/i0.wp.com\/politicosaldesnudo.com.mx\/wp-content\/uploads\/2023\/01\/FIRMA-EDITORIAL-PD.png?resize=768%2C94&amp;ssl=1 768w, https:\/\/i0.wp.com\/politicosaldesnudo.com.mx\/wp-content\/uploads\/2023\/01\/FIRMA-EDITORIAL-PD.png?resize=1536%2C188&amp;ssl=1 1536w, https:\/\/i0.wp.com\/politicosaldesnudo.com.mx\/wp-content\/uploads\/2023\/01\/FIRMA-EDITORIAL-PD.png?resize=2048%2C250&amp;ssl=1 2048w, https:\/\/i0.wp.com\/politicosaldesnudo.com.mx\/wp-content\/uploads\/2023\/01\/FIRMA-EDITORIAL-PD.png?w=1600&amp;ssl=1 1600w, https:\/\/i0.wp.com\/politicosaldesnudo.com.mx\/wp-content\/uploads\/2023\/01\/FIRMA-EDITORIAL-PD.png?w=2400&amp;ssl=1 2400w\" sizes=\"auto, (max-width: 800px) 100vw, 800px\" \/><\/p>\n<p>&nbsp;<\/p>\n","protected":false},"excerpt":{"rendered":"<p>&nbsp; Por Alberto Woolrich Ort\u00edz El derecho positivo mexicano, que resulta de importancia conocerle, refiere que la personalidad jur\u00eddica del<\/p>\n","protected":false},"author":4,"featured_media":3845,"comment_status":"closed","ping_status":"closed","sticky":false,"template":"","format":"standard","meta":{"colormag_page_container_layout":"default_layout","colormag_page_sidebar_layout":"default_layout","_jetpack_memberships_contains_paid_content":false,"footnotes":"","jetpack_publicize_message":"","jetpack_publicize_feature_enabled":true,"jetpack_social_post_already_shared":false,"jetpack_social_options":{"image_generator_settings":{"template":"highway","default_image_id":0,"font":"","enabled":false},"version":2}},"categories":[26],"tags":[],"class_list":["post-19513","post","type-post","status-publish","format-standard","has-post-thumbnail","hentry","category-columnistas"],"jetpack_publicize_connections":[],"jetpack_featured_media_url":"https:\/\/i0.wp.com\/politicosaldesnudo.com.mx\/wp-content\/uploads\/2022\/04\/CABEZAL-ALBERTO-WOOD.png?fit=1816%2C1016&ssl=1","jetpack-related-posts":[],"jetpack_sharing_enabled":true,"_links":{"self":[{"href":"https:\/\/politicosaldesnudo.com.mx\/index.php\/wp-json\/wp\/v2\/posts\/19513","targetHints":{"allow":["GET"]}}],"collection":[{"href":"https:\/\/politicosaldesnudo.com.mx\/index.php\/wp-json\/wp\/v2\/posts"}],"about":[{"href":"https:\/\/politicosaldesnudo.com.mx\/index.php\/wp-json\/wp\/v2\/types\/post"}],"author":[{"embeddable":true,"href":"https:\/\/politicosaldesnudo.com.mx\/index.php\/wp-json\/wp\/v2\/users\/4"}],"replies":[{"embeddable":true,"href":"https:\/\/politicosaldesnudo.com.mx\/index.php\/wp-json\/wp\/v2\/comments?post=19513"}],"version-history":[{"count":0,"href":"https:\/\/politicosaldesnudo.com.mx\/index.php\/wp-json\/wp\/v2\/posts\/19513\/revisions"}],"wp:featuredmedia":[{"embeddable":true,"href":"https:\/\/politicosaldesnudo.com.mx\/index.php\/wp-json\/wp\/v2\/media\/3845"}],"wp:attachment":[{"href":"https:\/\/politicosaldesnudo.com.mx\/index.php\/wp-json\/wp\/v2\/media?parent=19513"}],"wp:term":[{"taxonomy":"category","embeddable":true,"href":"https:\/\/politicosaldesnudo.com.mx\/index.php\/wp-json\/wp\/v2\/categories?post=19513"},{"taxonomy":"post_tag","embeddable":true,"href":"https:\/\/politicosaldesnudo.com.mx\/index.php\/wp-json\/wp\/v2\/tags?post=19513"}],"curies":[{"name":"wp","href":"https:\/\/api.w.org\/{rel}","templated":true}]}}