{"id":19517,"date":"2023-05-09T05:20:48","date_gmt":"2023-05-09T10:20:48","guid":{"rendered":"https:\/\/politicosaldesnudo.com.mx\/?p=19517"},"modified":"2023-05-09T08:54:31","modified_gmt":"2023-05-09T13:54:31","slug":"festival-internacional-de-arpa","status":"publish","type":"post","link":"https:\/\/politicosaldesnudo.com.mx\/index.php\/2023\/05\/09\/festival-internacional-de-arpa\/","title":{"rendered":"Festival Internacional de Arpa"},"content":{"rendered":"<p class=\"p1\">\n<p>&nbsp;<\/p>\n<p class=\"p1\" style=\"text-align: center;\"><em><span style=\"font-size: 18pt;\"><strong>&lt;&lt;Evento de gran valor acad\u00e9mico y art\u00edstico&gt;&gt;<\/strong><\/span><\/em><\/p>\n<p class=\"p1\" style=\"text-align: center;\"><em><span style=\"font-size: 18pt;\"><strong>&lt;&lt;Re\u00fane a m\u00e1s de 50 artistas de todo el mundo&gt;&gt;<\/strong><\/span><\/em><\/p>\n<p class=\"p1\" style=\"text-align: center;\"><em><span style=\"font-size: 18pt;\"><strong>&lt;&lt;Xalapa volver\u00e1 a ser la Atenas Veracruzana&gt;&gt;<\/strong><\/span><\/em><\/p>\n<p>&nbsp;<\/p>\n<p>&nbsp;<\/p>\n<p class=\"p1\"><span style=\"font-size: 18pt;\"><strong>Por Miguel \u00c1ngel Cristiani Gonz\u00e1lez<\/strong><\/span><\/p>\n<p class=\"p1\"><span style=\"font-size: 14pt;\">Un evento cultural sin precedentes, que habr\u00e1 de volver a proyectar a Xalapa como la llamada Atenas Veracruzana, es el Primer Festival Internacional de Arpa Xalapa 2023, que se celebrar\u00e1 en esta ciudad del 15 al 19 de mayo, contando en su programa con reconocidos artistas de nivel mundial.<\/span><\/p>\n<p class=\"p1\"><span style=\"font-size: 14pt;\">En una pl\u00e1tica con la maestra Eugenia Espinales organizadora del evento y Carlos Arias, coordinador log\u00edstico, nos explicaron que consistir\u00e1 en cinco d\u00edas de clases maestras, conferencias, presentaciones de libro, recitales y conciertos de gala, que acercar\u00e1n a las y los estudiantes y j\u00f3venes profesionistas del arpa, as\u00ed como a estudiantes universitarios, de todos los niveles y \u00e1reas del saber, y al p\u00fablico en general a conocer m\u00e1s de la relevancia y repertorio de este multifac\u00e9tico instrumento.<\/span><\/p>\n<p class=\"p1\"><span style=\"font-size: 14pt;\">El 1er Festival Internacional de Arpa Xalapa 2023 es organizado por la maestra Eugenia Espinales, catedr\u00e1tica de Arpa de Instituto Superior de M\u00fasica del Estado de Veracruz y Arpista Principal de la Orquesta Sinf\u00f3nica de Xalapa, y respaldado por la propia OSX, la Direcci\u00f3n General de Difusi\u00f3n Cultural, la Direcci\u00f3n General de Relaciones Internacionales, la Facultad de M\u00fasica, todas ellas de la Universidad Veracruzana, m\u00e1xima casa de estudios de este Estado de Veracruz, as\u00ed como por el Instituto Superior de M\u00fasica del Estado de Veracruz, de la Secretar\u00eda de Educaci\u00f3n del Estado de Veracruz del Gobierno del Estado de Veracruz, y la Universidad An\u00e1huac Veracruz, Campus Xalapa.<\/span><\/p>\n<p class=\"p1\"><span style=\"font-size: 14pt;\">Dicho festival se realizar\u00e1 en Tlaqn\u00e1, Centro Cultural de la Universidad Veracruzana y en el auditorio del ISMEV de la SEV y contar\u00e1 con una pl\u00e9yade de arpistas de talla mundial como la Mtra. Claudia Lucia Lamanna, ganadora del concurso internacional de arpa de Israel 2021, el m\u00e1s importante de su tipo a nivel mundial, Mtro. Alberto De la Rosa, Celso Duarte, Janet Paulus, Emmanuel Padilla, Caroline Bembia, C\u00e9sar Secundino, Elzbieta Szmit, Baltazar Ju\u00e1rez, siendo un total de m\u00e1s de 50 m\u00fasicos reunidos en este espacio art\u00edstico cultural.<\/span><\/p>\n<p class=\"p1\"><span style=\"font-size: 14pt;\">Otros de los participantes en el festival internacional de arpa son: Claudia Lucia Lamanna\u00a0 Baltazar Juarez D\u00e1vila Emmanuel Padilla Holguin Barbara Cer\u00f3n\u00a0 Huitzi\u00a0 Alejandra De Ita\u00a0 Elzbieta Szmyt\u00a0 Rafael Palacios\u00a0 Amalinalli Pichardo\u00a0 Celso Duarte\u00a0 Juan Duarte Rodrigo Duarte Malena Duarte\u00a0 Kevin Zabdiel\u00a0 Ana Karen Ireta\u00a0 Cesar Secundino\u00a0 Pablo Elias Arboleyda Balam Ramos\u00a0 Cristy De La Rosa\u00a0 Alicia Navarrete\u00a0 Gerardo Tamez\u00a0 Caroline Beimba\u00a0 Mara Tamayo\u00a0 Guadalupe Corona\u00a0 Enrique Guzman\u00a0 Alberto De La Rosa Pablo Viadana\u00a0 Janet Paulus Miguel Angel Villanueva\u00a0 Juan Martinez\u00a0 Gerardo Croda\u00a0 Jesus Reyes\u00a0 Celso Duarte Hijo\u00a0 Eugenia Espinales Correa Sergio Tamayo\u00a0 Lidia Tamayo Maurilio Castillo Benjamin Castro Borislav Ivanov Santiago Di Morales\u00a0<\/span><\/p>\n<p class=\"p1\"><span style=\"font-size: 14pt;\">Todas las actividades del festival son gratuitas para el p\u00fablico en general, y se encuentra su consulta disponible en la p\u00e1gina\u00a0<a href=\"http:\/\/www.festivalarpaxalapa.com.mx\/\">www.festivalarpaxalapa.com.mx<\/a>\u00a0\u00a0las actividades acad\u00e9micas son mediante convocatoria.<\/span><\/p>\n<p class=\"p1\"><span style=\"font-size: 14pt;\">Estas actividades son gratuitas gracias a las instituciones respaldantes, as\u00ed como a una serie de empresas veracruzanas e internacionales que apoyan a la cultura y las artes en nuestra regi\u00f3n, como Lyon &amp; Healy, principal productor de arpas a nivel mundial basado en Chicago Illinois, ART Guide, X24, Asadero Cien, ADO, Trattoria Xalapa, Asociaci\u00f3n Latinoamericana del Arpa, Bola de Oro, Moby, Papeler\u00eda Arpapel, Granabia, Hotel Astro Inn, Grupo Antares, Fiu Bags, Lul\u00fa Caf\u00e9, Dopo Pasteles, Banquetes L\u00f3pez.<\/span><\/p>\n<p>&nbsp;<\/p>\n<p class=\"p1\"><span style=\"font-size: 18pt; color: #139eca;\"><strong>LA SEDE Y LA PROGRAMACI\u00d3N<\/strong><\/span><\/p>\n<p class=\"p1\"><span style=\"font-size: 14pt;\">Qu\u00e9 mejor lugar para dar a conocer este instrumento que el estado de Veracruz, territorio que hist\u00f3ricamente ha adoptado al arpa como un s\u00edmbolo de identidad musical. Ello se ve reflejado en una programaci\u00f3n art\u00edstica incluyente, que contemplar\u00e1 ejecuci\u00f3n de obras del arpa cl\u00e1sica de pedales, pero tambi\u00e9n del arpa folcl\u00f3rica veracruzana, y del arpa paraguaya.<\/span><\/p>\n<p class=\"p1\"><span style=\"font-size: 14pt;\">Ello ha sido visi\u00f3n de la directora art\u00edstica del festival, la maestra Eugenia Espinales Correa, quien es egresada de la licenciatura y maestr\u00eda en m\u00fasica de la facultad de m\u00fasica de la UNAM, as\u00ed como maestra en interpretaci\u00f3n musical por la Escuela Normal de M\u00fasica de Par\u00eds, quien en sus 12 a\u00f1os como Arpista principal de la Orquesta Sinf\u00f3nica de Xalapa, detect\u00f3 la necesidad de acercar el instrumento a la poblaci\u00f3n de nuestro regi\u00f3n, para que se refuerce la memoria musical y se ampl\u00ede el conocimiento y acervo de este instrumento en el p\u00fablico veracruzano.<\/span><\/p>\n<p class=\"p1\"><span style=\"font-size: 14pt;\">La inquietud de celebrar un Festival Internacional de Arpa Xalapa 2023 es acerca al p\u00fablico el Arpa de Pedales a un p\u00fablico, a pesar de que es un gran conocedor del arpa folkl\u00f3rica, el arpa de pedales siempre ha sido un poco rezagada en su difusi\u00f3n.<\/span><\/p>\n<p>&nbsp;<\/p>\n<hr \/>\n<p>&nbsp;<\/p>\n<p class=\"p1\"><span style=\"font-size: 18pt;\"><strong>Cont\u00e1ctanos en nuestras redes sociales:<\/strong><\/span><\/p>\n<p class=\"p1\"><span style=\"font-size: 18pt;\"><strong><a href=\"https:\/\/www.canva.com\/design\/DAEN5B9DWgs\/ZCHd2Z8KueYjlg_d59Op3A\/view\">https:\/\/www.canva.com\/design\/DAEN5B9DWgs\/ZCHd2Z8KueYjlg_d59Op3A\/view<\/a><\/strong><\/span><\/p>\n<p>&nbsp;<\/p>\n<p><img data-recalc-dims=\"1\" loading=\"lazy\" decoding=\"async\" class=\"aligncenter wp-image-14351\" src=\"https:\/\/i0.wp.com\/politicosaldesnudo.com.mx\/wp-content\/uploads\/2023\/01\/FIRMA-EDITORIAL-PD-300x37.png?resize=800%2C98&#038;ssl=1\" alt=\"\" width=\"800\" height=\"98\" srcset=\"https:\/\/i0.wp.com\/politicosaldesnudo.com.mx\/wp-content\/uploads\/2023\/01\/FIRMA-EDITORIAL-PD.png?resize=300%2C37&amp;ssl=1 300w, https:\/\/i0.wp.com\/politicosaldesnudo.com.mx\/wp-content\/uploads\/2023\/01\/FIRMA-EDITORIAL-PD.png?resize=1024%2C125&amp;ssl=1 1024w, https:\/\/i0.wp.com\/politicosaldesnudo.com.mx\/wp-content\/uploads\/2023\/01\/FIRMA-EDITORIAL-PD.png?resize=768%2C94&amp;ssl=1 768w, https:\/\/i0.wp.com\/politicosaldesnudo.com.mx\/wp-content\/uploads\/2023\/01\/FIRMA-EDITORIAL-PD.png?resize=1536%2C188&amp;ssl=1 1536w, https:\/\/i0.wp.com\/politicosaldesnudo.com.mx\/wp-content\/uploads\/2023\/01\/FIRMA-EDITORIAL-PD.png?resize=2048%2C250&amp;ssl=1 2048w, https:\/\/i0.wp.com\/politicosaldesnudo.com.mx\/wp-content\/uploads\/2023\/01\/FIRMA-EDITORIAL-PD.png?w=1600&amp;ssl=1 1600w, https:\/\/i0.wp.com\/politicosaldesnudo.com.mx\/wp-content\/uploads\/2023\/01\/FIRMA-EDITORIAL-PD.png?w=2400&amp;ssl=1 2400w\" sizes=\"auto, (max-width: 800px) 100vw, 800px\" \/><\/p>\n<p>&nbsp;<\/p>\n","protected":false},"excerpt":{"rendered":"<p>&nbsp; &lt;&lt;Evento de gran valor acad\u00e9mico y art\u00edstico&gt;&gt; &lt;&lt;Re\u00fane a m\u00e1s de 50 artistas de todo el mundo&gt;&gt; &lt;&lt;Xalapa volver\u00e1<\/p>\n","protected":false},"author":4,"featured_media":3789,"comment_status":"closed","ping_status":"closed","sticky":false,"template":"","format":"standard","meta":{"colormag_page_container_layout":"default_layout","colormag_page_sidebar_layout":"default_layout","_jetpack_memberships_contains_paid_content":false,"footnotes":"","jetpack_publicize_message":"","jetpack_publicize_feature_enabled":true,"jetpack_social_post_already_shared":false,"jetpack_social_options":{"image_generator_settings":{"template":"highway","default_image_id":0,"font":"","enabled":false},"version":2}},"categories":[26],"tags":[],"class_list":["post-19517","post","type-post","status-publish","format-standard","has-post-thumbnail","hentry","category-columnistas"],"jetpack_publicize_connections":[],"jetpack_featured_media_url":"https:\/\/i0.wp.com\/politicosaldesnudo.com.mx\/wp-content\/uploads\/2022\/04\/CRISTIANI.png?fit=1816%2C1016&ssl=1","jetpack-related-posts":[],"jetpack_sharing_enabled":true,"_links":{"self":[{"href":"https:\/\/politicosaldesnudo.com.mx\/index.php\/wp-json\/wp\/v2\/posts\/19517","targetHints":{"allow":["GET"]}}],"collection":[{"href":"https:\/\/politicosaldesnudo.com.mx\/index.php\/wp-json\/wp\/v2\/posts"}],"about":[{"href":"https:\/\/politicosaldesnudo.com.mx\/index.php\/wp-json\/wp\/v2\/types\/post"}],"author":[{"embeddable":true,"href":"https:\/\/politicosaldesnudo.com.mx\/index.php\/wp-json\/wp\/v2\/users\/4"}],"replies":[{"embeddable":true,"href":"https:\/\/politicosaldesnudo.com.mx\/index.php\/wp-json\/wp\/v2\/comments?post=19517"}],"version-history":[{"count":0,"href":"https:\/\/politicosaldesnudo.com.mx\/index.php\/wp-json\/wp\/v2\/posts\/19517\/revisions"}],"wp:featuredmedia":[{"embeddable":true,"href":"https:\/\/politicosaldesnudo.com.mx\/index.php\/wp-json\/wp\/v2\/media\/3789"}],"wp:attachment":[{"href":"https:\/\/politicosaldesnudo.com.mx\/index.php\/wp-json\/wp\/v2\/media?parent=19517"}],"wp:term":[{"taxonomy":"category","embeddable":true,"href":"https:\/\/politicosaldesnudo.com.mx\/index.php\/wp-json\/wp\/v2\/categories?post=19517"},{"taxonomy":"post_tag","embeddable":true,"href":"https:\/\/politicosaldesnudo.com.mx\/index.php\/wp-json\/wp\/v2\/tags?post=19517"}],"curies":[{"name":"wp","href":"https:\/\/api.w.org\/{rel}","templated":true}]}}