{"id":19519,"date":"2023-05-09T05:30:11","date_gmt":"2023-05-09T10:30:11","guid":{"rendered":"https:\/\/politicosaldesnudo.com.mx\/?p=19519"},"modified":"2023-05-09T09:02:27","modified_gmt":"2023-05-09T14:02:27","slug":"el-inai-pagara-la-afrenta-de-la-corte","status":"publish","type":"post","link":"https:\/\/politicosaldesnudo.com.mx\/index.php\/2023\/05\/09\/el-inai-pagara-la-afrenta-de-la-corte\/","title":{"rendered":"El INAI pagar\u00e1 la afrenta de la Corte"},"content":{"rendered":"<p>&nbsp;<\/p>\n<p class=\"p2\"><span style=\"font-size: 18pt;\"><strong>Por Jos\u00e9 Ure\u00f1a<\/strong><\/span><\/p>\n<p class=\"p2\"><span style=\"font-size: 14pt;\">Viene la venganza. Si nueve ministros, vaya afrenta de malagradecidos, acabaron con los sue\u00f1os de una reforma electoral al gusto de dios padre, alguien debe cargar con las consecuencias.<\/span><\/p>\n<p class=\"p2\"><span style=\"font-size: 14pt;\">Y en espera de nuevas venganzas el siguiente objetivo es el Instituto Nacional de Transparencia, Acceso a la Informaci\u00f3n y Protecci\u00f3n de Datos Personales (INAI) porque reta a la autoridad.<\/span><\/p>\n<p class=\"p2\"><span style=\"font-size: 14pt;\">Sin las resoluciones del Instituto no hay claridad en el manejo de recursos p\u00fablicos, tampoco hay informaci\u00f3n sobre el comportamiento de funcionarios y menos democracia.<\/span><\/p>\n<p class=\"p2\"><span style=\"font-size: 14pt;\">Por eso es el siguiente objetivo y, sobre la base dicha, no volver\u00e1 a operar en condiciones de autonom\u00eda, libertad y ordenamientos para clarificar tantos actos p\u00fablicos.<\/span><\/p>\n<p class=\"p2\"><span style=\"font-size: 14pt;\">Esta es la orden de Palacio Nacional: b<\/span><span style=\"font-size: 14pt;\">ajo ninguna circunstancia, ni por mandato judicial, el Senado de la Rep\u00fablica nominar\u00e1 al quinto comisionado para darle funcionalidad al Pleno y someter a juicio popular a la administraci\u00f3n p\u00fablica federal.<\/span><\/p>\n<p class=\"p2\"><span style=\"font-size: 14pt;\">Y el siguiente paso ser\u00e1 ordenar su desaparici\u00f3n por mandato de ley.<\/span><\/p>\n<p>&nbsp;<\/p>\n<p class=\"p2\"><span style=\"font-size: 18pt; color: #139eca;\"><strong>S\u00cdNDROMES PRIISTAS<\/strong><\/span><\/p>\n<p class=\"p2\"><span style=\"font-size: 14pt;\">Hay s\u00edndromes presidenciales. <\/span><span style=\"font-size: 14pt;\">Una revisi\u00f3n simple imposibilita el control del INAI con la designaci\u00f3n de dos nuevos consejeros, raz\u00f3n por la cual se descalific\u00f3 a Yadira Alarc\u00f3n M\u00e1rquez y a Rafael Luna Alviso.<\/span><\/p>\n<p class=\"p2\"><span style=\"font-size: 14pt;\">Ellos, acuerdo entre Morena y el PAN seg\u00fan el Presidente, se sumar\u00edan a representantes de partidos designados en el pasado por operadores pol\u00edticos neoliberales.<\/span><\/p>\n<p class=\"p2\"><span style=\"font-size: 14pt;\">Esta es la reflexi\u00f3n presidencial: <\/span><span style=\"font-size: 14pt;\">Blanca Lilia Ibarra Cadena, la actual presidenta, lleg\u00f3 como comisionada al Instituto a promoci\u00f3n del priismo bajo el mandato senatorial de Emilio Gamboa Patr\u00f3n y por lo tanto obedece a intereses priistas.<\/span><\/p>\n<p class=\"p2\"><span style=\"font-size: 14pt;\">Seg\u00fan el cat\u00e1logo de Palacio Nacional, Adri\u00e1n Alcal\u00e1 M\u00e9ndez tambi\u00e9n tiene afiliaci\u00f3n priista y por lo tanto no es confiable.<\/span><\/p>\n<p class=\"p2\"><span style=\"font-size: 14pt;\">Y las otras dos comisionadas, Norma Julieta del Rio Venegas y Josefina Rom\u00e1n Vergara, obedecen a intereses del pasado, lo cual no los identifica con el actual Gobierno.<\/span><\/p>\n<p class=\"p2\"><span style=\"font-size: 14pt;\">Por eso se rechaz\u00f3 a Yadira Alarc\u00f3n M\u00e1rquez y a Rafael Luna Alviso, para colmo identificado con el zacatecano Ricardo Monreal. Esa es la obtusa visi\u00f3n presidencial.<\/span><\/p>\n<p>&nbsp;<\/p>\n<p class=\"p2\"><span style=\"font-size: 18pt; color: #139eca;\"><strong>T\u00d3MBOLA DE SALIDA<\/strong><\/span><\/p>\n<p class=\"p2\"><span style=\"font-size: 14pt;\">1.Hay un camino alterno. <\/span><span style=\"font-size: 14pt;\">Si un mandato judicial obliga a resolver la inactividad del INAI, entonces se recurrir\u00e1 a una pr\u00e1ctica lopezobradista: la t\u00f3mbola.<\/span><\/p>\n<p class=\"p2\"><span style=\"font-size: 14pt;\">Es el recurso cuando se quiere ganar popularidad aun a riesgo de la democracia y pronto el jefe del control pol\u00edtico del Senado, Ricardo Monreal, recibir\u00eda la propuesta.<\/span><\/p>\n<p class=\"p2\"><span style=\"font-size: 14pt;\">Y 2. No ignoremos un error: <\/span><span style=\"font-size: 14pt;\">Las distintas generaciones de comisionados del INAI, antes IFAI, no han logrado formar consciencia ni generaciones impulsoras de la transparencia. <\/span><span style=\"font-size: 14pt;\">Es la gran diferencia con el INE, antes IFE.<\/span><\/p>\n<p class=\"p2\"><span style=\"font-size: 14pt;\">A lo largo del pa\u00eds tienen profesionales dedicados a la organizaci\u00f3n, desarrollo, supervisi\u00f3n y calificaci\u00f3n de elecciones, lo cual es valorado por la sociedad.<\/span><\/p>\n<p class=\"p2\"><span style=\"font-size: 14pt;\">Una fortuna para el pa\u00eds desde Jos\u00e9 Woldenberg a Lorenzo C\u00f3rdova.<\/span><\/p>\n<p class=\"p2\"><span style=\"font-size: 14pt;\">Si el Inai con sus correspondientes institutos estatales lograran crear conciencia, tendr\u00edan mayor respaldo y en este momento no bastar\u00eda la embestida presidencial para aniquilar a un organismo federal clave.<\/span><\/p>\n<p>&nbsp;<\/p>\n<hr \/>\n<p>&nbsp;<\/p>\n<p><img data-recalc-dims=\"1\" loading=\"lazy\" decoding=\"async\" class=\"aligncenter wp-image-14351\" src=\"https:\/\/i0.wp.com\/politicosaldesnudo.com.mx\/wp-content\/uploads\/2023\/01\/FIRMA-EDITORIAL-PD-300x37.png?resize=800%2C98&#038;ssl=1\" alt=\"\" width=\"800\" height=\"98\" srcset=\"https:\/\/i0.wp.com\/politicosaldesnudo.com.mx\/wp-content\/uploads\/2023\/01\/FIRMA-EDITORIAL-PD.png?resize=300%2C37&amp;ssl=1 300w, https:\/\/i0.wp.com\/politicosaldesnudo.com.mx\/wp-content\/uploads\/2023\/01\/FIRMA-EDITORIAL-PD.png?resize=1024%2C125&amp;ssl=1 1024w, https:\/\/i0.wp.com\/politicosaldesnudo.com.mx\/wp-content\/uploads\/2023\/01\/FIRMA-EDITORIAL-PD.png?resize=768%2C94&amp;ssl=1 768w, https:\/\/i0.wp.com\/politicosaldesnudo.com.mx\/wp-content\/uploads\/2023\/01\/FIRMA-EDITORIAL-PD.png?resize=1536%2C188&amp;ssl=1 1536w, https:\/\/i0.wp.com\/politicosaldesnudo.com.mx\/wp-content\/uploads\/2023\/01\/FIRMA-EDITORIAL-PD.png?resize=2048%2C250&amp;ssl=1 2048w, https:\/\/i0.wp.com\/politicosaldesnudo.com.mx\/wp-content\/uploads\/2023\/01\/FIRMA-EDITORIAL-PD.png?w=1600&amp;ssl=1 1600w, https:\/\/i0.wp.com\/politicosaldesnudo.com.mx\/wp-content\/uploads\/2023\/01\/FIRMA-EDITORIAL-PD.png?w=2400&amp;ssl=1 2400w\" sizes=\"auto, (max-width: 800px) 100vw, 800px\" \/><\/p>\n<p>&nbsp;<\/p>\n","protected":false},"excerpt":{"rendered":"<p>&nbsp; Por Jos\u00e9 Ure\u00f1a Viene la venganza. Si nueve ministros, vaya afrenta de malagradecidos, acabaron con los sue\u00f1os de una<\/p>\n","protected":false},"author":4,"featured_media":4036,"comment_status":"closed","ping_status":"closed","sticky":false,"template":"","format":"standard","meta":{"colormag_page_container_layout":"default_layout","colormag_page_sidebar_layout":"default_layout","_jetpack_memberships_contains_paid_content":false,"footnotes":"","jetpack_publicize_message":"","jetpack_publicize_feature_enabled":true,"jetpack_social_post_already_shared":false,"jetpack_social_options":{"image_generator_settings":{"template":"highway","default_image_id":0,"font":"","enabled":false},"version":2}},"categories":[26],"tags":[],"class_list":["post-19519","post","type-post","status-publish","format-standard","has-post-thumbnail","hentry","category-columnistas"],"jetpack_publicize_connections":[],"jetpack_featured_media_url":"https:\/\/i0.wp.com\/politicosaldesnudo.com.mx\/wp-content\/uploads\/2022\/04\/JOSE%CC%81-UREN%CC%83A-1.png?fit=1816%2C1016&ssl=1","jetpack-related-posts":[],"jetpack_sharing_enabled":true,"_links":{"self":[{"href":"https:\/\/politicosaldesnudo.com.mx\/index.php\/wp-json\/wp\/v2\/posts\/19519","targetHints":{"allow":["GET"]}}],"collection":[{"href":"https:\/\/politicosaldesnudo.com.mx\/index.php\/wp-json\/wp\/v2\/posts"}],"about":[{"href":"https:\/\/politicosaldesnudo.com.mx\/index.php\/wp-json\/wp\/v2\/types\/post"}],"author":[{"embeddable":true,"href":"https:\/\/politicosaldesnudo.com.mx\/index.php\/wp-json\/wp\/v2\/users\/4"}],"replies":[{"embeddable":true,"href":"https:\/\/politicosaldesnudo.com.mx\/index.php\/wp-json\/wp\/v2\/comments?post=19519"}],"version-history":[{"count":0,"href":"https:\/\/politicosaldesnudo.com.mx\/index.php\/wp-json\/wp\/v2\/posts\/19519\/revisions"}],"wp:featuredmedia":[{"embeddable":true,"href":"https:\/\/politicosaldesnudo.com.mx\/index.php\/wp-json\/wp\/v2\/media\/4036"}],"wp:attachment":[{"href":"https:\/\/politicosaldesnudo.com.mx\/index.php\/wp-json\/wp\/v2\/media?parent=19519"}],"wp:term":[{"taxonomy":"category","embeddable":true,"href":"https:\/\/politicosaldesnudo.com.mx\/index.php\/wp-json\/wp\/v2\/categories?post=19519"},{"taxonomy":"post_tag","embeddable":true,"href":"https:\/\/politicosaldesnudo.com.mx\/index.php\/wp-json\/wp\/v2\/tags?post=19519"}],"curies":[{"name":"wp","href":"https:\/\/api.w.org\/{rel}","templated":true}]}}