{"id":19522,"date":"2023-05-09T06:00:32","date_gmt":"2023-05-09T11:00:32","guid":{"rendered":"https:\/\/politicosaldesnudo.com.mx\/?p=19522"},"modified":"2023-05-09T09:23:09","modified_gmt":"2023-05-09T14:23:09","slug":"alito-desfonda-la-alianza","status":"publish","type":"post","link":"https:\/\/politicosaldesnudo.com.mx\/index.php\/2023\/05\/09\/alito-desfonda-la-alianza\/","title":{"rendered":"Alito desfonda la alianza"},"content":{"rendered":"<p>&nbsp;<\/p>\n<p class=\"p1\"><span style=\"font-size: 18pt;\"><strong>Por Jos\u00e9 Garc\u00eda S\u00e1nchez<\/strong><\/span><\/p>\n<p class=\"p1\"><span style=\"font-size: 14pt;\">El hecho de que el Consejo Pol\u00edtico Nacional del PRI haya aprobado con 518 votos a favor y tres en contra, la pr\u00f3rroga en el mandato en la dirigencia nacional tricolor de Alejandro Moreno y Carolina Viggiano hasta que concluya la elecci\u00f3n presidencial de 2024, deja sin posibilidades de ser candidato a la Presidencia de la Rep\u00fablica a Santiago Creel, lo cual implica la ruptura de la alianza opositora, porque el priista ya tiene en mente a Enrique de la Madrid para contener por su partido.<\/span><\/p>\n<p class=\"p1\"><span style=\"font-size: 18pt;\"><strong>En las encuestas est\u00e1 mejor posicionado el mediocre Enrique de la Madrid que Santiago Creel nadie puede negarlo, aunque en la intenci\u00f3n del voto para la Presidencia de la Rep\u00fablica la diferencia con cualquiera de los precandidatos morenistas es todav\u00eda muy grande.<\/strong><\/span><\/p>\n<p class=\"p1\"><span style=\"font-size: 18pt; color: #139eca;\"><strong>As\u00ed el PAN se queda sin la Ciudad de M\u00e9xico y sin la Presidencia de la Rep\u00fablica. Se trat\u00f3 de dividir a los militantes, entre j\u00f3venes destinados a pelear la Ciudad de M\u00e9xico y los m\u00e1s antiguos luchar por la Presidencia de la Rep\u00fablica. Pero como Creel es el poder tras el trono en su partido, prefiri\u00f3 sacrificar a los j\u00f3venes para la Ciudad de M\u00e9xico donde el PAN ya no tiene ninguna posibilidad, a cambio de la participaci\u00f3n de un panista como candidato a la Presidencia.<\/strong><\/span><\/p>\n<p class=\"p1\"><span style=\"font-size: 14pt;\">Creel sabe que mientras las leyes se ocupan de investigar y sentenciar a los j\u00f3venes panistas, los m\u00e1s viejos l\u00edderes de su partido, podr\u00e1n ganar tiempo mientras sus delitos prescriben y como la lentitud con la que opera el Poder Judicial es in\u00e9dita, ellos salvan lo m\u00e1s rancio del panismo que se ha dado en llamar la nueva derecha.<\/span><\/p>\n<p>&nbsp;<\/p>\n<p><img data-recalc-dims=\"1\" loading=\"lazy\" decoding=\"async\" class=\"aligncenter wp-image-19523 size-large\" src=\"https:\/\/i0.wp.com\/politicosaldesnudo.com.mx\/wp-content\/uploads\/2023\/05\/P-ALEJANDRO-MORENO-1024x573.png?resize=800%2C448&#038;ssl=1\" alt=\"\" width=\"800\" height=\"448\" srcset=\"https:\/\/i0.wp.com\/politicosaldesnudo.com.mx\/wp-content\/uploads\/2023\/05\/P-ALEJANDRO-MORENO.png?resize=1024%2C573&amp;ssl=1 1024w, https:\/\/i0.wp.com\/politicosaldesnudo.com.mx\/wp-content\/uploads\/2023\/05\/P-ALEJANDRO-MORENO.png?resize=300%2C168&amp;ssl=1 300w, https:\/\/i0.wp.com\/politicosaldesnudo.com.mx\/wp-content\/uploads\/2023\/05\/P-ALEJANDRO-MORENO.png?resize=768%2C430&amp;ssl=1 768w, https:\/\/i0.wp.com\/politicosaldesnudo.com.mx\/wp-content\/uploads\/2023\/05\/P-ALEJANDRO-MORENO.png?resize=1536%2C859&amp;ssl=1 1536w, https:\/\/i0.wp.com\/politicosaldesnudo.com.mx\/wp-content\/uploads\/2023\/05\/P-ALEJANDRO-MORENO.png?w=1816&amp;ssl=1 1816w, https:\/\/i0.wp.com\/politicosaldesnudo.com.mx\/wp-content\/uploads\/2023\/05\/P-ALEJANDRO-MORENO.png?w=1600&amp;ssl=1 1600w\" sizes=\"auto, (max-width: 800px) 100vw, 800px\" \/><\/p>\n<p>&nbsp;<\/p>\n<p class=\"p1\"><span style=\"font-size: 18pt;\"><strong>El PAN cay\u00f3 de la intenci\u00f3n de los capitalinos ante el proceso penal de los integrantes panistas del C\u00e1rtel Inmobiliario, del que no podr\u00e1 recuperarse en varios a\u00f1os, posiblemente ante de que esto suceda ese partido habr\u00e1 desaparecido por falta de militantes.<\/strong><\/span><\/p>\n<p class=\"p1\"><span style=\"font-size: 18pt; color: #139eca;\"><strong>Al extender su mandato Alejandro Moreno volver\u00e1 a chamaquear a los panistas quienes incluso pusieron su granito de arena a la hora de ofrecer evidencias contra sus propios l\u00edderes j\u00f3venes en la alcald\u00eda Benito Ju\u00e1rez. Todo a cambio de una s\u00f3lida unidad entre los tres partidos de la alianza opositora que puede romperse de un momento otro, a pesar del patrocinio de pa\u00f1ales y toallas sanitarias de Claudio X. Gonz\u00e1lez.<\/strong><\/span><\/p>\n<p class=\"p1\"><span style=\"font-size: 14pt;\">Resulta imposible pensar que hubiera una negociaci\u00f3n que pudiera favorecer al PRI en la Ciudad de M\u00e9xico, donde, incluso, podr\u00eda perder su registro.<\/span><\/p>\n<p class=\"p1\"><span style=\"font-size: 18pt;\"><strong>En el PRI se vot\u00f3 por la extensi\u00f3n de mandato de Alejandro Moreno a puerta cerrada, las expresidentas del PRI, Dulce Mar\u00eda Sauri y Claudia Ruiz Massieu, se posicionaron en contra del acuerdo, quienes obtuvieron respuesta de Laura Haro, recordando que durante sus mandatos se hicieron acuerdos \u201cen lo oscurito\u201d y, por ello, est\u00e1n pagando la presunta \u201ccorrupci\u00f3n\u201d que cometieron.<\/strong><\/span><\/p>\n<p class=\"p1\"><span style=\"font-size: 14pt;\">Es decir, la unidad en el PRI tambi\u00e9n est\u00e1 prendida de alfileres.<\/span><\/p>\n<p class=\"p1\"><span style=\"font-size: 14pt;\">Rub\u00e9n Moreira y Manuel A\u00f1orve, l\u00edderes de las bancadas del PRI en la C\u00e1mara de Diputados y Senadores, respectivamente, se posicionaron a favor de que Moreno C\u00e1rdenas contin\u00fae en la dirigencia del partido hasta pasadas las elecciones de 2024.<\/span><\/p>\n<p class=\"p1\"><span style=\"font-size: 14pt;\">Ante esta situaci\u00f3n la anulaci\u00f3n del Plan B por la colegisladora improvisada llamada Suprema Corte de Justicia de la Naci\u00f3n, convertida en Supremo Poder sobre el Legislativo, no hace el m\u00ednimo da\u00f1o a Morena, al contrario, la fortalece frente a una oposici\u00f3n que se traiciona a s\u00ed misma.<\/span><\/p>\n<div><\/div>\n<div>\n<hr \/>\n<p>&nbsp;<\/p>\n<p><span style=\"font-size: 18pt;\"><strong>Twitter:\u00a0<a href=\"https:\/\/twitter.com\/Josangasa3\">@Josangasa3<\/a><\/strong><\/span><\/p>\n<p>&nbsp;<\/p>\n<p><img data-recalc-dims=\"1\" loading=\"lazy\" decoding=\"async\" class=\"aligncenter wp-image-14351\" src=\"https:\/\/i0.wp.com\/politicosaldesnudo.com.mx\/wp-content\/uploads\/2023\/01\/FIRMA-EDITORIAL-PD-300x37.png?resize=800%2C98&#038;ssl=1\" alt=\"\" width=\"800\" height=\"98\" srcset=\"https:\/\/i0.wp.com\/politicosaldesnudo.com.mx\/wp-content\/uploads\/2023\/01\/FIRMA-EDITORIAL-PD.png?resize=300%2C37&amp;ssl=1 300w, https:\/\/i0.wp.com\/politicosaldesnudo.com.mx\/wp-content\/uploads\/2023\/01\/FIRMA-EDITORIAL-PD.png?resize=1024%2C125&amp;ssl=1 1024w, https:\/\/i0.wp.com\/politicosaldesnudo.com.mx\/wp-content\/uploads\/2023\/01\/FIRMA-EDITORIAL-PD.png?resize=768%2C94&amp;ssl=1 768w, https:\/\/i0.wp.com\/politicosaldesnudo.com.mx\/wp-content\/uploads\/2023\/01\/FIRMA-EDITORIAL-PD.png?resize=1536%2C188&amp;ssl=1 1536w, https:\/\/i0.wp.com\/politicosaldesnudo.com.mx\/wp-content\/uploads\/2023\/01\/FIRMA-EDITORIAL-PD.png?resize=2048%2C250&amp;ssl=1 2048w, https:\/\/i0.wp.com\/politicosaldesnudo.com.mx\/wp-content\/uploads\/2023\/01\/FIRMA-EDITORIAL-PD.png?w=1600&amp;ssl=1 1600w, https:\/\/i0.wp.com\/politicosaldesnudo.com.mx\/wp-content\/uploads\/2023\/01\/FIRMA-EDITORIAL-PD.png?w=2400&amp;ssl=1 2400w\" sizes=\"auto, (max-width: 800px) 100vw, 800px\" \/><\/p>\n<p>&nbsp;<\/p>\n<\/div>\n","protected":false},"excerpt":{"rendered":"<p>&nbsp; Por Jos\u00e9 Garc\u00eda S\u00e1nchez El hecho de que el Consejo Pol\u00edtico Nacional del PRI haya aprobado con 518 votos<\/p>\n","protected":false},"author":4,"featured_media":3934,"comment_status":"closed","ping_status":"closed","sticky":false,"template":"","format":"standard","meta":{"colormag_page_container_layout":"default_layout","colormag_page_sidebar_layout":"default_layout","_jetpack_memberships_contains_paid_content":false,"footnotes":"","jetpack_publicize_message":"","jetpack_publicize_feature_enabled":true,"jetpack_social_post_already_shared":false,"jetpack_social_options":{"image_generator_settings":{"template":"highway","default_image_id":0,"font":"","enabled":false},"version":2}},"categories":[26],"tags":[447,423,2278,103,226,1548],"class_list":["post-19522","post","type-post","status-publish","format-standard","has-post-thumbnail","hentry","category-columnistas","tag-alejandro-moreno","tag-ciudad-de-mexico","tag-enrique-de-la-madrid","tag-pan","tag-pri","tag-santiago-creel"],"jetpack_publicize_connections":[],"jetpack_featured_media_url":"https:\/\/i0.wp.com\/politicosaldesnudo.com.mx\/wp-content\/uploads\/2022\/04\/JOSE%CC%81-GARCI%CC%81A.png?fit=1816%2C1016&ssl=1","jetpack-related-posts":[],"jetpack_sharing_enabled":true,"_links":{"self":[{"href":"https:\/\/politicosaldesnudo.com.mx\/index.php\/wp-json\/wp\/v2\/posts\/19522","targetHints":{"allow":["GET"]}}],"collection":[{"href":"https:\/\/politicosaldesnudo.com.mx\/index.php\/wp-json\/wp\/v2\/posts"}],"about":[{"href":"https:\/\/politicosaldesnudo.com.mx\/index.php\/wp-json\/wp\/v2\/types\/post"}],"author":[{"embeddable":true,"href":"https:\/\/politicosaldesnudo.com.mx\/index.php\/wp-json\/wp\/v2\/users\/4"}],"replies":[{"embeddable":true,"href":"https:\/\/politicosaldesnudo.com.mx\/index.php\/wp-json\/wp\/v2\/comments?post=19522"}],"version-history":[{"count":0,"href":"https:\/\/politicosaldesnudo.com.mx\/index.php\/wp-json\/wp\/v2\/posts\/19522\/revisions"}],"wp:featuredmedia":[{"embeddable":true,"href":"https:\/\/politicosaldesnudo.com.mx\/index.php\/wp-json\/wp\/v2\/media\/3934"}],"wp:attachment":[{"href":"https:\/\/politicosaldesnudo.com.mx\/index.php\/wp-json\/wp\/v2\/media?parent=19522"}],"wp:term":[{"taxonomy":"category","embeddable":true,"href":"https:\/\/politicosaldesnudo.com.mx\/index.php\/wp-json\/wp\/v2\/categories?post=19522"},{"taxonomy":"post_tag","embeddable":true,"href":"https:\/\/politicosaldesnudo.com.mx\/index.php\/wp-json\/wp\/v2\/tags?post=19522"}],"curies":[{"name":"wp","href":"https:\/\/api.w.org\/{rel}","templated":true}]}}