{"id":19539,"date":"2023-05-09T09:00:03","date_gmt":"2023-05-09T14:00:03","guid":{"rendered":"https:\/\/politicosaldesnudo.com.mx\/?p=19539"},"modified":"2023-05-09T10:48:30","modified_gmt":"2023-05-09T15:48:30","slug":"alito-moreno-extiende-su-dirigencia-rumbo-a-eleccion-presidencial-2024","status":"publish","type":"post","link":"https:\/\/politicosaldesnudo.com.mx\/index.php\/2023\/05\/09\/alito-moreno-extiende-su-dirigencia-rumbo-a-eleccion-presidencial-2024\/","title":{"rendered":"Alito Moreno extiende su dirigencia rumbo a elecci\u00f3n presidencial 2024"},"content":{"rendered":"<p>&nbsp;<\/p>\n<p class=\"p1\"><span style=\"font-size: 14pt;\"><em><strong>CIUDAD DE M\u00c9XICO.<\/strong> <\/em>El <strong>Consejo Pol\u00edtico Nacional del PRI aprob\u00f3 con 518 votos a favor y tres en contra<\/strong>, la pr\u00f3rroga en el mandato en la dirigencia nacional tricolor de <strong>Alejandro Moreno y Carolina Viggiano hasta que concluya la elecci\u00f3n presidencial de 2024.<\/strong><\/span><\/p>\n<p class=\"p1\"><span style=\"font-size: 18pt;\"><strong>A puerta cerrada comenz\u00f3 pasadas las 18:00 hrs la sesi\u00f3n en la que se vot\u00f3 la ampliaci\u00f3n de la dirigencia priista.<\/strong><\/span><\/p>\n<p class=\"p1\"><span style=\"font-size: 18pt;\"><strong>A trav\u00e9s de Zoom, las expresidentas del PRI, Dulce Mar\u00eda Sauri y Claudia Ruiz Massieu, se posicionaron en contra del acuerdo, quienes obtuvieron respuesta de Laura Haro, recordando que durante sus mandatos se hicieron acuerdos \u201cen lo oscurito\u201d y, por ello, est\u00e1n pagando la presunta \u201ccorrupci\u00f3n\u201d que cometieron.<\/strong><\/span><\/p>\n<p>&nbsp;<\/p>\n<p><img data-recalc-dims=\"1\" loading=\"lazy\" decoding=\"async\" class=\"aligncenter wp-image-19540 size-large\" src=\"https:\/\/i0.wp.com\/politicosaldesnudo.com.mx\/wp-content\/uploads\/2023\/05\/P-ALITO-MORENO-2-1024x573.png?resize=800%2C448&#038;ssl=1\" alt=\"\" width=\"800\" height=\"448\" srcset=\"https:\/\/i0.wp.com\/politicosaldesnudo.com.mx\/wp-content\/uploads\/2023\/05\/P-ALITO-MORENO-2.png?resize=1024%2C573&amp;ssl=1 1024w, https:\/\/i0.wp.com\/politicosaldesnudo.com.mx\/wp-content\/uploads\/2023\/05\/P-ALITO-MORENO-2.png?resize=300%2C168&amp;ssl=1 300w, https:\/\/i0.wp.com\/politicosaldesnudo.com.mx\/wp-content\/uploads\/2023\/05\/P-ALITO-MORENO-2.png?resize=768%2C430&amp;ssl=1 768w, https:\/\/i0.wp.com\/politicosaldesnudo.com.mx\/wp-content\/uploads\/2023\/05\/P-ALITO-MORENO-2.png?resize=1536%2C859&amp;ssl=1 1536w, https:\/\/i0.wp.com\/politicosaldesnudo.com.mx\/wp-content\/uploads\/2023\/05\/P-ALITO-MORENO-2.png?w=1816&amp;ssl=1 1816w, https:\/\/i0.wp.com\/politicosaldesnudo.com.mx\/wp-content\/uploads\/2023\/05\/P-ALITO-MORENO-2.png?w=1600&amp;ssl=1 1600w\" sizes=\"auto, (max-width: 800px) 100vw, 800px\" \/><\/p>\n<p>&nbsp;<\/p>\n<p class=\"p1\"><span style=\"font-size: 14pt;\">Por su parte, Rub\u00e9n Moreira y Manuel A\u00f1orve, l\u00edderes de las bancadas del PRI en la C\u00e1mara de Diputados y Senadores, respectivamente, se posicionaron a favor de que Moreno C\u00e1rdenas contin\u00fae en la dirigencia del partido hasta pasadas las elecciones de 2024.<\/span><\/p>\n<p class=\"p1\"><span style=\"font-size: 14pt;\">Adem\u00e1s, A\u00f1orve record\u00f3 a quienes se posicionaron en contra de \u201cAlito\u201d, de que \u00e9ste logr\u00f3 que las bancadas de oposici\u00f3n se unieran en contra de la \u201cregresiva\u201d Ley El\u00e9ctrica en el Congreso de la Uni\u00f3n.<\/span><\/p>\n<p class=\"p1\"><span style=\"font-size: 18pt;\"><strong>Posteriormente, Alejandro Moreno abri\u00f3 la votaci\u00f3n nominal y dada la naturaleza del acuerdo, solicit\u00f3 que la votaci\u00f3n no fuera econ\u00f3mica, sino nominal.<\/strong><\/span><\/p>\n<p class=\"p1\"><span style=\"font-size: 14pt;\">El acuerdo aprobado establece que, para evitar confrontaciones y avanzar en los acuerdos de la coalici\u00f3n Va por M\u00e9xico, se deb\u00eda aprovechar la experiencia de Moreno Cardenas y de Viggiano, por lo cual se aprob\u00f3 la extensi\u00f3n de la actual dirigencia priista.<\/span><\/p>\n<p>&nbsp;<\/p>\n<blockquote>\n<p class=\"p1\"><span style=\"font-size: 14pt;\">Con fundamento en lo anterior el CPN determina otorgar una pr\u00f3rroga al periodo estatutario a Alejandro Moreno C\u00e1rdenas y Carolina Viggiano Austria, hasta la elecci\u00f3n de la nueva dirigencia\u201d, dice el proyecto de acuerdo<\/span><\/p>\n<\/blockquote>\n<p>&nbsp;<\/p>\n<p class=\"p1\"><span style=\"font-size: 18pt;\"><strong>Finalmente, ser\u00e1 \u201cAlito\u201d quien se encargue de las listas de candidatos a diputaciones federales y senadores, adem\u00e1s de las codiciadas plurinominales.<\/strong><\/span><\/p>\n<p>&nbsp;<\/p>\n<p>&nbsp;<\/p>\n","protected":false},"excerpt":{"rendered":"<p>&nbsp; CIUDAD DE M\u00c9XICO. El Consejo Pol\u00edtico Nacional del PRI aprob\u00f3 con 518 votos a favor y tres en contra,<\/p>\n","protected":false},"author":4,"featured_media":19541,"comment_status":"closed","ping_status":"closed","sticky":false,"template":"","format":"standard","meta":{"colormag_page_container_layout":"default_layout","colormag_page_sidebar_layout":"default_layout","_jetpack_memberships_contains_paid_content":false,"footnotes":"","jetpack_publicize_message":"","jetpack_publicize_feature_enabled":true,"jetpack_social_post_already_shared":false,"jetpack_social_options":{"image_generator_settings":{"template":"highway","default_image_id":0,"font":"","enabled":false},"version":2}},"categories":[33],"tags":[250,430,226],"class_list":["post-19539","post","type-post","status-publish","format-standard","has-post-thumbnail","hentry","category-nacional","tag-alito-moreno","tag-carolina-viggiano","tag-pri"],"jetpack_publicize_connections":[],"jetpack_featured_media_url":"https:\/\/i0.wp.com\/politicosaldesnudo.com.mx\/wp-content\/uploads\/2023\/05\/P-ALITO-MORENO.png?fit=1816%2C1016&ssl=1","jetpack-related-posts":[],"jetpack_sharing_enabled":true,"_links":{"self":[{"href":"https:\/\/politicosaldesnudo.com.mx\/index.php\/wp-json\/wp\/v2\/posts\/19539","targetHints":{"allow":["GET"]}}],"collection":[{"href":"https:\/\/politicosaldesnudo.com.mx\/index.php\/wp-json\/wp\/v2\/posts"}],"about":[{"href":"https:\/\/politicosaldesnudo.com.mx\/index.php\/wp-json\/wp\/v2\/types\/post"}],"author":[{"embeddable":true,"href":"https:\/\/politicosaldesnudo.com.mx\/index.php\/wp-json\/wp\/v2\/users\/4"}],"replies":[{"embeddable":true,"href":"https:\/\/politicosaldesnudo.com.mx\/index.php\/wp-json\/wp\/v2\/comments?post=19539"}],"version-history":[{"count":0,"href":"https:\/\/politicosaldesnudo.com.mx\/index.php\/wp-json\/wp\/v2\/posts\/19539\/revisions"}],"wp:featuredmedia":[{"embeddable":true,"href":"https:\/\/politicosaldesnudo.com.mx\/index.php\/wp-json\/wp\/v2\/media\/19541"}],"wp:attachment":[{"href":"https:\/\/politicosaldesnudo.com.mx\/index.php\/wp-json\/wp\/v2\/media?parent=19539"}],"wp:term":[{"taxonomy":"category","embeddable":true,"href":"https:\/\/politicosaldesnudo.com.mx\/index.php\/wp-json\/wp\/v2\/categories?post=19539"},{"taxonomy":"post_tag","embeddable":true,"href":"https:\/\/politicosaldesnudo.com.mx\/index.php\/wp-json\/wp\/v2\/tags?post=19539"}],"curies":[{"name":"wp","href":"https:\/\/api.w.org\/{rel}","templated":true}]}}