{"id":19549,"date":"2023-05-09T17:30:16","date_gmt":"2023-05-09T22:30:16","guid":{"rendered":"https:\/\/politicosaldesnudo.com.mx\/?p=19549"},"modified":"2023-05-09T17:30:38","modified_gmt":"2023-05-09T22:30:38","slug":"su-mejor-nivel-inflacion-en-mexico-desacelera-a-6-25-anual-en-abril","status":"publish","type":"post","link":"https:\/\/politicosaldesnudo.com.mx\/index.php\/2023\/05\/09\/su-mejor-nivel-inflacion-en-mexico-desacelera-a-6-25-anual-en-abril\/","title":{"rendered":"Su mejor nivel, Inflaci\u00f3n en M\u00e9xico desacelera a 6.25% anual en abril"},"content":{"rendered":"<p>&nbsp;<\/p>\n<p class=\"p1\"><span style=\"font-size: 14pt;\"><em><strong>CIUDAD DE M\u00c9XICO. E<\/strong><\/em>n abril de 2023, el <strong>\u00cdndice Nacional de Precios al Consumidor<\/strong> (INPC) <strong>present\u00f3 una disminuci\u00f3n de 0.02 %<\/strong> respecto al mes anterior y con este resultado,<strong> la inflaci\u00f3n general anual se coloc\u00f3 en 6.25 por ciento<\/strong>. En el mismo mes de 2022, la inflaci\u00f3n mensual fue de 0.54 % y la anual, de 7.68 por ciento.<\/span><\/p>\n<p>&nbsp;<\/p>\n<blockquote>\n<p class=\"p1\"><span style=\"font-size: 14pt;\">En abril de 2023, el \u00cdndice Nacional de Precios al Consumidor present\u00f3 una disminuci\u00f3n de 0,02% respecto al mes anterior. Con este resultado, la inflaci\u00f3n general anual se coloc\u00f3 en 6,25%\u201d, informe Inegi<\/span><\/p>\n<\/blockquote>\n<p>&nbsp;<\/p>\n<p class=\"p1\"><span style=\"font-size: 18pt;\"><strong>Con este dato anual, la inflaci\u00f3n registra tres meses consecutivos a la baja.<\/strong><\/span><\/p>\n<p class=\"p1\"><span style=\"font-size: 14pt;\">El \u00edndice de precios subyacente registr\u00f3 un incremento de 0.39 % mensual y de 7.67 % anual. El \u00edndice de precios no subyacente retrocedi\u00f3 1.25 % a tasa mensual y creci\u00f3 2.12 % a tasa anual.<\/span><\/p>\n<p class=\"p1\"><span style=\"font-size: 18pt;\"><strong>Al interior del \u00edndice subyacente, a tasa mensual, los precios de las mercanc\u00edas aumentaron 0.50 % y los de servicios, 0.25 por ciento.<\/strong><\/span><\/p>\n<p class=\"p1\"><span style=\"font-size: 14pt;\">Dentro del \u00edndice INPC no subyacente, a tasa mensual, los precios de los productos agropecuarios no presentaron cambio. Los de energ\u00e9ticos y tarifas autorizadas por el gobierno disminuyeron 2.30 %, esto se debi\u00f3, principalmente, a los ajustes en las tarifas el\u00e9ctricas dentro del esquema de temporada c\u00e1lida en 18 ciudades del pa\u00eds.<\/span><\/p>\n<p>&nbsp;<\/p>\n<p>&nbsp;<\/p>\n","protected":false},"excerpt":{"rendered":"<p>&nbsp; CIUDAD DE M\u00c9XICO. En abril de 2023, el \u00cdndice Nacional de Precios al Consumidor (INPC) present\u00f3 una disminuci\u00f3n de<\/p>\n","protected":false},"author":4,"featured_media":19550,"comment_status":"closed","ping_status":"closed","sticky":false,"template":"","format":"standard","meta":{"colormag_page_container_layout":"default_layout","colormag_page_sidebar_layout":"default_layout","_jetpack_memberships_contains_paid_content":false,"footnotes":"","jetpack_publicize_message":"","jetpack_publicize_feature_enabled":true,"jetpack_social_post_already_shared":false,"jetpack_social_options":{"image_generator_settings":{"template":"highway","default_image_id":0,"font":"","enabled":false},"version":2}},"categories":[2050],"tags":[1971,139,47,2156,42,2655],"class_list":["post-19549","post","type-post","status-publish","format-standard","has-post-thumbnail","hentry","category-economia","tag-consumidor","tag-inegi","tag-inflacion","tag-inpc","tag-mexico","tag-precios"],"jetpack_publicize_connections":[],"jetpack_featured_media_url":"https:\/\/i0.wp.com\/politicosaldesnudo.com.mx\/wp-content\/uploads\/2023\/05\/P-INFLACION-INEGI.png?fit=1816%2C1016&ssl=1","jetpack-related-posts":[],"jetpack_sharing_enabled":true,"_links":{"self":[{"href":"https:\/\/politicosaldesnudo.com.mx\/index.php\/wp-json\/wp\/v2\/posts\/19549","targetHints":{"allow":["GET"]}}],"collection":[{"href":"https:\/\/politicosaldesnudo.com.mx\/index.php\/wp-json\/wp\/v2\/posts"}],"about":[{"href":"https:\/\/politicosaldesnudo.com.mx\/index.php\/wp-json\/wp\/v2\/types\/post"}],"author":[{"embeddable":true,"href":"https:\/\/politicosaldesnudo.com.mx\/index.php\/wp-json\/wp\/v2\/users\/4"}],"replies":[{"embeddable":true,"href":"https:\/\/politicosaldesnudo.com.mx\/index.php\/wp-json\/wp\/v2\/comments?post=19549"}],"version-history":[{"count":0,"href":"https:\/\/politicosaldesnudo.com.mx\/index.php\/wp-json\/wp\/v2\/posts\/19549\/revisions"}],"wp:featuredmedia":[{"embeddable":true,"href":"https:\/\/politicosaldesnudo.com.mx\/index.php\/wp-json\/wp\/v2\/media\/19550"}],"wp:attachment":[{"href":"https:\/\/politicosaldesnudo.com.mx\/index.php\/wp-json\/wp\/v2\/media?parent=19549"}],"wp:term":[{"taxonomy":"category","embeddable":true,"href":"https:\/\/politicosaldesnudo.com.mx\/index.php\/wp-json\/wp\/v2\/categories?post=19549"},{"taxonomy":"post_tag","embeddable":true,"href":"https:\/\/politicosaldesnudo.com.mx\/index.php\/wp-json\/wp\/v2\/tags?post=19549"}],"curies":[{"name":"wp","href":"https:\/\/api.w.org\/{rel}","templated":true}]}}