{"id":19555,"date":"2023-05-09T20:32:42","date_gmt":"2023-05-10T01:32:42","guid":{"rendered":"https:\/\/politicosaldesnudo.com.mx\/?p=19555"},"modified":"2023-05-09T20:34:06","modified_gmt":"2023-05-10T01:34:06","slug":"alcalde-jmp-premia-a-mejores-comparsas-y-trajes-fueron-el-alma-y-el-corazon-del-carnaval","status":"publish","type":"post","link":"https:\/\/politicosaldesnudo.com.mx\/index.php\/2023\/05\/09\/alcalde-jmp-premia-a-mejores-comparsas-y-trajes-fueron-el-alma-y-el-corazon-del-carnaval\/","title":{"rendered":"Alcalde JMP premia a mejores Comparsas y Trajes, \u201cfueron el alma y el coraz\u00f3n del Carnaval\u201d"},"content":{"rendered":"<p>&nbsp;<\/p>\n<p class=\"p3\"><span style=\"font-size: 14pt;\"><em><strong>TUXPAN, VERACRUZ.<\/strong> <\/em><strong>Cierra Edici\u00f3n 126 del Carnaval Tuxpan 2023<\/strong> con <strong>Entierro de Juan Carnaval<\/strong>, <strong>premiaci\u00f3n de la Mejor Comparsa y Mejor Traje o Disfraz<\/strong>, as\u00ed como la presentaci\u00f3n estelar de <strong>\u201cSonido Pirata\u201d<\/strong>.<span class=\"Apple-converted-space\">\u00a0<\/span><\/span><\/p>\n<p class=\"p3\"><span style=\"font-size: 14pt;\">En el estadio municipal \u00c1lvaro Lorenzo Fern\u00e1ndez, el alcalde Jos\u00e9 Manuel Pozos entreg\u00f3 los premios en efectivo a los ganadores de los concursos de Mejor Comparsa y Mejor Traje o Disfraz.<\/span><\/p>\n<p class=\"p3\"><span style=\"font-size: 18pt;\"><strong>Antes de dar a conocer a los ganadores se llev\u00f3 a cabo el Entierro de Juan Carnaval, donde se despidi\u00f3 a los integrantes de la Corte Real, a quienes el alcalde de Tuxpan, Jos\u00e9 Manuel Pozos agradeci\u00f3 el compromiso y entusiasmo durante esta celebraci\u00f3n.<span class=\"Apple-converted-space\">\u00a0<\/span><\/strong><\/span><\/p>\n<p>&nbsp;<\/p>\n<p><img data-recalc-dims=\"1\" loading=\"lazy\" decoding=\"async\" class=\"aligncenter wp-image-19557 size-large\" src=\"https:\/\/i0.wp.com\/politicosaldesnudo.com.mx\/wp-content\/uploads\/2023\/05\/P-PREMIACION-CARNAVAL-2-1024x573.png?resize=800%2C448&#038;ssl=1\" alt=\"\" width=\"800\" height=\"448\" srcset=\"https:\/\/i0.wp.com\/politicosaldesnudo.com.mx\/wp-content\/uploads\/2023\/05\/P-PREMIACION-CARNAVAL-2.png?resize=1024%2C573&amp;ssl=1 1024w, https:\/\/i0.wp.com\/politicosaldesnudo.com.mx\/wp-content\/uploads\/2023\/05\/P-PREMIACION-CARNAVAL-2.png?resize=300%2C168&amp;ssl=1 300w, https:\/\/i0.wp.com\/politicosaldesnudo.com.mx\/wp-content\/uploads\/2023\/05\/P-PREMIACION-CARNAVAL-2.png?resize=768%2C430&amp;ssl=1 768w, https:\/\/i0.wp.com\/politicosaldesnudo.com.mx\/wp-content\/uploads\/2023\/05\/P-PREMIACION-CARNAVAL-2.png?resize=1536%2C859&amp;ssl=1 1536w, https:\/\/i0.wp.com\/politicosaldesnudo.com.mx\/wp-content\/uploads\/2023\/05\/P-PREMIACION-CARNAVAL-2.png?w=1816&amp;ssl=1 1816w, https:\/\/i0.wp.com\/politicosaldesnudo.com.mx\/wp-content\/uploads\/2023\/05\/P-PREMIACION-CARNAVAL-2.png?w=1600&amp;ssl=1 1600w\" sizes=\"auto, (max-width: 800px) 100vw, 800px\" \/><\/p>\n<p>&nbsp;<\/p>\n<blockquote>\n<p class=\"p3\"><span style=\"font-size: 14pt;\">La Edici\u00f3n 126 de nuestro Carnaval alcanz\u00f3 una trascendencia inimaginable a nivel nacional\u2026 Hemos vivido y disfrutado de 5 d\u00edas de intensa alegr\u00eda y diversi\u00f3n en el Carnaval Tuxpan 2023, que ha resultado ser un \u00e9xito extraordinario, en todos los sentidos\u201d<\/span><\/p>\n<\/blockquote>\n<p>&nbsp;<\/p>\n<p class=\"p3\"><span style=\"font-size: 18pt;\"><strong>Jos\u00e9 Manuel Pozos dijo que esta fiesta es la m\u00e1xima expresi\u00f3n de alegr\u00eda de Tuxpan y una de las m\u00e1s hermosas celebraciones \u201cque nos da identidad y nos llena de orgullo\u201d.<\/strong><\/span><\/p>\n<p>&nbsp;<\/p>\n<p><img data-recalc-dims=\"1\" loading=\"lazy\" decoding=\"async\" class=\"aligncenter wp-image-19560 size-large\" src=\"https:\/\/i0.wp.com\/politicosaldesnudo.com.mx\/wp-content\/uploads\/2023\/05\/P-PREMIACION-CARNAVAL-6-1024x573.png?resize=800%2C448&#038;ssl=1\" alt=\"\" width=\"800\" height=\"448\" srcset=\"https:\/\/i0.wp.com\/politicosaldesnudo.com.mx\/wp-content\/uploads\/2023\/05\/P-PREMIACION-CARNAVAL-6.png?resize=1024%2C573&amp;ssl=1 1024w, https:\/\/i0.wp.com\/politicosaldesnudo.com.mx\/wp-content\/uploads\/2023\/05\/P-PREMIACION-CARNAVAL-6.png?resize=300%2C168&amp;ssl=1 300w, https:\/\/i0.wp.com\/politicosaldesnudo.com.mx\/wp-content\/uploads\/2023\/05\/P-PREMIACION-CARNAVAL-6.png?resize=768%2C430&amp;ssl=1 768w, https:\/\/i0.wp.com\/politicosaldesnudo.com.mx\/wp-content\/uploads\/2023\/05\/P-PREMIACION-CARNAVAL-6.png?resize=1536%2C859&amp;ssl=1 1536w, https:\/\/i0.wp.com\/politicosaldesnudo.com.mx\/wp-content\/uploads\/2023\/05\/P-PREMIACION-CARNAVAL-6.png?w=1816&amp;ssl=1 1816w, https:\/\/i0.wp.com\/politicosaldesnudo.com.mx\/wp-content\/uploads\/2023\/05\/P-PREMIACION-CARNAVAL-6.png?w=1600&amp;ssl=1 1600w\" sizes=\"auto, (max-width: 800px) 100vw, 800px\" \/><\/p>\n<p>&nbsp;<\/p>\n<blockquote>\n<p class=\"p3\"><span style=\"font-size: 14pt;\">Con su asistencia multitudinaria a los desfiles y conciertos, con su gran entusiasmo y participaci\u00f3n, fueron el alma y el coraz\u00f3n de esta fiesta carnestolenda\u201d<\/span><\/p>\n<\/blockquote>\n<p>&nbsp;<\/p>\n<p class=\"p3\"><span style=\"font-size: 18pt;\"><strong>Agradeci\u00f3 Jos\u00e9 Manuel Pozos a nombre del pueblo de Tuxpan, al gobernador Cuitl\u00e1huac Garc\u00eda Jim\u00e9nez, ya que -dijo- el \u00e9xito de este carnaval fue posible gracias a su respaldo. Asimismo, agradeci\u00f3 al Comit\u00e9 Central del Carnaval por su labor para organizar esta fiesta.<span class=\"Apple-converted-space\">\u00a0<\/span><\/strong><\/span><\/p>\n<p>&nbsp;<\/p>\n<p><img data-recalc-dims=\"1\" loading=\"lazy\" decoding=\"async\" class=\"aligncenter wp-image-19558 size-large\" src=\"https:\/\/i0.wp.com\/politicosaldesnudo.com.mx\/wp-content\/uploads\/2023\/05\/P-PREMIACION-CARNAVAL-3-1024x573.png?resize=800%2C448&#038;ssl=1\" alt=\"\" width=\"800\" height=\"448\" srcset=\"https:\/\/i0.wp.com\/politicosaldesnudo.com.mx\/wp-content\/uploads\/2023\/05\/P-PREMIACION-CARNAVAL-3.png?resize=1024%2C573&amp;ssl=1 1024w, https:\/\/i0.wp.com\/politicosaldesnudo.com.mx\/wp-content\/uploads\/2023\/05\/P-PREMIACION-CARNAVAL-3.png?resize=300%2C168&amp;ssl=1 300w, https:\/\/i0.wp.com\/politicosaldesnudo.com.mx\/wp-content\/uploads\/2023\/05\/P-PREMIACION-CARNAVAL-3.png?resize=768%2C430&amp;ssl=1 768w, https:\/\/i0.wp.com\/politicosaldesnudo.com.mx\/wp-content\/uploads\/2023\/05\/P-PREMIACION-CARNAVAL-3.png?resize=1536%2C859&amp;ssl=1 1536w, https:\/\/i0.wp.com\/politicosaldesnudo.com.mx\/wp-content\/uploads\/2023\/05\/P-PREMIACION-CARNAVAL-3.png?w=1816&amp;ssl=1 1816w, https:\/\/i0.wp.com\/politicosaldesnudo.com.mx\/wp-content\/uploads\/2023\/05\/P-PREMIACION-CARNAVAL-3.png?w=1600&amp;ssl=1 1600w\" sizes=\"auto, (max-width: 800px) 100vw, 800px\" \/><\/p>\n<p>&nbsp;<\/p>\n<p class=\"p3\"><span style=\"font-size: 18pt; color: #139eca;\"><strong>LOS GANADORES DISFRACES<\/strong><\/span><\/p>\n<p class=\"p3\"><span style=\"font-size: 18pt;\"><strong>-Disfraz Categor\u00eda \u201cElegancia\u201d:<\/strong><\/span><\/p>\n<ul>\n<li class=\"p3\"><span style=\"font-size: 14pt;\">1er. Lugar El Tulip\u00e1n<\/span><\/li>\n<li class=\"p3\"><span style=\"font-size: 14pt;\">2do. Lugar: Reyes del Mar<\/span><\/li>\n<li class=\"p3\"><span style=\"font-size: 14pt;\">3er. Lugar: Princesa del Mar<\/span><\/li>\n<\/ul>\n<p class=\"p3\"><span style=\"font-size: 18pt;\"><strong>-Disfraz Categor\u00eda \u201cOriginal\u201d:<span class=\"Apple-converted-space\">\u00a0<\/span><\/strong><\/span><\/p>\n<ul>\n<li class=\"p3\"><span style=\"font-size: 14pt;\">1er. Lugar: Dragona<\/span><\/li>\n<li class=\"p3\"><span style=\"font-size: 14pt;\">2do. Lugar: Rey Brujo Angmar<\/span><\/li>\n<li class=\"p3\"><span style=\"font-size: 14pt;\">3er. Lugar: Duque Pavorreal<\/span><\/li>\n<\/ul>\n<p class=\"p3\"><span style=\"font-size: 18pt;\"><strong>-Disfraz Categor\u00eda \u201cChusco\u201d:<span class=\"Apple-converted-space\">\u00a0<\/span><\/strong><\/span><\/p>\n<ul>\n<li class=\"p3\"><span style=\"font-size: 14pt;\">1er. Lugar: Juan Gabriel<\/span><\/li>\n<li class=\"p3\"><span style=\"font-size: 14pt;\">2do. Lugar: La Llorona<\/span><\/li>\n<li class=\"p3\"><span style=\"font-size: 14pt;\">3er. Lugar: Gumercindo<\/span><\/li>\n<li><\/li>\n<\/ul>\n<p>&nbsp;<\/p>\n<p class=\"p3\"><span style=\"font-size: 18pt; color: #139eca;\"><strong>LAS COMPARSAS GANADORAS<\/strong><\/span><\/p>\n<p class=\"p3\"><span style=\"font-size: 18pt;\"><strong>-Categor\u00eda \u201cElegancia\u201d<\/strong><\/span><\/p>\n<ul>\n<li class=\"p3\"><span style=\"font-size: 14pt;\">1er. Lugar: Rosita Crespo<\/span><\/li>\n<li class=\"p3\"><span style=\"font-size: 14pt;\">2do. Lugar: Cielo Azul Extravaganza<\/span><\/li>\n<li class=\"p3\"><span style=\"font-size: 14pt;\">3er. Lugar: Dance Karibe<\/span><\/li>\n<\/ul>\n<p class=\"p3\"><span style=\"font-size: 18pt;\"><strong>-Categor\u00eda \u201cSalsa\/Cumbia\u201d<\/strong><\/span><\/p>\n<ul>\n<li class=\"p3\"><span style=\"font-size: 14pt;\">1er. Lugar: Salsa, Timba y sabor<\/span><\/li>\n<li class=\"p3\"><span style=\"font-size: 14pt;\">2do. Lugar: Bucaneros<\/span><\/li>\n<li class=\"p3\"><span style=\"font-size: 14pt;\">3er. Lugar: Revoluci\u00f3n Salsera<\/span><\/li>\n<\/ul>\n<p class=\"p3\"><span style=\"font-size: 18pt;\"><strong>-Categor\u00eda \u201cOriginal\u201d<\/strong><\/span><\/p>\n<ul>\n<li class=\"p3\"><span style=\"font-size: 14pt;\">1er. Lugar: Circus<\/span><\/li>\n<li class=\"p3\"><span style=\"font-size: 14pt;\">2do. Lugar: Chakalkay<\/span><\/li>\n<li class=\"p3\"><span style=\"font-size: 14pt;\">3er. Lugar: Son como Son Ladies<\/span><\/li>\n<\/ul>\n<p class=\"p3\"><span style=\"font-size: 18pt;\"><strong>-Categor\u00eda \u201cTechno pop\u201d<\/strong><\/span><\/p>\n<ul>\n<li class=\"p3\"><span style=\"font-size: 14pt;\">1er. Lugar: Xtream Angels<\/span><\/li>\n<li class=\"p3\"><span style=\"font-size: 14pt;\">2do. Lugar: Wild Dance Evolution<\/span><\/li>\n<li class=\"p3\"><span style=\"font-size: 14pt;\">3er. Lugar: Li Boys Stars Dance<\/span><\/li>\n<\/ul>\n<p>&nbsp;<\/p>\n<p><img data-recalc-dims=\"1\" loading=\"lazy\" decoding=\"async\" class=\"aligncenter wp-image-19559 size-large\" src=\"https:\/\/i0.wp.com\/politicosaldesnudo.com.mx\/wp-content\/uploads\/2023\/05\/P-PREMIACION-CARNAVAL-4-1024x573.png?resize=800%2C448&#038;ssl=1\" alt=\"\" width=\"800\" height=\"448\" srcset=\"https:\/\/i0.wp.com\/politicosaldesnudo.com.mx\/wp-content\/uploads\/2023\/05\/P-PREMIACION-CARNAVAL-4.png?resize=1024%2C573&amp;ssl=1 1024w, https:\/\/i0.wp.com\/politicosaldesnudo.com.mx\/wp-content\/uploads\/2023\/05\/P-PREMIACION-CARNAVAL-4.png?resize=300%2C168&amp;ssl=1 300w, https:\/\/i0.wp.com\/politicosaldesnudo.com.mx\/wp-content\/uploads\/2023\/05\/P-PREMIACION-CARNAVAL-4.png?resize=768%2C430&amp;ssl=1 768w, https:\/\/i0.wp.com\/politicosaldesnudo.com.mx\/wp-content\/uploads\/2023\/05\/P-PREMIACION-CARNAVAL-4.png?resize=1536%2C859&amp;ssl=1 1536w, https:\/\/i0.wp.com\/politicosaldesnudo.com.mx\/wp-content\/uploads\/2023\/05\/P-PREMIACION-CARNAVAL-4.png?w=1816&amp;ssl=1 1816w, https:\/\/i0.wp.com\/politicosaldesnudo.com.mx\/wp-content\/uploads\/2023\/05\/P-PREMIACION-CARNAVAL-4.png?w=1600&amp;ssl=1 1600w\" sizes=\"auto, (max-width: 800px) 100vw, 800px\" \/><\/p>\n<p>&nbsp;<\/p>\n<p class=\"p3\"><span style=\"font-size: 14pt;\">La premiaci\u00f3n la realizaron el alcalde Jos\u00e9 Manuel Pozos Castro, Pamela Morales Huesca, presidenta del DIF Tuxpan; las regidoras Mar\u00eda del Pilar Mart\u00ednez Matesanz, Maryanela Monroy Flores, Lucero Res\u00e9ndis Ambrocio; as\u00ed como Roberto Eduardo Sigala Aguilar, Magistrado Titular de la Sala Regional Unitaria Norte del Tribunal de Justicia Administrativa del Estado de Veracruz (Trijaev) y Romualdo Cruz Cerecedo, director del Hospital IMSS Bienestar.<\/span><\/p>\n<p>&nbsp;<\/p>\n<p>&nbsp;<\/p>\n<p>&nbsp;<\/p>\n<p>&nbsp;<\/p>\n","protected":false},"excerpt":{"rendered":"<p>&nbsp; TUXPAN, VERACRUZ. Cierra Edici\u00f3n 126 del Carnaval Tuxpan 2023 con Entierro de Juan Carnaval, premiaci\u00f3n de la Mejor Comparsa<\/p>\n","protected":false},"author":4,"featured_media":19556,"comment_status":"closed","ping_status":"closed","sticky":false,"template":"","format":"standard","meta":{"colormag_page_container_layout":"default_layout","colormag_page_sidebar_layout":"default_layout","_jetpack_memberships_contains_paid_content":false,"footnotes":"","jetpack_publicize_message":"","jetpack_publicize_feature_enabled":true,"jetpack_social_post_already_shared":false,"jetpack_social_options":{"image_generator_settings":{"template":"highway","default_image_id":0,"font":"","enabled":false},"version":2}},"categories":[1082],"tags":[2575,2576,576,2657,2656,70,100],"class_list":["post-19555","post","type-post","status-publish","format-standard","has-post-thumbnail","hentry","category-tuxpan","tag-carnaval-tuxpan","tag-comparsas","tag-jose-manuel-pozos","tag-premios","tag-trajes","tag-tuxpan","tag-veracruz"],"jetpack_publicize_connections":[],"jetpack_featured_media_url":"https:\/\/i0.wp.com\/politicosaldesnudo.com.mx\/wp-content\/uploads\/2023\/05\/P-PREMIACION-CARNAVAL-1.png?fit=1816%2C1016&ssl=1","jetpack-related-posts":[],"jetpack_sharing_enabled":true,"_links":{"self":[{"href":"https:\/\/politicosaldesnudo.com.mx\/index.php\/wp-json\/wp\/v2\/posts\/19555","targetHints":{"allow":["GET"]}}],"collection":[{"href":"https:\/\/politicosaldesnudo.com.mx\/index.php\/wp-json\/wp\/v2\/posts"}],"about":[{"href":"https:\/\/politicosaldesnudo.com.mx\/index.php\/wp-json\/wp\/v2\/types\/post"}],"author":[{"embeddable":true,"href":"https:\/\/politicosaldesnudo.com.mx\/index.php\/wp-json\/wp\/v2\/users\/4"}],"replies":[{"embeddable":true,"href":"https:\/\/politicosaldesnudo.com.mx\/index.php\/wp-json\/wp\/v2\/comments?post=19555"}],"version-history":[{"count":0,"href":"https:\/\/politicosaldesnudo.com.mx\/index.php\/wp-json\/wp\/v2\/posts\/19555\/revisions"}],"wp:featuredmedia":[{"embeddable":true,"href":"https:\/\/politicosaldesnudo.com.mx\/index.php\/wp-json\/wp\/v2\/media\/19556"}],"wp:attachment":[{"href":"https:\/\/politicosaldesnudo.com.mx\/index.php\/wp-json\/wp\/v2\/media?parent=19555"}],"wp:term":[{"taxonomy":"category","embeddable":true,"href":"https:\/\/politicosaldesnudo.com.mx\/index.php\/wp-json\/wp\/v2\/categories?post=19555"},{"taxonomy":"post_tag","embeddable":true,"href":"https:\/\/politicosaldesnudo.com.mx\/index.php\/wp-json\/wp\/v2\/tags?post=19555"}],"curies":[{"name":"wp","href":"https:\/\/api.w.org\/{rel}","templated":true}]}}