{"id":19564,"date":"2023-05-09T21:21:05","date_gmt":"2023-05-10T02:21:05","guid":{"rendered":"https:\/\/politicosaldesnudo.com.mx\/?p=19564"},"modified":"2023-05-09T21:40:12","modified_gmt":"2023-05-10T02:40:12","slug":"pronostica-biden-frontera-sur-de-eu-sera-caotica-durante-algun-tiempo","status":"publish","type":"post","link":"https:\/\/politicosaldesnudo.com.mx\/index.php\/2023\/05\/09\/pronostica-biden-frontera-sur-de-eu-sera-caotica-durante-algun-tiempo\/","title":{"rendered":"Pronostica Biden: frontera sur de Estados Unidos \u201cser\u00e1 ca\u00f3tica durante alg\u00fan tiempo\u201d"},"content":{"rendered":"<p>&nbsp;<\/p>\n<p class=\"p1\"><span style=\"font-size: 14pt;\"><em><strong>WASHINGTON, EU.<\/strong> <\/em><strong>El presidente Joe Biden<\/strong> pronostic\u00f3 que la frontera entre <strong>Estados Unidos y M\u00e9xico<\/strong> ser\u00e1 \u201cca\u00f3tica durante alg\u00fan tiempo\u201d una vez que se levanten las restricciones relacionadas con la pandemia, <strong>mientras empezaban a llegar unos 550 soldados en servicio activo a la regi\u00f3n y los migrantes<\/strong> contemplaban la posibilidad de cruzar o no hacia Estados Unidos.<\/span><\/p>\n<p class=\"p1\"><span style=\"font-size: 18pt;\"><strong>Las restricciones han estado en vigor desde 2020 y han permitido a las autoridades federales expulsar r\u00e1pidamente a los migrantes en la frontera. Llegar\u00e1n a su fin esta semana y Estados Unidos est\u00e1 implementando una serie de nuevas medidas que reducir\u00e1n el n\u00famero de cruces ilegales al tiempo que ofrecen a los migrantes una v\u00eda legal hacia Estados Unidos si se registran mediante una app del gobierno, tienen un patrocinador y pasan las revisiones de antecedentes.<\/strong><\/span><\/p>\n<p class=\"p1\"><span style=\"font-size: 14pt;\">Biden dijo que su gobierno estaba trabajando para realizar los cambios de forma ordenada. \u201cPero est\u00e1 por verse\u201d, dijo ante reporteros. \u201cSer\u00e1 ca\u00f3tico durante alg\u00fan tiempo\u201d.<\/span><\/p>\n<p>&nbsp;<\/p>\n<p><img data-recalc-dims=\"1\" loading=\"lazy\" decoding=\"async\" class=\"aligncenter wp-image-19566 size-large\" src=\"https:\/\/i0.wp.com\/politicosaldesnudo.com.mx\/wp-content\/uploads\/2023\/05\/P-FRONTERA-EU-MEXICO-2-1024x573.png?resize=800%2C448&#038;ssl=1\" alt=\"\" width=\"800\" height=\"448\" srcset=\"https:\/\/i0.wp.com\/politicosaldesnudo.com.mx\/wp-content\/uploads\/2023\/05\/P-FRONTERA-EU-MEXICO-2.png?resize=1024%2C573&amp;ssl=1 1024w, https:\/\/i0.wp.com\/politicosaldesnudo.com.mx\/wp-content\/uploads\/2023\/05\/P-FRONTERA-EU-MEXICO-2.png?resize=300%2C168&amp;ssl=1 300w, https:\/\/i0.wp.com\/politicosaldesnudo.com.mx\/wp-content\/uploads\/2023\/05\/P-FRONTERA-EU-MEXICO-2.png?resize=768%2C430&amp;ssl=1 768w, https:\/\/i0.wp.com\/politicosaldesnudo.com.mx\/wp-content\/uploads\/2023\/05\/P-FRONTERA-EU-MEXICO-2.png?resize=1536%2C859&amp;ssl=1 1536w, https:\/\/i0.wp.com\/politicosaldesnudo.com.mx\/wp-content\/uploads\/2023\/05\/P-FRONTERA-EU-MEXICO-2.png?w=1816&amp;ssl=1 1816w, https:\/\/i0.wp.com\/politicosaldesnudo.com.mx\/wp-content\/uploads\/2023\/05\/P-FRONTERA-EU-MEXICO-2.png?w=1600&amp;ssl=1 1600w\" sizes=\"auto, (max-width: 800px) 100vw, 800px\" \/><\/p>\n<p>&nbsp;<\/p>\n<p class=\"p1\"><span style=\"font-size: 18pt; color: #139eca;\"><strong>LLAMADA AMLO-BIDEN<\/strong><\/span><\/p>\n<p class=\"p1\"><span style=\"font-size: 18pt;\"><strong>Biden y el presidente Andr\u00e9s Manuel L\u00f3pez Obrador hablaron por tel\u00e9fono durante casi una hora este martes para tocar el tema de la frontera. Debido a que M\u00e9xico comparte una frontera de aproximadamente 3.140 kil\u00f3metros con Estados Unidos, es una pieza clave para el \u00e9xito de cualquier plan que Estados Unidos tenga para controlar la inmigraci\u00f3n en su frontera sur.<\/strong><\/span><\/p>\n<p class=\"p1\"><span style=\"font-size: 14pt;\">Los migrantes ya comenzaron a llegar. Unas 100 personas \u2014la mayor\u00eda procedentes de Colombia\u2014 cruzaron la frontera antes del amanecer del martes y caminaron casi dos horas a trav\u00e9s de remotas monta\u00f1as al este de San Diego hasta llegar a una meseta arenosa donde los vigilaban agentes de la Patrulla Fronteriza.<\/span><\/p>\n<p class=\"p1\"><span style=\"font-size: 18pt;\"><strong>Las leyes estadounidenses e internacionales otorgan a los migrantes el derecho a solicitar asilo. Pero Estados Unidos ha utilizado el T\u00edtulo 42 de una ley de salud p\u00fablica para realizar 2,8 millones de expulsiones de migrantes sin darles la posibilidad de pedir asilo desde marzo de 2020 con el argumento de evitar la propagaci\u00f3n del Covid19.<\/strong><\/span><\/p>\n<p class=\"p1\"><span style=\"font-size: 14pt;\">El gobierno de Biden ha dicho que est\u00e1 preparado para lidiar con lo que sea que ocurra luego de que se retiren las restricciones del T\u00edtulo 42, aunque tambi\u00e9n ha criticado en repetidas ocasiones al Congreso por no hacer cambios al sistema de inmigraci\u00f3n del pa\u00eds.<\/span><\/p>\n<p>&nbsp;<\/p>\n<blockquote>\n<p class=\"p1\"><span style=\"font-size: 14pt;\">Creemos que tenemos un proceso robusto para lidiar con lo que va a pasar luego de que se retire el T\u00edtulo 42. Nuevamente, estamos utilizando las herramientas que tenemos disponibles debido a que el Congreso se niega a hacer su trabajo en lo que se refiere a la frontera\u201d, se\u00f1al\u00f3 la secretaria de Prensa de la Casa Blanca, Karine Jean-Pierre<\/span><\/p>\n<\/blockquote>\n<p>&nbsp;<\/p>\n<p class=\"p1\"><span style=\"font-size: 14pt;\">El movimiento de soldados forma parte de las labores para aumentar la seguridad a lo largo de la frontera sur, pero los elementos tendr\u00e1n como actividad principal ayudar a vigilar la frontera, capturar datos y brindar apoyo, y \u201cno est\u00e1n all\u00ed en modo alguno para interactuar con los migrantes\u201d, afirm\u00f3 el general de brigada Pat Ryder, secretario de Prensa del Pent\u00e1gono.<\/span><\/p>\n<p>&nbsp;<\/p>\n","protected":false},"excerpt":{"rendered":"<p>&nbsp; WASHINGTON, EU. El presidente Joe Biden pronostic\u00f3 que la frontera entre Estados Unidos y M\u00e9xico ser\u00e1 \u201cca\u00f3tica durante alg\u00fan<\/p>\n","protected":false},"author":4,"featured_media":19565,"comment_status":"closed","ping_status":"closed","sticky":false,"template":"","format":"standard","meta":{"colormag_page_container_layout":"default_layout","colormag_page_sidebar_layout":"default_layout","_jetpack_memberships_contains_paid_content":false,"footnotes":"","jetpack_publicize_message":"","jetpack_publicize_feature_enabled":true,"jetpack_social_post_already_shared":false,"jetpack_social_options":{"image_generator_settings":{"template":"highway","default_image_id":0,"font":"","enabled":false},"version":2}},"categories":[28],"tags":[269,1807,81,42,54,400,573],"class_list":["post-19564","post","type-post","status-publish","format-standard","has-post-thumbnail","hentry","category-internacional","tag-estados-unidos","tag-frontera","tag-joe-biden","tag-mexico","tag-migrantes","tag-soldados","tag-titulo-42"],"jetpack_publicize_connections":[],"jetpack_featured_media_url":"https:\/\/i0.wp.com\/politicosaldesnudo.com.mx\/wp-content\/uploads\/2023\/05\/P-FRONTERA-EU-MEXICO-1.png?fit=1816%2C1016&ssl=1","jetpack-related-posts":[],"jetpack_sharing_enabled":true,"_links":{"self":[{"href":"https:\/\/politicosaldesnudo.com.mx\/index.php\/wp-json\/wp\/v2\/posts\/19564","targetHints":{"allow":["GET"]}}],"collection":[{"href":"https:\/\/politicosaldesnudo.com.mx\/index.php\/wp-json\/wp\/v2\/posts"}],"about":[{"href":"https:\/\/politicosaldesnudo.com.mx\/index.php\/wp-json\/wp\/v2\/types\/post"}],"author":[{"embeddable":true,"href":"https:\/\/politicosaldesnudo.com.mx\/index.php\/wp-json\/wp\/v2\/users\/4"}],"replies":[{"embeddable":true,"href":"https:\/\/politicosaldesnudo.com.mx\/index.php\/wp-json\/wp\/v2\/comments?post=19564"}],"version-history":[{"count":0,"href":"https:\/\/politicosaldesnudo.com.mx\/index.php\/wp-json\/wp\/v2\/posts\/19564\/revisions"}],"wp:featuredmedia":[{"embeddable":true,"href":"https:\/\/politicosaldesnudo.com.mx\/index.php\/wp-json\/wp\/v2\/media\/19565"}],"wp:attachment":[{"href":"https:\/\/politicosaldesnudo.com.mx\/index.php\/wp-json\/wp\/v2\/media?parent=19564"}],"wp:term":[{"taxonomy":"category","embeddable":true,"href":"https:\/\/politicosaldesnudo.com.mx\/index.php\/wp-json\/wp\/v2\/categories?post=19564"},{"taxonomy":"post_tag","embeddable":true,"href":"https:\/\/politicosaldesnudo.com.mx\/index.php\/wp-json\/wp\/v2\/tags?post=19564"}],"curies":[{"name":"wp","href":"https:\/\/api.w.org\/{rel}","templated":true}]}}