{"id":19578,"date":"2023-05-10T05:00:57","date_gmt":"2023-05-10T10:00:57","guid":{"rendered":"https:\/\/politicosaldesnudo.com.mx\/?p=19578"},"modified":"2023-05-12T07:47:35","modified_gmt":"2023-05-12T12:47:35","slug":"la-crisis-del-agua","status":"publish","type":"post","link":"https:\/\/politicosaldesnudo.com.mx\/index.php\/2023\/05\/10\/la-crisis-del-agua\/","title":{"rendered":"La crisis del agua"},"content":{"rendered":"<p>&nbsp;<\/p>\n<p><span style=\"font-size: 18pt;\"><strong>Por Aurelio Contreras Moreno<\/strong><\/span><\/p>\n<p><span style=\"font-weight: 400; font-size: 14pt;\">Mientras la clase pol\u00edtica se despedaza por tomar el poder \u2013y con ello se lleva al pa\u00eds entre las patas-, quienes tienen responsabilidades p\u00fablicas descuidan miserablemente aquello que es verdaderamente importante para el pueblo al que juran defender, como el acceso a servicios p\u00fablicos eficientes y dignos.<\/span><\/p>\n<p><span style=\"font-weight: 400; font-size: 14pt;\">En especial, el suministro de agua potable se ha convertido en un serio problema a nivel global, que en el estado de Veracruz se vuelve ca\u00f3tico cuando llega la temporada de estiaje y el l\u00edquido escasea de manera alarmante.<\/span><\/p>\n<p><span style=\"font-weight: 400; font-size: 14pt;\">Xalapa, la capital veracruzana, es una de las ciudades que m\u00e1s sufre en el estado por los problemas de abasto. En primer lugar, porque depende del agua que le llega de otras regiones -que incluso no son parte del territorio estatal- y que en m\u00e1s de una ocasi\u00f3n han chantajeado a los gobiernos municipales \u2013indistintamente del partido que est\u00e9 al frente- para que les doten de obras \u2013lo cual no les corresponde-, a cambio de no cerrar las v\u00e1lvulas que regulan el paso del agua hasta la ciudad.<\/span><\/p>\n<p><span style=\"font-weight: 400; font-size: 14pt;\">Pero no es el \u00fanico problema que ha hecho escasear el l\u00edquido en la capital. La nula planeaci\u00f3n urbana que permiti\u00f3 un crecimiento desordenado de la ciudad y ahora de su zona metropolitana, absorbiendo los cuerpos de agua naturales para un consumo residencial descontrolado, junto con la deforestaci\u00f3n y las consecuentes sequ\u00edas, han provocado un cambio en el clima que est\u00e1 llevando a Xalapa a una situaci\u00f3n de escasez delicada.<\/span><\/p>\n<p><span style=\"font-weight: 400; font-size: 14pt;\">Todav\u00eda hay quienes recordamos las \u00e9pocas en las que en Xalapa llov\u00eda la mayor parte del a\u00f1o y el clima era extremadamente h\u00famedo y bastante fr\u00edo. En la actualidad eso ha quedado reducido a ser una an\u00e9cdota hist\u00f3rica, pues hay momentos en que la temperatura llega a ser m\u00e1s alta que la del puerto de Veracruz al mismo tiempo, sin que caiga una gota de lluvia en semanas o meses. Y cuando al fin lo hace, causa grandes estragos por inundaciones, deslaves y derrumbes.<\/span><\/p>\n<p><span style=\"font-weight: 400; font-size: 14pt;\">Este a\u00f1o, el estiaje en Xalapa ha sido especialmente crudo. Hay colonias \u2013generalmente de la periferia, aunque tambi\u00e9n varias de las cercanas al centro de la capital- que tienen semanas sin que llegue una gota de agua a los hogares, lo que ya ha llevado a la poblaci\u00f3n a la necesidad de salir a protestar, a bloquear calles y a hacer saber a las autoridades que la situaci\u00f3n es insostenible.<\/span><\/p>\n<p><span style=\"font-weight: 400; font-size: 14pt;\">Lo m\u00e1s que hace el ayuntamiento es enviar pipas de la Comisi\u00f3n Municipal de Agua y Saneamiento a ciertas zonas para abastecer lo que alcance. Que no suele ser mucho. Fuera de eso, el gobierno municipal se limita a hacer tandeos y a pedirle a la poblaci\u00f3n, b\u00e1sicamente, que \u201caguante vara\u201d en lo que llega la temporada de lluvias.<\/span><\/p>\n<p><span style=\"font-weight: 400; font-size: 14pt;\">Sin embargo, ninguna administraci\u00f3n municipal, anterior o la actual, ha encontrado \u2013pensando en que verdaderamente la haya buscado- alguna soluci\u00f3n a un problema que no va sino a profundizarse en los a\u00f1os por venir, porque el agua potable es un bien cada vez m\u00e1s escaso. Y los m\u00e1s grandes conflictos sociales en el corto y mediano plazo tendr\u00e1n que ver con el acceso al l\u00edquido.<\/span><\/p>\n<p><span style=\"font-weight: 400; font-size: 14pt;\">Entre tanto, todos los pol\u00edticos est\u00e1n m\u00e1s pendientes de sus \u201cgrillas\u201d personales, del pr\u00f3ximo cargo al que piensan \u201cbrincar\u201d y algunos, irresponsables e incapaces, desperdician tiempo y recursos p\u00fablicos en hostigar y agredir a quienes no son sumisos ante sus arbitrariedades.<\/span><\/p>\n<p><span style=\"font-weight: 400; font-size: 14pt;\">La crisis del agua nos ha alcanzado ya. Y ciertamente no estamos preparados.<\/span><\/p>\n<p>&nbsp;<\/p>\n<p><span style=\"font-size: 18pt; color: #139eca;\"><strong>VIENTOS GOLPISTAS II<\/strong><\/span><\/p>\n<p><span style=\"font-weight: 400; font-size: 14pt;\">M\u00e1s all\u00e1 de las balandronadas y la demagogia que encierra toda la ret\u00f3rica del populismo obradorista, el conflicto que est\u00e1n provocando con sus agresiones a la Suprema Corte de Justicia ha escalado a un nivel insostenible.<\/span><\/p>\n<p><span style=\"font-size: 14pt;\"><span style=\"font-weight: 400;\">Y no se augura nada bueno. En el \u201cmanifiesto\u201d que ley\u00f3 el gobernador Cuitl\u00e1huac Garc\u00eda este martes para reiterar el llamado a asediar la sede de la Corte el pr\u00f3ximo 20 de mayo, acus\u00f3 temerariamente que <\/span><span style=\"font-weight: 400;\">con la anulaci\u00f3n de una parte del \u201cPlan B\u201d de reforma electoral \u201cse ratific\u00f3 que la mayor\u00eda de ministras y ministros renunci\u00f3 a su mandato leg\u00edtimo y constitucional traicionando su juramento\u201d.<\/span><\/span><\/p>\n<p><span style=\"font-weight: 400; font-size: 14pt;\">Ese sesgo forma parte del guion que los voceros oficiosos de la \u201c4t\u201d est\u00e1n gritoneando. De eso a darle un golpe al Poder Judicial y desconocerlo, dando paso a una tiran\u00eda pura y dura, la distancia es milim\u00e9trica.\u00a0<\/span><\/p>\n<p>&nbsp;<\/p>\n<hr \/>\n<p>&nbsp;<\/p>\n<p class=\"p1\"><span style=\"font-size: 18pt;\"><strong>Correo: <a href=\"mailto:aureliocontreras@gmail.com\">aureliocontreras@gmail.com<\/a><\/strong><\/span><\/p>\n<p class=\"p1\"><span style=\"font-size: 18pt;\"><strong>Twitter: <a href=\"http:\/\/www.twitter.com\/yeyocontreras\">@yeyocontreras<\/a><\/strong><\/span><\/p>\n<p>&nbsp;<\/p>\n<p><img data-recalc-dims=\"1\" loading=\"lazy\" decoding=\"async\" class=\"aligncenter wp-image-14351\" src=\"https:\/\/i0.wp.com\/politicosaldesnudo.com.mx\/wp-content\/uploads\/2023\/01\/FIRMA-EDITORIAL-PD-300x37.png?resize=800%2C98&#038;ssl=1\" alt=\"\" width=\"800\" height=\"98\" srcset=\"https:\/\/i0.wp.com\/politicosaldesnudo.com.mx\/wp-content\/uploads\/2023\/01\/FIRMA-EDITORIAL-PD.png?resize=300%2C37&amp;ssl=1 300w, https:\/\/i0.wp.com\/politicosaldesnudo.com.mx\/wp-content\/uploads\/2023\/01\/FIRMA-EDITORIAL-PD.png?resize=1024%2C125&amp;ssl=1 1024w, https:\/\/i0.wp.com\/politicosaldesnudo.com.mx\/wp-content\/uploads\/2023\/01\/FIRMA-EDITORIAL-PD.png?resize=768%2C94&amp;ssl=1 768w, https:\/\/i0.wp.com\/politicosaldesnudo.com.mx\/wp-content\/uploads\/2023\/01\/FIRMA-EDITORIAL-PD.png?resize=1536%2C188&amp;ssl=1 1536w, https:\/\/i0.wp.com\/politicosaldesnudo.com.mx\/wp-content\/uploads\/2023\/01\/FIRMA-EDITORIAL-PD.png?resize=2048%2C250&amp;ssl=1 2048w, https:\/\/i0.wp.com\/politicosaldesnudo.com.mx\/wp-content\/uploads\/2023\/01\/FIRMA-EDITORIAL-PD.png?w=1600&amp;ssl=1 1600w, https:\/\/i0.wp.com\/politicosaldesnudo.com.mx\/wp-content\/uploads\/2023\/01\/FIRMA-EDITORIAL-PD.png?w=2400&amp;ssl=1 2400w\" sizes=\"auto, (max-width: 800px) 100vw, 800px\" \/><\/p>\n<p>&nbsp;<\/p>\n<p>&nbsp;<\/p>\n","protected":false},"excerpt":{"rendered":"<p>&nbsp; Por Aurelio Contreras Moreno Mientras la clase pol\u00edtica se despedaza por tomar el poder \u2013y con ello se lleva<\/p>\n","protected":false},"author":4,"featured_media":4397,"comment_status":"closed","ping_status":"closed","sticky":false,"template":"","format":"standard","meta":{"colormag_page_container_layout":"default_layout","colormag_page_sidebar_layout":"default_layout","_jetpack_memberships_contains_paid_content":false,"footnotes":"","jetpack_publicize_message":"","jetpack_publicize_feature_enabled":true,"jetpack_social_post_already_shared":false,"jetpack_social_options":{"image_generator_settings":{"template":"highway","default_image_id":0,"font":"","enabled":false},"version":2}},"categories":[26],"tags":[],"class_list":["post-19578","post","type-post","status-publish","format-standard","has-post-thumbnail","hentry","category-columnistas"],"jetpack_publicize_connections":[],"jetpack_featured_media_url":"https:\/\/i0.wp.com\/politicosaldesnudo.com.mx\/wp-content\/uploads\/2022\/04\/AURELIO-CONTRERAS-MORENO-1.png?fit=1816%2C1016&ssl=1","jetpack-related-posts":[],"jetpack_sharing_enabled":true,"_links":{"self":[{"href":"https:\/\/politicosaldesnudo.com.mx\/index.php\/wp-json\/wp\/v2\/posts\/19578","targetHints":{"allow":["GET"]}}],"collection":[{"href":"https:\/\/politicosaldesnudo.com.mx\/index.php\/wp-json\/wp\/v2\/posts"}],"about":[{"href":"https:\/\/politicosaldesnudo.com.mx\/index.php\/wp-json\/wp\/v2\/types\/post"}],"author":[{"embeddable":true,"href":"https:\/\/politicosaldesnudo.com.mx\/index.php\/wp-json\/wp\/v2\/users\/4"}],"replies":[{"embeddable":true,"href":"https:\/\/politicosaldesnudo.com.mx\/index.php\/wp-json\/wp\/v2\/comments?post=19578"}],"version-history":[{"count":0,"href":"https:\/\/politicosaldesnudo.com.mx\/index.php\/wp-json\/wp\/v2\/posts\/19578\/revisions"}],"wp:featuredmedia":[{"embeddable":true,"href":"https:\/\/politicosaldesnudo.com.mx\/index.php\/wp-json\/wp\/v2\/media\/4397"}],"wp:attachment":[{"href":"https:\/\/politicosaldesnudo.com.mx\/index.php\/wp-json\/wp\/v2\/media?parent=19578"}],"wp:term":[{"taxonomy":"category","embeddable":true,"href":"https:\/\/politicosaldesnudo.com.mx\/index.php\/wp-json\/wp\/v2\/categories?post=19578"},{"taxonomy":"post_tag","embeddable":true,"href":"https:\/\/politicosaldesnudo.com.mx\/index.php\/wp-json\/wp\/v2\/tags?post=19578"}],"curies":[{"name":"wp","href":"https:\/\/api.w.org\/{rel}","templated":true}]}}