{"id":19640,"date":"2023-05-11T13:16:28","date_gmt":"2023-05-11T18:16:28","guid":{"rendered":"https:\/\/politicosaldesnudo.com.mx\/?p=19640"},"modified":"2023-05-11T13:16:54","modified_gmt":"2023-05-11T18:16:54","slug":"anuncia-fgr-inicio-de-operaciones-del-banco-nacional-de-datos-forenses","status":"publish","type":"post","link":"https:\/\/politicosaldesnudo.com.mx\/index.php\/2023\/05\/11\/anuncia-fgr-inicio-de-operaciones-del-banco-nacional-de-datos-forenses\/","title":{"rendered":"Anuncia FGR inicio de operaciones del Banco Nacional de Datos Forenses\u00a0"},"content":{"rendered":"<p>&nbsp;<\/p>\n<p class=\"p1\"><span style=\"font-size: 14pt;\"><em><strong>CIUDAD DE M\u00c9XICO.<\/strong> <\/em>La <strong>Fiscal\u00eda General de la Rep\u00fablica<\/strong> (FGR) inform\u00f3 del inicio del <strong>Banco Nacional de Datos Forenses<\/strong>, que entrar\u00e1 en operaci\u00f3n en el pa\u00eds a partir del 29 de mayo.<span class=\"Apple-converted-space\">\u00a0<\/span><\/span><\/p>\n<p class=\"p1\"><span style=\"font-size: 14pt;\">El Banco Nacional de Datos Forenses contempla la integraci\u00f3n y operaci\u00f3n del Registro Nacional de Personas Fallecidas No Identificadas y No Reclamadas.<\/span><\/p>\n<p class=\"p1\"><span style=\"font-size: 14pt;\">A trav\u00e9s del Aviso General publicado en el Diario Oficial de la Federaci\u00f3n (DOF) da a conocer la fecha de inicio de operaci\u00f3n del Banco Nacional de Datos Forenses y del Registro Nacional de Personas Fallecidas No Identificadas y No Reclamadas, el cual se integra por la interconexi\u00f3n gradual de otras bases de datos, registros y sistemas tanto federales como estatales.<\/span><\/p>\n<p class=\"p1\"><span style=\"font-size: 18pt;\"><strong>Seg\u00fan informaci\u00f3n de la FGR el Banco Nacional de Datos Forenses integrar\u00e1 la informaci\u00f3n del Registro Nacional de Fosas Comunes y de Fosas Clandestinas, del Registro Forense Federal, de la Base Nacional de Informaci\u00f3n Gen\u00e9tica, del Registro Nacional de Detenciones, del Registro Nacional del Delito de Tortura, y de los Registros de Antecedentes Criminales.<\/strong><\/span><\/p>\n<p class=\"p1\"><span style=\"font-size: 14pt;\">Asimismo, este Banco de Datos Forenses integrar\u00e1 la informaci\u00f3n del Sistema Nacional de Informaci\u00f3n Nominal, del Sistema Autom\u00e1tico de Identificaci\u00f3n de Locutores, del Sistema de Identificaci\u00f3n de Huellas Dactilares (AFIS), Alerta Amber y el Registro Nacional de Personas Desaparecidas y No Localizadas.<\/span><\/p>\n<p class=\"p1\"><span style=\"font-size: 18pt;\"><strong>Toda esta informaci\u00f3n estar\u00e1 conectada entre las fiscal\u00edas estatales, el aviso estipula que se buscar\u00e1 agregar toda la \u201cinformaci\u00f3n forense y gen\u00e9tica relevante para la b\u00fasqueda, localizaci\u00f3n e identificaci\u00f3n de una Persona Desaparecida o No Localizada\u201d.<\/strong><\/span><\/p>\n<p>&nbsp;<\/p>\n<p>&nbsp;<\/p>\n","protected":false},"excerpt":{"rendered":"<p>&nbsp; CIUDAD DE M\u00c9XICO. La Fiscal\u00eda General de la Rep\u00fablica (FGR) inform\u00f3 del inicio del Banco Nacional de Datos Forenses,<\/p>\n","protected":false},"author":4,"featured_media":19642,"comment_status":"closed","ping_status":"closed","sticky":false,"template":"","format":"standard","meta":{"colormag_page_container_layout":"default_layout","colormag_page_sidebar_layout":"default_layout","_jetpack_memberships_contains_paid_content":false,"footnotes":"","jetpack_publicize_message":"","jetpack_publicize_feature_enabled":true,"jetpack_social_post_already_shared":false,"jetpack_social_options":{"image_generator_settings":{"template":"highway","default_image_id":0,"font":"","enabled":false},"version":2}},"categories":[33],"tags":[2664,985,2665,2667,2666],"class_list":["post-19640","post","type-post","status-publish","format-standard","has-post-thumbnail","hentry","category-nacional","tag-banco-nacional-de-datos-forenses","tag-fgr","tag-forenses","tag-personas-desaparecidas","tag-personas-fallecidas"],"jetpack_publicize_connections":[],"jetpack_featured_media_url":"https:\/\/i0.wp.com\/politicosaldesnudo.com.mx\/wp-content\/uploads\/2023\/05\/P-FORENSE-2.png?fit=1816%2C1016&ssl=1","jetpack-related-posts":[],"jetpack_sharing_enabled":true,"_links":{"self":[{"href":"https:\/\/politicosaldesnudo.com.mx\/index.php\/wp-json\/wp\/v2\/posts\/19640","targetHints":{"allow":["GET"]}}],"collection":[{"href":"https:\/\/politicosaldesnudo.com.mx\/index.php\/wp-json\/wp\/v2\/posts"}],"about":[{"href":"https:\/\/politicosaldesnudo.com.mx\/index.php\/wp-json\/wp\/v2\/types\/post"}],"author":[{"embeddable":true,"href":"https:\/\/politicosaldesnudo.com.mx\/index.php\/wp-json\/wp\/v2\/users\/4"}],"replies":[{"embeddable":true,"href":"https:\/\/politicosaldesnudo.com.mx\/index.php\/wp-json\/wp\/v2\/comments?post=19640"}],"version-history":[{"count":0,"href":"https:\/\/politicosaldesnudo.com.mx\/index.php\/wp-json\/wp\/v2\/posts\/19640\/revisions"}],"wp:featuredmedia":[{"embeddable":true,"href":"https:\/\/politicosaldesnudo.com.mx\/index.php\/wp-json\/wp\/v2\/media\/19642"}],"wp:attachment":[{"href":"https:\/\/politicosaldesnudo.com.mx\/index.php\/wp-json\/wp\/v2\/media?parent=19640"}],"wp:term":[{"taxonomy":"category","embeddable":true,"href":"https:\/\/politicosaldesnudo.com.mx\/index.php\/wp-json\/wp\/v2\/categories?post=19640"},{"taxonomy":"post_tag","embeddable":true,"href":"https:\/\/politicosaldesnudo.com.mx\/index.php\/wp-json\/wp\/v2\/tags?post=19640"}],"curies":[{"name":"wp","href":"https:\/\/api.w.org\/{rel}","templated":true}]}}