{"id":19732,"date":"2023-05-13T19:06:48","date_gmt":"2023-05-14T00:06:48","guid":{"rendered":"https:\/\/politicosaldesnudo.com.mx\/?p=19732"},"modified":"2023-05-13T19:06:55","modified_gmt":"2023-05-14T00:06:55","slug":"papa-francisco-y-zelensky-se-reunen-vaticano-se-involucra-en-mision-de-paz","status":"publish","type":"post","link":"https:\/\/politicosaldesnudo.com.mx\/index.php\/2023\/05\/13\/papa-francisco-y-zelensky-se-reunen-vaticano-se-involucra-en-mision-de-paz\/","title":{"rendered":"Papa Francisco y Zelensky se re\u00fanen, vaticano se involucra en misi\u00f3n de paz"},"content":{"rendered":"<p>&nbsp;<\/p>\n<p class=\"p1\"><span style=\"font-size: 14pt;\"><em><strong>ROMA, ITALIA.<\/strong> <\/em>El presidente de Ucrania, Volodymyr Zelenskyy, sostuvo conversaciones privadas con el papa Francisco en el Vaticano el s\u00e1bado y luego dijo que busc\u00f3 el apoyo del pont\u00edfice para el plan de paz de Ucrania, quien en el pasado se ofreci\u00f3 a tratar de ayudar a poner fin a la guerra a gran escala. lanzado por Rusia hace un a\u00f1o.<\/span><\/p>\n<p class=\"p1\"><span style=\"font-size: 14pt;\">Zelenskyy se llev\u00f3 la mano al coraz\u00f3n y dijo que era un \u201cgran honor\u201d reunirse con el Papa.\u00a0Francisco, usando un bast\u00f3n para su problema de rodilla, fue a saludar al presidente ucraniano antes de llevarlo a un estudio papal cerca de la sala de audiencias del Vaticano.<\/span><\/p>\n<p class=\"p1\"><span style=\"font-size: 18pt;\"><strong>En un tuit despu\u00e9s de la audiencia de 40 minutos, Zelenskyy expres\u00f3 su agradecimiento a Francisco por \u201csu atenci\u00f3n personal a la tragedia de millones de ucranianos\u201d.\u00a0Dijo que habl\u00f3 con el pont\u00edfice \u201csobre las decenas de miles de ni\u00f1os (ucranianos) deportados.\u00a0Debemos hacer todo lo posible para devolverlos a casa\u201d.<\/strong><\/span><\/p>\n<p class=\"p1\"><span style=\"font-size: 14pt;\">El mes pasado, el primer ministro de Ucrania, Denys Shmyhal,\u00a0le pidi\u00f3 al Papa\u00a0que ayudara a que los ni\u00f1os de Rusia regresaran a Ucrania.\u00a0Pero la declaraci\u00f3n del Vaticano el s\u00e1bado no mencion\u00f3 la solicitud.<\/span><\/p>\n<p class=\"p1\"><span style=\"font-size: 18pt;\"><strong>En cambio, el Vaticano dijo que los dos hombres hablaron sobre la \u201csituaci\u00f3n pol\u00edtica y humanitaria de Ucrania provocada por la guerra en curso\u201d.<\/strong><\/span><\/p>\n<p>&nbsp;<\/p>\n<blockquote>\n<p class=\"p1\"><span style=\"font-size: 14pt;\">El Papa asegur\u00f3 su oraci\u00f3n constante, testimoniada por sus numerosos llamamientos p\u00fablicos y por su continua invocaci\u00f3n del Se\u00f1or por la paz, desde febrero del a\u00f1o pasado\u201d, dijo el Vaticano, en referencia a la invasi\u00f3n rusa que comenz\u00f3 el 24 de febrero. 2022.<\/span><\/p>\n<\/blockquote>\n<p>&nbsp;<\/p>\n<p class=\"p1\"><span style=\"font-size: 18pt;\"><strong>A fines de abril,\u00a0el papa Francisco dijo a los periodistas\u00a0que el Vaticano estaba involucrado en una misi\u00f3n de paz entre bastidores, pero no dio detalles.\u00a0Ni Rusia ni Ucrania han confirmado tal iniciativa.<\/strong><\/span><\/p>\n<p class=\"p1\"><span style=\"font-size: 14pt;\">Ha dicho que le gustar\u00eda ir a Kiev, la capital de Ucrania, si esa visita pudiera combinarse con una a Mosc\u00fa, con la esperanza de que una peregrinaci\u00f3n papal pueda promover la causa de la paz.<\/span><\/p>\n<p>&nbsp;<\/p>\n<p>&nbsp;<\/p>\n<p>&nbsp;<\/p>\n<p>&nbsp;<\/p>\n","protected":false},"excerpt":{"rendered":"<p>&nbsp; ROMA, ITALIA. El presidente de Ucrania, Volodymyr Zelenskyy, sostuvo conversaciones privadas con el papa Francisco en el Vaticano el [&hellip;]<\/p>\n","protected":false},"author":4,"featured_media":19729,"comment_status":"closed","ping_status":"closed","sticky":false,"template":"","format":"standard","meta":{"site-sidebar-layout":"default","site-content-layout":"","ast-site-content-layout":"default","site-content-style":"default","site-sidebar-style":"default","ast-global-header-display":"","ast-banner-title-visibility":"","ast-main-header-display":"","ast-hfb-above-header-display":"","ast-hfb-below-header-display":"","ast-hfb-mobile-header-display":"","site-post-title":"","ast-breadcrumbs-content":"","ast-featured-img":"","footer-sml-layout":"","ast-disable-related-posts":"","theme-transparent-header-meta":"","adv-header-id-meta":"","stick-header-meta":"","header-above-stick-meta":"","header-main-stick-meta":"","header-below-stick-meta":"","astra-migrate-meta-layouts":"default","ast-page-background-enabled":"default","ast-page-background-meta":{"desktop":{"background-color":"var(--ast-global-color-5)","background-image":"","background-repeat":"repeat","background-position":"center center","background-size":"auto","background-attachment":"scroll","background-type":"","background-media":"","overlay-type":"","overlay-color":"","overlay-opacity":"","overlay-gradient":""},"tablet":{"background-color":"","background-image":"","background-repeat":"repeat","background-position":"center center","background-size":"auto","background-attachment":"scroll","background-type":"","background-media":"","overlay-type":"","overlay-color":"","overlay-opacity":"","overlay-gradient":""},"mobile":{"background-color":"","background-image":"","background-repeat":"repeat","background-position":"center center","background-size":"auto","background-attachment":"scroll","background-type":"","background-media":"","overlay-type":"","overlay-color":"","overlay-opacity":"","overlay-gradient":""}},"ast-content-background-meta":{"desktop":{"background-color":"var(--ast-global-color-4)","background-image":"","background-repeat":"repeat","background-position":"center center","background-size":"auto","background-attachment":"scroll","background-type":"","background-media":"","overlay-type":"","overlay-color":"","overlay-opacity":"","overlay-gradient":""},"tablet":{"background-color":"var(--ast-global-color-4)","background-image":"","background-repeat":"repeat","background-position":"center center","background-size":"auto","background-attachment":"scroll","background-type":"","background-media":"","overlay-type":"","overlay-color":"","overlay-opacity":"","overlay-gradient":""},"mobile":{"background-color":"var(--ast-global-color-4)","background-image":"","background-repeat":"repeat","background-position":"center center","background-size":"auto","background-attachment":"scroll","background-type":"","background-media":"","overlay-type":"","overlay-color":"","overlay-opacity":"","overlay-gradient":""}},"_jetpack_newsletter_access":"","_jetpack_dont_email_post_to_subs":false,"_jetpack_newsletter_tier_id":0,"_jetpack_memberships_contains_paywalled_content":false,"_jetpack_feature_clip_id":0,"_jetpack_memberships_contains_paid_content":false,"footnotes":"","jetpack_publicize_message":"","jetpack_publicize_feature_enabled":true,"jetpack_social_post_already_shared":false,"jetpack_social_options":{"image_generator_settings":{"template":"highway","default_image_id":0,"font":"","enabled":false},"version":2},"jetpack_post_was_ever_published":false},"categories":[28],"tags":[259,144,74,399,260],"class_list":["post-19732","post","type-post","status-publish","format-standard","has-post-thumbnail","hentry","category-internacional","tag-papa-francisco","tag-paz","tag-rusia","tag-ucrania","tag-vaticano"],"yoast_head":"<!-- This site is optimized with the Yoast SEO plugin v28.3 - https:\/\/yoast.com\/product\/yoast-seo-wordpress\/ -->\n<title>Papa Francisco y Zelensky se re\u00fanen, vaticano se involucra en misi\u00f3n de paz - Pol\u00edticos al Desnudo<\/title>\n<meta name=\"robots\" content=\"index, follow, max-snippet:-1, max-image-preview:large, max-video-preview:-1\" \/>\n<link rel=\"canonical\" href=\"https:\/\/politicosaldesnudo.com.mx\/index.php\/2023\/05\/13\/papa-francisco-y-zelensky-se-reunen-vaticano-se-involucra-en-mision-de-paz\/\" \/>\n<meta property=\"og:locale\" content=\"es_ES\" \/>\n<meta property=\"og:type\" content=\"article\" \/>\n<meta property=\"og:title\" content=\"Papa Francisco y Zelensky se re\u00fanen, vaticano se involucra en misi\u00f3n de paz - Pol\u00edticos al Desnudo\" \/>\n<meta property=\"og:description\" content=\"&nbsp; ROMA, ITALIA. El presidente de Ucrania, Volodymyr Zelenskyy, sostuvo conversaciones privadas con el papa Francisco en el Vaticano el [&hellip;]\" \/>\n<meta property=\"og:url\" content=\"https:\/\/politicosaldesnudo.com.mx\/index.php\/2023\/05\/13\/papa-francisco-y-zelensky-se-reunen-vaticano-se-involucra-en-mision-de-paz\/\" \/>\n<meta property=\"og:site_name\" content=\"Pol\u00edticos al Desnudo\" \/>\n<meta property=\"article:publisher\" content=\"https:\/\/www.facebook.com\/PoliticosAD\" \/>\n<meta property=\"article:published_time\" content=\"2023-05-14T00:06:48+00:00\" \/>\n<meta property=\"article:modified_time\" content=\"2023-05-14T00:06:55+00:00\" \/>\n<meta property=\"og:image\" content=\"https:\/\/i0.wp.com\/politicosaldesnudo.com.mx\/wp-content\/uploads\/2023\/05\/P-PAPA-UCRANIA.png?fit=1816%2C1016&ssl=1\" \/>\n\t<meta property=\"og:image:width\" content=\"1816\" \/>\n\t<meta property=\"og:image:height\" content=\"1016\" \/>\n\t<meta property=\"og:image:type\" content=\"image\/png\" \/>\n<meta name=\"author\" content=\"Redacci\u00f3n Pol\u00edticos\" \/>\n<meta name=\"twitter:card\" content=\"summary_large_image\" \/>\n<meta name=\"twitter:label1\" content=\"Escrito por\" \/>\n\t<meta name=\"twitter:data1\" content=\"Redacci\u00f3n Pol\u00edticos\" \/>\n\t<meta name=\"twitter:label2\" content=\"Tiempo de lectura\" \/>\n\t<meta name=\"twitter:data2\" content=\"2 minutos\" \/>\n<script type=\"application\/ld+json\" class=\"yoast-schema-graph\">{\"@context\":\"https:\\\/\\\/schema.org\",\"@graph\":[{\"@type\":\"Article\",\"@id\":\"https:\\\/\\\/politicosaldesnudo.com.mx\\\/index.php\\\/2023\\\/05\\\/13\\\/papa-francisco-y-zelensky-se-reunen-vaticano-se-involucra-en-mision-de-paz\\\/#article\",\"isPartOf\":{\"@id\":\"https:\\\/\\\/politicosaldesnudo.com.mx\\\/index.php\\\/2023\\\/05\\\/13\\\/papa-francisco-y-zelensky-se-reunen-vaticano-se-involucra-en-mision-de-paz\\\/\"},\"author\":{\"name\":\"Redacci\u00f3n Pol\u00edticos\",\"@id\":\"https:\\\/\\\/politicosaldesnudo.com.mx\\\/#\\\/schema\\\/person\\\/ef3a64e561cc3f3f5dc52fab81adde7e\"},\"headline\":\"Papa Francisco y Zelensky se re\u00fanen, vaticano se involucra en misi\u00f3n de paz\",\"datePublished\":\"2023-05-14T00:06:48+00:00\",\"dateModified\":\"2023-05-14T00:06:55+00:00\",\"mainEntityOfPage\":{\"@id\":\"https:\\\/\\\/politicosaldesnudo.com.mx\\\/index.php\\\/2023\\\/05\\\/13\\\/papa-francisco-y-zelensky-se-reunen-vaticano-se-involucra-en-mision-de-paz\\\/\"},\"wordCount\":376,\"publisher\":{\"@id\":\"https:\\\/\\\/politicosaldesnudo.com.mx\\\/#organization\"},\"image\":{\"@id\":\"https:\\\/\\\/politicosaldesnudo.com.mx\\\/index.php\\\/2023\\\/05\\\/13\\\/papa-francisco-y-zelensky-se-reunen-vaticano-se-involucra-en-mision-de-paz\\\/#primaryimage\"},\"thumbnailUrl\":\"https:\\\/\\\/i0.wp.com\\\/politicosaldesnudo.com.mx\\\/wp-content\\\/uploads\\\/2023\\\/05\\\/P-PAPA-UCRANIA.png?fit=1816%2C1016&ssl=1\",\"keywords\":[\"PAPA FRANCISCO\",\"PAZ\",\"RUSIA\",\"UCRANIA\",\"VATICANO\"],\"articleSection\":[\"INTERNACIONAL\"],\"inLanguage\":\"es\"},{\"@type\":\"WebPage\",\"@id\":\"https:\\\/\\\/politicosaldesnudo.com.mx\\\/index.php\\\/2023\\\/05\\\/13\\\/papa-francisco-y-zelensky-se-reunen-vaticano-se-involucra-en-mision-de-paz\\\/\",\"url\":\"https:\\\/\\\/politicosaldesnudo.com.mx\\\/index.php\\\/2023\\\/05\\\/13\\\/papa-francisco-y-zelensky-se-reunen-vaticano-se-involucra-en-mision-de-paz\\\/\",\"name\":\"Papa Francisco y Zelensky se re\u00fanen, vaticano se involucra en misi\u00f3n de paz - Pol\u00edticos al Desnudo\",\"isPartOf\":{\"@id\":\"https:\\\/\\\/politicosaldesnudo.com.mx\\\/#website\"},\"primaryImageOfPage\":{\"@id\":\"https:\\\/\\\/politicosaldesnudo.com.mx\\\/index.php\\\/2023\\\/05\\\/13\\\/papa-francisco-y-zelensky-se-reunen-vaticano-se-involucra-en-mision-de-paz\\\/#primaryimage\"},\"image\":{\"@id\":\"https:\\\/\\\/politicosaldesnudo.com.mx\\\/index.php\\\/2023\\\/05\\\/13\\\/papa-francisco-y-zelensky-se-reunen-vaticano-se-involucra-en-mision-de-paz\\\/#primaryimage\"},\"thumbnailUrl\":\"https:\\\/\\\/i0.wp.com\\\/politicosaldesnudo.com.mx\\\/wp-content\\\/uploads\\\/2023\\\/05\\\/P-PAPA-UCRANIA.png?fit=1816%2C1016&ssl=1\",\"datePublished\":\"2023-05-14T00:06:48+00:00\",\"dateModified\":\"2023-05-14T00:06:55+00:00\",\"breadcrumb\":{\"@id\":\"https:\\\/\\\/politicosaldesnudo.com.mx\\\/index.php\\\/2023\\\/05\\\/13\\\/papa-francisco-y-zelensky-se-reunen-vaticano-se-involucra-en-mision-de-paz\\\/#breadcrumb\"},\"inLanguage\":\"es\",\"potentialAction\":[{\"@type\":\"ReadAction\",\"target\":[\"https:\\\/\\\/politicosaldesnudo.com.mx\\\/index.php\\\/2023\\\/05\\\/13\\\/papa-francisco-y-zelensky-se-reunen-vaticano-se-involucra-en-mision-de-paz\\\/\"]}]},{\"@type\":\"ImageObject\",\"inLanguage\":\"es\",\"@id\":\"https:\\\/\\\/politicosaldesnudo.com.mx\\\/index.php\\\/2023\\\/05\\\/13\\\/papa-francisco-y-zelensky-se-reunen-vaticano-se-involucra-en-mision-de-paz\\\/#primaryimage\",\"url\":\"https:\\\/\\\/i0.wp.com\\\/politicosaldesnudo.com.mx\\\/wp-content\\\/uploads\\\/2023\\\/05\\\/P-PAPA-UCRANIA.png?fit=1816%2C1016&ssl=1\",\"contentUrl\":\"https:\\\/\\\/i0.wp.com\\\/politicosaldesnudo.com.mx\\\/wp-content\\\/uploads\\\/2023\\\/05\\\/P-PAPA-UCRANIA.png?fit=1816%2C1016&ssl=1\",\"width\":1816,\"height\":1016},{\"@type\":\"BreadcrumbList\",\"@id\":\"https:\\\/\\\/politicosaldesnudo.com.mx\\\/index.php\\\/2023\\\/05\\\/13\\\/papa-francisco-y-zelensky-se-reunen-vaticano-se-involucra-en-mision-de-paz\\\/#breadcrumb\",\"itemListElement\":[{\"@type\":\"ListItem\",\"position\":1,\"name\":\"Portada\",\"item\":\"https:\\\/\\\/politicosaldesnudo.com.mx\\\/\"},{\"@type\":\"ListItem\",\"position\":2,\"name\":\"Papa Francisco y Zelensky se re\u00fanen, vaticano se involucra en misi\u00f3n de paz\"}]},{\"@type\":\"WebSite\",\"@id\":\"https:\\\/\\\/politicosaldesnudo.com.mx\\\/#website\",\"url\":\"https:\\\/\\\/politicosaldesnudo.com.mx\\\/\",\"name\":\"Pol\u00edticos al Desnudo\",\"description\":\"\",\"publisher\":{\"@id\":\"https:\\\/\\\/politicosaldesnudo.com.mx\\\/#organization\"},\"potentialAction\":[{\"@type\":\"SearchAction\",\"target\":{\"@type\":\"EntryPoint\",\"urlTemplate\":\"https:\\\/\\\/politicosaldesnudo.com.mx\\\/?s={search_term_string}\"},\"query-input\":{\"@type\":\"PropertyValueSpecification\",\"valueRequired\":true,\"valueName\":\"search_term_string\"}}],\"inLanguage\":\"es\"},{\"@type\":\"Organization\",\"@id\":\"https:\\\/\\\/politicosaldesnudo.com.mx\\\/#organization\",\"name\":\"Pol\u00edticos al Desnudo\",\"url\":\"https:\\\/\\\/politicosaldesnudo.com.mx\\\/\",\"logo\":{\"@type\":\"ImageObject\",\"inLanguage\":\"es\",\"@id\":\"https:\\\/\\\/politicosaldesnudo.com.mx\\\/#\\\/schema\\\/logo\\\/image\\\/\",\"url\":\"https:\\\/\\\/i0.wp.com\\\/politicosaldesnudo.com.mx\\\/wp-content\\\/uploads\\\/2026\\\/08\\\/cropped-logo.webp?fit=400%2C126&ssl=1\",\"contentUrl\":\"https:\\\/\\\/i0.wp.com\\\/politicosaldesnudo.com.mx\\\/wp-content\\\/uploads\\\/2026\\\/08\\\/cropped-logo.webp?fit=400%2C126&ssl=1\",\"width\":400,\"height\":126,\"caption\":\"Pol\u00edticos al Desnudo\"},\"image\":{\"@id\":\"https:\\\/\\\/politicosaldesnudo.com.mx\\\/#\\\/schema\\\/logo\\\/image\\\/\"},\"sameAs\":[\"https:\\\/\\\/www.facebook.com\\\/PoliticosAD\"]},{\"@type\":\"Person\",\"@id\":\"https:\\\/\\\/politicosaldesnudo.com.mx\\\/#\\\/schema\\\/person\\\/ef3a64e561cc3f3f5dc52fab81adde7e\",\"name\":\"Redacci\u00f3n Pol\u00edticos\",\"url\":\"https:\\\/\\\/politicosaldesnudo.com.mx\\\/index.php\\\/author\\\/redaccion-politicos\\\/\"}]}<\/script>\n<!-- \/ Yoast SEO plugin. -->","yoast_head_json":{"title":"Papa Francisco y Zelensky se re\u00fanen, vaticano se involucra en misi\u00f3n de paz - Pol\u00edticos al Desnudo","robots":{"index":"index","follow":"follow","max-snippet":"max-snippet:-1","max-image-preview":"max-image-preview:large","max-video-preview":"max-video-preview:-1"},"canonical":"https:\/\/politicosaldesnudo.com.mx\/index.php\/2023\/05\/13\/papa-francisco-y-zelensky-se-reunen-vaticano-se-involucra-en-mision-de-paz\/","og_locale":"es_ES","og_type":"article","og_title":"Papa Francisco y Zelensky se re\u00fanen, vaticano se involucra en misi\u00f3n de paz - Pol\u00edticos al Desnudo","og_description":"&nbsp; ROMA, ITALIA. El presidente de Ucrania, Volodymyr Zelenskyy, sostuvo conversaciones privadas con el papa Francisco en el Vaticano el [&hellip;]","og_url":"https:\/\/politicosaldesnudo.com.mx\/index.php\/2023\/05\/13\/papa-francisco-y-zelensky-se-reunen-vaticano-se-involucra-en-mision-de-paz\/","og_site_name":"Pol\u00edticos al Desnudo","article_publisher":"https:\/\/www.facebook.com\/PoliticosAD","article_published_time":"2023-05-14T00:06:48+00:00","article_modified_time":"2023-05-14T00:06:55+00:00","og_image":[{"width":1816,"height":1016,"url":"https:\/\/i0.wp.com\/politicosaldesnudo.com.mx\/wp-content\/uploads\/2023\/05\/P-PAPA-UCRANIA.png?fit=1816%2C1016&ssl=1","type":"image\/png"}],"author":"Redacci\u00f3n Pol\u00edticos","twitter_card":"summary_large_image","twitter_misc":{"Escrito por":"Redacci\u00f3n Pol\u00edticos","Tiempo de lectura":"2 minutos"},"schema":{"@context":"https:\/\/schema.org","@graph":[{"@type":"Article","@id":"https:\/\/politicosaldesnudo.com.mx\/index.php\/2023\/05\/13\/papa-francisco-y-zelensky-se-reunen-vaticano-se-involucra-en-mision-de-paz\/#article","isPartOf":{"@id":"https:\/\/politicosaldesnudo.com.mx\/index.php\/2023\/05\/13\/papa-francisco-y-zelensky-se-reunen-vaticano-se-involucra-en-mision-de-paz\/"},"author":{"name":"Redacci\u00f3n Pol\u00edticos","@id":"https:\/\/politicosaldesnudo.com.mx\/#\/schema\/person\/ef3a64e561cc3f3f5dc52fab81adde7e"},"headline":"Papa Francisco y Zelensky se re\u00fanen, vaticano se involucra en misi\u00f3n de paz","datePublished":"2023-05-14T00:06:48+00:00","dateModified":"2023-05-14T00:06:55+00:00","mainEntityOfPage":{"@id":"https:\/\/politicosaldesnudo.com.mx\/index.php\/2023\/05\/13\/papa-francisco-y-zelensky-se-reunen-vaticano-se-involucra-en-mision-de-paz\/"},"wordCount":376,"publisher":{"@id":"https:\/\/politicosaldesnudo.com.mx\/#organization"},"image":{"@id":"https:\/\/politicosaldesnudo.com.mx\/index.php\/2023\/05\/13\/papa-francisco-y-zelensky-se-reunen-vaticano-se-involucra-en-mision-de-paz\/#primaryimage"},"thumbnailUrl":"https:\/\/i0.wp.com\/politicosaldesnudo.com.mx\/wp-content\/uploads\/2023\/05\/P-PAPA-UCRANIA.png?fit=1816%2C1016&ssl=1","keywords":["PAPA FRANCISCO","PAZ","RUSIA","UCRANIA","VATICANO"],"articleSection":["INTERNACIONAL"],"inLanguage":"es"},{"@type":"WebPage","@id":"https:\/\/politicosaldesnudo.com.mx\/index.php\/2023\/05\/13\/papa-francisco-y-zelensky-se-reunen-vaticano-se-involucra-en-mision-de-paz\/","url":"https:\/\/politicosaldesnudo.com.mx\/index.php\/2023\/05\/13\/papa-francisco-y-zelensky-se-reunen-vaticano-se-involucra-en-mision-de-paz\/","name":"Papa Francisco y Zelensky se re\u00fanen, vaticano se involucra en misi\u00f3n de paz - Pol\u00edticos al Desnudo","isPartOf":{"@id":"https:\/\/politicosaldesnudo.com.mx\/#website"},"primaryImageOfPage":{"@id":"https:\/\/politicosaldesnudo.com.mx\/index.php\/2023\/05\/13\/papa-francisco-y-zelensky-se-reunen-vaticano-se-involucra-en-mision-de-paz\/#primaryimage"},"image":{"@id":"https:\/\/politicosaldesnudo.com.mx\/index.php\/2023\/05\/13\/papa-francisco-y-zelensky-se-reunen-vaticano-se-involucra-en-mision-de-paz\/#primaryimage"},"thumbnailUrl":"https:\/\/i0.wp.com\/politicosaldesnudo.com.mx\/wp-content\/uploads\/2023\/05\/P-PAPA-UCRANIA.png?fit=1816%2C1016&ssl=1","datePublished":"2023-05-14T00:06:48+00:00","dateModified":"2023-05-14T00:06:55+00:00","breadcrumb":{"@id":"https:\/\/politicosaldesnudo.com.mx\/index.php\/2023\/05\/13\/papa-francisco-y-zelensky-se-reunen-vaticano-se-involucra-en-mision-de-paz\/#breadcrumb"},"inLanguage":"es","potentialAction":[{"@type":"ReadAction","target":["https:\/\/politicosaldesnudo.com.mx\/index.php\/2023\/05\/13\/papa-francisco-y-zelensky-se-reunen-vaticano-se-involucra-en-mision-de-paz\/"]}]},{"@type":"ImageObject","inLanguage":"es","@id":"https:\/\/politicosaldesnudo.com.mx\/index.php\/2023\/05\/13\/papa-francisco-y-zelensky-se-reunen-vaticano-se-involucra-en-mision-de-paz\/#primaryimage","url":"https:\/\/i0.wp.com\/politicosaldesnudo.com.mx\/wp-content\/uploads\/2023\/05\/P-PAPA-UCRANIA.png?fit=1816%2C1016&ssl=1","contentUrl":"https:\/\/i0.wp.com\/politicosaldesnudo.com.mx\/wp-content\/uploads\/2023\/05\/P-PAPA-UCRANIA.png?fit=1816%2C1016&ssl=1","width":1816,"height":1016},{"@type":"BreadcrumbList","@id":"https:\/\/politicosaldesnudo.com.mx\/index.php\/2023\/05\/13\/papa-francisco-y-zelensky-se-reunen-vaticano-se-involucra-en-mision-de-paz\/#breadcrumb","itemListElement":[{"@type":"ListItem","position":1,"name":"Portada","item":"https:\/\/politicosaldesnudo.com.mx\/"},{"@type":"ListItem","position":2,"name":"Papa Francisco y Zelensky se re\u00fanen, vaticano se involucra en misi\u00f3n de paz"}]},{"@type":"WebSite","@id":"https:\/\/politicosaldesnudo.com.mx\/#website","url":"https:\/\/politicosaldesnudo.com.mx\/","name":"Pol\u00edticos al Desnudo","description":"","publisher":{"@id":"https:\/\/politicosaldesnudo.com.mx\/#organization"},"potentialAction":[{"@type":"SearchAction","target":{"@type":"EntryPoint","urlTemplate":"https:\/\/politicosaldesnudo.com.mx\/?s={search_term_string}"},"query-input":{"@type":"PropertyValueSpecification","valueRequired":true,"valueName":"search_term_string"}}],"inLanguage":"es"},{"@type":"Organization","@id":"https:\/\/politicosaldesnudo.com.mx\/#organization","name":"Pol\u00edticos al Desnudo","url":"https:\/\/politicosaldesnudo.com.mx\/","logo":{"@type":"ImageObject","inLanguage":"es","@id":"https:\/\/politicosaldesnudo.com.mx\/#\/schema\/logo\/image\/","url":"https:\/\/i0.wp.com\/politicosaldesnudo.com.mx\/wp-content\/uploads\/2026\/08\/cropped-logo.webp?fit=400%2C126&ssl=1","contentUrl":"https:\/\/i0.wp.com\/politicosaldesnudo.com.mx\/wp-content\/uploads\/2026\/08\/cropped-logo.webp?fit=400%2C126&ssl=1","width":400,"height":126,"caption":"Pol\u00edticos al Desnudo"},"image":{"@id":"https:\/\/politicosaldesnudo.com.mx\/#\/schema\/logo\/image\/"},"sameAs":["https:\/\/www.facebook.com\/PoliticosAD"]},{"@type":"Person","@id":"https:\/\/politicosaldesnudo.com.mx\/#\/schema\/person\/ef3a64e561cc3f3f5dc52fab81adde7e","name":"Redacci\u00f3n Pol\u00edticos","url":"https:\/\/politicosaldesnudo.com.mx\/index.php\/author\/redaccion-politicos\/"}]}},"jetpack_publicize_connections":[],"jetpack-related-posts":[{"id":15733,"url":"https:\/\/politicosaldesnudo.com.mx\/index.php\/2023\/01\/31\/destaca-lula-organismo-para-negociar-paz-entre-rusia-y-ucrania\/","url_meta":{"origin":19732,"position":0},"title":"Destaca Lula organismo para negociar paz entre Rusia y Ucrania","author":"Redacci\u00f3n Pol\u00edticos","date":"31 de enero de 2023","format":false,"excerpt":"\u00a0 S\u00c3O PAULO, BRASIL. Luiz Inacio Lula da Silva, presidente de Brasil, durante una rueda de prensa conjunta con Olaf Scholz, canciller alem\u00e1n, defendi\u00f3 la creaci\u00f3n de un organismo para negociar la paz entre Rusia y Ucrania. Durante su encuentro con Scholz, Lula\u00a0reafirm\u00f3 su intenci\u00f3n\u00a0de no enviar municiones a Kiev,\u2026","rel":"","context":"En \u00abINTERNACIONAL\u00bb","block_context":{"text":"INTERNACIONAL","link":"https:\/\/politicosaldesnudo.com.mx\/index.php\/category\/internacional\/"},"img":{"alt_text":"","src":"https:\/\/i0.wp.com\/politicosaldesnudo.com.mx\/wp-content\/uploads\/2023\/01\/P-LULA-DA-SILVA-OLAF-SCHOLZ.png?fit=1200%2C671&ssl=1&resize=350%2C200","width":350,"height":200,"srcset":"https:\/\/i0.wp.com\/politicosaldesnudo.com.mx\/wp-content\/uploads\/2023\/01\/P-LULA-DA-SILVA-OLAF-SCHOLZ.png?fit=1200%2C671&ssl=1&resize=350%2C200 1x, https:\/\/i0.wp.com\/politicosaldesnudo.com.mx\/wp-content\/uploads\/2023\/01\/P-LULA-DA-SILVA-OLAF-SCHOLZ.png?fit=1200%2C671&ssl=1&resize=525%2C300 1.5x, https:\/\/i0.wp.com\/politicosaldesnudo.com.mx\/wp-content\/uploads\/2023\/01\/P-LULA-DA-SILVA-OLAF-SCHOLZ.png?fit=1200%2C671&ssl=1&resize=700%2C400 2x, https:\/\/i0.wp.com\/politicosaldesnudo.com.mx\/wp-content\/uploads\/2023\/01\/P-LULA-DA-SILVA-OLAF-SCHOLZ.png?fit=1200%2C671&ssl=1&resize=1050%2C600 3x"},"classes":[]},{"id":87986,"url":"https:\/\/politicosaldesnudo.com.mx\/index.php\/2026\/08\/22\/macron-desafia-a-putin-francia-enviara-mas-misiles-para-proteger-a-ucrania\/","url_meta":{"origin":19732,"position":1},"title":"Macron desaf\u00eda a Putin: Francia enviar\u00e1 m\u00e1s misiles para proteger a Ucrania","author":"Redacci\u00f3n Pol\u00edticos","date":"22 de agosto de 2026","format":false,"excerpt":"Francia enviar\u00e1 nuevos misiles interceptores y acelerar\u00e1 la entrega de equipos militares a Ucrania, en respuesta a la reciente intensificaci\u00f3n de los ataques rusos contra ciudades e infraestructura civil. El presidente Emmanuel Macron confirm\u00f3 el apoyo despu\u00e9s de mantener una conversaci\u00f3n telef\u00f3nica de casi dos horas con su hom\u00f3logo ucraniano,\u2026","rel":"","context":"En \u00abINTERNACIONAL\u00bb","block_context":{"text":"INTERNACIONAL","link":"https:\/\/politicosaldesnudo.com.mx\/index.php\/category\/internacional\/"},"img":{"alt_text":"","src":"https:\/\/politicosaldesnudo.com.mx\/wp-content\/uploads\/2026\/08\/UZGCVPJBNJDS3O7ZRFP6WVEPYI.avif","width":350,"height":200,"srcset":"https:\/\/politicosaldesnudo.com.mx\/wp-content\/uploads\/2026\/08\/UZGCVPJBNJDS3O7ZRFP6WVEPYI.avif 1x, https:\/\/politicosaldesnudo.com.mx\/wp-content\/uploads\/2026\/08\/UZGCVPJBNJDS3O7ZRFP6WVEPYI.avif 1.5x, https:\/\/politicosaldesnudo.com.mx\/wp-content\/uploads\/2026\/08\/UZGCVPJBNJDS3O7ZRFP6WVEPYI.avif 2x"},"classes":[]},{"id":87249,"url":"https:\/\/politicosaldesnudo.com.mx\/index.php\/2026\/07\/27\/roberto-velasco-se-reune-con-vicesecretaria-de-la-onu\/","url_meta":{"origin":19732,"position":2},"title":"Roberto Velasco se re\u00fane con vicesecretaria de la ONU","author":"Redacci\u00f3n Pol\u00edticos","date":"27 de julio de 2026","format":false,"excerpt":"El canciller, Roberto Velasco, sostuvo una reuni\u00f3n con Amina J. Mohammed, vicesecretaria general de la Organizaci\u00f3n de las Naciones Unidas (ONU), en la que conversaron sobre el futuro del multilateralismo y el papel que M\u00e9xico desempe\u00f1a en su fortalecimiento. Igualmente, sobre las reformas que requiere la ONU para hacer frente\u2026","rel":"","context":"En \u00abNACIONAL\u00bb","block_context":{"text":"NACIONAL","link":"https:\/\/politicosaldesnudo.com.mx\/index.php\/category\/nacional\/"},"img":{"alt_text":"","src":"https:\/\/i0.wp.com\/politicosaldesnudo.com.mx\/wp-content\/uploads\/2026\/07\/ALALO.jpg?fit=1200%2C800&ssl=1&resize=350%2C200","width":350,"height":200,"srcset":"https:\/\/i0.wp.com\/politicosaldesnudo.com.mx\/wp-content\/uploads\/2026\/07\/ALALO.jpg?fit=1200%2C800&ssl=1&resize=350%2C200 1x, https:\/\/i0.wp.com\/politicosaldesnudo.com.mx\/wp-content\/uploads\/2026\/07\/ALALO.jpg?fit=1200%2C800&ssl=1&resize=525%2C300 1.5x, https:\/\/i0.wp.com\/politicosaldesnudo.com.mx\/wp-content\/uploads\/2026\/07\/ALALO.jpg?fit=1200%2C800&ssl=1&resize=700%2C400 2x, https:\/\/i0.wp.com\/politicosaldesnudo.com.mx\/wp-content\/uploads\/2026\/07\/ALALO.jpg?fit=1200%2C800&ssl=1&resize=1050%2C600 3x"},"classes":[]},{"id":26563,"url":"https:\/\/politicosaldesnudo.com.mx\/index.php\/2023\/11\/30\/murio-a-los-100-anos-henry-kissinger\/","url_meta":{"origin":19732,"position":3},"title":"Muri\u00f3 a los 100 a\u00f1os Henry Kissinger","author":"Redacci\u00f3n Pol\u00edticos","date":"30 de noviembre de 2023","format":false,"excerpt":"El ex secretario de Estado de Estados Unidos Henry Kissinger, tal vez el estratega geopol\u00edtico estadounidense m\u00e1s insigne \u2013en parte gracias a su enorme vanidad\u2013 desde la guerra en Vietnam hasta estas fechas, muri\u00f3 ayer en su casa en Connecticut a la edad de 100 a\u00f1os, inform\u00f3 su asociaci\u00f3n. \"El\u2026","rel":"","context":"En \u00abINTERNACIONAL\u00bb","block_context":{"text":"INTERNACIONAL","link":"https:\/\/politicosaldesnudo.com.mx\/index.php\/category\/internacional\/"},"img":{"alt_text":"","src":"https:\/\/i0.wp.com\/politicosaldesnudo.com.mx\/wp-content\/uploads\/2023\/11\/6567fbe4d24cc.jpeg?fit=1200%2C720&ssl=1&resize=350%2C200","width":350,"height":200,"srcset":"https:\/\/i0.wp.com\/politicosaldesnudo.com.mx\/wp-content\/uploads\/2023\/11\/6567fbe4d24cc.jpeg?fit=1200%2C720&ssl=1&resize=350%2C200 1x, https:\/\/i0.wp.com\/politicosaldesnudo.com.mx\/wp-content\/uploads\/2023\/11\/6567fbe4d24cc.jpeg?fit=1200%2C720&ssl=1&resize=525%2C300 1.5x, https:\/\/i0.wp.com\/politicosaldesnudo.com.mx\/wp-content\/uploads\/2023\/11\/6567fbe4d24cc.jpeg?fit=1200%2C720&ssl=1&resize=700%2C400 2x, https:\/\/i0.wp.com\/politicosaldesnudo.com.mx\/wp-content\/uploads\/2023\/11\/6567fbe4d24cc.jpeg?fit=1200%2C720&ssl=1&resize=1050%2C600 3x"},"classes":[]},{"id":87126,"url":"https:\/\/politicosaldesnudo.com.mx\/index.php\/2026\/07\/23\/tepjf-determina-que-partido-paz-soborno-a-personas-para-asistir-a-asambleas-en-jalisco\/","url_meta":{"origin":19732,"position":4},"title":"TEPJF determina que partido PAZ soborn\u00f3 a personas para asistir a asambleas en Jalisco","author":"Redacci\u00f3n Pol\u00edticos","date":"23 de julio de 2026","format":false,"excerpt":"En seguimiento a las impugnaciones relacionadas con los nuevos partidos pol\u00edticos, la Sala Superior del Tribunal Electoral del Poder Judicial de la Federaci\u00f3n (TEPJF) concluy\u00f3 que la asociaci\u00f3n Construyendo Sociedades de Paz, hoy partido PAZ, s\u00ed ofreci\u00f3 despensas a cambio de que las personas acudieran a una asamblea. En otro\u2026","rel":"","context":"En \u00abNACIONAL\u00bb","block_context":{"text":"NACIONAL","link":"https:\/\/politicosaldesnudo.com.mx\/index.php\/category\/nacional\/"},"img":{"alt_text":"","src":"https:\/\/i0.wp.com\/politicosaldesnudo.com.mx\/wp-content\/uploads\/2026\/07\/SOB.webp?fit=1200%2C741&ssl=1&resize=350%2C200","width":350,"height":200,"srcset":"https:\/\/i0.wp.com\/politicosaldesnudo.com.mx\/wp-content\/uploads\/2026\/07\/SOB.webp?fit=1200%2C741&ssl=1&resize=350%2C200 1x, https:\/\/i0.wp.com\/politicosaldesnudo.com.mx\/wp-content\/uploads\/2026\/07\/SOB.webp?fit=1200%2C741&ssl=1&resize=525%2C300 1.5x, https:\/\/i0.wp.com\/politicosaldesnudo.com.mx\/wp-content\/uploads\/2026\/07\/SOB.webp?fit=1200%2C741&ssl=1&resize=700%2C400 2x, https:\/\/i0.wp.com\/politicosaldesnudo.com.mx\/wp-content\/uploads\/2026\/07\/SOB.webp?fit=1200%2C741&ssl=1&resize=1050%2C600 3x"},"classes":[]},{"id":88054,"url":"https:\/\/politicosaldesnudo.com.mx\/index.php\/2026\/08\/25\/sinaloa-cambia-de-mando-en-plena-crisis-graciela-dominguez-promete-recuperar-la-paz\/","url_meta":{"origin":19732,"position":5},"title":"Sinaloa cambia de mando en plena crisis: Graciela Dom\u00ednguez promete recuperar la paz","author":"Redacci\u00f3n Pol\u00edticos","date":"25 de agosto de 2026","format":false,"excerpt":"En medio de una profunda crisis pol\u00edtica y de seguridad, Graciela Dom\u00ednguez Nava asumi\u00f3 este martes como gobernadora interina de Sinaloa, luego de que el Congreso estatal aprobara su nombramiento con 31 votos a favor y seis en contra. La nueva mandataria permanecer\u00e1 al frente del Ejecutivo hasta el 31\u2026","rel":"","context":"En \u00abESTADOS\u00bb","block_context":{"text":"ESTADOS","link":"https:\/\/politicosaldesnudo.com.mx\/index.php\/category\/estados\/"},"img":{"alt_text":"","src":"https:\/\/i0.wp.com\/politicosaldesnudo.com.mx\/wp-content\/uploads\/2026\/08\/786944545_1406389748261728_4147593619491061114_n.jpg?fit=1200%2C801&ssl=1&resize=350%2C200","width":350,"height":200,"srcset":"https:\/\/i0.wp.com\/politicosaldesnudo.com.mx\/wp-content\/uploads\/2026\/08\/786944545_1406389748261728_4147593619491061114_n.jpg?fit=1200%2C801&ssl=1&resize=350%2C200 1x, https:\/\/i0.wp.com\/politicosaldesnudo.com.mx\/wp-content\/uploads\/2026\/08\/786944545_1406389748261728_4147593619491061114_n.jpg?fit=1200%2C801&ssl=1&resize=525%2C300 1.5x, https:\/\/i0.wp.com\/politicosaldesnudo.com.mx\/wp-content\/uploads\/2026\/08\/786944545_1406389748261728_4147593619491061114_n.jpg?fit=1200%2C801&ssl=1&resize=700%2C400 2x, https:\/\/i0.wp.com\/politicosaldesnudo.com.mx\/wp-content\/uploads\/2026\/08\/786944545_1406389748261728_4147593619491061114_n.jpg?fit=1200%2C801&ssl=1&resize=1050%2C600 3x"},"classes":[]}],"jetpack_sharing_enabled":true,"jetpack_featured_media_url":"https:\/\/i0.wp.com\/politicosaldesnudo.com.mx\/wp-content\/uploads\/2023\/05\/P-PAPA-UCRANIA.png?fit=1816%2C1016&ssl=1","_links":{"self":[{"href":"https:\/\/politicosaldesnudo.com.mx\/index.php\/wp-json\/wp\/v2\/posts\/19732","targetHints":{"allow":["GET"]}}],"collection":[{"href":"https:\/\/politicosaldesnudo.com.mx\/index.php\/wp-json\/wp\/v2\/posts"}],"about":[{"href":"https:\/\/politicosaldesnudo.com.mx\/index.php\/wp-json\/wp\/v2\/types\/post"}],"author":[{"embeddable":true,"href":"https:\/\/politicosaldesnudo.com.mx\/index.php\/wp-json\/wp\/v2\/users\/4"}],"replies":[{"embeddable":true,"href":"https:\/\/politicosaldesnudo.com.mx\/index.php\/wp-json\/wp\/v2\/comments?post=19732"}],"version-history":[{"count":0,"href":"https:\/\/politicosaldesnudo.com.mx\/index.php\/wp-json\/wp\/v2\/posts\/19732\/revisions"}],"wp:featuredmedia":[{"embeddable":true,"href":"https:\/\/politicosaldesnudo.com.mx\/index.php\/wp-json\/wp\/v2\/media\/19729"}],"wp:attachment":[{"href":"https:\/\/politicosaldesnudo.com.mx\/index.php\/wp-json\/wp\/v2\/media?parent=19732"}],"wp:term":[{"taxonomy":"category","embeddable":true,"href":"https:\/\/politicosaldesnudo.com.mx\/index.php\/wp-json\/wp\/v2\/categories?post=19732"},{"taxonomy":"post_tag","embeddable":true,"href":"https:\/\/politicosaldesnudo.com.mx\/index.php\/wp-json\/wp\/v2\/tags?post=19732"}],"curies":[{"name":"wp","href":"https:\/\/api.w.org\/{rel}","templated":true}]}}