{"id":19746,"date":"2023-05-15T00:05:09","date_gmt":"2023-05-15T05:05:09","guid":{"rendered":"https:\/\/politicosaldesnudo.com.mx\/?p=19746"},"modified":"2023-05-14T22:26:12","modified_gmt":"2023-05-15T03:26:12","slug":"elegir-jueces-y-ministros","status":"publish","type":"post","link":"https:\/\/politicosaldesnudo.com.mx\/index.php\/2023\/05\/15\/elegir-jueces-y-ministros\/","title":{"rendered":"Elegir jueces y ministros"},"content":{"rendered":"<p>&nbsp;<\/p>\n<p class=\"p1\"><span style=\"font-size: 18pt;\"><strong>Por Pepe Valencia<\/strong><\/span><\/p>\n<p class=\"p1\"><span style=\"font-size: 14pt;\">No teman a la democracia. Sujeten el toro por los cuernos y adel\u00e1ntense proponiendo una reforma profunda del Poder Judicial.<\/span><\/p>\n<p class=\"p1\"><span style=\"font-size: 14pt;\">Aqu\u00ed van estas irreverentes sugerencias a los legisladores de los distintos partidos pol\u00edticos:<\/span><\/p>\n<p class=\"p1\"><span style=\"font-size: 14pt;\">\u2014Que los ministros de la Suprema Corte de Justicia de la Naci\u00f3n y los jueces sean elegidos por el pueblo cada seis a\u00f1os como los diputados, senadores y el Presidente de la Rep\u00fablica.<\/span><\/p>\n<p class=\"p1\"><span style=\"font-size: 14pt;\">\u2014Eso s\u00ed, los candidatos postulados a estos honrosos cargos deber\u00e1n cubrir todos los requisitos habidos y por haber de preparaci\u00f3n acad\u00e9mica, experiencia probada y honorabilidad para garantizar la eficiencia y la calidad en la administraci\u00f3n e impartici\u00f3n de justicia.<\/span><\/p>\n<p class=\"p1\"><span style=\"font-size: 14pt;\">\u2014Se establecer\u00e1n topes para evitar campa\u00f1as costosas o, de ser posible, prohibir la utilizaci\u00f3n de recursos econ\u00f3micos en la\u00a0 promoci\u00f3n de imagen, publicidad o propaganda.<\/span><\/p>\n<p class=\"p1\"><span style=\"font-size: 14pt;\">As\u00ed habr\u00eda jueces y ministros competentes y justos, comprometidos \u00fanicamente con la sociedad y se impedir\u00eda el arribo de cualquier vivales o personas de dudosa reputaci\u00f3n al cargo.<\/span><\/p>\n<p class=\"p1\"><span style=\"font-size: 14pt;\">En otros pa\u00edses los integrantes del Poder Judicial son votados por los ciudadanos y no pasa nada. En M\u00e9xico tambi\u00e9n se puede.<\/span><\/p>\n<p class=\"p1\"><span style=\"font-size: 14pt;\">Este m\u00e9todo podr\u00eda trasladarse para elegir jueces y magistrados en los estados. \u00bfQu\u00e9 gobernador se atreve a levantar la mano y env\u00eda una revolucionaria iniciativa antes del 2024?<\/span><\/p>\n<p class=\"p1\"><span style=\"font-size: 14pt;\">Esto pretende, entre otras cosas,\u00a0 el presidente Andr\u00e9s Manuel L\u00f3pez Obrador y la idea no es descabellada. T\u00f3menle la palabra y sanseacab\u00f3.<\/span><\/p>\n<p>&nbsp;<\/p>\n<p class=\"p1\"><span style=\"font-size: 18pt; color: #139eca;\"><strong>ENCUESTA SECRETA<\/strong><\/span><\/p>\n<p class=\"p1\"><span style=\"font-size: 14pt;\">En la columna del primer lunes de junio pr\u00f3ximo dar\u00e9 a conocer qui\u00e9nes encabezan las encuestas para presidente de M\u00e9xico y para\u00a0 gobernador de Veracruz.\u00a0<\/span><\/p>\n<p class=\"p1\"><span style=\"font-size: 14pt;\">Son mediciones demosc\u00f3picas in\u00e9ditas del mes de mayo, ordenadas por funcionarios de la CuatroTe y arrojan resultados sorprendentes.<\/span><\/p>\n<p class=\"p1\"><span style=\"font-size: 14pt;\">En este espacio adelantar\u00e9 algunos datos de este sondeo que tal vez no ser\u00e1 publicado.<\/span><\/p>\n<p>&nbsp;<\/p>\n<p class=\"p1\" style=\"text-align: center;\"><em><span style=\"font-size: 18pt; color: #139eca;\"><strong>\u201cFelicidades a los maestros en su d\u00eda\u201d<\/strong><\/span><\/em><\/p>\n<p>&nbsp;<\/p>\n<hr \/>\n<p>&nbsp;<\/p>\n<p><img data-recalc-dims=\"1\" loading=\"lazy\" decoding=\"async\" class=\"aligncenter wp-image-14351\" src=\"https:\/\/i0.wp.com\/politicosaldesnudo.com.mx\/wp-content\/uploads\/2023\/01\/FIRMA-EDITORIAL-PD-300x37.png?resize=800%2C98&#038;ssl=1\" alt=\"\" width=\"800\" height=\"98\" srcset=\"https:\/\/i0.wp.com\/politicosaldesnudo.com.mx\/wp-content\/uploads\/2023\/01\/FIRMA-EDITORIAL-PD.png?resize=300%2C37&amp;ssl=1 300w, https:\/\/i0.wp.com\/politicosaldesnudo.com.mx\/wp-content\/uploads\/2023\/01\/FIRMA-EDITORIAL-PD.png?resize=1024%2C125&amp;ssl=1 1024w, https:\/\/i0.wp.com\/politicosaldesnudo.com.mx\/wp-content\/uploads\/2023\/01\/FIRMA-EDITORIAL-PD.png?resize=768%2C94&amp;ssl=1 768w, https:\/\/i0.wp.com\/politicosaldesnudo.com.mx\/wp-content\/uploads\/2023\/01\/FIRMA-EDITORIAL-PD.png?resize=1536%2C188&amp;ssl=1 1536w, https:\/\/i0.wp.com\/politicosaldesnudo.com.mx\/wp-content\/uploads\/2023\/01\/FIRMA-EDITORIAL-PD.png?resize=2048%2C250&amp;ssl=1 2048w, https:\/\/i0.wp.com\/politicosaldesnudo.com.mx\/wp-content\/uploads\/2023\/01\/FIRMA-EDITORIAL-PD.png?w=1600&amp;ssl=1 1600w, https:\/\/i0.wp.com\/politicosaldesnudo.com.mx\/wp-content\/uploads\/2023\/01\/FIRMA-EDITORIAL-PD.png?w=2400&amp;ssl=1 2400w\" sizes=\"auto, (max-width: 800px) 100vw, 800px\" \/><\/p>\n<p>&nbsp;<\/p>\n<p>&nbsp;<\/p>\n","protected":false},"excerpt":{"rendered":"<p>&nbsp; Por Pepe Valencia No teman a la democracia. Sujeten el toro por los cuernos y adel\u00e1ntense proponiendo una reforma<\/p>\n","protected":false},"author":4,"featured_media":4618,"comment_status":"closed","ping_status":"closed","sticky":false,"template":"","format":"standard","meta":{"colormag_page_container_layout":"default_layout","colormag_page_sidebar_layout":"default_layout","_jetpack_memberships_contains_paid_content":false,"footnotes":"","jetpack_publicize_message":"","jetpack_publicize_feature_enabled":true,"jetpack_social_post_already_shared":false,"jetpack_social_options":{"image_generator_settings":{"template":"highway","default_image_id":0,"font":"","enabled":false},"version":2}},"categories":[26],"tags":[],"class_list":["post-19746","post","type-post","status-publish","format-standard","has-post-thumbnail","hentry","category-columnistas"],"jetpack_publicize_connections":[],"jetpack_featured_media_url":"https:\/\/i0.wp.com\/politicosaldesnudo.com.mx\/wp-content\/uploads\/2022\/05\/EJEMPLO.png?fit=1816%2C1016&ssl=1","jetpack-related-posts":[],"jetpack_sharing_enabled":true,"_links":{"self":[{"href":"https:\/\/politicosaldesnudo.com.mx\/index.php\/wp-json\/wp\/v2\/posts\/19746","targetHints":{"allow":["GET"]}}],"collection":[{"href":"https:\/\/politicosaldesnudo.com.mx\/index.php\/wp-json\/wp\/v2\/posts"}],"about":[{"href":"https:\/\/politicosaldesnudo.com.mx\/index.php\/wp-json\/wp\/v2\/types\/post"}],"author":[{"embeddable":true,"href":"https:\/\/politicosaldesnudo.com.mx\/index.php\/wp-json\/wp\/v2\/users\/4"}],"replies":[{"embeddable":true,"href":"https:\/\/politicosaldesnudo.com.mx\/index.php\/wp-json\/wp\/v2\/comments?post=19746"}],"version-history":[{"count":0,"href":"https:\/\/politicosaldesnudo.com.mx\/index.php\/wp-json\/wp\/v2\/posts\/19746\/revisions"}],"wp:featuredmedia":[{"embeddable":true,"href":"https:\/\/politicosaldesnudo.com.mx\/index.php\/wp-json\/wp\/v2\/media\/4618"}],"wp:attachment":[{"href":"https:\/\/politicosaldesnudo.com.mx\/index.php\/wp-json\/wp\/v2\/media?parent=19746"}],"wp:term":[{"taxonomy":"category","embeddable":true,"href":"https:\/\/politicosaldesnudo.com.mx\/index.php\/wp-json\/wp\/v2\/categories?post=19746"},{"taxonomy":"post_tag","embeddable":true,"href":"https:\/\/politicosaldesnudo.com.mx\/index.php\/wp-json\/wp\/v2\/tags?post=19746"}],"curies":[{"name":"wp","href":"https:\/\/api.w.org\/{rel}","templated":true}]}}