{"id":19918,"date":"2023-05-18T06:00:29","date_gmt":"2023-05-18T11:00:29","guid":{"rendered":"https:\/\/politicosaldesnudo.com.mx\/?p=19918"},"modified":"2023-05-18T10:05:52","modified_gmt":"2023-05-18T15:05:52","slug":"mas-mezcla-maistro","status":"publish","type":"post","link":"https:\/\/politicosaldesnudo.com.mx\/index.php\/2023\/05\/18\/mas-mezcla-maistro\/","title":{"rendered":"M\u00e1s mezcla, maistro"},"content":{"rendered":"<p>&nbsp;<\/p>\n<p class=\"p1\"><span style=\"font-size: 18pt;\"><strong>Por Mois\u00e9s S\u00e1nchez Lim\u00f3n<\/strong><\/span><\/p>\n<p class=\"p1\"><span style=\"font-size: 14pt;\">&#8211;Y me vienen a la memoria mis maestras, mis maestros, yo estoy aqu\u00ed por ellos, por mis maestras y por mis maestros&#8211;, dijo sin rubor el licenciado presidente.<\/span><\/p>\n<p class=\"p1\"><span style=\"font-size: 14pt;\">\u00bfQu\u00e9 le ense\u00f1aron sus maestras y maestros?<\/span><\/p>\n<p class=\"p1\"><span style=\"font-size: 14pt;\">\u00bfQu\u00e9 aprendi\u00f3 de Enrique Gonz\u00e1lez Pedrero?<\/span><\/p>\n<p class=\"p1\"><span style=\"font-size: 14pt;\">\u00bfQu\u00e9 le confi\u00f3 Ignacio Ovalle Fern\u00e1ndez?<\/span><\/p>\n<p class=\"p1\"><span style=\"font-size: 14pt;\">\u00bfQu\u00e9 aprendi\u00f3 de aquella sabia y politizada generaci\u00f3n de maestros que dictaba c\u00e1tedra en la Facultad de Ciencias Pol\u00edticas y Sociales, de la Universidad Nacional Aut\u00f3noma de M\u00e9xico, en la d\u00e9cada de los a\u00f1os 70?<\/span><\/p>\n<p class=\"p1\"><span style=\"font-size: 14pt;\">Bueno, bueno.<\/span><\/p>\n<p class=\"p1\"><span style=\"font-size: 14pt;\">Mire usted. Quiz\u00e1 y s\u00f3lo quiz\u00e1, el licenciado presidente recordar\u00e1 que en aquellos a\u00f1os de 1971 y hasta 1976 cuando, dice, dice, que concluy\u00f3 sus estudios universitarios, se la pasaba en la cafeter\u00eda de la Facultad grillando con la mirada puesta en el gobierno de Tabasco.<\/span><\/p>\n<p class=\"p1\"><span style=\"font-size: 14pt;\">Tal vez algo aprendi\u00f3 de su condisc\u00edpulo \u00d3scar Cant\u00f3n Zetina, hoy diputado federal de Morena que antes fue honorable priista y cuya mirada permanece puesta en la Quinta Grijalva porque quiere ser gobernador de Tabasco.<\/span><\/p>\n<p class=\"p1\"><span style=\"font-size: 14pt;\">Dicen los que saben de estos asuntos pol\u00edticos, hablando de mujeres y traiciones &#8211;Mart\u00edn Urieta dixit\u2014que a Gonz\u00e1lez Pedrero traicion\u00f3 y a Nacho Ovalle lo ha perdonado en grado superlativo por aquellos acuerdos que se firman en la memoria.<\/span><\/p>\n<p class=\"p1\"><span style=\"font-size: 14pt;\">Aunque la memoria no es garant\u00eda de juramento porque en pol\u00edtica suelen romperse pactos de sangre, hermandades y compadrazgos.<\/span><\/p>\n<p class=\"p1\"><span style=\"font-size: 14pt;\">Tal vez por ello, porque le remuerde la conciencia haber abandonado al poeta Carlos Pellicer, quien como senador lo emple\u00f3 ayudante. Por eso hoy el reconocimiento y las loas.<\/span><\/p>\n<p class=\"p1\"><span style=\"font-size: 14pt;\">Pellicer como Gonz\u00e1lez Pedrero, se llevaron a la tumba un vasto expediente del proceder de Andr\u00e9s Manuel.<\/span><\/p>\n<p class=\"p1\"><span style=\"font-size: 14pt;\">Pero, pero\u2026<\/span><\/p>\n<p class=\"p1\"><span style=\"font-size: 14pt;\">Que se sepa, en ning\u00fan momento del M\u00e9xico del siglo pasado y del contempor\u00e1neo, los maestros, las maestras, ense\u00f1an y han ense\u00f1ado a traicionar ni ser desleal, mucho menos mentir para triunfar.<\/span><\/p>\n<p class=\"p1\"><span style=\"font-size: 14pt;\">As\u00ed que: \u201c\u00bfyo estoy aqu\u00ed por ellos, por mis maestras y por mis maestros?\u201d<\/span><\/p>\n<p class=\"p1\"><span style=\"font-size: 14pt;\">\u00bfEn serio?<\/span><\/p>\n<p class=\"p1\"><span style=\"font-size: 14pt;\">No mentir, no robar, no traicionar al pueblo, invoca el due\u00f1o del poder en M\u00e9xico como la m\u00e1xima para gobernar.<\/span><\/p>\n<p class=\"p1\"><span style=\"font-size: 14pt;\">Pero\u2026<\/span><\/p>\n<p class=\"p1\"><span style=\"font-size: 14pt;\">La impunidad, galopante impunidad en la administraci\u00f3n de eso que llaman a 4T, encubre a los pillos como esa banda de cuello blanco comandada por el intocable Ignacio Ovalle Fern\u00e1ndez que sangr\u00f3 a Segalmex con m\u00e1s de 18 mil millones de pesos \u2013oficialmente se admite que son poco m\u00e1s de 15 mil millones de pesos&#8211;.<\/span><\/p>\n<p class=\"p1\"><span style=\"font-size: 14pt;\">Y el licenciado L\u00f3pez Obrador miente al pueblo bueno dici\u00e9ndole que sus hijos no son corruptos y hasta la fil\u00f3sofa Layda Sansores dice que son muchachos bien educados.<\/span><\/p>\n<p class=\"p1\"><span style=\"font-size: 14pt;\">Pero estos muchachos rubicundos, honestos, cultos, bien vestidos, figurines de Vogue que viajan en primera clase y beben champa\u00f1a y son pr\u00f3speros empresarios chocolateros que hasta el 1 de diciembre de 2018 ignoraban a qu\u00e9 se dedicar\u00edan para ganarse el pan de cada d\u00eda, hoy destilan vida Fif\u00ed.<\/span><\/p>\n<p class=\"p1\"><span style=\"font-size: 14pt;\">\u201cMis hijos no son corruptos\u201d, alz\u00f3 la voz el licenciado.<\/span><\/p>\n<p class=\"p1\"><span style=\"font-size: 14pt;\">Impunes, los muchachos, porque su se\u00f1or padre, el honesto y culto hijo pr\u00f3digo de Macuspana no mover\u00e1 un dedo contra ellos.<\/span><\/p>\n<p class=\"p1\"><span style=\"font-size: 14pt;\">Impunidad que puede derivar en asociaci\u00f3n delictuosa cuando se encubre al secretario de la Defensa Nacional, el general de divisi\u00f3n Luis Cresencio Sandoval Gonz\u00e1lez, a quien se le ha documentado enriquecimiento explicable si se toma en cuenta que es el jefe de las Fuerzas Armadas hoy beneficiarias del presupuesto multimillonario que le otorga manga ancha para realizar obras y dar contratos sin licitaci\u00f3n a los cuates, a los amigos de la familia.<\/span><\/p>\n<p class=\"p1\"><span style=\"font-size: 14pt;\">\u00bfAlcanza el salario del general secretario para comprar un humilde departamento a un costo de 9 millones de pesos, cuando en la zona un inmueble de esa naturaleza se cotiza en m\u00e1s de 30 millones de pesos?<\/span><\/p>\n<p class=\"p1\"><span style=\"font-size: 14pt;\">Y ni qu\u00e9 decir de los onerosos viajes del divisionario y su familia y compadres y amigotes en aviones militares o de l\u00ednea en primera clase a Europa y Medio Oriente, o humildemente a Canc\u00fan para pasar el fin de semana. Todo con cargo al erario p\u00fablico.<\/span><\/p>\n<p class=\"p1\"><span style=\"font-size: 14pt;\">\u00a1Rec\u00f3rcholis, Drakko!<\/span><\/p>\n<p class=\"p1\"><span style=\"font-size: 14pt;\">\u00a1Ah!, pero hay que perseguir a los opositores.<\/span><\/p>\n<p class=\"p1\"><span style=\"font-size: 14pt;\">Hay que injuriar, descalificar y humillar a la ministra presidenta de la Suprema Corte de Justicia de la Naci\u00f3n, Norma Luc\u00eda Pi\u00f1a Hern\u00e1ndez, \u00a0porque ha incurrido en el pecado de impartir justicia sin bander\u00edas, porque no se suma a la pl\u00e9yade que se inclina frente al licenciado presidente y hace hasta lo imposible por quedar bien y oficiosamente desde el Congreso de la Uni\u00f3n le confeccionan trajes a la medida.<\/span><\/p>\n<p class=\"p1\"><span style=\"font-size: 14pt;\">Por cierto, bien cortados sus trajes de cashmere, aunque la percha no los luce ni con las camisas de hilo egipcio y las corbatas de seda. \u00bfPobreza franciscana?<\/span><\/p>\n<p class=\"p1\"><span style=\"font-size: 14pt;\">Traici\u00f3n al pueblo bueno, se\u00f1oras y se\u00f1ores.<\/span><\/p>\n<p class=\"p1\"><span style=\"font-size: 14pt;\">Usted juzgue y si puede, como acto de sacrificio, vea y escuche la ma\u00f1anera para contar el n\u00famero de mentiras que se despacha impunemente el licenciado Andr\u00e9s Manuel I, jefe de jefes, oligarca n\u00famero 1 del pa\u00eds que enga\u00f1a con un billete de 200 pesos y se asume fiel seguidor de la pobreza franciscana, aunque se document\u00f3 que mensualmente gana m\u00e1s de 400 mil pesos.<\/span><\/p>\n<p class=\"p1\"><span style=\"font-size: 14pt;\">Y no agregue usted lo que cuesta mantener el Palacio, su Palacio\u2026<\/span><\/p>\n<p class=\"p1\"><span style=\"font-size: 14pt;\">\u00a1Ah!, pero, caray, se neg\u00f3 a vivir en la residencia oficial de Los Pinos porque era mucho lujo. No, pos s\u00ed.<\/span><\/p>\n<p class=\"p1\"><span style=\"font-size: 14pt;\">Y he aqu\u00ed que los pinches reporteros de los inmundos pasquines, son el pretexto para insultar y descalificar a la prensa mexicana, igual lo hace con la prensa extranjera que critica a su gobierno y dedica reportajes y art\u00edculos varios en los que se demuestra que aquella invocaci\u00f3n de no mentir, no robar es demagogia.<\/span><\/p>\n<p class=\"p1\"><span style=\"font-size: 14pt;\">Le platico.<\/span><\/p>\n<p class=\"p1\"><span style=\"font-size: 14pt;\">Rumbo a los elevadores en un hotel de Monterrey, Nuevo Le\u00f3n, un reportero se acerca y le pregunta.<\/span><\/p>\n<p class=\"p1\"><span style=\"font-size: 14pt;\">-Presidente, \u00bfqu\u00e9 opini\u00f3n tiene en relaci\u00f3n con las cr\u00edticas por las emisiones de la\u00a0refiner\u00eda?<\/span><\/p>\n<p class=\"p1\"><span style=\"font-size: 14pt;\">-\u00bfDe qu\u00e9\u00a0peri\u00f3dico\u00a0eres t\u00fa?<\/span><\/p>\n<p class=\"p1\"><span style=\"font-size: 14pt;\">-Peri\u00f3dico Reforma, peri\u00f3dico El Norte.<\/span><\/p>\n<p class=\"p1\"><span style=\"font-size: 14pt;\">-\u00a1Ah! Son muy mentirosos ustedes\u2026calumniadores y corruptos.<\/span><\/p>\n<p class=\"p1\"><span style=\"font-size: 14pt;\">Y se escurre, evita la respuesta concreta a una pregunta directa.<\/span><\/p>\n<p class=\"p1\"><span style=\"font-size: 14pt;\">Va otra.<\/span><\/p>\n<p class=\"p1\"><span style=\"font-size: 14pt;\">&#8211;Presidente, buenos d\u00edas. Pedro Villa y Ca\u00f1a, del peri\u00f3dico El Universal.<\/span><\/p>\n<p class=\"p1\"><span style=\"font-size: 14pt;\">Presidente, preguntarle cu\u00e1l es el reporte que se tiene del Instituto para Devolverle al Pueblo lo Robado. En marzo pasado un alto directivo del instituto, el encargado de los recursos materiales fue se\u00f1alado, fue denunciado por pedir 30 por ciento de moches a trabajadores para que pudieran seguir trabajando en esta instituci\u00f3n, hoy damos a conocer en el peri\u00f3dico que\u2026<\/span><\/p>\n<p class=\"p1\"><span style=\"font-size: 14pt;\">&#8211;\u00bfCu\u00e1l peri\u00f3dico?\u2014pregunta el licenciado Andr\u00e9s Manuel, en la ma\u00f1anera en Palacio Nacional.<\/span><\/p>\n<p class=\"p1\"><span style=\"font-size: 14pt;\">&#8211;El Universal\u2014responde el colega, aunque ya se hab\u00eda identificado.<\/span><\/p>\n<p class=\"p1\"><span style=\"font-size: 14pt;\">&#8211;No, no, no. Es El Universal, que es muy sensacionalista, alarmista y est\u00e1 en contra de nosotros, entonces no informa, manipula.<\/span><\/p>\n<p class=\"p1\"><span style=\"font-size: 14pt;\">&#8211;Son auditor\u00edas p\u00fablicas hechas por el propio \u00d3rgano Interno de Control\u2014insiste el colega.<\/span><\/p>\n<p class=\"p1\"><span style=\"font-size: 14pt;\">&#8211;No hay ning\u00fan problema, te lo puedo garantizar, ning\u00fan problema (\u2026). No hay ninguna irregularidad en el Instituto para Devolver al Pueblo lo Robado; al contrario, se han recuperado muchos bienes que se han entregado en beneficio de la gente&#8211; ataja Su Alteza Seren\u00edsima y se alza como el gran juez y exonera con la dial\u00e9ctica personal.<\/span><\/p>\n<p class=\"p1\"><span style=\"font-size: 14pt;\">Y aprovecha para responder a la que llama mentira, en alusi\u00f3n a lo publicado en El Universal y otro medio, respecto de las nadadoras que triunfaron en Egipto sin apoyo oficial,<\/span><\/p>\n<p class=\"p1\"><span style=\"font-size: 14pt;\">&#8211;Proceso\u2014le sopla el escritor y poeta Jes\u00fas Ram\u00edrez.<\/span><\/p>\n<p class=\"p1\"><span style=\"font-size: 14pt;\">&#8211;\u00a1Ah, Proceso! F\u00edjense que en otro tiempo era otra cosa, y ahora es pasqu\u00edn del conservadurismo.<\/span><\/p>\n<p class=\"p1\"><span style=\"font-size: 14pt;\">\u00bfPor qu\u00e9 encubrir a Ana Gabriela Guevara Espinoza, directora de la Conade?<\/span><\/p>\n<p class=\"p1\"><span style=\"font-size: 14pt;\">El due\u00f1o del poder se blind\u00f3 con los altos mandos de las Fuerzas Armadas como socios para transitar su administraci\u00f3n sin el sue\u00f1o alterado. \u00bfM\u00e1s mezcla, maistro? Digo.<\/span><\/p>\n<p>&nbsp;<\/p>\n<hr \/>\n<p>&nbsp;<\/p>\n<p><strong><span style=\"font-size: 18pt;\">Correo: <\/span><span class=\"s1\"><a href=\"mailto:sanchezlimon@gmail.com\"><span style=\"font-size: 18pt;\">sanchezlimon@gmail.com<\/span><\/a><\/span><span class=\"s2\" style=\"font-size: 18pt;\">\u00a0<\/span><\/strong><\/p>\n<p class=\"p3\"><strong><span style=\"font-size: 18pt;\"><span class=\"s2\">Twitter: <a href=\"https:\/\/twitter.com\/sanchezlimon1\">@sanchezlimon1<\/a><\/span><\/span><\/strong><\/p>\n<p>&nbsp;<\/p>\n<p><img data-recalc-dims=\"1\" loading=\"lazy\" decoding=\"async\" class=\"aligncenter wp-image-14351\" src=\"https:\/\/i0.wp.com\/politicosaldesnudo.com.mx\/wp-content\/uploads\/2023\/01\/FIRMA-EDITORIAL-PD-300x37.png?resize=1000%2C122&#038;ssl=1\" alt=\"\" width=\"1000\" height=\"122\" srcset=\"https:\/\/i0.wp.com\/politicosaldesnudo.com.mx\/wp-content\/uploads\/2023\/01\/FIRMA-EDITORIAL-PD.png?resize=300%2C37&amp;ssl=1 300w, https:\/\/i0.wp.com\/politicosaldesnudo.com.mx\/wp-content\/uploads\/2023\/01\/FIRMA-EDITORIAL-PD.png?resize=1024%2C125&amp;ssl=1 1024w, https:\/\/i0.wp.com\/politicosaldesnudo.com.mx\/wp-content\/uploads\/2023\/01\/FIRMA-EDITORIAL-PD.png?resize=768%2C94&amp;ssl=1 768w, https:\/\/i0.wp.com\/politicosaldesnudo.com.mx\/wp-content\/uploads\/2023\/01\/FIRMA-EDITORIAL-PD.png?resize=1536%2C188&amp;ssl=1 1536w, https:\/\/i0.wp.com\/politicosaldesnudo.com.mx\/wp-content\/uploads\/2023\/01\/FIRMA-EDITORIAL-PD.png?resize=2048%2C250&amp;ssl=1 2048w\" sizes=\"auto, (max-width: 1000px) 100vw, 1000px\" \/><\/p>\n<p>&nbsp;<\/p>\n<p>&nbsp;<\/p>\n","protected":false},"excerpt":{"rendered":"<p>&nbsp; Por Mois\u00e9s S\u00e1nchez Lim\u00f3n &#8211;Y me vienen a la memoria mis maestras, mis maestros, yo estoy aqu\u00ed por ellos, [&hellip;]<\/p>\n","protected":false},"author":4,"featured_media":16109,"comment_status":"closed","ping_status":"closed","sticky":false,"template":"","format":"standard","meta":{"site-sidebar-layout":"default","site-content-layout":"","ast-site-content-layout":"default","site-content-style":"default","site-sidebar-style":"default","ast-global-header-display":"","ast-banner-title-visibility":"","ast-main-header-display":"","ast-hfb-above-header-display":"","ast-hfb-below-header-display":"","ast-hfb-mobile-header-display":"","site-post-title":"","ast-breadcrumbs-content":"","ast-featured-img":"","footer-sml-layout":"","ast-disable-related-posts":"","theme-transparent-header-meta":"","adv-header-id-meta":"","stick-header-meta":"","header-above-stick-meta":"","header-main-stick-meta":"","header-below-stick-meta":"","astra-migrate-meta-layouts":"default","ast-page-background-enabled":"default","ast-page-background-meta":{"desktop":{"background-color":"var(--ast-global-color-5)","background-image":"","background-repeat":"repeat","background-position":"center center","background-size":"auto","background-attachment":"scroll","background-type":"","background-media":"","overlay-type":"","overlay-color":"","overlay-opacity":"","overlay-gradient":""},"tablet":{"background-color":"","background-image":"","background-repeat":"repeat","background-position":"center center","background-size":"auto","background-attachment":"scroll","background-type":"","background-media":"","overlay-type":"","overlay-color":"","overlay-opacity":"","overlay-gradient":""},"mobile":{"background-color":"","background-image":"","background-repeat":"repeat","background-position":"center center","background-size":"auto","background-attachment":"scroll","background-type":"","background-media":"","overlay-type":"","overlay-color":"","overlay-opacity":"","overlay-gradient":""}},"ast-content-background-meta":{"desktop":{"background-color":"var(--ast-global-color-4)","background-image":"","background-repeat":"repeat","background-position":"center center","background-size":"auto","background-attachment":"scroll","background-type":"","background-media":"","overlay-type":"","overlay-color":"","overlay-opacity":"","overlay-gradient":""},"tablet":{"background-color":"var(--ast-global-color-4)","background-image":"","background-repeat":"repeat","background-position":"center center","background-size":"auto","background-attachment":"scroll","background-type":"","background-media":"","overlay-type":"","overlay-color":"","overlay-opacity":"","overlay-gradient":""},"mobile":{"background-color":"var(--ast-global-color-4)","background-image":"","background-repeat":"repeat","background-position":"center center","background-size":"auto","background-attachment":"scroll","background-type":"","background-media":"","overlay-type":"","overlay-color":"","overlay-opacity":"","overlay-gradient":""}},"_jetpack_newsletter_access":"","_jetpack_dont_email_post_to_subs":false,"_jetpack_newsletter_tier_id":0,"_jetpack_memberships_contains_paywalled_content":false,"_jetpack_feature_clip_id":0,"_jetpack_memberships_contains_paid_content":false,"footnotes":"","jetpack_publicize_message":"","jetpack_publicize_feature_enabled":true,"jetpack_social_post_already_shared":false,"jetpack_social_options":{"image_generator_settings":{"template":"highway","default_image_id":0,"font":"","enabled":false},"version":2},"jetpack_post_was_ever_published":false},"categories":[26],"tags":[],"class_list":["post-19918","post","type-post","status-publish","format-standard","has-post-thumbnail","hentry","category-columnistas"],"yoast_head":"<!-- This site is optimized with the Yoast SEO plugin v28.3 - https:\/\/yoast.com\/product\/yoast-seo-wordpress\/ -->\n<title>M\u00e1s mezcla, maistro - Pol\u00edticos al Desnudo<\/title>\n<meta name=\"robots\" content=\"index, follow, max-snippet:-1, max-image-preview:large, max-video-preview:-1\" \/>\n<link rel=\"canonical\" href=\"https:\/\/politicosaldesnudo.com.mx\/index.php\/2023\/05\/18\/mas-mezcla-maistro\/\" \/>\n<meta property=\"og:locale\" content=\"es_ES\" \/>\n<meta property=\"og:type\" content=\"article\" \/>\n<meta property=\"og:title\" content=\"M\u00e1s mezcla, maistro - Pol\u00edticos al Desnudo\" \/>\n<meta property=\"og:description\" content=\"&nbsp; Por Mois\u00e9s S\u00e1nchez Lim\u00f3n &#8211;Y me vienen a la memoria mis maestras, mis maestros, yo estoy aqu\u00ed por ellos, [&hellip;]\" \/>\n<meta property=\"og:url\" content=\"https:\/\/politicosaldesnudo.com.mx\/index.php\/2023\/05\/18\/mas-mezcla-maistro\/\" \/>\n<meta property=\"og:site_name\" content=\"Pol\u00edticos al Desnudo\" \/>\n<meta property=\"article:publisher\" content=\"https:\/\/www.facebook.com\/PoliticosAD\" \/>\n<meta property=\"article:published_time\" content=\"2023-05-18T11:00:29+00:00\" \/>\n<meta property=\"article:modified_time\" content=\"2023-05-18T15:05:52+00:00\" \/>\n<meta property=\"og:image\" content=\"https:\/\/i0.wp.com\/politicosaldesnudo.com.mx\/wp-content\/uploads\/2023\/02\/P-MOISES-SANCHEZ-LIMON.png?fit=1816%2C1016&ssl=1\" \/>\n\t<meta property=\"og:image:width\" content=\"1816\" \/>\n\t<meta property=\"og:image:height\" content=\"1016\" \/>\n\t<meta property=\"og:image:type\" content=\"image\/png\" \/>\n<meta name=\"author\" content=\"Redacci\u00f3n Pol\u00edticos\" \/>\n<meta name=\"twitter:card\" content=\"summary_large_image\" \/>\n<meta name=\"twitter:label1\" content=\"Escrito por\" \/>\n\t<meta name=\"twitter:data1\" content=\"Redacci\u00f3n Pol\u00edticos\" \/>\n\t<meta name=\"twitter:label2\" content=\"Tiempo de lectura\" \/>\n\t<meta name=\"twitter:data2\" content=\"7 minutos\" \/>\n<script type=\"application\/ld+json\" class=\"yoast-schema-graph\">{\"@context\":\"https:\\\/\\\/schema.org\",\"@graph\":[{\"@type\":\"Article\",\"@id\":\"https:\\\/\\\/politicosaldesnudo.com.mx\\\/index.php\\\/2023\\\/05\\\/18\\\/mas-mezcla-maistro\\\/#article\",\"isPartOf\":{\"@id\":\"https:\\\/\\\/politicosaldesnudo.com.mx\\\/index.php\\\/2023\\\/05\\\/18\\\/mas-mezcla-maistro\\\/\"},\"author\":{\"name\":\"Redacci\u00f3n Pol\u00edticos\",\"@id\":\"https:\\\/\\\/politicosaldesnudo.com.mx\\\/#\\\/schema\\\/person\\\/ef3a64e561cc3f3f5dc52fab81adde7e\"},\"headline\":\"M\u00e1s mezcla, maistro\",\"datePublished\":\"2023-05-18T11:00:29+00:00\",\"dateModified\":\"2023-05-18T15:05:52+00:00\",\"mainEntityOfPage\":{\"@id\":\"https:\\\/\\\/politicosaldesnudo.com.mx\\\/index.php\\\/2023\\\/05\\\/18\\\/mas-mezcla-maistro\\\/\"},\"wordCount\":1394,\"publisher\":{\"@id\":\"https:\\\/\\\/politicosaldesnudo.com.mx\\\/#organization\"},\"image\":{\"@id\":\"https:\\\/\\\/politicosaldesnudo.com.mx\\\/index.php\\\/2023\\\/05\\\/18\\\/mas-mezcla-maistro\\\/#primaryimage\"},\"thumbnailUrl\":\"https:\\\/\\\/i0.wp.com\\\/politicosaldesnudo.com.mx\\\/wp-content\\\/uploads\\\/2023\\\/02\\\/P-MOISES-SANCHEZ-LIMON.png?fit=1816%2C1016&ssl=1\",\"articleSection\":[\"OPINI\u00d3N\"],\"inLanguage\":\"es\"},{\"@type\":\"WebPage\",\"@id\":\"https:\\\/\\\/politicosaldesnudo.com.mx\\\/index.php\\\/2023\\\/05\\\/18\\\/mas-mezcla-maistro\\\/\",\"url\":\"https:\\\/\\\/politicosaldesnudo.com.mx\\\/index.php\\\/2023\\\/05\\\/18\\\/mas-mezcla-maistro\\\/\",\"name\":\"M\u00e1s mezcla, maistro - Pol\u00edticos al Desnudo\",\"isPartOf\":{\"@id\":\"https:\\\/\\\/politicosaldesnudo.com.mx\\\/#website\"},\"primaryImageOfPage\":{\"@id\":\"https:\\\/\\\/politicosaldesnudo.com.mx\\\/index.php\\\/2023\\\/05\\\/18\\\/mas-mezcla-maistro\\\/#primaryimage\"},\"image\":{\"@id\":\"https:\\\/\\\/politicosaldesnudo.com.mx\\\/index.php\\\/2023\\\/05\\\/18\\\/mas-mezcla-maistro\\\/#primaryimage\"},\"thumbnailUrl\":\"https:\\\/\\\/i0.wp.com\\\/politicosaldesnudo.com.mx\\\/wp-content\\\/uploads\\\/2023\\\/02\\\/P-MOISES-SANCHEZ-LIMON.png?fit=1816%2C1016&ssl=1\",\"datePublished\":\"2023-05-18T11:00:29+00:00\",\"dateModified\":\"2023-05-18T15:05:52+00:00\",\"breadcrumb\":{\"@id\":\"https:\\\/\\\/politicosaldesnudo.com.mx\\\/index.php\\\/2023\\\/05\\\/18\\\/mas-mezcla-maistro\\\/#breadcrumb\"},\"inLanguage\":\"es\",\"potentialAction\":[{\"@type\":\"ReadAction\",\"target\":[\"https:\\\/\\\/politicosaldesnudo.com.mx\\\/index.php\\\/2023\\\/05\\\/18\\\/mas-mezcla-maistro\\\/\"]}]},{\"@type\":\"ImageObject\",\"inLanguage\":\"es\",\"@id\":\"https:\\\/\\\/politicosaldesnudo.com.mx\\\/index.php\\\/2023\\\/05\\\/18\\\/mas-mezcla-maistro\\\/#primaryimage\",\"url\":\"https:\\\/\\\/i0.wp.com\\\/politicosaldesnudo.com.mx\\\/wp-content\\\/uploads\\\/2023\\\/02\\\/P-MOISES-SANCHEZ-LIMON.png?fit=1816%2C1016&ssl=1\",\"contentUrl\":\"https:\\\/\\\/i0.wp.com\\\/politicosaldesnudo.com.mx\\\/wp-content\\\/uploads\\\/2023\\\/02\\\/P-MOISES-SANCHEZ-LIMON.png?fit=1816%2C1016&ssl=1\",\"width\":1816,\"height\":1016},{\"@type\":\"BreadcrumbList\",\"@id\":\"https:\\\/\\\/politicosaldesnudo.com.mx\\\/index.php\\\/2023\\\/05\\\/18\\\/mas-mezcla-maistro\\\/#breadcrumb\",\"itemListElement\":[{\"@type\":\"ListItem\",\"position\":1,\"name\":\"Portada\",\"item\":\"https:\\\/\\\/politicosaldesnudo.com.mx\\\/\"},{\"@type\":\"ListItem\",\"position\":2,\"name\":\"M\u00e1s mezcla, maistro\"}]},{\"@type\":\"WebSite\",\"@id\":\"https:\\\/\\\/politicosaldesnudo.com.mx\\\/#website\",\"url\":\"https:\\\/\\\/politicosaldesnudo.com.mx\\\/\",\"name\":\"Pol\u00edticos al Desnudo\",\"description\":\"\",\"publisher\":{\"@id\":\"https:\\\/\\\/politicosaldesnudo.com.mx\\\/#organization\"},\"potentialAction\":[{\"@type\":\"SearchAction\",\"target\":{\"@type\":\"EntryPoint\",\"urlTemplate\":\"https:\\\/\\\/politicosaldesnudo.com.mx\\\/?s={search_term_string}\"},\"query-input\":{\"@type\":\"PropertyValueSpecification\",\"valueRequired\":true,\"valueName\":\"search_term_string\"}}],\"inLanguage\":\"es\"},{\"@type\":\"Organization\",\"@id\":\"https:\\\/\\\/politicosaldesnudo.com.mx\\\/#organization\",\"name\":\"Pol\u00edticos al Desnudo\",\"url\":\"https:\\\/\\\/politicosaldesnudo.com.mx\\\/\",\"logo\":{\"@type\":\"ImageObject\",\"inLanguage\":\"es\",\"@id\":\"https:\\\/\\\/politicosaldesnudo.com.mx\\\/#\\\/schema\\\/logo\\\/image\\\/\",\"url\":\"https:\\\/\\\/i0.wp.com\\\/politicosaldesnudo.com.mx\\\/wp-content\\\/uploads\\\/2026\\\/08\\\/cropped-logo.webp?fit=400%2C126&ssl=1\",\"contentUrl\":\"https:\\\/\\\/i0.wp.com\\\/politicosaldesnudo.com.mx\\\/wp-content\\\/uploads\\\/2026\\\/08\\\/cropped-logo.webp?fit=400%2C126&ssl=1\",\"width\":400,\"height\":126,\"caption\":\"Pol\u00edticos al Desnudo\"},\"image\":{\"@id\":\"https:\\\/\\\/politicosaldesnudo.com.mx\\\/#\\\/schema\\\/logo\\\/image\\\/\"},\"sameAs\":[\"https:\\\/\\\/www.facebook.com\\\/PoliticosAD\"]},{\"@type\":\"Person\",\"@id\":\"https:\\\/\\\/politicosaldesnudo.com.mx\\\/#\\\/schema\\\/person\\\/ef3a64e561cc3f3f5dc52fab81adde7e\",\"name\":\"Redacci\u00f3n Pol\u00edticos\",\"url\":\"https:\\\/\\\/politicosaldesnudo.com.mx\\\/index.php\\\/author\\\/redaccion-politicos\\\/\"}]}<\/script>\n<!-- \/ Yoast SEO plugin. -->","yoast_head_json":{"title":"M\u00e1s mezcla, maistro - Pol\u00edticos al Desnudo","robots":{"index":"index","follow":"follow","max-snippet":"max-snippet:-1","max-image-preview":"max-image-preview:large","max-video-preview":"max-video-preview:-1"},"canonical":"https:\/\/politicosaldesnudo.com.mx\/index.php\/2023\/05\/18\/mas-mezcla-maistro\/","og_locale":"es_ES","og_type":"article","og_title":"M\u00e1s mezcla, maistro - Pol\u00edticos al Desnudo","og_description":"&nbsp; Por Mois\u00e9s S\u00e1nchez Lim\u00f3n &#8211;Y me vienen a la memoria mis maestras, mis maestros, yo estoy aqu\u00ed por ellos, [&hellip;]","og_url":"https:\/\/politicosaldesnudo.com.mx\/index.php\/2023\/05\/18\/mas-mezcla-maistro\/","og_site_name":"Pol\u00edticos al Desnudo","article_publisher":"https:\/\/www.facebook.com\/PoliticosAD","article_published_time":"2023-05-18T11:00:29+00:00","article_modified_time":"2023-05-18T15:05:52+00:00","og_image":[{"width":1816,"height":1016,"url":"https:\/\/i0.wp.com\/politicosaldesnudo.com.mx\/wp-content\/uploads\/2023\/02\/P-MOISES-SANCHEZ-LIMON.png?fit=1816%2C1016&ssl=1","type":"image\/png"}],"author":"Redacci\u00f3n Pol\u00edticos","twitter_card":"summary_large_image","twitter_misc":{"Escrito por":"Redacci\u00f3n Pol\u00edticos","Tiempo de lectura":"7 minutos"},"schema":{"@context":"https:\/\/schema.org","@graph":[{"@type":"Article","@id":"https:\/\/politicosaldesnudo.com.mx\/index.php\/2023\/05\/18\/mas-mezcla-maistro\/#article","isPartOf":{"@id":"https:\/\/politicosaldesnudo.com.mx\/index.php\/2023\/05\/18\/mas-mezcla-maistro\/"},"author":{"name":"Redacci\u00f3n Pol\u00edticos","@id":"https:\/\/politicosaldesnudo.com.mx\/#\/schema\/person\/ef3a64e561cc3f3f5dc52fab81adde7e"},"headline":"M\u00e1s mezcla, maistro","datePublished":"2023-05-18T11:00:29+00:00","dateModified":"2023-05-18T15:05:52+00:00","mainEntityOfPage":{"@id":"https:\/\/politicosaldesnudo.com.mx\/index.php\/2023\/05\/18\/mas-mezcla-maistro\/"},"wordCount":1394,"publisher":{"@id":"https:\/\/politicosaldesnudo.com.mx\/#organization"},"image":{"@id":"https:\/\/politicosaldesnudo.com.mx\/index.php\/2023\/05\/18\/mas-mezcla-maistro\/#primaryimage"},"thumbnailUrl":"https:\/\/i0.wp.com\/politicosaldesnudo.com.mx\/wp-content\/uploads\/2023\/02\/P-MOISES-SANCHEZ-LIMON.png?fit=1816%2C1016&ssl=1","articleSection":["OPINI\u00d3N"],"inLanguage":"es"},{"@type":"WebPage","@id":"https:\/\/politicosaldesnudo.com.mx\/index.php\/2023\/05\/18\/mas-mezcla-maistro\/","url":"https:\/\/politicosaldesnudo.com.mx\/index.php\/2023\/05\/18\/mas-mezcla-maistro\/","name":"M\u00e1s mezcla, maistro - Pol\u00edticos al Desnudo","isPartOf":{"@id":"https:\/\/politicosaldesnudo.com.mx\/#website"},"primaryImageOfPage":{"@id":"https:\/\/politicosaldesnudo.com.mx\/index.php\/2023\/05\/18\/mas-mezcla-maistro\/#primaryimage"},"image":{"@id":"https:\/\/politicosaldesnudo.com.mx\/index.php\/2023\/05\/18\/mas-mezcla-maistro\/#primaryimage"},"thumbnailUrl":"https:\/\/i0.wp.com\/politicosaldesnudo.com.mx\/wp-content\/uploads\/2023\/02\/P-MOISES-SANCHEZ-LIMON.png?fit=1816%2C1016&ssl=1","datePublished":"2023-05-18T11:00:29+00:00","dateModified":"2023-05-18T15:05:52+00:00","breadcrumb":{"@id":"https:\/\/politicosaldesnudo.com.mx\/index.php\/2023\/05\/18\/mas-mezcla-maistro\/#breadcrumb"},"inLanguage":"es","potentialAction":[{"@type":"ReadAction","target":["https:\/\/politicosaldesnudo.com.mx\/index.php\/2023\/05\/18\/mas-mezcla-maistro\/"]}]},{"@type":"ImageObject","inLanguage":"es","@id":"https:\/\/politicosaldesnudo.com.mx\/index.php\/2023\/05\/18\/mas-mezcla-maistro\/#primaryimage","url":"https:\/\/i0.wp.com\/politicosaldesnudo.com.mx\/wp-content\/uploads\/2023\/02\/P-MOISES-SANCHEZ-LIMON.png?fit=1816%2C1016&ssl=1","contentUrl":"https:\/\/i0.wp.com\/politicosaldesnudo.com.mx\/wp-content\/uploads\/2023\/02\/P-MOISES-SANCHEZ-LIMON.png?fit=1816%2C1016&ssl=1","width":1816,"height":1016},{"@type":"BreadcrumbList","@id":"https:\/\/politicosaldesnudo.com.mx\/index.php\/2023\/05\/18\/mas-mezcla-maistro\/#breadcrumb","itemListElement":[{"@type":"ListItem","position":1,"name":"Portada","item":"https:\/\/politicosaldesnudo.com.mx\/"},{"@type":"ListItem","position":2,"name":"M\u00e1s mezcla, maistro"}]},{"@type":"WebSite","@id":"https:\/\/politicosaldesnudo.com.mx\/#website","url":"https:\/\/politicosaldesnudo.com.mx\/","name":"Pol\u00edticos al Desnudo","description":"","publisher":{"@id":"https:\/\/politicosaldesnudo.com.mx\/#organization"},"potentialAction":[{"@type":"SearchAction","target":{"@type":"EntryPoint","urlTemplate":"https:\/\/politicosaldesnudo.com.mx\/?s={search_term_string}"},"query-input":{"@type":"PropertyValueSpecification","valueRequired":true,"valueName":"search_term_string"}}],"inLanguage":"es"},{"@type":"Organization","@id":"https:\/\/politicosaldesnudo.com.mx\/#organization","name":"Pol\u00edticos al Desnudo","url":"https:\/\/politicosaldesnudo.com.mx\/","logo":{"@type":"ImageObject","inLanguage":"es","@id":"https:\/\/politicosaldesnudo.com.mx\/#\/schema\/logo\/image\/","url":"https:\/\/i0.wp.com\/politicosaldesnudo.com.mx\/wp-content\/uploads\/2026\/08\/cropped-logo.webp?fit=400%2C126&ssl=1","contentUrl":"https:\/\/i0.wp.com\/politicosaldesnudo.com.mx\/wp-content\/uploads\/2026\/08\/cropped-logo.webp?fit=400%2C126&ssl=1","width":400,"height":126,"caption":"Pol\u00edticos al Desnudo"},"image":{"@id":"https:\/\/politicosaldesnudo.com.mx\/#\/schema\/logo\/image\/"},"sameAs":["https:\/\/www.facebook.com\/PoliticosAD"]},{"@type":"Person","@id":"https:\/\/politicosaldesnudo.com.mx\/#\/schema\/person\/ef3a64e561cc3f3f5dc52fab81adde7e","name":"Redacci\u00f3n Pol\u00edticos","url":"https:\/\/politicosaldesnudo.com.mx\/index.php\/author\/redaccion-politicos\/"}]}},"jetpack_publicize_connections":[],"jetpack-related-posts":[{"id":6008,"url":"https:\/\/politicosaldesnudo.com.mx\/index.php\/2022\/05\/31\/reconocen-labor-de-susana-landeros\/","url_meta":{"origin":19918,"position":0},"title":"Reconocen labor de Susana Landeros","author":"Redacci\u00f3n Pol\u00edticos","date":"31 de mayo de 2022","format":false,"excerpt":"Morelos. En el marco de la clausura de la exposici\u00f3n \u201cMujeres Horizontes\u201d, conformada por obras del maestro oaxaque\u00f1o Rolando Rojas, en la Galer\u00eda Sixtos, de Tepotzotl\u00e1n, se reconoci\u00f3 la trayectoria de Susana Landeros Cort\u00e9s, presidenta de la Fundaci\u00f3n Fertilizando el Esfuerzo, por su destacada labor en el Estado de M\u00e9xico.\u2026","rel":"","context":"En \u00abCULTURA\u00bb","block_context":{"text":"CULTURA","link":"https:\/\/politicosaldesnudo.com.mx\/index.php\/category\/cultura\/"},"img":{"alt_text":"","src":"https:\/\/i0.wp.com\/politicosaldesnudo.com.mx\/wp-content\/uploads\/2022\/05\/P-SUSANALANDEROS4.png?fit=1200%2C671&ssl=1&resize=350%2C200","width":350,"height":200,"srcset":"https:\/\/i0.wp.com\/politicosaldesnudo.com.mx\/wp-content\/uploads\/2022\/05\/P-SUSANALANDEROS4.png?fit=1200%2C671&ssl=1&resize=350%2C200 1x, https:\/\/i0.wp.com\/politicosaldesnudo.com.mx\/wp-content\/uploads\/2022\/05\/P-SUSANALANDEROS4.png?fit=1200%2C671&ssl=1&resize=525%2C300 1.5x, https:\/\/i0.wp.com\/politicosaldesnudo.com.mx\/wp-content\/uploads\/2022\/05\/P-SUSANALANDEROS4.png?fit=1200%2C671&ssl=1&resize=700%2C400 2x, https:\/\/i0.wp.com\/politicosaldesnudo.com.mx\/wp-content\/uploads\/2022\/05\/P-SUSANALANDEROS4.png?fit=1200%2C671&ssl=1&resize=1050%2C600 3x"},"classes":[]},{"id":87944,"url":"https:\/\/politicosaldesnudo.com.mx\/index.php\/2026\/08\/21\/muere-atanasio-garcia-duran-historico-referente-de-la-izquierda-veracruzana\/","url_meta":{"origin":19918,"position":1},"title":"Muere Atanasio Garc\u00eda Dur\u00e1n, hist\u00f3rico referente de la izquierda veracruzana","author":"Redacci\u00f3n Pol\u00edticos","date":"21 de agosto de 2026","format":false,"excerpt":"El maestro, acad\u00e9mico y exdiputado local Atanasio Garc\u00eda Dur\u00e1n falleci\u00f3 la noche del jueves 20 de agosto, a los 83 a\u00f1os. Adem\u00e1s de su amplia trayectoria en la educaci\u00f3n y la pol\u00edtica de Veracruz, fue padre del exgobernador Cuitl\u00e1huac Garc\u00eda Jim\u00e9nez. Garc\u00eda Dur\u00e1n permanec\u00eda hospitalizado desde principios de agosto debido\u2026","rel":"","context":"En \u00abESTADOS\u00bb","block_context":{"text":"ESTADOS","link":"https:\/\/politicosaldesnudo.com.mx\/index.php\/category\/estados\/"},"img":{"alt_text":"","src":"https:\/\/i0.wp.com\/politicosaldesnudo.com.mx\/wp-content\/uploads\/2026\/08\/fallecio-atanasio-garcia-padre-del-ex-gobernador-de-veracruz-cuitlahuac-garcia_93a1df84-098a-43c7-adf2-51d88e2d2666_media.webp?fit=1200%2C848&ssl=1&resize=350%2C200","width":350,"height":200,"srcset":"https:\/\/i0.wp.com\/politicosaldesnudo.com.mx\/wp-content\/uploads\/2026\/08\/fallecio-atanasio-garcia-padre-del-ex-gobernador-de-veracruz-cuitlahuac-garcia_93a1df84-098a-43c7-adf2-51d88e2d2666_media.webp?fit=1200%2C848&ssl=1&resize=350%2C200 1x, https:\/\/i0.wp.com\/politicosaldesnudo.com.mx\/wp-content\/uploads\/2026\/08\/fallecio-atanasio-garcia-padre-del-ex-gobernador-de-veracruz-cuitlahuac-garcia_93a1df84-098a-43c7-adf2-51d88e2d2666_media.webp?fit=1200%2C848&ssl=1&resize=525%2C300 1.5x, https:\/\/i0.wp.com\/politicosaldesnudo.com.mx\/wp-content\/uploads\/2026\/08\/fallecio-atanasio-garcia-padre-del-ex-gobernador-de-veracruz-cuitlahuac-garcia_93a1df84-098a-43c7-adf2-51d88e2d2666_media.webp?fit=1200%2C848&ssl=1&resize=700%2C400 2x, https:\/\/i0.wp.com\/politicosaldesnudo.com.mx\/wp-content\/uploads\/2026\/08\/fallecio-atanasio-garcia-padre-del-ex-gobernador-de-veracruz-cuitlahuac-garcia_93a1df84-098a-43c7-adf2-51d88e2d2666_media.webp?fit=1200%2C848&ssl=1&resize=1050%2C600 3x"},"classes":[]},{"id":88097,"url":"https:\/\/politicosaldesnudo.com.mx\/index.php\/2026\/08\/27\/gloria-sanchez-la-izquierda-que-todavia-sabe-servir\/","url_meta":{"origin":19918,"position":2},"title":"Gloria S\u00e1nchez: la izquierda que todav\u00eda sabe servir","author":"Redacci\u00f3n Pol\u00edticos","date":"27 de agosto de 2026","format":false,"excerpt":"BIT\u00c1CORA POL\u00cdTICA Por Miguel \u00c1ngel Cristiani G. Hay reconocimientos que se entregan por protocolo y hay otros que, adem\u00e1s de reconocer una trayectoria, sirven para recordarles a los pol\u00edticos de hoy lo que significa realmente dedicar la vida al servicio p\u00fablico. \u00c9ste \u00faltimo parece ser el caso de Gloria S\u00e1nchez\u2026","rel":"","context":"En \u00abOPINI\u00d3N\u00bb","block_context":{"text":"OPINI\u00d3N","link":"https:\/\/politicosaldesnudo.com.mx\/index.php\/category\/columnistas\/"},"img":{"alt_text":"","src":"https:\/\/i0.wp.com\/politicosaldesnudo.com.mx\/wp-content\/uploads\/2026\/08\/COLUMNISTAS-PAD-5.png?fit=1200%2C659&ssl=1&resize=350%2C200","width":350,"height":200,"srcset":"https:\/\/i0.wp.com\/politicosaldesnudo.com.mx\/wp-content\/uploads\/2026\/08\/COLUMNISTAS-PAD-5.png?fit=1200%2C659&ssl=1&resize=350%2C200 1x, https:\/\/i0.wp.com\/politicosaldesnudo.com.mx\/wp-content\/uploads\/2026\/08\/COLUMNISTAS-PAD-5.png?fit=1200%2C659&ssl=1&resize=525%2C300 1.5x, https:\/\/i0.wp.com\/politicosaldesnudo.com.mx\/wp-content\/uploads\/2026\/08\/COLUMNISTAS-PAD-5.png?fit=1200%2C659&ssl=1&resize=700%2C400 2x, https:\/\/i0.wp.com\/politicosaldesnudo.com.mx\/wp-content\/uploads\/2026\/08\/COLUMNISTAS-PAD-5.png?fit=1200%2C659&ssl=1&resize=1050%2C600 3x"},"classes":[]},{"id":87288,"url":"https:\/\/politicosaldesnudo.com.mx\/index.php\/2026\/07\/27\/salinas-pliego-lo-mas-putrefacto-de-la-derecha\/","url_meta":{"origin":19918,"position":3},"title":"Salinas Pliego, lo m\u00e1s putrefacto de la derecha","author":"Redacci\u00f3n Pol\u00edticos","date":"27 de julio de 2026","format":false,"excerpt":"* El alcalde de Cosoleacaque, Cirilo V\u00e1zquez rinde protesta como cabeza del comit\u00e9 municipal intersectorial de salud. \u00a0 El \"empresario\" Ricardo Salinas Pliego, bautizado durante el mundial de f\u00fatbol como \u201cla perrita de Trump\u201d, llam\u00f3 inepta y mentirosa a la presidenta Claudia Sheinbaum Pardo, luego de que fuera exhibido en\u2026","rel":"","context":"En \u00abOPINI\u00d3N\u00bb","block_context":{"text":"OPINI\u00d3N","link":"https:\/\/politicosaldesnudo.com.mx\/index.php\/category\/columnistas\/"},"img":{"alt_text":"","src":"https:\/\/i0.wp.com\/politicosaldesnudo.com.mx\/wp-content\/uploads\/2026\/02\/LEAD-POLITICO-AZUL.jpg?fit=800%2C445&ssl=1&resize=350%2C200","width":350,"height":200,"srcset":"https:\/\/i0.wp.com\/politicosaldesnudo.com.mx\/wp-content\/uploads\/2026\/02\/LEAD-POLITICO-AZUL.jpg?fit=800%2C445&ssl=1&resize=350%2C200 1x, https:\/\/i0.wp.com\/politicosaldesnudo.com.mx\/wp-content\/uploads\/2026\/02\/LEAD-POLITICO-AZUL.jpg?fit=800%2C445&ssl=1&resize=525%2C300 1.5x, https:\/\/i0.wp.com\/politicosaldesnudo.com.mx\/wp-content\/uploads\/2026\/02\/LEAD-POLITICO-AZUL.jpg?fit=800%2C445&ssl=1&resize=700%2C400 2x"},"classes":[]},{"id":88125,"url":"https:\/\/politicosaldesnudo.com.mx\/index.php\/2026\/08\/28\/cosas-habras-de-ver-en-el-congreso\/","url_meta":{"origin":19918,"position":4},"title":"Cosas habr\u00e1s de ver\u2026 en el Congreso","author":"Redacci\u00f3n Pol\u00edticos","date":"28 de agosto de 2026","format":false,"excerpt":"BIT\u00c1CORA POL\u00cdTICA Por Miguel \u00c1ngel Cristiani G. Como dir\u00eda aquella vieja expresi\u00f3n Cervantina: \u201ccosas habr\u00e1s de ver\u201d. Y vaya que las hubo ayer, minutos antes de comenzar en el Congreso del Estado la sesi\u00f3n solemne para entregar la Medalla y Diploma \u201cHeberto Castillo Mart\u00ednez\u201d 2025 a la maestra Gloria S\u00e1nchez\u2026","rel":"","context":"En \u00abOPINI\u00d3N\u00bb","block_context":{"text":"OPINI\u00d3N","link":"https:\/\/politicosaldesnudo.com.mx\/index.php\/category\/columnistas\/"},"img":{"alt_text":"","src":"https:\/\/i0.wp.com\/politicosaldesnudo.com.mx\/wp-content\/uploads\/2026\/08\/BITACORA-2808.png?fit=1200%2C658&ssl=1&resize=350%2C200","width":350,"height":200,"srcset":"https:\/\/i0.wp.com\/politicosaldesnudo.com.mx\/wp-content\/uploads\/2026\/08\/BITACORA-2808.png?fit=1200%2C658&ssl=1&resize=350%2C200 1x, https:\/\/i0.wp.com\/politicosaldesnudo.com.mx\/wp-content\/uploads\/2026\/08\/BITACORA-2808.png?fit=1200%2C658&ssl=1&resize=525%2C300 1.5x, https:\/\/i0.wp.com\/politicosaldesnudo.com.mx\/wp-content\/uploads\/2026\/08\/BITACORA-2808.png?fit=1200%2C658&ssl=1&resize=700%2C400 2x, https:\/\/i0.wp.com\/politicosaldesnudo.com.mx\/wp-content\/uploads\/2026\/08\/BITACORA-2808.png?fit=1200%2C658&ssl=1&resize=1050%2C600 3x"},"classes":[]},{"id":20097,"url":"https:\/\/politicosaldesnudo.com.mx\/index.php\/2023\/05\/22\/inicia-nueva-era-para-egresados-del-ipn\/","url_meta":{"origin":19918,"position":5},"title":"Inicia nueva era para Egresados del Instituto Polit\u00e9cnico Nacional","author":"Redacci\u00f3n Pol\u00edticos","date":"22 de mayo de 2023","format":false,"excerpt":"\u00a0 <<El presidente Marcos Antonio \u00c1vila Cadena hace un llamado: \u201cLas mujeres son primero\u201d desde tribuna invita a sumarse al plan de trabajo Consejo Nacional de Egresados>> \u00a0 CIUDAD DE M\u00c9XICO. Toma protesta Marcos Antonio \u00c1vila Cadena, como presidente del Consejo Nacional de Egresados del Instituto Polit\u00e9cnico Nacional, en el\u2026","rel":"","context":"En \u00abESTADOS\u00bb","block_context":{"text":"ESTADOS","link":"https:\/\/politicosaldesnudo.com.mx\/index.php\/category\/estados\/"},"img":{"alt_text":"","src":"https:\/\/i0.wp.com\/politicosaldesnudo.com.mx\/wp-content\/uploads\/2023\/05\/P-EGRESADOS-TOMA-PROTESTA-1.png?fit=1200%2C671&ssl=1&resize=350%2C200","width":350,"height":200,"srcset":"https:\/\/i0.wp.com\/politicosaldesnudo.com.mx\/wp-content\/uploads\/2023\/05\/P-EGRESADOS-TOMA-PROTESTA-1.png?fit=1200%2C671&ssl=1&resize=350%2C200 1x, https:\/\/i0.wp.com\/politicosaldesnudo.com.mx\/wp-content\/uploads\/2023\/05\/P-EGRESADOS-TOMA-PROTESTA-1.png?fit=1200%2C671&ssl=1&resize=525%2C300 1.5x, https:\/\/i0.wp.com\/politicosaldesnudo.com.mx\/wp-content\/uploads\/2023\/05\/P-EGRESADOS-TOMA-PROTESTA-1.png?fit=1200%2C671&ssl=1&resize=700%2C400 2x, https:\/\/i0.wp.com\/politicosaldesnudo.com.mx\/wp-content\/uploads\/2023\/05\/P-EGRESADOS-TOMA-PROTESTA-1.png?fit=1200%2C671&ssl=1&resize=1050%2C600 3x"},"classes":[]}],"jetpack_sharing_enabled":true,"jetpack_featured_media_url":"https:\/\/i0.wp.com\/politicosaldesnudo.com.mx\/wp-content\/uploads\/2023\/02\/P-MOISES-SANCHEZ-LIMON.png?fit=1816%2C1016&ssl=1","_links":{"self":[{"href":"https:\/\/politicosaldesnudo.com.mx\/index.php\/wp-json\/wp\/v2\/posts\/19918","targetHints":{"allow":["GET"]}}],"collection":[{"href":"https:\/\/politicosaldesnudo.com.mx\/index.php\/wp-json\/wp\/v2\/posts"}],"about":[{"href":"https:\/\/politicosaldesnudo.com.mx\/index.php\/wp-json\/wp\/v2\/types\/post"}],"author":[{"embeddable":true,"href":"https:\/\/politicosaldesnudo.com.mx\/index.php\/wp-json\/wp\/v2\/users\/4"}],"replies":[{"embeddable":true,"href":"https:\/\/politicosaldesnudo.com.mx\/index.php\/wp-json\/wp\/v2\/comments?post=19918"}],"version-history":[{"count":0,"href":"https:\/\/politicosaldesnudo.com.mx\/index.php\/wp-json\/wp\/v2\/posts\/19918\/revisions"}],"wp:featuredmedia":[{"embeddable":true,"href":"https:\/\/politicosaldesnudo.com.mx\/index.php\/wp-json\/wp\/v2\/media\/16109"}],"wp:attachment":[{"href":"https:\/\/politicosaldesnudo.com.mx\/index.php\/wp-json\/wp\/v2\/media?parent=19918"}],"wp:term":[{"taxonomy":"category","embeddable":true,"href":"https:\/\/politicosaldesnudo.com.mx\/index.php\/wp-json\/wp\/v2\/categories?post=19918"},{"taxonomy":"post_tag","embeddable":true,"href":"https:\/\/politicosaldesnudo.com.mx\/index.php\/wp-json\/wp\/v2\/tags?post=19918"}],"curies":[{"name":"wp","href":"https:\/\/api.w.org\/{rel}","templated":true}]}}