{"id":20039,"date":"2023-05-22T02:25:41","date_gmt":"2023-05-22T07:25:41","guid":{"rendered":"https:\/\/politicosaldesnudo.com.mx\/?p=20039"},"modified":"2023-05-22T02:25:41","modified_gmt":"2023-05-22T07:25:41","slug":"destape-de-corcholatas-azules","status":"publish","type":"post","link":"https:\/\/politicosaldesnudo.com.mx\/index.php\/2023\/05\/22\/destape-de-corcholatas-azules\/","title":{"rendered":"Destape de corcholatas azules"},"content":{"rendered":"<p>&nbsp;<\/p>\n<p class=\"p1\"><span style=\"font-size: 18pt;\"><b>Por Pepe Valencia<\/b><\/span><\/p>\n<p class=\"p1\"><span style=\"font-size: 14pt;\">Y le pregunt\u00e9 el jueves a Federico Salom\u00f3n, presidente estatal del PAN, qui\u00e9nes<span class=\"Apple-converted-space\">\u00a0 <\/span>aparte de Julen Rementer\u00eda, han levantado la mano para apuntarse como aspirantes a la gubernatura y si en la lista hab\u00eda mujeres o s\u00f3lo hombres.<\/span><\/p>\n<p class=\"p1\"><strong><span style=\"font-size: 18pt;\">El dirigente panista, en desayuno con integrantes del grupo plural \u201cVer por Veracruz\u201d<\/span><\/strong><strong><span style=\"font-size: 18pt;\">, coordinado por Carlos Luna Escudero, respondi\u00f3 mi pregunta y las de otros asistentes a la reuni\u00f3n.<\/span><\/strong><\/p>\n<p class=\"p1\"><strong><span style=\"font-size: 18pt;\">Mencion\u00f3 a los hermanos Miguel \u00c1ngel y Fernando Yunes M\u00e1rquez, a Paty Lobeira, Mary Jose Gamboa, Indira Rosales y Mar\u00eda del Carmen Escudero, entre otras posibles competidoras.<\/span><\/strong><\/p>\n<p>&nbsp;<\/p>\n<p><img data-recalc-dims=\"1\" loading=\"lazy\" decoding=\"async\" class=\"aligncenter wp-image-20040 size-large\" src=\"https:\/\/i0.wp.com\/politicosaldesnudo.com.mx\/wp-content\/uploads\/2023\/05\/P-CORCHOLATAS-PAN-1024x573.png?resize=800%2C448&#038;ssl=1\" alt=\"\" width=\"800\" height=\"448\" srcset=\"https:\/\/i0.wp.com\/politicosaldesnudo.com.mx\/wp-content\/uploads\/2023\/05\/P-CORCHOLATAS-PAN.png?resize=1024%2C573&amp;ssl=1 1024w, https:\/\/i0.wp.com\/politicosaldesnudo.com.mx\/wp-content\/uploads\/2023\/05\/P-CORCHOLATAS-PAN.png?resize=300%2C168&amp;ssl=1 300w, https:\/\/i0.wp.com\/politicosaldesnudo.com.mx\/wp-content\/uploads\/2023\/05\/P-CORCHOLATAS-PAN.png?resize=768%2C430&amp;ssl=1 768w, https:\/\/i0.wp.com\/politicosaldesnudo.com.mx\/wp-content\/uploads\/2023\/05\/P-CORCHOLATAS-PAN.png?resize=1536%2C859&amp;ssl=1 1536w, https:\/\/i0.wp.com\/politicosaldesnudo.com.mx\/wp-content\/uploads\/2023\/05\/P-CORCHOLATAS-PAN.png?w=1816&amp;ssl=1 1816w, https:\/\/i0.wp.com\/politicosaldesnudo.com.mx\/wp-content\/uploads\/2023\/05\/P-CORCHOLATAS-PAN.png?w=1600&amp;ssl=1 1600w\" sizes=\"auto, (max-width: 800px) 100vw, 800px\" \/><\/p>\n<p>&nbsp;<\/p>\n<p class=\"p1\"><span style=\"font-size: 14pt;\">Tambi\u00e9n dijo que hab\u00eda dos importantes empresarios con intenciones de participar, pero dej\u00f3 entrever<span class=\"Apple-converted-space\">\u00a0 <\/span>que estaban recibiendo presiones o amenazas desde el gobierno para obligarlos a no aceptar una eventual candidatura.<\/span><\/p>\n<p class=\"p1\"><span style=\"font-size: 18pt;\"><strong>Coment\u00f3 que el PAN desea escuchar propuestas de los ciudadanos para tomarlas en cuenta a la hora de las decisiones y neg\u00f3 la existencia de divisiones al interior de este partido.<\/strong><\/span><\/p>\n<p class=\"p1\"><span style=\"font-size: 14pt;\">Estas declaraciones le agregan sabor al caldo, habida cuenta que por el PRI ya andan muy movidos dos Yunes y ahora Federico incluye a dos m\u00e1s del mismo apellido, quienes hasta el momento parecen quietos y no han dicho si participar\u00e1n o no.<\/span><\/p>\n<p class=\"p1\"><span style=\"font-size: 14pt;\">Aunque Federico Salom\u00f3n jam\u00e1s utiliz\u00f3 el t\u00e9rmino acu\u00f1ado por Andr\u00e9s L\u00f3pez Obrador para denominar a los presidenciables de Morena, se colige que han sido pr\u00e1cticamente destapadas las corcholatas del PAN para la gubernatura de Veracruz\u2026 m\u00e1s las que se acumulen.<\/span><\/p>\n<p class=\"p1\"><span style=\"font-size: 14pt;\">Faltar\u00edan las propuestas del PRD y Movimiento Ciudadano, porque las de Morena y el PRI son ya bastante visibles.<\/span><\/p>\n<p>&nbsp;<\/p>\n<p class=\"p1\"><span style=\"font-size: 18pt; color: #139eca;\"><b>ZENTELLA, EL JUEVES<\/b><\/span><\/p>\n<p class=\"p1\"><span style=\"font-size: 14pt;\">Me han preguntado algunos amigos, \u00bfqu\u00e9 temas tratas en tu novela?<span class=\"Apple-converted-space\">\u00a0<\/span><\/span><\/p>\n<p class=\"p1\"><span style=\"font-size: 14pt;\">Y contesto:<\/span><\/p>\n<p class=\"p1\"><span style=\"font-size: 14pt;\"><span class=\"Apple-converted-space\">\u00a0<\/span>&#8211;De todo&#8230; y de la nada. Incluso de amor y pol\u00edtica&#8230; como en la vida real.<\/span><\/p>\n<p class=\"p1\"><span style=\"font-size: 14pt;\">En mi libro, el cual ser\u00e1 presentado la tarde del jueves pr\u00f3ximo en la sala de cabildo del palacio municipal de Xalapa, se habla hasta del presidente Andr\u00e9s Manuel L\u00f3pez Obrador.<span class=\"Apple-converted-space\">\u00a0<\/span><\/span><\/p>\n<p class=\"p1\"><span style=\"font-size: 14pt;\">Les invito, espero su presencia y que lean <i>Zentella<\/i>. Les encantar\u00e1.<\/span><\/p>\n<p class=\"p1\"><span style=\"font-size: 18pt;\"><strong>(Lo bueno, si breve, dos veces bueno: Baltasar Graci\u00e1n)<\/strong><\/span><\/p>\n<p>&nbsp;<\/p>\n<hr \/>\n<p>&nbsp;<\/p>\n<p><img data-recalc-dims=\"1\" loading=\"lazy\" decoding=\"async\" class=\"aligncenter wp-image-14351\" src=\"https:\/\/i0.wp.com\/politicosaldesnudo.com.mx\/wp-content\/uploads\/2023\/01\/FIRMA-EDITORIAL-PD-300x37.png?resize=800%2C98&#038;ssl=1\" alt=\"\" width=\"800\" height=\"98\" srcset=\"https:\/\/i0.wp.com\/politicosaldesnudo.com.mx\/wp-content\/uploads\/2023\/01\/FIRMA-EDITORIAL-PD.png?resize=300%2C37&amp;ssl=1 300w, https:\/\/i0.wp.com\/politicosaldesnudo.com.mx\/wp-content\/uploads\/2023\/01\/FIRMA-EDITORIAL-PD.png?resize=1024%2C125&amp;ssl=1 1024w, https:\/\/i0.wp.com\/politicosaldesnudo.com.mx\/wp-content\/uploads\/2023\/01\/FIRMA-EDITORIAL-PD.png?resize=768%2C94&amp;ssl=1 768w, https:\/\/i0.wp.com\/politicosaldesnudo.com.mx\/wp-content\/uploads\/2023\/01\/FIRMA-EDITORIAL-PD.png?resize=1536%2C188&amp;ssl=1 1536w, https:\/\/i0.wp.com\/politicosaldesnudo.com.mx\/wp-content\/uploads\/2023\/01\/FIRMA-EDITORIAL-PD.png?resize=2048%2C250&amp;ssl=1 2048w, https:\/\/i0.wp.com\/politicosaldesnudo.com.mx\/wp-content\/uploads\/2023\/01\/FIRMA-EDITORIAL-PD.png?w=1600&amp;ssl=1 1600w, https:\/\/i0.wp.com\/politicosaldesnudo.com.mx\/wp-content\/uploads\/2023\/01\/FIRMA-EDITORIAL-PD.png?w=2400&amp;ssl=1 2400w\" sizes=\"auto, (max-width: 800px) 100vw, 800px\" \/><\/p>\n<p>&nbsp;<\/p>\n<p>&nbsp;<\/p>\n","protected":false},"excerpt":{"rendered":"<p>&nbsp; Por Pepe Valencia Y le pregunt\u00e9 el jueves a Federico Salom\u00f3n, presidente estatal del PAN, qui\u00e9nes\u00a0 aparte de Julen<\/p>\n","protected":false},"author":4,"featured_media":4618,"comment_status":"closed","ping_status":"closed","sticky":false,"template":"","format":"standard","meta":{"colormag_page_container_layout":"default_layout","colormag_page_sidebar_layout":"default_layout","_jetpack_memberships_contains_paid_content":false,"footnotes":"","jetpack_publicize_message":"","jetpack_publicize_feature_enabled":true,"jetpack_social_post_already_shared":false,"jetpack_social_options":{"image_generator_settings":{"template":"highway","default_image_id":0,"font":"","enabled":false},"version":2}},"categories":[26],"tags":[],"class_list":["post-20039","post","type-post","status-publish","format-standard","has-post-thumbnail","hentry","category-columnistas"],"jetpack_publicize_connections":[],"jetpack_featured_media_url":"https:\/\/i0.wp.com\/politicosaldesnudo.com.mx\/wp-content\/uploads\/2022\/05\/EJEMPLO.png?fit=1816%2C1016&ssl=1","jetpack-related-posts":[],"jetpack_sharing_enabled":true,"_links":{"self":[{"href":"https:\/\/politicosaldesnudo.com.mx\/index.php\/wp-json\/wp\/v2\/posts\/20039","targetHints":{"allow":["GET"]}}],"collection":[{"href":"https:\/\/politicosaldesnudo.com.mx\/index.php\/wp-json\/wp\/v2\/posts"}],"about":[{"href":"https:\/\/politicosaldesnudo.com.mx\/index.php\/wp-json\/wp\/v2\/types\/post"}],"author":[{"embeddable":true,"href":"https:\/\/politicosaldesnudo.com.mx\/index.php\/wp-json\/wp\/v2\/users\/4"}],"replies":[{"embeddable":true,"href":"https:\/\/politicosaldesnudo.com.mx\/index.php\/wp-json\/wp\/v2\/comments?post=20039"}],"version-history":[{"count":0,"href":"https:\/\/politicosaldesnudo.com.mx\/index.php\/wp-json\/wp\/v2\/posts\/20039\/revisions"}],"wp:featuredmedia":[{"embeddable":true,"href":"https:\/\/politicosaldesnudo.com.mx\/index.php\/wp-json\/wp\/v2\/media\/4618"}],"wp:attachment":[{"href":"https:\/\/politicosaldesnudo.com.mx\/index.php\/wp-json\/wp\/v2\/media?parent=20039"}],"wp:term":[{"taxonomy":"category","embeddable":true,"href":"https:\/\/politicosaldesnudo.com.mx\/index.php\/wp-json\/wp\/v2\/categories?post=20039"},{"taxonomy":"post_tag","embeddable":true,"href":"https:\/\/politicosaldesnudo.com.mx\/index.php\/wp-json\/wp\/v2\/tags?post=20039"}],"curies":[{"name":"wp","href":"https:\/\/api.w.org\/{rel}","templated":true}]}}