{"id":20277,"date":"2023-05-26T19:49:42","date_gmt":"2023-05-27T00:49:42","guid":{"rendered":"https:\/\/politicosaldesnudo.com.mx\/?p=20277"},"modified":"2023-05-26T21:23:08","modified_gmt":"2023-05-27T02:23:08","slug":"periodista-pepe-valencia-presenta-en-xalapa-su-novela-zentella","status":"publish","type":"post","link":"https:\/\/politicosaldesnudo.com.mx\/index.php\/2023\/05\/26\/periodista-pepe-valencia-presenta-en-xalapa-su-novela-zentella\/","title":{"rendered":"Periodista Pepe Valencia presenta en Xalapa su novela \u201cZentella\u201d"},"content":{"rendered":"<p>&nbsp;<\/p>\n<p class=\"p1\"><span style=\"font-size: 14pt;\"><em><strong>XALAPA, VERACRUZ.<\/strong> <\/em><strong>El alma humana, la inexistencia de Dios, el pecado, el hombre idealista y el P\u00edcaro en el M\u00e9xico actual<\/strong>, son algunos de los temas que el reconocido <strong>periodista Jos\u00e9 Valencia S\u00e1nchez<\/strong> aborda en su <strong>novela \u201cZentella\u201d<\/strong>, libro que se present\u00f3 ante invitados y funcionariado municipal en la Sala de Cabildo.<\/span><\/p>\n<p class=\"p1\"><span style=\"font-size: 18pt;\"><strong>En esta obra que fue presentada por el abogado Alberto Islas Reyes y la periodista Ylia Ortiz Lizardi, Pepe Valencia narra la historia de Ultiminio Zentella, un hombre que naci\u00f3 sin alma, que niega la existencia de Dios y el Diablo, y como heredero de la Picaresca del Siglo de Oro Espa\u00f1ol, se erige como el nuevo p\u00edcaro en el M\u00e9xico de los siglos XX y XXI. <\/strong><\/span><\/p>\n<p>&nbsp;<\/p>\n<p><img data-recalc-dims=\"1\" loading=\"lazy\" decoding=\"async\" class=\"aligncenter wp-image-20278 size-large\" src=\"https:\/\/i0.wp.com\/politicosaldesnudo.com.mx\/wp-content\/uploads\/2023\/05\/P-PEPE-VALENCIA-ZENTELLA-1-1024x683.png?resize=800%2C534&#038;ssl=1\" alt=\"\" width=\"800\" height=\"534\" srcset=\"https:\/\/i0.wp.com\/politicosaldesnudo.com.mx\/wp-content\/uploads\/2023\/05\/P-PEPE-VALENCIA-ZENTELLA-1.png?resize=1024%2C683&amp;ssl=1 1024w, https:\/\/i0.wp.com\/politicosaldesnudo.com.mx\/wp-content\/uploads\/2023\/05\/P-PEPE-VALENCIA-ZENTELLA-1.png?resize=300%2C200&amp;ssl=1 300w, https:\/\/i0.wp.com\/politicosaldesnudo.com.mx\/wp-content\/uploads\/2023\/05\/P-PEPE-VALENCIA-ZENTELLA-1.png?resize=768%2C512&amp;ssl=1 768w, https:\/\/i0.wp.com\/politicosaldesnudo.com.mx\/wp-content\/uploads\/2023\/05\/P-PEPE-VALENCIA-ZENTELLA-1.png?resize=1536%2C1024&amp;ssl=1 1536w, https:\/\/i0.wp.com\/politicosaldesnudo.com.mx\/wp-content\/uploads\/2023\/05\/P-PEPE-VALENCIA-ZENTELLA-1.png?resize=2048%2C1365&amp;ssl=1 2048w, https:\/\/i0.wp.com\/politicosaldesnudo.com.mx\/wp-content\/uploads\/2023\/05\/P-PEPE-VALENCIA-ZENTELLA-1.png?w=3000&amp;ssl=1 3000w\" sizes=\"auto, (max-width: 800px) 100vw, 800px\" \/><\/p>\n<p>&nbsp;<\/p>\n<p><span style=\"font-size: 18pt;\"><strong>Pillo, idealista, seductor, hombre incomprendido, c\u00ednico, todo ello es Zentella, cuya vida transcurre entre el mundo de la fantas\u00eda y la realidad.<\/strong><\/span><\/p>\n<p>&nbsp;<\/p>\n<p><span style=\"font-size: 18pt; color: #139eca;\"><strong>PERIODISTA Y ESCRITOR<\/strong><\/span><\/p>\n<p class=\"p1\"><span style=\"font-size: 14pt;\">Jos\u00e9 Valencia es licenciado en Medios de Informaci\u00f3n por la Universidad Popular Aut\u00f3noma de Veracruz (UPAV); ejerce el periodismo desde hace 49 a\u00f1os. Fue director de los peri\u00f3dicos Diario de Xalapa, El Sol de C\u00f3rdoba, El Sol de Orizaba, El Tiempo de Xalapa, Oye Veracruz, El Buen Tono de C\u00f3rdoba, y El Heraldo de Xalapa. <\/span><\/p>\n<p class=\"p1\"><span style=\"font-size: 18pt;\"><strong>Desde hace m\u00e1s de 27 a\u00f1os escribe la columna pol\u00edtica Adelante que se publica en distintos medios de comunicaci\u00f3n impresos y digitales y es autor de cuatro libros. Fue presidente de la Asociaci\u00f3n de Comunicadores de Veracruz \u201cFroyl\u00e1n Flores Cancela\u201d y de la Asociaci\u00f3n de Periodistas de Veracruz (APEV).<\/strong><\/span><\/p>\n<p>&nbsp;<\/p>\n<p><img data-recalc-dims=\"1\" loading=\"lazy\" decoding=\"async\" class=\"aligncenter wp-image-20279 size-large\" src=\"https:\/\/i0.wp.com\/politicosaldesnudo.com.mx\/wp-content\/uploads\/2023\/05\/P-PEPE-VALENCIA-ZENTELLA-2-1024x683.png?resize=800%2C534&#038;ssl=1\" alt=\"\" width=\"800\" height=\"534\" srcset=\"https:\/\/i0.wp.com\/politicosaldesnudo.com.mx\/wp-content\/uploads\/2023\/05\/P-PEPE-VALENCIA-ZENTELLA-2.png?resize=1024%2C683&amp;ssl=1 1024w, https:\/\/i0.wp.com\/politicosaldesnudo.com.mx\/wp-content\/uploads\/2023\/05\/P-PEPE-VALENCIA-ZENTELLA-2.png?resize=300%2C200&amp;ssl=1 300w, https:\/\/i0.wp.com\/politicosaldesnudo.com.mx\/wp-content\/uploads\/2023\/05\/P-PEPE-VALENCIA-ZENTELLA-2.png?resize=768%2C512&amp;ssl=1 768w, https:\/\/i0.wp.com\/politicosaldesnudo.com.mx\/wp-content\/uploads\/2023\/05\/P-PEPE-VALENCIA-ZENTELLA-2.png?resize=1536%2C1024&amp;ssl=1 1536w, https:\/\/i0.wp.com\/politicosaldesnudo.com.mx\/wp-content\/uploads\/2023\/05\/P-PEPE-VALENCIA-ZENTELLA-2.png?resize=2048%2C1365&amp;ssl=1 2048w, https:\/\/i0.wp.com\/politicosaldesnudo.com.mx\/wp-content\/uploads\/2023\/05\/P-PEPE-VALENCIA-ZENTELLA-2.png?w=3000&amp;ssl=1 3000w\" sizes=\"auto, (max-width: 800px) 100vw, 800px\" \/><\/p>\n<p>&nbsp;<\/p>\n<p class=\"p1\"><span style=\"font-size: 18pt;\"><strong>Ha sido galardonado dos veces con premios nacionales por el Club de Periodistas de M\u00e9xico (1996) y el Club Primera Plana (2006).<\/strong><\/span><\/p>\n<p>&nbsp;<\/p>\n<hr \/>\n<p>&nbsp;<\/p>\n<p style=\"text-align: center;\"><span style=\"font-size: 24pt;\"><a href=\"https:\/\/www.amazon.com.mx\/dp\/8412704002?ref_=cm_sw_r_apan_dp_B8NR10RAMXAK59PXJ264\"><strong>\u00a1Dale click aqu\u00ed! y compra el libro Zentella\u00a0<\/strong><\/a><\/span><\/p>\n<p>&nbsp;<\/p>\n<p>&nbsp;<\/p>\n","protected":false},"excerpt":{"rendered":"<p>&nbsp; XALAPA, VERACRUZ. El alma humana, la inexistencia de Dios, el pecado, el hombre idealista y el P\u00edcaro en el [&hellip;]<\/p>\n","protected":false},"author":4,"featured_media":20280,"comment_status":"closed","ping_status":"closed","sticky":false,"template":"","format":"standard","meta":{"site-sidebar-layout":"default","site-content-layout":"","ast-site-content-layout":"default","site-content-style":"default","site-sidebar-style":"default","ast-global-header-display":"","ast-banner-title-visibility":"","ast-main-header-display":"","ast-hfb-above-header-display":"","ast-hfb-below-header-display":"","ast-hfb-mobile-header-display":"","site-post-title":"","ast-breadcrumbs-content":"","ast-featured-img":"","footer-sml-layout":"","ast-disable-related-posts":"","theme-transparent-header-meta":"","adv-header-id-meta":"","stick-header-meta":"","header-above-stick-meta":"","header-main-stick-meta":"","header-below-stick-meta":"","astra-migrate-meta-layouts":"default","ast-page-background-enabled":"default","ast-page-background-meta":{"desktop":{"background-color":"var(--ast-global-color-5)","background-image":"","background-repeat":"repeat","background-position":"center center","background-size":"auto","background-attachment":"scroll","background-type":"","background-media":"","overlay-type":"","overlay-color":"","overlay-opacity":"","overlay-gradient":""},"tablet":{"background-color":"","background-image":"","background-repeat":"repeat","background-position":"center center","background-size":"auto","background-attachment":"scroll","background-type":"","background-media":"","overlay-type":"","overlay-color":"","overlay-opacity":"","overlay-gradient":""},"mobile":{"background-color":"","background-image":"","background-repeat":"repeat","background-position":"center center","background-size":"auto","background-attachment":"scroll","background-type":"","background-media":"","overlay-type":"","overlay-color":"","overlay-opacity":"","overlay-gradient":""}},"ast-content-background-meta":{"desktop":{"background-color":"var(--ast-global-color-4)","background-image":"","background-repeat":"repeat","background-position":"center center","background-size":"auto","background-attachment":"scroll","background-type":"","background-media":"","overlay-type":"","overlay-color":"","overlay-opacity":"","overlay-gradient":""},"tablet":{"background-color":"var(--ast-global-color-4)","background-image":"","background-repeat":"repeat","background-position":"center center","background-size":"auto","background-attachment":"scroll","background-type":"","background-media":"","overlay-type":"","overlay-color":"","overlay-opacity":"","overlay-gradient":""},"mobile":{"background-color":"var(--ast-global-color-4)","background-image":"","background-repeat":"repeat","background-position":"center center","background-size":"auto","background-attachment":"scroll","background-type":"","background-media":"","overlay-type":"","overlay-color":"","overlay-opacity":"","overlay-gradient":""}},"_jetpack_newsletter_access":"","_jetpack_dont_email_post_to_subs":false,"_jetpack_newsletter_tier_id":0,"_jetpack_memberships_contains_paywalled_content":false,"_jetpack_feature_clip_id":0,"_jetpack_memberships_contains_paid_content":false,"footnotes":"","jetpack_publicize_message":"","jetpack_publicize_feature_enabled":true,"jetpack_social_post_already_shared":false,"jetpack_social_options":{"image_generator_settings":{"template":"highway","default_image_id":0,"font":"","enabled":false},"version":2},"jetpack_post_was_ever_published":false},"categories":[474],"tags":[2744,2743,287],"class_list":["post-20277","post","type-post","status-publish","format-standard","has-post-thumbnail","hentry","category-cultura","tag-novela-zentella","tag-pepe-valencia","tag-xalapa"],"yoast_head":"<!-- This site is optimized with the Yoast SEO plugin v28.3 - https:\/\/yoast.com\/product\/yoast-seo-wordpress\/ -->\n<title>Periodista Pepe Valencia presenta en Xalapa su novela \u201cZentella\u201d - Pol\u00edticos al Desnudo<\/title>\n<meta name=\"robots\" content=\"index, follow, max-snippet:-1, max-image-preview:large, max-video-preview:-1\" \/>\n<link rel=\"canonical\" href=\"https:\/\/politicosaldesnudo.com.mx\/index.php\/2023\/05\/26\/periodista-pepe-valencia-presenta-en-xalapa-su-novela-zentella\/\" \/>\n<meta property=\"og:locale\" content=\"es_ES\" \/>\n<meta property=\"og:type\" content=\"article\" \/>\n<meta property=\"og:title\" content=\"Periodista Pepe Valencia presenta en Xalapa su novela \u201cZentella\u201d - Pol\u00edticos al Desnudo\" \/>\n<meta property=\"og:description\" content=\"&nbsp; XALAPA, VERACRUZ. El alma humana, la inexistencia de Dios, el pecado, el hombre idealista y el P\u00edcaro en el [&hellip;]\" \/>\n<meta property=\"og:url\" content=\"https:\/\/politicosaldesnudo.com.mx\/index.php\/2023\/05\/26\/periodista-pepe-valencia-presenta-en-xalapa-su-novela-zentella\/\" \/>\n<meta property=\"og:site_name\" content=\"Pol\u00edticos al Desnudo\" \/>\n<meta property=\"article:publisher\" content=\"https:\/\/www.facebook.com\/PoliticosAD\" \/>\n<meta property=\"article:published_time\" content=\"2023-05-27T00:49:42+00:00\" \/>\n<meta property=\"article:modified_time\" content=\"2023-05-27T02:23:08+00:00\" \/>\n<meta property=\"og:image\" content=\"https:\/\/politicosaldesnudo.com.mx\/wp-content\/uploads\/2023\/05\/P-PEPE-VALENCIA-ZENTELLA-3-1024x683.png\" \/>\n\t<meta property=\"og:image:width\" content=\"1024\" \/>\n\t<meta property=\"og:image:height\" content=\"683\" \/>\n\t<meta property=\"og:image:type\" content=\"image\/png\" \/>\n<meta name=\"author\" content=\"Redacci\u00f3n Pol\u00edticos\" \/>\n<meta name=\"twitter:card\" content=\"summary_large_image\" \/>\n<meta name=\"twitter:label1\" content=\"Escrito por\" \/>\n\t<meta name=\"twitter:data1\" content=\"Redacci\u00f3n Pol\u00edticos\" \/>\n\t<meta name=\"twitter:label2\" content=\"Tiempo de lectura\" \/>\n\t<meta name=\"twitter:data2\" content=\"2 minutos\" \/>\n<script type=\"application\/ld+json\" class=\"yoast-schema-graph\">{\"@context\":\"https:\\\/\\\/schema.org\",\"@graph\":[{\"@type\":\"Article\",\"@id\":\"https:\\\/\\\/politicosaldesnudo.com.mx\\\/index.php\\\/2023\\\/05\\\/26\\\/periodista-pepe-valencia-presenta-en-xalapa-su-novela-zentella\\\/#article\",\"isPartOf\":{\"@id\":\"https:\\\/\\\/politicosaldesnudo.com.mx\\\/index.php\\\/2023\\\/05\\\/26\\\/periodista-pepe-valencia-presenta-en-xalapa-su-novela-zentella\\\/\"},\"author\":{\"name\":\"Redacci\u00f3n Pol\u00edticos\",\"@id\":\"https:\\\/\\\/politicosaldesnudo.com.mx\\\/#\\\/schema\\\/person\\\/ef3a64e561cc3f3f5dc52fab81adde7e\"},\"headline\":\"Periodista Pepe Valencia presenta en Xalapa su novela \u201cZentella\u201d\",\"datePublished\":\"2023-05-27T00:49:42+00:00\",\"dateModified\":\"2023-05-27T02:23:08+00:00\",\"mainEntityOfPage\":{\"@id\":\"https:\\\/\\\/politicosaldesnudo.com.mx\\\/index.php\\\/2023\\\/05\\\/26\\\/periodista-pepe-valencia-presenta-en-xalapa-su-novela-zentella\\\/\"},\"wordCount\":315,\"publisher\":{\"@id\":\"https:\\\/\\\/politicosaldesnudo.com.mx\\\/#organization\"},\"image\":{\"@id\":\"https:\\\/\\\/politicosaldesnudo.com.mx\\\/index.php\\\/2023\\\/05\\\/26\\\/periodista-pepe-valencia-presenta-en-xalapa-su-novela-zentella\\\/#primaryimage\"},\"thumbnailUrl\":\"https:\\\/\\\/i0.wp.com\\\/politicosaldesnudo.com.mx\\\/wp-content\\\/uploads\\\/2023\\\/05\\\/P-PEPE-VALENCIA-ZENTELLA-3.png?fit=3456%2C2304&ssl=1\",\"keywords\":[\"NOVELA ZENTELLA\",\"PEPE VALENCIA\",\"XALAPA\"],\"articleSection\":[\"CULTURA\"],\"inLanguage\":\"es\"},{\"@type\":\"WebPage\",\"@id\":\"https:\\\/\\\/politicosaldesnudo.com.mx\\\/index.php\\\/2023\\\/05\\\/26\\\/periodista-pepe-valencia-presenta-en-xalapa-su-novela-zentella\\\/\",\"url\":\"https:\\\/\\\/politicosaldesnudo.com.mx\\\/index.php\\\/2023\\\/05\\\/26\\\/periodista-pepe-valencia-presenta-en-xalapa-su-novela-zentella\\\/\",\"name\":\"Periodista Pepe Valencia presenta en Xalapa su novela \u201cZentella\u201d - Pol\u00edticos al Desnudo\",\"isPartOf\":{\"@id\":\"https:\\\/\\\/politicosaldesnudo.com.mx\\\/#website\"},\"primaryImageOfPage\":{\"@id\":\"https:\\\/\\\/politicosaldesnudo.com.mx\\\/index.php\\\/2023\\\/05\\\/26\\\/periodista-pepe-valencia-presenta-en-xalapa-su-novela-zentella\\\/#primaryimage\"},\"image\":{\"@id\":\"https:\\\/\\\/politicosaldesnudo.com.mx\\\/index.php\\\/2023\\\/05\\\/26\\\/periodista-pepe-valencia-presenta-en-xalapa-su-novela-zentella\\\/#primaryimage\"},\"thumbnailUrl\":\"https:\\\/\\\/i0.wp.com\\\/politicosaldesnudo.com.mx\\\/wp-content\\\/uploads\\\/2023\\\/05\\\/P-PEPE-VALENCIA-ZENTELLA-3.png?fit=3456%2C2304&ssl=1\",\"datePublished\":\"2023-05-27T00:49:42+00:00\",\"dateModified\":\"2023-05-27T02:23:08+00:00\",\"breadcrumb\":{\"@id\":\"https:\\\/\\\/politicosaldesnudo.com.mx\\\/index.php\\\/2023\\\/05\\\/26\\\/periodista-pepe-valencia-presenta-en-xalapa-su-novela-zentella\\\/#breadcrumb\"},\"inLanguage\":\"es\",\"potentialAction\":[{\"@type\":\"ReadAction\",\"target\":[\"https:\\\/\\\/politicosaldesnudo.com.mx\\\/index.php\\\/2023\\\/05\\\/26\\\/periodista-pepe-valencia-presenta-en-xalapa-su-novela-zentella\\\/\"]}]},{\"@type\":\"ImageObject\",\"inLanguage\":\"es\",\"@id\":\"https:\\\/\\\/politicosaldesnudo.com.mx\\\/index.php\\\/2023\\\/05\\\/26\\\/periodista-pepe-valencia-presenta-en-xalapa-su-novela-zentella\\\/#primaryimage\",\"url\":\"https:\\\/\\\/i0.wp.com\\\/politicosaldesnudo.com.mx\\\/wp-content\\\/uploads\\\/2023\\\/05\\\/P-PEPE-VALENCIA-ZENTELLA-3.png?fit=3456%2C2304&ssl=1\",\"contentUrl\":\"https:\\\/\\\/i0.wp.com\\\/politicosaldesnudo.com.mx\\\/wp-content\\\/uploads\\\/2023\\\/05\\\/P-PEPE-VALENCIA-ZENTELLA-3.png?fit=3456%2C2304&ssl=1\",\"width\":3456,\"height\":2304},{\"@type\":\"BreadcrumbList\",\"@id\":\"https:\\\/\\\/politicosaldesnudo.com.mx\\\/index.php\\\/2023\\\/05\\\/26\\\/periodista-pepe-valencia-presenta-en-xalapa-su-novela-zentella\\\/#breadcrumb\",\"itemListElement\":[{\"@type\":\"ListItem\",\"position\":1,\"name\":\"Portada\",\"item\":\"https:\\\/\\\/politicosaldesnudo.com.mx\\\/\"},{\"@type\":\"ListItem\",\"position\":2,\"name\":\"Periodista Pepe Valencia presenta en Xalapa su novela \u201cZentella\u201d\"}]},{\"@type\":\"WebSite\",\"@id\":\"https:\\\/\\\/politicosaldesnudo.com.mx\\\/#website\",\"url\":\"https:\\\/\\\/politicosaldesnudo.com.mx\\\/\",\"name\":\"Pol\u00edticos al Desnudo\",\"description\":\"\",\"publisher\":{\"@id\":\"https:\\\/\\\/politicosaldesnudo.com.mx\\\/#organization\"},\"potentialAction\":[{\"@type\":\"SearchAction\",\"target\":{\"@type\":\"EntryPoint\",\"urlTemplate\":\"https:\\\/\\\/politicosaldesnudo.com.mx\\\/?s={search_term_string}\"},\"query-input\":{\"@type\":\"PropertyValueSpecification\",\"valueRequired\":true,\"valueName\":\"search_term_string\"}}],\"inLanguage\":\"es\"},{\"@type\":\"Organization\",\"@id\":\"https:\\\/\\\/politicosaldesnudo.com.mx\\\/#organization\",\"name\":\"Pol\u00edticos al Desnudo\",\"url\":\"https:\\\/\\\/politicosaldesnudo.com.mx\\\/\",\"logo\":{\"@type\":\"ImageObject\",\"inLanguage\":\"es\",\"@id\":\"https:\\\/\\\/politicosaldesnudo.com.mx\\\/#\\\/schema\\\/logo\\\/image\\\/\",\"url\":\"https:\\\/\\\/i0.wp.com\\\/politicosaldesnudo.com.mx\\\/wp-content\\\/uploads\\\/2026\\\/08\\\/cropped-logo.webp?fit=400%2C126&ssl=1\",\"contentUrl\":\"https:\\\/\\\/i0.wp.com\\\/politicosaldesnudo.com.mx\\\/wp-content\\\/uploads\\\/2026\\\/08\\\/cropped-logo.webp?fit=400%2C126&ssl=1\",\"width\":400,\"height\":126,\"caption\":\"Pol\u00edticos al Desnudo\"},\"image\":{\"@id\":\"https:\\\/\\\/politicosaldesnudo.com.mx\\\/#\\\/schema\\\/logo\\\/image\\\/\"},\"sameAs\":[\"https:\\\/\\\/www.facebook.com\\\/PoliticosAD\"]},{\"@type\":\"Person\",\"@id\":\"https:\\\/\\\/politicosaldesnudo.com.mx\\\/#\\\/schema\\\/person\\\/ef3a64e561cc3f3f5dc52fab81adde7e\",\"name\":\"Redacci\u00f3n Pol\u00edticos\",\"url\":\"https:\\\/\\\/politicosaldesnudo.com.mx\\\/index.php\\\/author\\\/redaccion-politicos\\\/\"}]}<\/script>\n<!-- \/ Yoast SEO plugin. -->","yoast_head_json":{"title":"Periodista Pepe Valencia presenta en Xalapa su novela \u201cZentella\u201d - Pol\u00edticos al Desnudo","robots":{"index":"index","follow":"follow","max-snippet":"max-snippet:-1","max-image-preview":"max-image-preview:large","max-video-preview":"max-video-preview:-1"},"canonical":"https:\/\/politicosaldesnudo.com.mx\/index.php\/2023\/05\/26\/periodista-pepe-valencia-presenta-en-xalapa-su-novela-zentella\/","og_locale":"es_ES","og_type":"article","og_title":"Periodista Pepe Valencia presenta en Xalapa su novela \u201cZentella\u201d - Pol\u00edticos al Desnudo","og_description":"&nbsp; XALAPA, VERACRUZ. El alma humana, la inexistencia de Dios, el pecado, el hombre idealista y el P\u00edcaro en el [&hellip;]","og_url":"https:\/\/politicosaldesnudo.com.mx\/index.php\/2023\/05\/26\/periodista-pepe-valencia-presenta-en-xalapa-su-novela-zentella\/","og_site_name":"Pol\u00edticos al Desnudo","article_publisher":"https:\/\/www.facebook.com\/PoliticosAD","article_published_time":"2023-05-27T00:49:42+00:00","article_modified_time":"2023-05-27T02:23:08+00:00","og_image":[{"width":1024,"height":683,"url":"https:\/\/politicosaldesnudo.com.mx\/wp-content\/uploads\/2023\/05\/P-PEPE-VALENCIA-ZENTELLA-3-1024x683.png","type":"image\/png"}],"author":"Redacci\u00f3n Pol\u00edticos","twitter_card":"summary_large_image","twitter_misc":{"Escrito por":"Redacci\u00f3n Pol\u00edticos","Tiempo de lectura":"2 minutos"},"schema":{"@context":"https:\/\/schema.org","@graph":[{"@type":"Article","@id":"https:\/\/politicosaldesnudo.com.mx\/index.php\/2023\/05\/26\/periodista-pepe-valencia-presenta-en-xalapa-su-novela-zentella\/#article","isPartOf":{"@id":"https:\/\/politicosaldesnudo.com.mx\/index.php\/2023\/05\/26\/periodista-pepe-valencia-presenta-en-xalapa-su-novela-zentella\/"},"author":{"name":"Redacci\u00f3n Pol\u00edticos","@id":"https:\/\/politicosaldesnudo.com.mx\/#\/schema\/person\/ef3a64e561cc3f3f5dc52fab81adde7e"},"headline":"Periodista Pepe Valencia presenta en Xalapa su novela \u201cZentella\u201d","datePublished":"2023-05-27T00:49:42+00:00","dateModified":"2023-05-27T02:23:08+00:00","mainEntityOfPage":{"@id":"https:\/\/politicosaldesnudo.com.mx\/index.php\/2023\/05\/26\/periodista-pepe-valencia-presenta-en-xalapa-su-novela-zentella\/"},"wordCount":315,"publisher":{"@id":"https:\/\/politicosaldesnudo.com.mx\/#organization"},"image":{"@id":"https:\/\/politicosaldesnudo.com.mx\/index.php\/2023\/05\/26\/periodista-pepe-valencia-presenta-en-xalapa-su-novela-zentella\/#primaryimage"},"thumbnailUrl":"https:\/\/i0.wp.com\/politicosaldesnudo.com.mx\/wp-content\/uploads\/2023\/05\/P-PEPE-VALENCIA-ZENTELLA-3.png?fit=3456%2C2304&ssl=1","keywords":["NOVELA ZENTELLA","PEPE VALENCIA","XALAPA"],"articleSection":["CULTURA"],"inLanguage":"es"},{"@type":"WebPage","@id":"https:\/\/politicosaldesnudo.com.mx\/index.php\/2023\/05\/26\/periodista-pepe-valencia-presenta-en-xalapa-su-novela-zentella\/","url":"https:\/\/politicosaldesnudo.com.mx\/index.php\/2023\/05\/26\/periodista-pepe-valencia-presenta-en-xalapa-su-novela-zentella\/","name":"Periodista Pepe Valencia presenta en Xalapa su novela \u201cZentella\u201d - Pol\u00edticos al Desnudo","isPartOf":{"@id":"https:\/\/politicosaldesnudo.com.mx\/#website"},"primaryImageOfPage":{"@id":"https:\/\/politicosaldesnudo.com.mx\/index.php\/2023\/05\/26\/periodista-pepe-valencia-presenta-en-xalapa-su-novela-zentella\/#primaryimage"},"image":{"@id":"https:\/\/politicosaldesnudo.com.mx\/index.php\/2023\/05\/26\/periodista-pepe-valencia-presenta-en-xalapa-su-novela-zentella\/#primaryimage"},"thumbnailUrl":"https:\/\/i0.wp.com\/politicosaldesnudo.com.mx\/wp-content\/uploads\/2023\/05\/P-PEPE-VALENCIA-ZENTELLA-3.png?fit=3456%2C2304&ssl=1","datePublished":"2023-05-27T00:49:42+00:00","dateModified":"2023-05-27T02:23:08+00:00","breadcrumb":{"@id":"https:\/\/politicosaldesnudo.com.mx\/index.php\/2023\/05\/26\/periodista-pepe-valencia-presenta-en-xalapa-su-novela-zentella\/#breadcrumb"},"inLanguage":"es","potentialAction":[{"@type":"ReadAction","target":["https:\/\/politicosaldesnudo.com.mx\/index.php\/2023\/05\/26\/periodista-pepe-valencia-presenta-en-xalapa-su-novela-zentella\/"]}]},{"@type":"ImageObject","inLanguage":"es","@id":"https:\/\/politicosaldesnudo.com.mx\/index.php\/2023\/05\/26\/periodista-pepe-valencia-presenta-en-xalapa-su-novela-zentella\/#primaryimage","url":"https:\/\/i0.wp.com\/politicosaldesnudo.com.mx\/wp-content\/uploads\/2023\/05\/P-PEPE-VALENCIA-ZENTELLA-3.png?fit=3456%2C2304&ssl=1","contentUrl":"https:\/\/i0.wp.com\/politicosaldesnudo.com.mx\/wp-content\/uploads\/2023\/05\/P-PEPE-VALENCIA-ZENTELLA-3.png?fit=3456%2C2304&ssl=1","width":3456,"height":2304},{"@type":"BreadcrumbList","@id":"https:\/\/politicosaldesnudo.com.mx\/index.php\/2023\/05\/26\/periodista-pepe-valencia-presenta-en-xalapa-su-novela-zentella\/#breadcrumb","itemListElement":[{"@type":"ListItem","position":1,"name":"Portada","item":"https:\/\/politicosaldesnudo.com.mx\/"},{"@type":"ListItem","position":2,"name":"Periodista Pepe Valencia presenta en Xalapa su novela \u201cZentella\u201d"}]},{"@type":"WebSite","@id":"https:\/\/politicosaldesnudo.com.mx\/#website","url":"https:\/\/politicosaldesnudo.com.mx\/","name":"Pol\u00edticos al Desnudo","description":"","publisher":{"@id":"https:\/\/politicosaldesnudo.com.mx\/#organization"},"potentialAction":[{"@type":"SearchAction","target":{"@type":"EntryPoint","urlTemplate":"https:\/\/politicosaldesnudo.com.mx\/?s={search_term_string}"},"query-input":{"@type":"PropertyValueSpecification","valueRequired":true,"valueName":"search_term_string"}}],"inLanguage":"es"},{"@type":"Organization","@id":"https:\/\/politicosaldesnudo.com.mx\/#organization","name":"Pol\u00edticos al Desnudo","url":"https:\/\/politicosaldesnudo.com.mx\/","logo":{"@type":"ImageObject","inLanguage":"es","@id":"https:\/\/politicosaldesnudo.com.mx\/#\/schema\/logo\/image\/","url":"https:\/\/i0.wp.com\/politicosaldesnudo.com.mx\/wp-content\/uploads\/2026\/08\/cropped-logo.webp?fit=400%2C126&ssl=1","contentUrl":"https:\/\/i0.wp.com\/politicosaldesnudo.com.mx\/wp-content\/uploads\/2026\/08\/cropped-logo.webp?fit=400%2C126&ssl=1","width":400,"height":126,"caption":"Pol\u00edticos al Desnudo"},"image":{"@id":"https:\/\/politicosaldesnudo.com.mx\/#\/schema\/logo\/image\/"},"sameAs":["https:\/\/www.facebook.com\/PoliticosAD"]},{"@type":"Person","@id":"https:\/\/politicosaldesnudo.com.mx\/#\/schema\/person\/ef3a64e561cc3f3f5dc52fab81adde7e","name":"Redacci\u00f3n Pol\u00edticos","url":"https:\/\/politicosaldesnudo.com.mx\/index.php\/author\/redaccion-politicos\/"}]}},"jetpack_publicize_connections":[],"jetpack-related-posts":[{"id":88247,"url":"https:\/\/politicosaldesnudo.com.mx\/index.php\/2026\/08\/31\/pepe-yunes-frena-rumores-de-ruptura-con-el-pri-y-se-ofrece-para-unir-a-la-oposicion-en-veracruz\/","url_meta":{"origin":20277,"position":0},"title":"Pepe Yunes frena rumores de ruptura con el PRI y se ofrece para unir a la oposici\u00f3n en Veracruz","author":"Redacci\u00f3n Pol\u00edticos","date":"31 de agosto de 2026","format":false,"excerpt":"Su aparici\u00f3n en un encuentro de Movimiento Ciudadano aliment\u00f3 las versiones sobre un posible cambio de partido. El excandidato a gobernador asegur\u00f3 que seguir\u00e1 en el tricolor, pero buscar\u00e1 construir un bloque amplio contra Morena rumbo a 2027. Xalapa, Ver.\u2014 Jos\u00e9 Francisco Yunes Zorrilla puso freno a las especulaciones sobre\u2026","rel":"","context":"En \u00abESTADOS\u00bb","block_context":{"text":"ESTADOS","link":"https:\/\/politicosaldesnudo.com.mx\/index.php\/category\/estados\/"},"img":{"alt_text":"","src":"https:\/\/i0.wp.com\/politicosaldesnudo.com.mx\/wp-content\/uploads\/2026\/08\/pepe-scaled.jpg?fit=1200%2C800&ssl=1&resize=350%2C200","width":350,"height":200,"srcset":"https:\/\/i0.wp.com\/politicosaldesnudo.com.mx\/wp-content\/uploads\/2026\/08\/pepe-scaled.jpg?fit=1200%2C800&ssl=1&resize=350%2C200 1x, https:\/\/i0.wp.com\/politicosaldesnudo.com.mx\/wp-content\/uploads\/2026\/08\/pepe-scaled.jpg?fit=1200%2C800&ssl=1&resize=525%2C300 1.5x, https:\/\/i0.wp.com\/politicosaldesnudo.com.mx\/wp-content\/uploads\/2026\/08\/pepe-scaled.jpg?fit=1200%2C800&ssl=1&resize=700%2C400 2x, https:\/\/i0.wp.com\/politicosaldesnudo.com.mx\/wp-content\/uploads\/2026\/08\/pepe-scaled.jpg?fit=1200%2C800&ssl=1&resize=1050%2C600 3x"},"classes":[]},{"id":88238,"url":"https:\/\/politicosaldesnudo.com.mx\/index.php\/2026\/08\/31\/veracruz-xalapa-y-cordoba-entran-al-mapa-nacional-de-desapariciones-concentran-mas-de-mil-800-casos\/","url_meta":{"origin":20277,"position":1},"title":"Veracruz, Xalapa y C\u00f3rdoba entran al mapa nacional de desapariciones; concentran m\u00e1s de mil 800 casos","author":"Redacci\u00f3n Pol\u00edticos","date":"31 de agosto de 2026","format":false,"excerpt":"Tres municipios veracruzanos figuran entre los 100 del pa\u00eds con mayor n\u00famero acumulado de personas desaparecidas. Veracruz puerto, Xalapa y C\u00f3rdoba re\u00fanen en conjunto mil 875 registros, seg\u00fan el Informe Municipal 2026 elaborado por Red Lupa con datos del Registro Nacional de Personas Desaparecidas y No Localizadas. Los casos documentados\u2026","rel":"","context":"En \u00abESTADOS\u00bb","block_context":{"text":"ESTADOS","link":"https:\/\/politicosaldesnudo.com.mx\/index.php\/category\/estados\/"},"img":{"alt_text":"","src":"https:\/\/i0.wp.com\/politicosaldesnudo.com.mx\/wp-content\/uploads\/2026\/08\/mapa-desapariciones-veracruz-1280x720-1.jpg?fit=1200%2C675&ssl=1&resize=350%2C200","width":350,"height":200,"srcset":"https:\/\/i0.wp.com\/politicosaldesnudo.com.mx\/wp-content\/uploads\/2026\/08\/mapa-desapariciones-veracruz-1280x720-1.jpg?fit=1200%2C675&ssl=1&resize=350%2C200 1x, https:\/\/i0.wp.com\/politicosaldesnudo.com.mx\/wp-content\/uploads\/2026\/08\/mapa-desapariciones-veracruz-1280x720-1.jpg?fit=1200%2C675&ssl=1&resize=525%2C300 1.5x, https:\/\/i0.wp.com\/politicosaldesnudo.com.mx\/wp-content\/uploads\/2026\/08\/mapa-desapariciones-veracruz-1280x720-1.jpg?fit=1200%2C675&ssl=1&resize=700%2C400 2x, https:\/\/i0.wp.com\/politicosaldesnudo.com.mx\/wp-content\/uploads\/2026\/08\/mapa-desapariciones-veracruz-1280x720-1.jpg?fit=1200%2C675&ssl=1&resize=1050%2C600 3x"},"classes":[]},{"id":88294,"url":"https:\/\/politicosaldesnudo.com.mx\/index.php\/2026\/09\/04\/hallan-muerto-al-diputado-federal-zenyazen-escobar-en-la-carretera-xalapa-veracruz\/","url_meta":{"origin":20277,"position":2},"title":"Hallan muerto al diputado federal Zenyazen Escobar en la carretera Xalapa-Veracruz","author":"Redacci\u00f3n Pol\u00edticos","date":"4 de septiembre de 2026","format":false,"excerpt":"La Fiscal\u00eda estatal confirm\u00f3 el fallecimiento del legislador morenista; hasta el momento se desconocen las circunstancias en las que perdi\u00f3 la vida. Xalapa, Ver.\u2013 El diputado federal de Morena, Zenyazen Roberto Escobar Garc\u00eda, fue localizado sin vida la ma\u00f1ana de este viernes 4 de septiembre en las inmediaciones de la\u2026","rel":"","context":"En \u00abESTADOS\u00bb","block_context":{"text":"ESTADOS","link":"https:\/\/politicosaldesnudo.com.mx\/index.php\/category\/estados\/"},"img":{"alt_text":"","src":"https:\/\/i0.wp.com\/politicosaldesnudo.com.mx\/wp-content\/uploads\/2026\/09\/9d6aa119-7d82-423c-918c-95271fc20c14.png?fit=1200%2C675&ssl=1&resize=350%2C200","width":350,"height":200,"srcset":"https:\/\/i0.wp.com\/politicosaldesnudo.com.mx\/wp-content\/uploads\/2026\/09\/9d6aa119-7d82-423c-918c-95271fc20c14.png?fit=1200%2C675&ssl=1&resize=350%2C200 1x, https:\/\/i0.wp.com\/politicosaldesnudo.com.mx\/wp-content\/uploads\/2026\/09\/9d6aa119-7d82-423c-918c-95271fc20c14.png?fit=1200%2C675&ssl=1&resize=525%2C300 1.5x, https:\/\/i0.wp.com\/politicosaldesnudo.com.mx\/wp-content\/uploads\/2026\/09\/9d6aa119-7d82-423c-918c-95271fc20c14.png?fit=1200%2C675&ssl=1&resize=700%2C400 2x, https:\/\/i0.wp.com\/politicosaldesnudo.com.mx\/wp-content\/uploads\/2026\/09\/9d6aa119-7d82-423c-918c-95271fc20c14.png?fit=1200%2C675&ssl=1&resize=1050%2C600 3x"},"classes":[]},{"id":88103,"url":"https:\/\/politicosaldesnudo.com.mx\/index.php\/2026\/08\/27\/rescatan-a-43-perros-de-un-infierno-clandestino-en-xalapa\/","url_meta":{"origin":20277,"position":3},"title":"Rescatan a 43 perros de un infierno clandestino en Xalapa","author":"Redacci\u00f3n Pol\u00edticos","date":"27 de agosto de 2026","format":false,"excerpt":"Los animales permanec\u00edan hacinados entre basura y plagas en una vivienda de la colonia Modelo; algunos presentan desnutrici\u00f3n, enfermedades en la piel y padecimientos transmitidos por garrapatas. Xalapa, Ver.\u2014 Un total de 43 perros fueron retirados de una vivienda donde presuntamente funcionaba un criadero clandestino, tras ser encontrados en condiciones\u2026","rel":"","context":"En \u00abESTADOS\u00bb","block_context":{"text":"ESTADOS","link":"https:\/\/politicosaldesnudo.com.mx\/index.php\/category\/estados\/"},"img":{"alt_text":"","src":"https:\/\/i0.wp.com\/politicosaldesnudo.com.mx\/wp-content\/uploads\/2026\/08\/ChatGPT-Image-27-ago-2026-17_38_17.png?fit=1200%2C675&ssl=1&resize=350%2C200","width":350,"height":200,"srcset":"https:\/\/i0.wp.com\/politicosaldesnudo.com.mx\/wp-content\/uploads\/2026\/08\/ChatGPT-Image-27-ago-2026-17_38_17.png?fit=1200%2C675&ssl=1&resize=350%2C200 1x, https:\/\/i0.wp.com\/politicosaldesnudo.com.mx\/wp-content\/uploads\/2026\/08\/ChatGPT-Image-27-ago-2026-17_38_17.png?fit=1200%2C675&ssl=1&resize=525%2C300 1.5x, https:\/\/i0.wp.com\/politicosaldesnudo.com.mx\/wp-content\/uploads\/2026\/08\/ChatGPT-Image-27-ago-2026-17_38_17.png?fit=1200%2C675&ssl=1&resize=700%2C400 2x, https:\/\/i0.wp.com\/politicosaldesnudo.com.mx\/wp-content\/uploads\/2026\/08\/ChatGPT-Image-27-ago-2026-17_38_17.png?fit=1200%2C675&ssl=1&resize=1050%2C600 3x"},"classes":[]},{"id":88166,"url":"https:\/\/politicosaldesnudo.com.mx\/index.php\/2026\/08\/29\/queremos-verdad-y-justicia-xalapa-marcha-por-melanie-michelle\/","url_meta":{"origin":20277,"position":4},"title":"\u201cQueremos verdad y justicia\u201d: Xalapa marcha por Melanie Michelle","author":"Redacci\u00f3n Pol\u00edticos","date":"29 de agosto de 2026","format":false,"excerpt":"Vestidos de blanco y con fotograf\u00edas, flores y pancartas, familiares, amigos y estudiantes de la Universidad Veracruzana recorrieron las calles de Xalapa para exigir que se esclarezca la muerte de Melanie Michelle M\u00e9ndez Morales. La movilizaci\u00f3n se realiz\u00f3 este s\u00e1bado 29 de agosto y avanz\u00f3 por el centro de la\u2026","rel":"","context":"En \u00abESTADOS\u00bb","block_context":{"text":"ESTADOS","link":"https:\/\/politicosaldesnudo.com.mx\/index.php\/category\/estados\/"},"img":{"alt_text":"","src":"https:\/\/i0.wp.com\/politicosaldesnudo.com.mx\/wp-content\/uploads\/2026\/08\/84829ba5-4ac5-4a6b-9949-ee4d2b0f9b04.png?fit=1200%2C864&ssl=1&resize=350%2C200","width":350,"height":200,"srcset":"https:\/\/i0.wp.com\/politicosaldesnudo.com.mx\/wp-content\/uploads\/2026\/08\/84829ba5-4ac5-4a6b-9949-ee4d2b0f9b04.png?fit=1200%2C864&ssl=1&resize=350%2C200 1x, https:\/\/i0.wp.com\/politicosaldesnudo.com.mx\/wp-content\/uploads\/2026\/08\/84829ba5-4ac5-4a6b-9949-ee4d2b0f9b04.png?fit=1200%2C864&ssl=1&resize=525%2C300 1.5x, https:\/\/i0.wp.com\/politicosaldesnudo.com.mx\/wp-content\/uploads\/2026\/08\/84829ba5-4ac5-4a6b-9949-ee4d2b0f9b04.png?fit=1200%2C864&ssl=1&resize=700%2C400 2x, https:\/\/i0.wp.com\/politicosaldesnudo.com.mx\/wp-content\/uploads\/2026\/08\/84829ba5-4ac5-4a6b-9949-ee4d2b0f9b04.png?fit=1200%2C864&ssl=1&resize=1050%2C600 3x"},"classes":[]},{"id":87890,"url":"https:\/\/politicosaldesnudo.com.mx\/index.php\/2026\/08\/19\/la-foto-que-puede-costar-la-vida\/","url_meta":{"origin":20277,"position":5},"title":"La foto que puede costar la vida","author":"Redacci\u00f3n Pol\u00edticos","date":"19 de agosto de 2026","format":false,"excerpt":"Astrolabio Pol\u00edtico Por: Luis Ram\u00edrez Baqueiro \u201cNo hay malas hierbas ni hombres malos; s\u00f3lo hay malos cultivadores\u201d. \u2013 V\u00edctor Hugo. Algo peligroso est\u00e1 ocurriendo en las calles y carreteras de Xalapa y sus alrededores. El incremento de accidentes en motocicleta obliga a revisar no solamente el comportamiento de quienes conducen\u2026","rel":"","context":"En \u00abOPINI\u00d3N\u00bb","block_context":{"text":"OPINI\u00d3N","link":"https:\/\/politicosaldesnudo.com.mx\/index.php\/category\/columnistas\/"},"img":{"alt_text":"","src":"https:\/\/i0.wp.com\/politicosaldesnudo.com.mx\/wp-content\/uploads\/2026\/08\/COLUMNISTAS-PAD-1-1.png?fit=1200%2C659&ssl=1&resize=350%2C200","width":350,"height":200,"srcset":"https:\/\/i0.wp.com\/politicosaldesnudo.com.mx\/wp-content\/uploads\/2026\/08\/COLUMNISTAS-PAD-1-1.png?fit=1200%2C659&ssl=1&resize=350%2C200 1x, https:\/\/i0.wp.com\/politicosaldesnudo.com.mx\/wp-content\/uploads\/2026\/08\/COLUMNISTAS-PAD-1-1.png?fit=1200%2C659&ssl=1&resize=525%2C300 1.5x, https:\/\/i0.wp.com\/politicosaldesnudo.com.mx\/wp-content\/uploads\/2026\/08\/COLUMNISTAS-PAD-1-1.png?fit=1200%2C659&ssl=1&resize=700%2C400 2x, https:\/\/i0.wp.com\/politicosaldesnudo.com.mx\/wp-content\/uploads\/2026\/08\/COLUMNISTAS-PAD-1-1.png?fit=1200%2C659&ssl=1&resize=1050%2C600 3x"},"classes":[]}],"jetpack_sharing_enabled":true,"jetpack_featured_media_url":"https:\/\/i0.wp.com\/politicosaldesnudo.com.mx\/wp-content\/uploads\/2023\/05\/P-PEPE-VALENCIA-ZENTELLA-3.png?fit=3456%2C2304&ssl=1","_links":{"self":[{"href":"https:\/\/politicosaldesnudo.com.mx\/index.php\/wp-json\/wp\/v2\/posts\/20277","targetHints":{"allow":["GET"]}}],"collection":[{"href":"https:\/\/politicosaldesnudo.com.mx\/index.php\/wp-json\/wp\/v2\/posts"}],"about":[{"href":"https:\/\/politicosaldesnudo.com.mx\/index.php\/wp-json\/wp\/v2\/types\/post"}],"author":[{"embeddable":true,"href":"https:\/\/politicosaldesnudo.com.mx\/index.php\/wp-json\/wp\/v2\/users\/4"}],"replies":[{"embeddable":true,"href":"https:\/\/politicosaldesnudo.com.mx\/index.php\/wp-json\/wp\/v2\/comments?post=20277"}],"version-history":[{"count":0,"href":"https:\/\/politicosaldesnudo.com.mx\/index.php\/wp-json\/wp\/v2\/posts\/20277\/revisions"}],"wp:featuredmedia":[{"embeddable":true,"href":"https:\/\/politicosaldesnudo.com.mx\/index.php\/wp-json\/wp\/v2\/media\/20280"}],"wp:attachment":[{"href":"https:\/\/politicosaldesnudo.com.mx\/index.php\/wp-json\/wp\/v2\/media?parent=20277"}],"wp:term":[{"taxonomy":"category","embeddable":true,"href":"https:\/\/politicosaldesnudo.com.mx\/index.php\/wp-json\/wp\/v2\/categories?post=20277"},{"taxonomy":"post_tag","embeddable":true,"href":"https:\/\/politicosaldesnudo.com.mx\/index.php\/wp-json\/wp\/v2\/tags?post=20277"}],"curies":[{"name":"wp","href":"https:\/\/api.w.org\/{rel}","templated":true}]}}