{"id":20306,"date":"2023-05-29T01:17:02","date_gmt":"2023-05-29T06:17:02","guid":{"rendered":"https:\/\/politicosaldesnudo.com.mx\/?p=20306"},"modified":"2023-05-29T01:17:02","modified_gmt":"2023-05-29T06:17:02","slug":"la-radicalizacion-autoritaria-del-morenato-en-veracruz","status":"publish","type":"post","link":"https:\/\/politicosaldesnudo.com.mx\/index.php\/2023\/05\/29\/la-radicalizacion-autoritaria-del-morenato-en-veracruz\/","title":{"rendered":"La radicalizaci\u00f3n autoritaria del morenato en Veracruz"},"content":{"rendered":"<p class=\"p2\">\n<p>&nbsp;<\/p>\n<p class=\"p2\"><span style=\"font-size: 18pt;\"><strong>Por Aurelio Contreras Moreno<\/strong><\/span><\/p>\n<p class=\"p2\"><span style=\"font-size: 14pt;\">Como ya se ven\u00eda observando de un tiempo a la fecha y, adem\u00e1s, era previsible, conforme se acerca la sucesi\u00f3n en la Presidencia de la Rep\u00fablica y en la gubernatura de Veracruz, el grupo pol\u00edtico gobernante se vuelve m\u00e1s radical y sus acciones cada vez m\u00e1s violentas.<\/span><\/p>\n<p class=\"p2\"><span style=\"font-size: 14pt;\">No fue gratuita la demostraci\u00f3n del s\u00e1bado 20 de mayo con los ata\u00fades con la imagen la presidenta de la Suprema Corte de Justicia de la Naci\u00f3n Norma Pi\u00f1a Hern\u00e1ndez. El mensaje que se buscaba dar es muy claro: est\u00e1n dispuestos a hacer lo que sea \u2013el rid\u00edculo incluido- con tal de mantenerse en el poder.\u00a0<\/span><\/p>\n<p class=\"p2\"><span style=\"font-size: 14pt;\">Y no se trata solamente de retener la Presidencia de la Rep\u00fablica y ganar las gubernaturas que, como la de Veracruz, estar\u00e1n en disputa en 2024. La instrucci\u00f3n ya la dio el presidente L\u00f3pez Obrador: van por la mayor\u00eda absoluta en el Congreso de la Uni\u00f3n para poder hacer lo que les venga en gana.\u00a0<\/span><\/p>\n<p class=\"p2\"><span style=\"font-size: 14pt;\">De por s\u00ed ya lo hacen, pero saben bien que est\u00e1n violando la ley y que eso, a la larga, se les podr\u00e1 revertir y ser llamados a cuentas, y no solo si otra fuerza pol\u00edtica llegase a gobernar. Si quien llegase a relevar a las autoridades actuales es de un grupo contrario, aunque est\u00e9 dentro de Morena, seguro que les cobrar\u00e1n las afrentas y hasta con m\u00e1s rabia que si fuesen de otro partido. La historia de M\u00e9xico as\u00ed lo demuestra.<\/span><\/p>\n<p class=\"p2\"><span style=\"font-size: 14pt;\">Esto viene a cuento porque en Veracruz se sigue utilizando como ariete golpeador del r\u00e9gimen de Cuitl\u00e1huac Garc\u00eda Jim\u00e9nez a la Fiscal\u00eda General del Estado, cuya titular Ver\u00f3nica Hern\u00e1ndez Giad\u00e1ns est\u00e1 a las \u00f3rdenes del gobernador, que la utiliza como instrumento de venganzas y escarmientos pol\u00edticos mientras ella, sumisa, obedece.<\/span><\/p>\n<p class=\"p2\"><span style=\"font-size: 14pt;\">El caso m\u00e1s emblem\u00e1tico \u2013entre decenas- del arbitrario manejo de la Fiscal\u00eda es el del ex secretario de Gobierno y ex dirigente estatal del PRD Rogelio Franco Cast\u00e1n. M\u00e1s de diez amparos despu\u00e9s, sigue encarcelado porque cada que un juez federal ordena su libertad, la FGE le inventa un nuevo delito para evitar que salga y ocupe la curul que como diputado federal tiene esper\u00e1ndolo.\u00a0<\/span><\/p>\n<p class=\"p2\"><span style=\"font-size: 14pt;\">Es un ejemplo n\u00edtido del abuso descarado de poder en el que el \u201ctetratransformado\u201d r\u00e9gimen morenista veracruzano incurre todo el tiempo, como si fuera el PRI de los a\u00f1os 70, que pod\u00eda cometer cualquier crimen y nunca le iba a pasar nada a los responsables, pues la impunidad que da el poder absoluto los arropaba.<\/span><\/p>\n<p class=\"p2\"><span style=\"font-size: 14pt;\">La m\u00e1s reciente arbitrariedad del morenato en Veracruz es la detenci\u00f3n de la ex alcaldesa de Ixhuatl\u00e1n del Caf\u00e9, Viridiana Bret\u00f3n Feito, del presidente del Consejo Regional de Caf\u00e9 de Coatepec Cirio Ruiz y otros tres cafetaleros, a quienes se acusa de tener responsabilidad en el incendio de un beneficio de caf\u00e9 de Agroindustrias Unidas de M\u00e9xico (Amsa) en enero del a\u00f1o pasado, durante una protesta de cafeticultores que exig\u00edan el pago de un precio justo por sus cosechas, el cual la empresa redujo dr\u00e1stica y unilateralmente.<\/span><\/p>\n<p class=\"p2\"><span style=\"font-size: 14pt;\">A Viridiana Bret\u00f3n la imputan de manera rid\u00edcula: la acusan de \u201cazuzar\u201d a los productores de caf\u00e9 a vandalizar la factor\u00eda, lo cual no tienen manera de probar. Mientras que a Cirio Ruiz lo se\u00f1alan de participar directamente en la quema del beneficio de caf\u00e9 de Amsa, aun cuando hay evidencias de que, si bien estuvo en la protesta, se retir\u00f3 del lugar antes de que sucedieran los hechos, de los cuales los productores aseguran que fue la propia empresa la que provoc\u00f3 el siniestro para que entrara la Guardia Nacional y dispersara a los inconformes.<\/span><\/p>\n<p class=\"p2\"><span style=\"font-size: 14pt;\">\u00bfCu\u00e1l ser\u00eda el inter\u00e9s pol\u00edtico del gobierno para encarcelarlos? En el caso de Cirio Ruiz, es un l\u00edder muy respetado y con amplio arrastre en toda la zona cafetalera, de Coatepec a Huatusco, que por lo visto no responde al actual grupo gobernante en el estado.\u00a0<\/span><\/p>\n<p class=\"p2\"><span style=\"font-size: 14pt;\">En el caso de Viridiana Bret\u00f3n, tambi\u00e9n es una persona muy querida en su regi\u00f3n. Los medios afines al morenato destacaron en la nota de su aprehensi\u00f3n que fue alcaldesa por el PAN, pero su filiaci\u00f3n panista fue meramente circunstancial, de coyuntura.\u00a0<\/span><\/p>\n<p class=\"p2\"><span style=\"font-size: 14pt;\">Ella se acerc\u00f3 recientemente al diputado federal de Morena Sergio Guti\u00e9rrez Luna \u2013quien le disputa la candidatura de ese partido a la secretaria de Energ\u00eda Roc\u00edo Nahle- y eso fue lo que la \u201cconden\u00f3\u201d ante el r\u00e9gimen de Cuitl\u00e1huac Garc\u00eda.<\/span><\/p>\n<p class=\"p2\"><span style=\"font-size: 14pt;\">Est\u00e1 visto que el gobierno de Veracruz lanzar\u00e1 una \u201ccacer\u00eda\u201d de opositores, cr\u00edticos y cualquiera que \u201cose\u201d disentir o \u201camenazar\u201d ese monumental fracaso llamado \u201ccuarta transformaci\u00f3n\u201d, desplegando para ese fin el autoritarismo m\u00e1s grotesco, rupestre y vulgar del pa\u00eds, con tal de aplastar al \u201cenemigo\u201d.<\/span><\/p>\n<p class=\"p2\"><span style=\"font-size: 14pt;\">Lo m\u00e1s cabr\u00f3n es que todos esos cafetaleros apoyaron a Cuitl\u00e1huac Garc\u00eda y a L\u00f3pez Obrador en 2018.<\/span><\/p>\n<p>&nbsp;<\/p>\n<hr \/>\n<p>&nbsp;<\/p>\n<p class=\"p1\"><span style=\"font-size: 18pt;\"><strong>Correo: <a href=\"mailto:aureliocontreras@gmail.com\">aureliocontreras@gmail.com<\/a><\/strong><\/span><\/p>\n<p class=\"p1\"><span style=\"font-size: 18pt;\"><strong>Twitter: <a href=\"http:\/\/www.twitter.com\/yeyocontreras\">@yeyocontreras<\/a><\/strong><\/span><\/p>\n<p>&nbsp;<\/p>\n<p><img data-recalc-dims=\"1\" loading=\"lazy\" decoding=\"async\" class=\"aligncenter wp-image-14351\" src=\"https:\/\/i0.wp.com\/politicosaldesnudo.com.mx\/wp-content\/uploads\/2023\/01\/FIRMA-EDITORIAL-PD-300x37.png?resize=800%2C98&#038;ssl=1\" alt=\"\" width=\"800\" height=\"98\" srcset=\"https:\/\/i0.wp.com\/politicosaldesnudo.com.mx\/wp-content\/uploads\/2023\/01\/FIRMA-EDITORIAL-PD.png?resize=300%2C37&amp;ssl=1 300w, https:\/\/i0.wp.com\/politicosaldesnudo.com.mx\/wp-content\/uploads\/2023\/01\/FIRMA-EDITORIAL-PD.png?resize=1024%2C125&amp;ssl=1 1024w, https:\/\/i0.wp.com\/politicosaldesnudo.com.mx\/wp-content\/uploads\/2023\/01\/FIRMA-EDITORIAL-PD.png?resize=768%2C94&amp;ssl=1 768w, https:\/\/i0.wp.com\/politicosaldesnudo.com.mx\/wp-content\/uploads\/2023\/01\/FIRMA-EDITORIAL-PD.png?resize=1536%2C188&amp;ssl=1 1536w, https:\/\/i0.wp.com\/politicosaldesnudo.com.mx\/wp-content\/uploads\/2023\/01\/FIRMA-EDITORIAL-PD.png?resize=2048%2C250&amp;ssl=1 2048w, https:\/\/i0.wp.com\/politicosaldesnudo.com.mx\/wp-content\/uploads\/2023\/01\/FIRMA-EDITORIAL-PD.png?w=1600&amp;ssl=1 1600w, https:\/\/i0.wp.com\/politicosaldesnudo.com.mx\/wp-content\/uploads\/2023\/01\/FIRMA-EDITORIAL-PD.png?w=2400&amp;ssl=1 2400w\" sizes=\"auto, (max-width: 800px) 100vw, 800px\" \/><\/p>\n<p>&nbsp;<\/p>\n<p>&nbsp;<\/p>\n<p>&nbsp;<\/p>\n","protected":false},"excerpt":{"rendered":"<p>&nbsp; Por Aurelio Contreras Moreno Como ya se ven\u00eda observando de un tiempo a la fecha y, adem\u00e1s, era previsible,<\/p>\n","protected":false},"author":4,"featured_media":4397,"comment_status":"closed","ping_status":"closed","sticky":false,"template":"","format":"standard","meta":{"colormag_page_container_layout":"default_layout","colormag_page_sidebar_layout":"default_layout","_jetpack_memberships_contains_paid_content":false,"footnotes":"","jetpack_publicize_message":"","jetpack_publicize_feature_enabled":true,"jetpack_social_post_already_shared":false,"jetpack_social_options":{"image_generator_settings":{"template":"highway","default_image_id":0,"font":"","enabled":false},"version":2}},"categories":[26],"tags":[],"class_list":["post-20306","post","type-post","status-publish","format-standard","has-post-thumbnail","hentry","category-columnistas"],"jetpack_publicize_connections":[],"jetpack_featured_media_url":"https:\/\/i0.wp.com\/politicosaldesnudo.com.mx\/wp-content\/uploads\/2022\/04\/AURELIO-CONTRERAS-MORENO-1.png?fit=1816%2C1016&ssl=1","jetpack-related-posts":[],"jetpack_sharing_enabled":true,"_links":{"self":[{"href":"https:\/\/politicosaldesnudo.com.mx\/index.php\/wp-json\/wp\/v2\/posts\/20306","targetHints":{"allow":["GET"]}}],"collection":[{"href":"https:\/\/politicosaldesnudo.com.mx\/index.php\/wp-json\/wp\/v2\/posts"}],"about":[{"href":"https:\/\/politicosaldesnudo.com.mx\/index.php\/wp-json\/wp\/v2\/types\/post"}],"author":[{"embeddable":true,"href":"https:\/\/politicosaldesnudo.com.mx\/index.php\/wp-json\/wp\/v2\/users\/4"}],"replies":[{"embeddable":true,"href":"https:\/\/politicosaldesnudo.com.mx\/index.php\/wp-json\/wp\/v2\/comments?post=20306"}],"version-history":[{"count":0,"href":"https:\/\/politicosaldesnudo.com.mx\/index.php\/wp-json\/wp\/v2\/posts\/20306\/revisions"}],"wp:featuredmedia":[{"embeddable":true,"href":"https:\/\/politicosaldesnudo.com.mx\/index.php\/wp-json\/wp\/v2\/media\/4397"}],"wp:attachment":[{"href":"https:\/\/politicosaldesnudo.com.mx\/index.php\/wp-json\/wp\/v2\/media?parent=20306"}],"wp:term":[{"taxonomy":"category","embeddable":true,"href":"https:\/\/politicosaldesnudo.com.mx\/index.php\/wp-json\/wp\/v2\/categories?post=20306"},{"taxonomy":"post_tag","embeddable":true,"href":"https:\/\/politicosaldesnudo.com.mx\/index.php\/wp-json\/wp\/v2\/tags?post=20306"}],"curies":[{"name":"wp","href":"https:\/\/api.w.org\/{rel}","templated":true}]}}