{"id":20324,"date":"2023-05-29T01:47:36","date_gmt":"2023-05-29T06:47:36","guid":{"rendered":"https:\/\/politicosaldesnudo.com.mx\/?p=20324"},"modified":"2023-05-29T01:47:36","modified_gmt":"2023-05-29T06:47:36","slug":"nueva-republica-libre-democratica-justa","status":"publish","type":"post","link":"https:\/\/politicosaldesnudo.com.mx\/index.php\/2023\/05\/29\/nueva-republica-libre-democratica-justa\/","title":{"rendered":"Nueva Rep\u00fablica, libre, democr\u00e1tica, justa"},"content":{"rendered":"<p class=\"p1\">\n<p>&nbsp;<\/p>\n<p class=\"p1\"><span style=\"font-size: 18pt;\"><b>Por Arturo Salcido Beltr\u00e1n<\/b><\/span><\/p>\n<p class=\"p1\"><span style=\"font-size: 14pt;\">Doscientos a\u00f1os despu\u00e9s de una fallida independencia, incompleta e incomprendida, y a cien a\u00f1os de una revoluci\u00f3n traicionada, la sociedad mexicana no tiene rumbo ni proyecto.<\/span><\/p>\n<p class=\"p1\"><span style=\"font-size: 18pt;\"><strong>Los espa\u00f1oles siguen siendo due\u00f1os de la econom\u00eda nacional y tienen el patronato de la iglesia cat\u00f3lica. Ni qu\u00e9 decir de que sigan crey\u00e9ndose conquistadores y de que repitan hasta la fecha que hicieron en gran favor de traer a estas tierras su cultura y su religi\u00f3n.<\/strong><\/span><\/p>\n<p class=\"p1\"><span style=\"font-size: 14pt;\">Los negocios de los espa\u00f1oles siguen siendo los mismos, almacenes, cantinas, hoteles, inmobiliarias, y ahora los bancos. Comparten el control de la econom\u00eda nacional con los norteamericanos, due\u00f1os de la escasa industria, de las maquiladoras, de las grandes cadenas de suministros, y de los aparatos financieros.<\/span><\/p>\n<p class=\"p1\"><span style=\"font-size: 14pt;\">Los gobiernos, m\u00e1s o menos mexicanos que han desfilado durante estos 213 a\u00f1os, excepto muy contadas y muy cortas excepciones, no han tenido visi\u00f3n de largo plazo, ni programas, ni metas.<\/span><\/p>\n<p class=\"p1\"><span style=\"font-size: 14pt;\">A pesar de la existencia de gigantes en nuestra historia como Morelos, G\u00f3mez Far\u00edas y Ju\u00e1rez, sus ideas no han prevalecido, y poco a poco se han diluido, hasta casi desaparecer.<\/span><\/p>\n<p class=\"p1\"><span style=\"font-size: 18pt;\"><strong>El pensamiento liberal revolucionario franc\u00e9s, que nos lleg\u00f3 a medias principalmente a trav\u00e9s de Estados Unidos, fue tambi\u00e9n reducido por nuestros pensadores y dirigentes independentistas y revolucionarios, quienes se encargaron de hacer aprobar modelos de constituci\u00f3n que tuvieron y tienen como principal objetivo el control del poder por los caudillos en turno.<\/strong><\/span><\/p>\n<p>&nbsp;<\/p>\n<p><img data-recalc-dims=\"1\" loading=\"lazy\" decoding=\"async\" class=\"aligncenter wp-image-20326 size-large\" src=\"https:\/\/i0.wp.com\/politicosaldesnudo.com.mx\/wp-content\/uploads\/2023\/05\/P-MEXICO-1024x573.png?resize=800%2C448&#038;ssl=1\" alt=\"\" width=\"800\" height=\"448\" srcset=\"https:\/\/i0.wp.com\/politicosaldesnudo.com.mx\/wp-content\/uploads\/2023\/05\/P-MEXICO.png?resize=1024%2C573&amp;ssl=1 1024w, https:\/\/i0.wp.com\/politicosaldesnudo.com.mx\/wp-content\/uploads\/2023\/05\/P-MEXICO.png?resize=300%2C168&amp;ssl=1 300w, https:\/\/i0.wp.com\/politicosaldesnudo.com.mx\/wp-content\/uploads\/2023\/05\/P-MEXICO.png?resize=768%2C430&amp;ssl=1 768w, https:\/\/i0.wp.com\/politicosaldesnudo.com.mx\/wp-content\/uploads\/2023\/05\/P-MEXICO.png?resize=1536%2C859&amp;ssl=1 1536w, https:\/\/i0.wp.com\/politicosaldesnudo.com.mx\/wp-content\/uploads\/2023\/05\/P-MEXICO.png?w=1816&amp;ssl=1 1816w, https:\/\/i0.wp.com\/politicosaldesnudo.com.mx\/wp-content\/uploads\/2023\/05\/P-MEXICO.png?w=1600&amp;ssl=1 1600w\" sizes=\"auto, (max-width: 800px) 100vw, 800px\" \/><\/p>\n<p>&nbsp;<\/p>\n<p class=\"p1\"><span style=\"font-size: 18pt; color: #139eca;\"><strong>En m\u00e1s de 200 a\u00f1os no hemos construido una naci\u00f3n, no somos una Rep\u00fablica, no tenemos Estado, estamos a\u00fan lejos de tener gobierno.<\/strong><\/span><\/p>\n<p class=\"p1\"><span style=\"font-size: 14pt;\">Al leer esto muchos se sorprender\u00e1n y tal vez se indignen, pero m\u00e1s indignante resulta que no entendamos las diferencias de estos conceptos, al extremo que la gran mayor\u00eda de la poblaci\u00f3n las usa indistintamente como si fueran sin\u00f3nimos.<\/span><\/p>\n<p class=\"p1\"><span style=\"font-size: 14pt;\">No somos una naci\u00f3n. Una naci\u00f3n no es, territorio, poblaci\u00f3n, religi\u00f3n e idioma.\u00a0Tampoco es ir en multitudes a causar desmanes en cada lugar en que juegue la mediocre selecci\u00f3n de futbol de las empresas televisoras.<\/span><\/p>\n<p class=\"p1\"><span style=\"font-size: 18pt;\"><strong>Una naci\u00f3n es un proyecto permanente en com\u00fan de orgullo, pertenencia y destino; nunca hemos tenido un proyecto nacional aut\u00e9ntico, ni siquiera un modelo educativo que lo proponga.\u00a0La Constituci\u00f3n de 1917 se propuso un modelo nacionalista, popular, de beneficio colectivo, pero fue borrado muy pronto.<\/strong><\/span><\/p>\n<p class=\"p1\"><span style=\"font-size: 14pt;\">No tenemos un aparato de conciencia nacional que comprenda, establezca, planee y dirija los destinos de la naci\u00f3n, nunca hemos tenido un Estado, s\u00f3lo pillos que se reparten el poder y se perpet\u00faan en \u00e9l.<\/span><\/p>\n<p class=\"p1\"><span style=\"font-size: 18pt;\"><strong>No somos una Rep\u00fablica, si en cada proceso electoral se negocian los repartos del poder entre camarillas cobijadas bajo el nombre de partidos pol\u00edticos; todos los grupos gobernantes, de todos los partidos, han modificado las leyes electorales en su beneficio.<\/strong><\/span><\/p>\n<p class=\"p1\"><span style=\"font-size: 18pt; color: #139eca;\"><strong>No tenemos gobierno; esto no es gobierno. Ni los del PRI, ni los del PAN, ni los de ahora. \u00bfQu\u00e9 nombre debiera recibir esta asociaci\u00f3n abierta de polic\u00edas, ladrones, narcos, militares, jueces y pol\u00edticos involucrados todos? Obviamente no existe la justicia; todo es un mercado negro.<\/strong><\/span><\/p>\n<p class=\"p1\"><span style=\"font-size: 14pt;\">No somos una federaci\u00f3n, si evidentemente todo el poder se ejerce desde el centro y no hay nada m\u00e1s falso que los municipios libres.\u00a0<\/span><\/p>\n<p class=\"p1\"><span style=\"font-size: 14pt;\">Evidentemente no existe divisi\u00f3n de poderes, aunque ahora sabemos que al presidente ya no le hace caso el poder judicial.<\/span><\/p>\n<p class=\"p1\"><span style=\"font-size: 14pt;\">Necesitamos una nueva Constituci\u00f3n que redefina las cosas, pero m\u00e1s necesitamos un nuevo orden y luego una nueva Constituci\u00f3n.<\/span><\/p>\n<p class=\"p1\"><span style=\"font-size: 14pt;\">Como no puedo ni me toca poner orden, he propuesto una nueva Constituci\u00f3n que pueda contribuir a la puesta en marcha de mecanismos democr\u00e1ticos que permitan la consolidaci\u00f3n de una forma de representaci\u00f3n republicana, que conduzca a la formaci\u00f3n de una nueva etapa de construcci\u00f3n de una naci\u00f3n libre, federada, con divisi\u00f3n de poderes, nacionalista, con prop\u00f3sitos de bienestar social colectivo, defensora del ambiente, de la salud y de la vida.<\/span><\/p>\n<p>&nbsp;<\/p>\n<p class=\"p1\"><span style=\"font-size: 18pt;\"><strong>S\u00edntesis de la propuesta constitucional:<\/strong><\/span><\/p>\n<ul>\n<li class=\"p1\"><span style=\"font-size: 14pt;\"><span style=\"font-size: 18pt; color: #139eca;\"><strong>1.<\/strong> <\/span>Rep\u00fablica Federal.\u00a0\u00a0Tres jurisdicciones de competencia y de gobierno, integradas<\/span><\/li>\n<li class=\"p1\"><span style=\"font-size: 14pt;\"><span style=\"font-size: 18pt; color: #139eca;\"><strong>2.<\/strong> <\/span>Divisi\u00f3n de Poderes. Tres poderes y tres jurisdicciones. Integraci\u00f3n de los tres poderes, en las tres jurisdicciones por elecci\u00f3n popular<\/span><\/li>\n<li class=\"p1\"><span style=\"font-size: 14pt;\"><span style=\"font-size: 18pt; color: #139eca;\"><strong>3.<\/strong><\/span> Sistema Parlamentario. Poner fin a las monarqu\u00edas sexenales; igual para estados y municipios<\/span><\/li>\n<li class=\"p1\"><span style=\"font-size: 14pt;\"><span style=\"font-size: 18pt; color: #139eca;\"><strong>4.<\/strong> <\/span>Integraci\u00f3n plural de los \u00f3rganos de elecci\u00f3n por mayor\u00eda relativa y representaci\u00f3n proporcional directa, sin listas de favoritos. La voluntad popular debe ser clara por territorio electoral y precisa en sus porcentajes por distrito, entidad federada y nacional, sin cuotas entre partidos<\/span><\/li>\n<\/ul>\n<p>&nbsp;<\/p>\n<p class=\"p1\"><span style=\"font-size: 18pt;\"><strong>En el mundo se viven hoy muchos procesos de renovaci\u00f3n constitucional, y en todos ellos, se alzan nuevas voces que reclaman nuevos instrumentos electorales, pol\u00edticos y de gobierno, as\u00ed como nuevas demandas de progreso y de bienestar para los pueblos.<\/strong><\/span><\/p>\n<p class=\"p1\"><span style=\"font-size: 14pt;\">A todos los procesos hemos llegado tarde y los hemos copiado mal. (Claro, hay quienes dicen que la revoluci\u00f3n mexicana fue la primera del Siglo XX).<\/span><\/p>\n<p class=\"p1\"><span style=\"font-size: 14pt;\">Tal vez no importe en qu\u00e9 lugar arranquemos, pero debemos iniciar la discusi\u00f3n.<\/span><\/p>\n<p>&nbsp;<\/p>\n<p class=\"p1\"><span style=\"color: #139eca;\"><em><span style=\"font-size: 18pt;\"><strong>&lt;&lt;Dedicaremos algunos art\u00edculos a esta propuesta y esperamos opiniones y sugerencias&gt;&gt;<\/strong><\/span><\/em><\/span><\/p>\n<p>&nbsp;<\/p>\n<hr \/>\n<p>&nbsp;<\/p>\n<p class=\"p1\"><strong><span style=\"font-size: 18pt;\"><span class=\"s1\">* <\/span>Director General de publicaciones del Instituto Polit\u00e9cnico Nacional | 2001-2010<\/span><\/strong><\/p>\n<p class=\"p1\"><strong><span style=\"font-size: 18pt;\">* Autor del proyecto de iniciativa de Ley para una Nueva Constituci\u00f3n Pol\u00edtica de los Estados Unidos Mexicanos | 2000<\/span><\/strong><\/p>\n<p class=\"p1\"><strong><span style=\"font-size: 18pt;\">* Diputado federal por el Partido Comunista Mexicano | <\/span><\/strong><strong><span style=\"font-size: 18pt;\">1979-1982<\/span><\/strong><\/p>\n<p class=\"p1\"><strong><span style=\"font-size: 18pt;\">* Presidente del Colegio Nacional de Economistas | <\/span><\/strong><strong><span style=\"font-size: 18pt;\">1989-1992<\/span><\/strong><\/p>\n<p>&nbsp;<\/p>\n<p>&nbsp;<\/p>\n<p class=\"p1\"><strong><span style=\"font-size: 18pt;\">Correo: <a href=\"mailto:asalcido.b@gmail.com\">asalcido.b@gmail.com<\/a><\/span><\/strong><\/p>\n<p class=\"p1\"><strong><span style=\"font-size: 18pt;\">Twitter: <a href=\"https:\/\/twitter.com\/AsalcidoB\">@AsalcidoB<\/a><\/span><\/strong><\/p>\n<p>&nbsp;<\/p>\n<p><img data-recalc-dims=\"1\" loading=\"lazy\" decoding=\"async\" class=\"aligncenter wp-image-14351\" src=\"https:\/\/i0.wp.com\/politicosaldesnudo.com.mx\/wp-content\/uploads\/2023\/01\/FIRMA-EDITORIAL-PD-300x37.png?resize=800%2C98&#038;ssl=1\" alt=\"\" width=\"800\" height=\"98\" srcset=\"https:\/\/i0.wp.com\/politicosaldesnudo.com.mx\/wp-content\/uploads\/2023\/01\/FIRMA-EDITORIAL-PD.png?resize=300%2C37&amp;ssl=1 300w, https:\/\/i0.wp.com\/politicosaldesnudo.com.mx\/wp-content\/uploads\/2023\/01\/FIRMA-EDITORIAL-PD.png?resize=1024%2C125&amp;ssl=1 1024w, https:\/\/i0.wp.com\/politicosaldesnudo.com.mx\/wp-content\/uploads\/2023\/01\/FIRMA-EDITORIAL-PD.png?resize=768%2C94&amp;ssl=1 768w, https:\/\/i0.wp.com\/politicosaldesnudo.com.mx\/wp-content\/uploads\/2023\/01\/FIRMA-EDITORIAL-PD.png?resize=1536%2C188&amp;ssl=1 1536w, https:\/\/i0.wp.com\/politicosaldesnudo.com.mx\/wp-content\/uploads\/2023\/01\/FIRMA-EDITORIAL-PD.png?resize=2048%2C250&amp;ssl=1 2048w, https:\/\/i0.wp.com\/politicosaldesnudo.com.mx\/wp-content\/uploads\/2023\/01\/FIRMA-EDITORIAL-PD.png?w=1600&amp;ssl=1 1600w, https:\/\/i0.wp.com\/politicosaldesnudo.com.mx\/wp-content\/uploads\/2023\/01\/FIRMA-EDITORIAL-PD.png?w=2400&amp;ssl=1 2400w\" sizes=\"auto, (max-width: 800px) 100vw, 800px\" \/><\/p>\n<p>&nbsp;<\/p>\n<p>&nbsp;<\/p>\n<p class=\"p1\">\n","protected":false},"excerpt":{"rendered":"<p>&nbsp; Por Arturo Salcido Beltr\u00e1n Doscientos a\u00f1os despu\u00e9s de una fallida independencia, incompleta e incomprendida, y a cien a\u00f1os de<\/p>\n","protected":false},"author":4,"featured_media":12673,"comment_status":"closed","ping_status":"closed","sticky":false,"template":"","format":"standard","meta":{"colormag_page_container_layout":"default_layout","colormag_page_sidebar_layout":"default_layout","_jetpack_memberships_contains_paid_content":false,"footnotes":"","jetpack_publicize_message":"","jetpack_publicize_feature_enabled":true,"jetpack_social_post_already_shared":false,"jetpack_social_options":{"image_generator_settings":{"template":"highway","default_image_id":0,"font":"","enabled":false},"version":2}},"categories":[26],"tags":[1058,42,2749],"class_list":["post-20324","post","type-post","status-publish","format-standard","has-post-thumbnail","hentry","category-columnistas","tag-constitucion","tag-mexico","tag-republica"],"jetpack_publicize_connections":[],"jetpack_featured_media_url":"https:\/\/i0.wp.com\/politicosaldesnudo.com.mx\/wp-content\/uploads\/2022\/11\/P-ARTURO-SALCIDO-PD.png?fit=1816%2C1016&ssl=1","jetpack-related-posts":[],"jetpack_sharing_enabled":true,"_links":{"self":[{"href":"https:\/\/politicosaldesnudo.com.mx\/index.php\/wp-json\/wp\/v2\/posts\/20324","targetHints":{"allow":["GET"]}}],"collection":[{"href":"https:\/\/politicosaldesnudo.com.mx\/index.php\/wp-json\/wp\/v2\/posts"}],"about":[{"href":"https:\/\/politicosaldesnudo.com.mx\/index.php\/wp-json\/wp\/v2\/types\/post"}],"author":[{"embeddable":true,"href":"https:\/\/politicosaldesnudo.com.mx\/index.php\/wp-json\/wp\/v2\/users\/4"}],"replies":[{"embeddable":true,"href":"https:\/\/politicosaldesnudo.com.mx\/index.php\/wp-json\/wp\/v2\/comments?post=20324"}],"version-history":[{"count":0,"href":"https:\/\/politicosaldesnudo.com.mx\/index.php\/wp-json\/wp\/v2\/posts\/20324\/revisions"}],"wp:featuredmedia":[{"embeddable":true,"href":"https:\/\/politicosaldesnudo.com.mx\/index.php\/wp-json\/wp\/v2\/media\/12673"}],"wp:attachment":[{"href":"https:\/\/politicosaldesnudo.com.mx\/index.php\/wp-json\/wp\/v2\/media?parent=20324"}],"wp:term":[{"taxonomy":"category","embeddable":true,"href":"https:\/\/politicosaldesnudo.com.mx\/index.php\/wp-json\/wp\/v2\/categories?post=20324"},{"taxonomy":"post_tag","embeddable":true,"href":"https:\/\/politicosaldesnudo.com.mx\/index.php\/wp-json\/wp\/v2\/tags?post=20324"}],"curies":[{"name":"wp","href":"https:\/\/api.w.org\/{rel}","templated":true}]}}