{"id":20331,"date":"2023-05-29T02:02:36","date_gmt":"2023-05-29T07:02:36","guid":{"rendered":"https:\/\/politicosaldesnudo.com.mx\/?p=20331"},"modified":"2023-05-29T02:03:26","modified_gmt":"2023-05-29T07:03:26","slug":"alito-moreno-candidato-presidencial","status":"publish","type":"post","link":"https:\/\/politicosaldesnudo.com.mx\/index.php\/2023\/05\/29\/alito-moreno-candidato-presidencial\/","title":{"rendered":"\u00bfAlito Moreno-candidato presidencial?"},"content":{"rendered":"<p>&nbsp;<\/p>\n<p class=\"p1\"><span style=\"font-size: 18pt;\"><b>Por Carlos O. Silva Bandala<\/b><\/span><\/p>\n<p class=\"p1\"><span style=\"font-size: 14pt;\">\u00bfC\u00f3mo que no hay m\u00e9todo para elegir candidato presidencial pri\u00edsta? Alejandro Moreno se reuni\u00f3 con algunos aspirantes a la candidatura presidencial: Claudia Ruiz Massieu, Enrique de la Madrid, Alejandro Murat, Beatriz Paredes, Jos\u00e9 \u00c1ngel Gurr\u00eda, y, otros que no vienen al caso, con el prop\u00f3sito de definir el m\u00e9todo para elegir al candidato presidencial y \u00e9ste a su vez, proponerlo a la <em>Alianza Va por M\u00e9xico<\/em>. Al sobrevalorarse pretenden ser candidato de la Alianza, no as\u00ed del PRI, de manera independiente.<\/span><\/p>\n<p class=\"p1\"><span style=\"font-size: 18pt;\"><strong>A casi 100 a\u00f1os de la fundaci\u00f3n del Partido Revolucionario Institucional, existen documentos que soportan y validan legalmente su constituci\u00f3n: La Declaraci\u00f3n de Principios, los Estatutos y el Programa de Acci\u00f3n. Alejandro Moreno sigue haciendo el juego de la tatahuila dando palos de ciego, que muestran su corta visi\u00f3n y desconocimiento de los procedimientos estatutarios, para el caso de la candidatura presidencial. Esa fatua reuni\u00f3n (fatua: lleno de presunci\u00f3n o vanidad infundada y rid\u00edcula) para establecer el m\u00e9todo al comento, por s\u00ed misma se desmorona, pues nadie puede ser juez y parte, nadie puede ser juez de su propia causa, ya que resulta muy dif\u00edcil ser imparcial si uno es parte de \u00e9sta.<\/strong><\/span><\/p>\n<p>&nbsp;<\/p>\n<p class=\"p1\"><span style=\"font-size: 18pt; color: #139eca;\"><b>EL ATOLE DE ALITO<\/b><\/span><\/p>\n<p class=\"p1\"><span style=\"font-size: 14pt;\">\u00bfQu\u00e9 acaso no es atribuci\u00f3n de la Asamblea Nacional o del Consejo Pol\u00edtico Nacional, votar por quien habr\u00e1 de ser el candidato presidencial? \u00bfEn ese espect\u00e1culo como carpa circense que ha montado Alejandro Moreno, a tal grado llega su desconocimiento? \u00bfEn su perversidad es solo para darles atole con el dedo?<\/span><\/p>\n<p class=\"p1\"><span style=\"font-size: 18pt;\"><strong>Ahora sucede que Marko Cort\u00e9s, dirigente del PAN, anuncia como condici\u00f3n para ser candidato presidencial (del PAN), que deben reunir un mill\u00f3n de firmas de respaldo, como signo de legitimidad popular. Alejandro Moreno al respaldar esa propuesta, esboza que a sus compa\u00f1eros pri\u00edstas no les asusta, y si quieren m\u00e1s, m\u00e1s.<\/strong><\/span><\/p>\n<p class=\"p1\"><span style=\"font-size: 14pt;\">No hay que confundirse, Marko Cort\u00e9s propone como condicionante para ser candidato del PAN, que quienes as\u00ed lo pretendan, re\u00fanan un mill\u00f3n de firmas de respaldo. Lo propone como un asunto estrictamente interpartidista (PAN). Lo que Alito Moreno responde es que los pri\u00edstas pueden reunir eso y m\u00e1s y se autocalifica al decirse electo con casi dos millones. Para Alejandro Moreno le cay\u00f3 como anillo al dedo esa propuesta del mill\u00f3n de firmas, para sus propias ambiciones de convertirse en candidato presidencial del PRI. La explicaci\u00f3n es muy simple, ninguno de los aspirantes pri\u00edstas lograr\u00edan ese montonal de firmas, vaya ni siquiera la mitad, dado que, se sobrevaloraron por s\u00ed mismos.<\/span><\/p>\n<p class=\"p1\"><span style=\"font-size: 14pt;\">Definidos los candidatos del PAN y del PRI, se convertir\u00edan en precandidatos de la <em>Alianza Va por M\u00e9xico.<\/em> A partir de ello empezar\u00e1n las pujas para ver quien finalmente es el representante de la Alianza ante la elecci\u00f3n presidencial. Un entuerto m\u00e1s que complicado y dif\u00edcil de resolver. Consensuar la candidatura presidencial PAN\/PRI\/PRD\/Colectivos Ciudadanos, va a estar en mandar\u00edn y quiz\u00e1, tal vez, cada uno tome su propio camino. Las ambiciones por la fama y el poder se volver\u00e1n incontrolables. Todo al tiempo.<\/span><\/p>\n<p>&nbsp;<\/p>\n<p class=\"p1\"><span style=\"font-size: 18pt; color: #139eca;\"><b>LAS CONSECUENCIAS<\/b><\/span><\/p>\n<p class=\"p1\"><span style=\"font-size: 18pt;\"><strong>Alejandro Moreno se destaca por dos resultados pol\u00edticos que marcan su historia, su tiempo, como dirigente nacional del PRI: Al interior del partido es un ganador reiterativo; hacia el exterior, un perdedor desastroso, caso tras caso, de fracaso tras fracaso.<\/strong><\/span><\/p>\n<p class=\"p1\"><span style=\"font-size: 14pt;\">Ex presidentes del CEN del PRI y el Senador Osorio Chong le pidieron que renunciara a la dirigencia nacional. Los mand\u00f3 fre\u00edr churros, expresi\u00f3n espa\u00f1ola que se traduce: En vez de discutir conmigo, anda a ocupar tu tiempo en otra cosa que a nadie le importa. Alejandro Moreno convoc\u00f3 al Consejo Pol\u00edtico Nacional (500 delegados) y obtuvo la aprobaci\u00f3n casi un\u00e1nime para continuar como dirigente nacional hasta despu\u00e9s de la elecci\u00f3n para Presidente de M\u00e9xico. Lo impugnaron ante la Suprema Corte de Justicia de la Naci\u00f3n y \u00e9sta le valid\u00f3 el acuerdo del CPN para seguir dirigiendo al PRI. Est\u00e1 empoderado.<\/span><\/p>\n<p>&nbsp;<\/p>\n<p><img data-recalc-dims=\"1\" loading=\"lazy\" decoding=\"async\" class=\"aligncenter wp-image-20332 size-full\" src=\"https:\/\/i0.wp.com\/politicosaldesnudo.com.mx\/wp-content\/uploads\/2023\/05\/P-PRI-REUNION-ALITO.png?resize=800%2C160&#038;ssl=1\" alt=\"\" width=\"800\" height=\"160\" srcset=\"https:\/\/i0.wp.com\/politicosaldesnudo.com.mx\/wp-content\/uploads\/2023\/05\/P-PRI-REUNION-ALITO.png?w=2048&amp;ssl=1 2048w, https:\/\/i0.wp.com\/politicosaldesnudo.com.mx\/wp-content\/uploads\/2023\/05\/P-PRI-REUNION-ALITO.png?resize=300%2C60&amp;ssl=1 300w, https:\/\/i0.wp.com\/politicosaldesnudo.com.mx\/wp-content\/uploads\/2023\/05\/P-PRI-REUNION-ALITO.png?resize=1024%2C205&amp;ssl=1 1024w, https:\/\/i0.wp.com\/politicosaldesnudo.com.mx\/wp-content\/uploads\/2023\/05\/P-PRI-REUNION-ALITO.png?resize=768%2C153&amp;ssl=1 768w, https:\/\/i0.wp.com\/politicosaldesnudo.com.mx\/wp-content\/uploads\/2023\/05\/P-PRI-REUNION-ALITO.png?resize=1536%2C307&amp;ssl=1 1536w, https:\/\/i0.wp.com\/politicosaldesnudo.com.mx\/wp-content\/uploads\/2023\/05\/P-PRI-REUNION-ALITO.png?w=1600&amp;ssl=1 1600w\" sizes=\"auto, (max-width: 800px) 100vw, 800px\" \/><\/p>\n<p>&nbsp;<\/p>\n<p class=\"p1\"><span style=\"font-size: 18pt; color: #139eca;\"><strong>En el juego del poder pol\u00edtico que trasciende para el equilibrio de las fuerzas representativas del gobierno, los gobernadores de los estados representan un peso y contrapeso pol\u00edtico de primer orden. En la historia del PRI con Alejandro Moreno al frente, en ese sentido es funesta. Haber perdido 11 gubernaturas que pueden llegar ser 13, si el PRI pierde las elecciones en el Edomex y Coahuila. Aliarse con el PAN ha sido la causa mas indigna de sus derrotas estatales. A mayor explicaci\u00f3n, los pri\u00edstas son m\u00e1s afines a Morena. Repudian al PAN. Esa alianza PAN\/PRI es antihist\u00f3rica, no se ajusta a la historia y tradici\u00f3n del partido, liberal, revolucionario, f\u00e9rreamente contrario al pensamiento conservador del PAN.<\/strong><\/span><\/p>\n<p>&nbsp;<\/p>\n<p class=\"p1\"><span style=\"font-size: 18pt; color: #139eca;\"><b>LAS DOS V\u00cdAS<\/b><\/span><\/p>\n<p class=\"p1\"><span style=\"font-size: 14pt;\">Ahora bien, reconociendo que Alejandro Moreno, hacia el interior del partido est\u00e1 empoderado, el mando y decisiones es de suyo. De ello no puede haber m\u00e1s discusi\u00f3n. Decidir la candidatura presidencial del PRI, lleva a dos caminos estatutarios: La Asamblea Nacional o el Consejo Pol\u00edtico Nacional. Convocar a los integrantes del CPN, no le ocasiona mayor complicaci\u00f3n a Alejandro Moreno, para reunirlo. Validar, leg\u00edtimamente por esa v\u00eda interpri\u00edsta la candidatura presidencial, es viable, posible y leg\u00edtima.<span class=\"Apple-converted-space\">\u00a0<\/span><\/span><\/p>\n<p class=\"p1\"><span style=\"font-size: 18pt;\"><strong>En vez de tantear a los aspirantes con inventar un m\u00e9todo, mejor someterlos a la consideraci\u00f3n del CPN, \u00f3rgano m\u00e1ximo deliberativo que ya tuvo la venia jur\u00eddica de la Suprema Corte de Justicia de la Naci\u00f3n, para la toma de decisiones en la superior representaci\u00f3n pol\u00edtico\/partidista, y, votar por cualesquiera de ellos. Sin duda una derrota anunciada para ellos y un alza triunfal para Alejandro Moreno como el candidato presidencial. Tiene el respaldo absoluto de ese \u00f3rgano pol\u00edtico. En la orfandad desde Palacio Nacional en que se encuentra el PRI, el dirigente nacional del partido, es la personalidad m\u00e1s destacada y responsable de afianzar su presencia en el peso y contrapeso del poder pol\u00edtico y continuar existiendo. En esa l\u00f3gica se afianza Alejandro Moreno.<\/strong><\/span><\/p>\n<p class=\"p1\"><span style=\"font-size: 14pt;\">Alejandro Moreno, no va a regalar su capital pol\u00edtico a otro. Respaldado por el CPN puede ser el candidato presidencial; los dem\u00e1s son puro teatro. Para enfrentar a la poderosa maquinaria de gobernanza, simpat\u00edas y militancias de Morena, se necesita un candidato presidencial con caracter\u00edsticas de pendenciero. Ah\u00ed \u00e9l lleva mano. Santiago Creel para una procesi\u00f3n y misa. Recordemos c\u00f3mo Vicente Fox derrumb\u00f3 a Francisco Labastida. Con su mata tepocatas y \u201cla vestida\u201d, hizo pedazos a un caballero pol\u00edtico.<\/span><\/p>\n<p class=\"p1\"><span style=\"font-size: 14pt;\">Para terminar, Alejandro Moreno, ya como candidato presidencial del PRI, en la mesa de las negociaciones para confirmar la <em>Alianza Va por M\u00e9xico,<\/em> va a ser muy dif\u00edcil que acepte que otro sea quien represente a esa asociaci\u00f3n y no precisamente \u00e9l. M\u00e1s le importar\u00eda a Alejandro Moreno y al partido seguir su camino solos, que mal acompa\u00f1ados en una comparsa de aberrante alianza pol\u00edtica.<\/span><\/p>\n<p>&nbsp;<\/p>\n<hr \/>\n<p>&nbsp;<\/p>\n<p><strong><span style=\"font-size: 18pt;\">Correo: <span class=\"s1\"><a href=\"mailto:flormarcc2@gmail.com\">flormarcc2@gmail.com<\/a><\/span><\/span><\/strong><\/p>\n<p>&nbsp;<\/p>\n<p><img data-recalc-dims=\"1\" loading=\"lazy\" decoding=\"async\" class=\"aligncenter wp-image-14351\" src=\"https:\/\/i0.wp.com\/politicosaldesnudo.com.mx\/wp-content\/uploads\/2023\/01\/FIRMA-EDITORIAL-PD-300x37.png?resize=800%2C98&#038;ssl=1\" alt=\"\" width=\"800\" height=\"98\" srcset=\"https:\/\/i0.wp.com\/politicosaldesnudo.com.mx\/wp-content\/uploads\/2023\/01\/FIRMA-EDITORIAL-PD.png?resize=300%2C37&amp;ssl=1 300w, https:\/\/i0.wp.com\/politicosaldesnudo.com.mx\/wp-content\/uploads\/2023\/01\/FIRMA-EDITORIAL-PD.png?resize=1024%2C125&amp;ssl=1 1024w, https:\/\/i0.wp.com\/politicosaldesnudo.com.mx\/wp-content\/uploads\/2023\/01\/FIRMA-EDITORIAL-PD.png?resize=768%2C94&amp;ssl=1 768w, https:\/\/i0.wp.com\/politicosaldesnudo.com.mx\/wp-content\/uploads\/2023\/01\/FIRMA-EDITORIAL-PD.png?resize=1536%2C188&amp;ssl=1 1536w, https:\/\/i0.wp.com\/politicosaldesnudo.com.mx\/wp-content\/uploads\/2023\/01\/FIRMA-EDITORIAL-PD.png?resize=2048%2C250&amp;ssl=1 2048w, https:\/\/i0.wp.com\/politicosaldesnudo.com.mx\/wp-content\/uploads\/2023\/01\/FIRMA-EDITORIAL-PD.png?w=1600&amp;ssl=1 1600w, https:\/\/i0.wp.com\/politicosaldesnudo.com.mx\/wp-content\/uploads\/2023\/01\/FIRMA-EDITORIAL-PD.png?w=2400&amp;ssl=1 2400w\" sizes=\"auto, (max-width: 800px) 100vw, 800px\" \/><\/p>\n<p>&nbsp;<\/p>\n<p>&nbsp;<\/p>\n","protected":false},"excerpt":{"rendered":"<p>&nbsp; Por Carlos O. Silva Bandala \u00bfC\u00f3mo que no hay m\u00e9todo para elegir candidato presidencial pri\u00edsta? Alejandro Moreno se reuni\u00f3<\/p>\n","protected":false},"author":4,"featured_media":11705,"comment_status":"closed","ping_status":"closed","sticky":false,"template":"","format":"standard","meta":{"colormag_page_container_layout":"default_layout","colormag_page_sidebar_layout":"default_layout","_jetpack_memberships_contains_paid_content":false,"footnotes":"","jetpack_publicize_message":"","jetpack_publicize_feature_enabled":true,"jetpack_social_post_already_shared":false,"jetpack_social_options":{"image_generator_settings":{"template":"highway","default_image_id":0,"font":"","enabled":false},"version":2}},"categories":[26],"tags":[447,2751,930,103,226],"class_list":["post-20331","post","type-post","status-publish","format-standard","has-post-thumbnail","hentry","category-columnistas","tag-alejandro-moreno","tag-alianza-va-por-mexico","tag-marko-cortes","tag-pan","tag-pri"],"jetpack_publicize_connections":[],"jetpack_featured_media_url":"https:\/\/i0.wp.com\/politicosaldesnudo.com.mx\/wp-content\/uploads\/2022\/10\/CARLOS-O.-SILVA-BANDALA.png?fit=1816%2C1016&ssl=1","jetpack-related-posts":[],"jetpack_sharing_enabled":true,"_links":{"self":[{"href":"https:\/\/politicosaldesnudo.com.mx\/index.php\/wp-json\/wp\/v2\/posts\/20331","targetHints":{"allow":["GET"]}}],"collection":[{"href":"https:\/\/politicosaldesnudo.com.mx\/index.php\/wp-json\/wp\/v2\/posts"}],"about":[{"href":"https:\/\/politicosaldesnudo.com.mx\/index.php\/wp-json\/wp\/v2\/types\/post"}],"author":[{"embeddable":true,"href":"https:\/\/politicosaldesnudo.com.mx\/index.php\/wp-json\/wp\/v2\/users\/4"}],"replies":[{"embeddable":true,"href":"https:\/\/politicosaldesnudo.com.mx\/index.php\/wp-json\/wp\/v2\/comments?post=20331"}],"version-history":[{"count":0,"href":"https:\/\/politicosaldesnudo.com.mx\/index.php\/wp-json\/wp\/v2\/posts\/20331\/revisions"}],"wp:featuredmedia":[{"embeddable":true,"href":"https:\/\/politicosaldesnudo.com.mx\/index.php\/wp-json\/wp\/v2\/media\/11705"}],"wp:attachment":[{"href":"https:\/\/politicosaldesnudo.com.mx\/index.php\/wp-json\/wp\/v2\/media?parent=20331"}],"wp:term":[{"taxonomy":"category","embeddable":true,"href":"https:\/\/politicosaldesnudo.com.mx\/index.php\/wp-json\/wp\/v2\/categories?post=20331"},{"taxonomy":"post_tag","embeddable":true,"href":"https:\/\/politicosaldesnudo.com.mx\/index.php\/wp-json\/wp\/v2\/tags?post=20331"}],"curies":[{"name":"wp","href":"https:\/\/api.w.org\/{rel}","templated":true}]}}