{"id":20415,"date":"2023-05-31T11:00:47","date_gmt":"2023-05-31T16:00:47","guid":{"rendered":"https:\/\/politicosaldesnudo.com.mx\/?p=20415"},"modified":"2023-06-01T10:14:00","modified_gmt":"2023-06-01T15:14:00","slug":"anlm-festeja-renovacion-de-la-rotonda-de-los-locutores-en-la-cdmx","status":"publish","type":"post","link":"https:\/\/politicosaldesnudo.com.mx\/index.php\/2023\/05\/31\/anlm-festeja-renovacion-de-la-rotonda-de-los-locutores-en-la-cdmx\/","title":{"rendered":"ANLM festeja renovaci\u00f3n de la Rotonda de los Locutores en la Ciudad de M\u00e9xico"},"content":{"rendered":"<p>&nbsp;<\/p>\n<p class=\"p1\" style=\"text-align: center;\"><em><span style=\"font-size: 18pt;\"><strong>&lt;&lt;La presidenta Rosal\u00eda Bua\u00fan, recuerda al pilar de la Asociaci\u00f3n Nacional de Locutores de M\u00e9xico al maestro \u201cEl Perro Berm\u00fadez\u201d&gt;&gt;<\/strong><\/span><\/em><\/p>\n<p>&nbsp;<\/p>\n<p class=\"p1\"><span style=\"font-size: 14pt;\"><em><strong>CIUDAD DE M\u00c9XICO.<\/strong> <\/em><strong>La voz y la palabra se hacen historia a trav\u00e9s del micr\u00f3fono, arma, herramienta, escudo y ventana que hacen del o\u00eddo una ventana al mundo<\/strong>. Los locutores, son protagonistas y testigos del tiempo, su verbo crea fases cl\u00e1sicas y refranes inolvidables, es por ello que la <strong>Rotonda de los Locutores<\/strong> estuvo de fiesta para renovarse en un punto c\u00e9ntrico de la Ciudad de M\u00e9xico.<\/span><\/p>\n<p class=\"p1\"><span style=\"font-size: 18pt;\"><strong>La ceremonia de remodelaci\u00f3n de la Rotonda de los Locutores, fue presidida por la alcaldesa de Cuauht\u00e9moc, Sandra Cuevas y la presidenta de la Asociaci\u00f3n Nacional de Locutores de M\u00e9xico, Rosal\u00eda Bua\u00fan S\u00e1nchez, donde adem\u00e1s se descubri\u00f3 un busto en honor a Jacobo Zabludovsky Kraveski, quien creara un estilo para informar en diferentes noticiarios radiof\u00f3nicos y televisivos, que deriv\u00f3 en escuela y esquema para difundir noticias.<\/strong><\/span><\/p>\n<p>&nbsp;<\/p>\n<p><img data-recalc-dims=\"1\" loading=\"lazy\" decoding=\"async\" class=\"aligncenter wp-image-20416 size-large\" src=\"https:\/\/i0.wp.com\/politicosaldesnudo.com.mx\/wp-content\/uploads\/2023\/05\/P-ROTONDA-LOCUTORES-1-1024x573.png?resize=800%2C448&#038;ssl=1\" alt=\"\" width=\"800\" height=\"448\" srcset=\"https:\/\/i0.wp.com\/politicosaldesnudo.com.mx\/wp-content\/uploads\/2023\/05\/P-ROTONDA-LOCUTORES-1.png?resize=1024%2C573&amp;ssl=1 1024w, https:\/\/i0.wp.com\/politicosaldesnudo.com.mx\/wp-content\/uploads\/2023\/05\/P-ROTONDA-LOCUTORES-1.png?resize=300%2C168&amp;ssl=1 300w, https:\/\/i0.wp.com\/politicosaldesnudo.com.mx\/wp-content\/uploads\/2023\/05\/P-ROTONDA-LOCUTORES-1.png?resize=768%2C430&amp;ssl=1 768w, https:\/\/i0.wp.com\/politicosaldesnudo.com.mx\/wp-content\/uploads\/2023\/05\/P-ROTONDA-LOCUTORES-1.png?resize=1536%2C859&amp;ssl=1 1536w, https:\/\/i0.wp.com\/politicosaldesnudo.com.mx\/wp-content\/uploads\/2023\/05\/P-ROTONDA-LOCUTORES-1.png?w=1816&amp;ssl=1 1816w, https:\/\/i0.wp.com\/politicosaldesnudo.com.mx\/wp-content\/uploads\/2023\/05\/P-ROTONDA-LOCUTORES-1.png?w=1600&amp;ssl=1 1600w\" sizes=\"auto, (max-width: 800px) 100vw, 800px\" \/><\/p>\n<p>&nbsp;<\/p>\n<p class=\"p1\"><span style=\"font-size: 18pt; color: #139eca;\"><b style=\"color: #139eca; font-size: 18pt;\">DELEGACI\u00d3N <\/b><span style=\"color: #139eca;\"><span style=\"font-size: 24px;\"><b>CUAUHT\u00c9MOC<\/b><\/span><\/span><b style=\"color: #139eca; font-size: 18pt;\"> RINDEN HOMENAJE<\/b><\/span><\/p>\n<p class=\"p1\"><span style=\"font-size: 14pt;\">Esta rotonda fue una idea original del Arq. Jorge Legorreta en 1998, durante su gobierno como Delegado de Cuauht\u00e9moc, con la intenci\u00f3n de rendir homenaje a las voces m\u00e1s emblem\u00e1ticas de nuestro pa\u00eds. Actualmente se encuentran en la rotonda los bustos de Abraham Gal\u00e1n Blanco, Enrique Berm\u00fadez Olvera, Enrique Brise\u00f1o y Arana. Francisco Jos\u00e9 Daniel Rubiales Calvo \u201cPaco Malgesto\u201d, Francisco Neri Cano, Guadalupe Ol\u00e1is Tagle, Jorge de Vald\u00e9s P\u00e9rez, Luis Ignacio Santib\u00e1\u00f1ez Pati\u00f1o, Raciel L\u00f3pez Varela y V\u00edctor Manuel Otero Gonz\u00e1lez.<\/span><\/p>\n<p class=\"p1\"><span style=\"font-size: 18pt;\"><strong>La remodelaci\u00f3n fue una necesidad de la Asociaci\u00f3n Nacional de Locutores de M\u00e9xico, para honrar la memoria de quienes hicieron de su voz una leyenda, proyecto que impuls\u00f3 la alcaldesa Sandra Cuevas y en la cual contribuyeron los empresarios de dicha alcald\u00eda, los cuales estuvieron en el acto representados por Jorge Gordon, de Urbania.<\/strong><\/span><\/p>\n<p>&nbsp;<\/p>\n<p><img data-recalc-dims=\"1\" loading=\"lazy\" decoding=\"async\" class=\"aligncenter wp-image-20419 size-large\" src=\"https:\/\/i0.wp.com\/politicosaldesnudo.com.mx\/wp-content\/uploads\/2023\/05\/P-ROTONDA-LOCUTORES-4-1024x573.png?resize=800%2C448&#038;ssl=1\" alt=\"\" width=\"800\" height=\"448\" srcset=\"https:\/\/i0.wp.com\/politicosaldesnudo.com.mx\/wp-content\/uploads\/2023\/05\/P-ROTONDA-LOCUTORES-4.png?resize=1024%2C573&amp;ssl=1 1024w, https:\/\/i0.wp.com\/politicosaldesnudo.com.mx\/wp-content\/uploads\/2023\/05\/P-ROTONDA-LOCUTORES-4.png?resize=300%2C168&amp;ssl=1 300w, https:\/\/i0.wp.com\/politicosaldesnudo.com.mx\/wp-content\/uploads\/2023\/05\/P-ROTONDA-LOCUTORES-4.png?resize=768%2C430&amp;ssl=1 768w, https:\/\/i0.wp.com\/politicosaldesnudo.com.mx\/wp-content\/uploads\/2023\/05\/P-ROTONDA-LOCUTORES-4.png?resize=1536%2C859&amp;ssl=1 1536w, https:\/\/i0.wp.com\/politicosaldesnudo.com.mx\/wp-content\/uploads\/2023\/05\/P-ROTONDA-LOCUTORES-4.png?w=1816&amp;ssl=1 1816w, https:\/\/i0.wp.com\/politicosaldesnudo.com.mx\/wp-content\/uploads\/2023\/05\/P-ROTONDA-LOCUTORES-4.png?w=1600&amp;ssl=1 1600w\" sizes=\"auto, (max-width: 800px) 100vw, 800px\" \/><\/p>\n<p>&nbsp;<\/p>\n<p class=\"p1\"><span style=\"font-size: 18pt;\"><strong>Inici\u00f3 la inauguraci\u00f3n con un discurso de Alfonso Noriega Mungu\u00eda, familiar del m\u00edtico Alonso Sordo Noriega, en el cual se destac\u00f3 la majestuosidad de la Plaza Pugibet, que se encuentra pr\u00e1cticamente en el Centro Hist\u00f3rico de la ciudad de M\u00e9xico.<\/strong><\/span><\/p>\n<p>&nbsp;<\/p>\n<p class=\"p1\"><span style=\"font-size: 18pt; color: #139eca;\"><strong>MENSAJE DE LA PRESIDENTA ROSAL\u00cdA BUA\u00daN<span class=\"Apple-converted-space\">\u00a0<\/span><\/strong><\/span><\/p>\n<p class=\"p1\"><span style=\"font-size: 18pt;\"><strong>Despu\u00e9s tom\u00f3 la palabra la presidenta de la Asociaci\u00f3n Nacional de Locutores de M\u00e9xico, Rosal\u00eda Bua\u00fan S\u00e1nchez, quien dijo: \u201cCorr\u00eda el a\u00f1o de 1998 cuando tristemente parti\u00f3 una de las grandes voces de M\u00e9xico, quien adem\u00e1s fue pilar y Presidente de nuestra asociaci\u00f3n, Enrique Berm\u00fadez, menor conocido como \u201cEl Perro Berm\u00fadez\u201d.<\/strong><\/span><\/p>\n<p>&nbsp;<\/p>\n<blockquote>\n<p class=\"p1\"><span style=\"font-size: 14pt;\">En ese a\u00f1o, en ese entonces, platicando con el entonces delegado de esta demarcaci\u00f3n, el arquitecto Jorge Legorreta, y bajo su inspiraci\u00f3n e iniciativa, se construye este hermoso espacio en el que nos encontramos hoy reunidos\u201d<\/span><\/p>\n<\/blockquote>\n<p>&nbsp;<\/p>\n<p><img data-recalc-dims=\"1\" loading=\"lazy\" decoding=\"async\" class=\"aligncenter wp-image-20420 size-large\" src=\"https:\/\/i0.wp.com\/politicosaldesnudo.com.mx\/wp-content\/uploads\/2023\/05\/P-ROTONDA-LOCUTORES-5-1024x573.png?resize=800%2C448&#038;ssl=1\" alt=\"\" width=\"800\" height=\"448\" srcset=\"https:\/\/i0.wp.com\/politicosaldesnudo.com.mx\/wp-content\/uploads\/2023\/05\/P-ROTONDA-LOCUTORES-5.png?resize=1024%2C573&amp;ssl=1 1024w, https:\/\/i0.wp.com\/politicosaldesnudo.com.mx\/wp-content\/uploads\/2023\/05\/P-ROTONDA-LOCUTORES-5.png?resize=300%2C168&amp;ssl=1 300w, https:\/\/i0.wp.com\/politicosaldesnudo.com.mx\/wp-content\/uploads\/2023\/05\/P-ROTONDA-LOCUTORES-5.png?resize=768%2C430&amp;ssl=1 768w, https:\/\/i0.wp.com\/politicosaldesnudo.com.mx\/wp-content\/uploads\/2023\/05\/P-ROTONDA-LOCUTORES-5.png?resize=1536%2C859&amp;ssl=1 1536w, https:\/\/i0.wp.com\/politicosaldesnudo.com.mx\/wp-content\/uploads\/2023\/05\/P-ROTONDA-LOCUTORES-5.png?w=1816&amp;ssl=1 1816w, https:\/\/i0.wp.com\/politicosaldesnudo.com.mx\/wp-content\/uploads\/2023\/05\/P-ROTONDA-LOCUTORES-5.png?w=1600&amp;ssl=1 1600w\" sizes=\"auto, (max-width: 800px) 100vw, 800px\" \/><\/p>\n<p>&nbsp;<\/p>\n<blockquote>\n<p class=\"p1\"><span style=\"font-size: 14pt;\">La Rotonda de los Locutores. Desde su concepci\u00f3n tuvo como finalidad rendir un homenaje a las voces que han marcado a miles de mexicanos, que acompa\u00f1aron, divirtieron, informaron y se convirtieron en amigos de tantas generaciones, a trav\u00e9s de nuestra principal herramienta de trabajo, el micr\u00f3fono\u201d<\/span><\/p>\n<\/blockquote>\n<p>&nbsp;<\/p>\n<p><img data-recalc-dims=\"1\" loading=\"lazy\" decoding=\"async\" class=\"aligncenter wp-image-20418 size-large\" src=\"https:\/\/i0.wp.com\/politicosaldesnudo.com.mx\/wp-content\/uploads\/2023\/05\/P-ROTONDA-LOCUTORES-3-1024x573.png?resize=800%2C448&#038;ssl=1\" alt=\"\" width=\"800\" height=\"448\" srcset=\"https:\/\/i0.wp.com\/politicosaldesnudo.com.mx\/wp-content\/uploads\/2023\/05\/P-ROTONDA-LOCUTORES-3.png?resize=1024%2C573&amp;ssl=1 1024w, https:\/\/i0.wp.com\/politicosaldesnudo.com.mx\/wp-content\/uploads\/2023\/05\/P-ROTONDA-LOCUTORES-3.png?resize=300%2C168&amp;ssl=1 300w, https:\/\/i0.wp.com\/politicosaldesnudo.com.mx\/wp-content\/uploads\/2023\/05\/P-ROTONDA-LOCUTORES-3.png?resize=768%2C430&amp;ssl=1 768w, https:\/\/i0.wp.com\/politicosaldesnudo.com.mx\/wp-content\/uploads\/2023\/05\/P-ROTONDA-LOCUTORES-3.png?resize=1536%2C859&amp;ssl=1 1536w, https:\/\/i0.wp.com\/politicosaldesnudo.com.mx\/wp-content\/uploads\/2023\/05\/P-ROTONDA-LOCUTORES-3.png?w=1816&amp;ssl=1 1816w, https:\/\/i0.wp.com\/politicosaldesnudo.com.mx\/wp-content\/uploads\/2023\/05\/P-ROTONDA-LOCUTORES-3.png?w=1600&amp;ssl=1 1600w\" sizes=\"auto, (max-width: 800px) 100vw, 800px\" \/><\/p>\n<p>&nbsp;<\/p>\n<p class=\"p1\"><span style=\"font-size: 18pt;\"><strong>Finalmente, se devel\u00f3 una placa que dice: \u201cPlaza de san Juan Rotonda de los locutores. Habla fuerte para que te oigan, claro para que te entiendan, y breve para que te aplaudan\u201d<\/strong><\/span><\/p>\n<p>&nbsp;<\/p>\n<p><span style=\"font-size: 14pt;\">Entre los asistentes estuvieron en el evento, adem\u00e1s de los arriba mencionados, el Mtro. Jos\u00e9 Guadalupe Medina Romero, Director general Jur\u00eddico y de servicios Legales de la alcald\u00eda Cuauht\u00e9moc; Jos\u00e9 Luis Ar\u00e9valo, vicepresidente de la Asociaci\u00f3n Nacional de Locutores de M\u00e9xico; Heriberto V\u00e1zquez Mu\u00f1oz, presidente del Consejo consultivo nacional de la Asociaci\u00f3n Nacional de Locutores de M\u00e9xico; Enrique Selvas Carrola, Tesorero de la misma Asociaci\u00f3n; Gabriel escamilla Meneses, secretario de dicha Asociaci\u00f3n; Jadira Armend\u00e1riz, vocal de la asociaci\u00f3n; Alejandro otero, sobrino de\u00a0\u00a0V\u00edctor Manuel Otero; Ana cristina Pel\u00e1ez, ex reportera de Jacobo Zabludovsky; familiares de los locutores Jorge de Vald\u00e9s, Enrique Berm\u00fadez, Ignacio Santib\u00e1\u00f1ez y Alfonso Sordo Noriega. As\u00ed como Reyes Morales, del Sindicato Nacional de M\u00fasicos, el Lic. Antonio Luna Campos, se la Universidad M\u00e9xico Espa\u00f1a, El\u00edas Luna, Jos\u00e9 Luis Uribe, presidente del Club Primera Plana, entre otros.<\/span><\/p>\n<p>&nbsp;<\/p>\n<p>&nbsp;<\/p>\n<p>&nbsp;<\/p>\n","protected":false},"excerpt":{"rendered":"<p>&nbsp; &lt;&lt;La presidenta Rosal\u00eda Bua\u00fan, recuerda al pilar de la Asociaci\u00f3n Nacional de Locutores de M\u00e9xico al maestro \u201cEl Perro<\/p>\n","protected":false},"author":4,"featured_media":20417,"comment_status":"closed","ping_status":"closed","sticky":false,"template":"","format":"standard","meta":{"colormag_page_container_layout":"default_layout","colormag_page_sidebar_layout":"default_layout","_jetpack_memberships_contains_paid_content":false,"footnotes":"","jetpack_publicize_message":"","jetpack_publicize_feature_enabled":true,"jetpack_social_post_already_shared":false,"jetpack_social_options":{"image_generator_settings":{"template":"highway","default_image_id":0,"font":"","enabled":false},"version":2}},"categories":[30],"tags":[2765,2763,2451,2764,2450,2762,871],"class_list":["post-20415","post","type-post","status-publish","format-standard","has-post-thumbnail","hentry","category-estados","tag-asociacion-nacional-de-locutores-de-mexico","tag-delegacion-cuauhtemoc","tag-locutores-de-mexico","tag-microfono","tag-rosalia-buaun","tag-rotonda-de-los-locutores","tag-sandra-cuevas"],"jetpack_publicize_connections":[],"jetpack_featured_media_url":"https:\/\/i0.wp.com\/politicosaldesnudo.com.mx\/wp-content\/uploads\/2023\/05\/P-ROTONDA-LOCUTORES-2.png?fit=1816%2C1016&ssl=1","jetpack-related-posts":[],"jetpack_sharing_enabled":true,"_links":{"self":[{"href":"https:\/\/politicosaldesnudo.com.mx\/index.php\/wp-json\/wp\/v2\/posts\/20415","targetHints":{"allow":["GET"]}}],"collection":[{"href":"https:\/\/politicosaldesnudo.com.mx\/index.php\/wp-json\/wp\/v2\/posts"}],"about":[{"href":"https:\/\/politicosaldesnudo.com.mx\/index.php\/wp-json\/wp\/v2\/types\/post"}],"author":[{"embeddable":true,"href":"https:\/\/politicosaldesnudo.com.mx\/index.php\/wp-json\/wp\/v2\/users\/4"}],"replies":[{"embeddable":true,"href":"https:\/\/politicosaldesnudo.com.mx\/index.php\/wp-json\/wp\/v2\/comments?post=20415"}],"version-history":[{"count":0,"href":"https:\/\/politicosaldesnudo.com.mx\/index.php\/wp-json\/wp\/v2\/posts\/20415\/revisions"}],"wp:featuredmedia":[{"embeddable":true,"href":"https:\/\/politicosaldesnudo.com.mx\/index.php\/wp-json\/wp\/v2\/media\/20417"}],"wp:attachment":[{"href":"https:\/\/politicosaldesnudo.com.mx\/index.php\/wp-json\/wp\/v2\/media?parent=20415"}],"wp:term":[{"taxonomy":"category","embeddable":true,"href":"https:\/\/politicosaldesnudo.com.mx\/index.php\/wp-json\/wp\/v2\/categories?post=20415"},{"taxonomy":"post_tag","embeddable":true,"href":"https:\/\/politicosaldesnudo.com.mx\/index.php\/wp-json\/wp\/v2\/tags?post=20415"}],"curies":[{"name":"wp","href":"https:\/\/api.w.org\/{rel}","templated":true}]}}