{"id":20430,"date":"2023-05-31T14:59:18","date_gmt":"2023-05-31T19:59:18","guid":{"rendered":"https:\/\/politicosaldesnudo.com.mx\/?p=20430"},"modified":"2023-05-31T15:00:41","modified_gmt":"2023-05-31T20:00:41","slug":"contrarreloj-congreso-de-eu-evalua-planes-presupuestarios-para-evitar-default","status":"publish","type":"post","link":"https:\/\/politicosaldesnudo.com.mx\/index.php\/2023\/05\/31\/contrarreloj-congreso-de-eu-evalua-planes-presupuestarios-para-evitar-default\/","title":{"rendered":"Contrarreloj, Congreso de EU eval\u00faa planes presupuestarios para evitar default"},"content":{"rendered":"<p>&nbsp;<\/p>\n<p class=\"p2\"><span style=\"font-size: 14pt;\"><em><strong>WASHINGTON, EU.<\/strong> <\/em><strong>El Congreso de Estados Unidos se apresura a examinar un acuerdo alcanzado por el presidente Joe Biden<\/strong> y el republicano Kevin McCarthy, en una carrera contrarreloj para evitar un catastr\u00f3fico default que podr\u00eda sacudir las finanzas mundiales.<\/span><\/p>\n<p class=\"p2\"><span style=\"font-size: 14pt;\">Tras un fin de semana largo por el feriado del Memorial Day, la C\u00e1mara de Representantes, controlada por los republicanos, comienza a evaluar un proyecto de ley presupuestaria resultante de un acuerdo para elevar el techo de la deuda de Estados Unidos.<\/span><\/p>\n<p class=\"p2\"><span style=\"font-size: 14pt;\">Se tiene prevista una primera reuni\u00f3n crucial del Comit\u00e9 de Reglas de la C\u00e1mara. El encuentro ser\u00e1 un term\u00f3metro del equilibrio de fuerzas, puesto que el ala m\u00e1s izquierdista de los dem\u00f3cratas y los republicanos m\u00e1s a la derecha se oponen al acuerdo bipartidista alcanzado el fin de semana.<\/span><\/p>\n<p class=\"p2\"><span style=\"font-size: 18pt;\"><strong>Biden y McCarthy, el l\u00edder de los republicanos en la C\u00e1mara de Representantes, negociaron durante semanas y lo que est\u00e1 en juego sigue siendo la posibilidad de un in\u00e9dito impago de la deuda estadounidense, considerada la m\u00e1s segura del mundo.<\/strong><\/span><\/p>\n<p>&nbsp;<\/p>\n<p><img data-recalc-dims=\"1\" loading=\"lazy\" decoding=\"async\" class=\"aligncenter wp-image-20432 size-large\" src=\"https:\/\/i0.wp.com\/politicosaldesnudo.com.mx\/wp-content\/uploads\/2023\/05\/P-EU-DEFAULT-2-1024x573.png?resize=800%2C448&#038;ssl=1\" alt=\"\" width=\"800\" height=\"448\" srcset=\"https:\/\/i0.wp.com\/politicosaldesnudo.com.mx\/wp-content\/uploads\/2023\/05\/P-EU-DEFAULT-2.png?resize=1024%2C573&amp;ssl=1 1024w, https:\/\/i0.wp.com\/politicosaldesnudo.com.mx\/wp-content\/uploads\/2023\/05\/P-EU-DEFAULT-2.png?resize=300%2C168&amp;ssl=1 300w, https:\/\/i0.wp.com\/politicosaldesnudo.com.mx\/wp-content\/uploads\/2023\/05\/P-EU-DEFAULT-2.png?resize=768%2C430&amp;ssl=1 768w, https:\/\/i0.wp.com\/politicosaldesnudo.com.mx\/wp-content\/uploads\/2023\/05\/P-EU-DEFAULT-2.png?resize=1536%2C859&amp;ssl=1 1536w, https:\/\/i0.wp.com\/politicosaldesnudo.com.mx\/wp-content\/uploads\/2023\/05\/P-EU-DEFAULT-2.png?w=1816&amp;ssl=1 1816w, https:\/\/i0.wp.com\/politicosaldesnudo.com.mx\/wp-content\/uploads\/2023\/05\/P-EU-DEFAULT-2.png?w=1600&amp;ssl=1 1600w\" sizes=\"auto, (max-width: 800px) 100vw, 800px\" \/><\/p>\n<p>&nbsp;<\/p>\n<p class=\"p2\"><span style=\"font-size: 18pt;\"><strong>Ambos dirigentes se dijeron confiados de que el texto sea aprobado el mi\u00e9rcoles en la c\u00e1mara baja, para que luego vaya al Senado, controlado por los dem\u00f3cratas.<\/strong><\/span><\/p>\n<p class=\"p2\"><span style=\"font-size: 14pt;\">Pero los disconformes podr\u00edan demorar el proceso.<\/span><\/p>\n<p class=\"p2\"><span style=\"font-size: 14pt;\">Candidato a la reelecci\u00f3n en 2024, Biden se juega sus credenciales pol\u00edticas con el acuerdo alcanzado tras arduas tratativas. El lunes, el dem\u00f3crata se embarc\u00f3 en amplias consultas para vender el acuerdo a sus filas, seg\u00fan un funcionario de la Casa Blanca.<\/span><\/p>\n<p class=\"p2\"><span style=\"font-size: 18pt;\"><strong>El presidente, optimista, dijo a periodistas sentirse \u201cmuy bien\u201d ante las posibilidades del proyecto de ley. \u201cNunca digo que estoy confiado en lo que el Congreso va a hacer. Pero me siento muy bien al respecto\u201d.<\/strong><\/span><\/p>\n<p class=\"p2\"><span style=\"font-size: 14pt;\">El domingo, inst\u00f3 a \u201cambas c\u00e1maras a aprobar ese acuerdo\u201d. \u201cQuita de la mesa la amenaza de un default catastr\u00f3fico\u201d, agreg\u00f3.<\/span><\/p>\n<p class=\"p2\"><span style=\"font-size: 14pt;\">El acuerdo \u201cevita lo que podr\u00eda haber sido un default catastr\u00f3fico y podr\u00eda haber llevado a una recesi\u00f3n econ\u00f3mica, cuentas de jubilaci\u00f3n devastadas y millones de puestos de trabajo perdidos\u201d, sostuvo Biden en un comunicado el s\u00e1bado.<\/span><\/p>\n<p>&nbsp;<\/p>\n<p>&nbsp;<\/p>\n<p>&nbsp;<\/p>\n","protected":false},"excerpt":{"rendered":"<p>&nbsp; WASHINGTON, EU. El Congreso de Estados Unidos se apresura a examinar un acuerdo alcanzado por el presidente Joe Biden<\/p>\n","protected":false},"author":4,"featured_media":20431,"comment_status":"closed","ping_status":"closed","sticky":false,"template":"","format":"standard","meta":{"colormag_page_container_layout":"default_layout","colormag_page_sidebar_layout":"default_layout","_jetpack_memberships_contains_paid_content":false,"footnotes":"","jetpack_publicize_message":"","jetpack_publicize_feature_enabled":true,"jetpack_social_post_already_shared":false,"jetpack_social_options":{"image_generator_settings":{"template":"highway","default_image_id":0,"font":"","enabled":false},"version":2}},"categories":[2050],"tags":[2768,2769,269,181,81,2770,862],"class_list":["post-20430","post","type-post","status-publish","format-standard","has-post-thumbnail","hentry","category-economia","tag-congreso-eu","tag-default","tag-estados-unidos","tag-eu","tag-joe-biden","tag-kevin-mccarthy","tag-republicanos"],"jetpack_publicize_connections":[],"jetpack_featured_media_url":"https:\/\/i0.wp.com\/politicosaldesnudo.com.mx\/wp-content\/uploads\/2023\/05\/P-DEFAULT-EU.png?fit=1816%2C1016&ssl=1","jetpack-related-posts":[],"jetpack_sharing_enabled":true,"_links":{"self":[{"href":"https:\/\/politicosaldesnudo.com.mx\/index.php\/wp-json\/wp\/v2\/posts\/20430","targetHints":{"allow":["GET"]}}],"collection":[{"href":"https:\/\/politicosaldesnudo.com.mx\/index.php\/wp-json\/wp\/v2\/posts"}],"about":[{"href":"https:\/\/politicosaldesnudo.com.mx\/index.php\/wp-json\/wp\/v2\/types\/post"}],"author":[{"embeddable":true,"href":"https:\/\/politicosaldesnudo.com.mx\/index.php\/wp-json\/wp\/v2\/users\/4"}],"replies":[{"embeddable":true,"href":"https:\/\/politicosaldesnudo.com.mx\/index.php\/wp-json\/wp\/v2\/comments?post=20430"}],"version-history":[{"count":0,"href":"https:\/\/politicosaldesnudo.com.mx\/index.php\/wp-json\/wp\/v2\/posts\/20430\/revisions"}],"wp:featuredmedia":[{"embeddable":true,"href":"https:\/\/politicosaldesnudo.com.mx\/index.php\/wp-json\/wp\/v2\/media\/20431"}],"wp:attachment":[{"href":"https:\/\/politicosaldesnudo.com.mx\/index.php\/wp-json\/wp\/v2\/media?parent=20430"}],"wp:term":[{"taxonomy":"category","embeddable":true,"href":"https:\/\/politicosaldesnudo.com.mx\/index.php\/wp-json\/wp\/v2\/categories?post=20430"},{"taxonomy":"post_tag","embeddable":true,"href":"https:\/\/politicosaldesnudo.com.mx\/index.php\/wp-json\/wp\/v2\/tags?post=20430"}],"curies":[{"name":"wp","href":"https:\/\/api.w.org\/{rel}","templated":true}]}}