{"id":20461,"date":"2023-05-30T20:00:08","date_gmt":"2023-05-31T01:00:08","guid":{"rendered":"https:\/\/politicosaldesnudo.com.mx\/?p=20461"},"modified":"2023-05-31T16:18:02","modified_gmt":"2023-05-31T21:18:02","slug":"ayuntamiento-invita-a-tuxpenos-a-la-jornada-de-fomento-al-consumo-del-cafe-veracruzano-2023","status":"publish","type":"post","link":"https:\/\/politicosaldesnudo.com.mx\/index.php\/2023\/05\/30\/ayuntamiento-invita-a-tuxpenos-a-la-jornada-de-fomento-al-consumo-del-cafe-veracruzano-2023\/","title":{"rendered":"Ayuntamiento convida a tuxpe\u00f1os a la \u201cJornada de Fomento al Consumo del Caf\u00e9 Veracruzano 2023\u201d"},"content":{"rendered":"<p>&nbsp;<\/p>\n<p class=\"p1\"><span style=\"font-size: 14pt;\"><em><strong>TUXPAN, VERACRUZ.<\/strong><\/em> El <strong>Ayuntamiento de Tuxpan invita a los ciudadanos <\/strong>para que asista a la <strong>\u201cJornada de Fomento al Consumo del Caf\u00e9 Veracruzano 2023\u201d<\/strong>, que se llevar\u00e1 a cabo este mi\u00e9rcoles 31 de mayo a partir de las 10:30 horas en la Plaza C\u00edvica.<span class=\"Apple-converted-space\">\u00a0<\/span><\/span><\/p>\n<p class=\"p1\"><span style=\"font-size: 14pt;\">Esta jornada la realiza la Secretar\u00eda de Desarrollo Agropecuario, Rural y Pesca (Sedarpa), como apoyo a productores de las diez regiones cafetaleras de Veracruz.<span class=\"Apple-converted-space\">\u00a0<\/span><\/span><\/p>\n<p class=\"p1\"><span style=\"font-size: 18pt;\"><strong>Los cafeticultores dar\u00e1n a conocer las diversas variedades de arom\u00e1tico de la entidad, con el objetivo de incentivar su consumo; adem\u00e1s, podr\u00e1n promover y vender sus productos sin necesidad de intermediarios.<span class=\"Apple-converted-space\">\u00a0<\/span><\/strong><\/span><\/p>\n<p class=\"p1\"><span style=\"font-size: 14pt;\">Se expondr\u00e1n diferentes marcas de caf\u00e9 y se ofrecer\u00e1 una degustaci\u00f3n gratuita, tambi\u00e9n se realizar\u00e1n actividades did\u00e1cticas para dar una percepci\u00f3n m\u00e1s amplia del caf\u00e9 de nuestro estado.<\/span><\/p>\n<p>&nbsp;<\/p>\n<p><img data-recalc-dims=\"1\" loading=\"lazy\" decoding=\"async\" class=\"wp-image-20448 aligncenter\" src=\"https:\/\/i0.wp.com\/politicosaldesnudo.com.mx\/wp-content\/uploads\/2023\/05\/P-CAFE-VERACRUZANO-1-300x300.png?resize=700%2C699&#038;ssl=1\" alt=\"\" width=\"700\" height=\"699\" srcset=\"https:\/\/i0.wp.com\/politicosaldesnudo.com.mx\/wp-content\/uploads\/2023\/05\/P-CAFE-VERACRUZANO-1.png?resize=300%2C300&amp;ssl=1 300w, https:\/\/i0.wp.com\/politicosaldesnudo.com.mx\/wp-content\/uploads\/2023\/05\/P-CAFE-VERACRUZANO-1.png?resize=1024%2C1022&amp;ssl=1 1024w, https:\/\/i0.wp.com\/politicosaldesnudo.com.mx\/wp-content\/uploads\/2023\/05\/P-CAFE-VERACRUZANO-1.png?resize=150%2C150&amp;ssl=1 150w, https:\/\/i0.wp.com\/politicosaldesnudo.com.mx\/wp-content\/uploads\/2023\/05\/P-CAFE-VERACRUZANO-1.png?resize=768%2C767&amp;ssl=1 768w, https:\/\/i0.wp.com\/politicosaldesnudo.com.mx\/wp-content\/uploads\/2023\/05\/P-CAFE-VERACRUZANO-1.png?w=1203&amp;ssl=1 1203w\" sizes=\"auto, (max-width: 700px) 100vw, 700px\" \/><\/p>\n<p>&nbsp;<\/p>\n<p>&nbsp;<\/p>\n<p>&nbsp;<\/p>\n","protected":false},"excerpt":{"rendered":"<p>&nbsp; TUXPAN, VERACRUZ. El Ayuntamiento de Tuxpan invita a los ciudadanos para que asista a la \u201cJornada de Fomento al<\/p>\n","protected":false},"author":4,"featured_media":20462,"comment_status":"closed","ping_status":"closed","sticky":false,"template":"","format":"standard","meta":{"colormag_page_container_layout":"default_layout","colormag_page_sidebar_layout":"default_layout","_jetpack_memberships_contains_paid_content":false,"footnotes":"","jetpack_publicize_message":"","jetpack_publicize_feature_enabled":true,"jetpack_social_post_already_shared":false,"jetpack_social_options":{"image_generator_settings":{"template":"highway","default_image_id":0,"font":"","enabled":false},"version":2}},"categories":[1082],"tags":[2778,70,100],"class_list":["post-20461","post","type-post","status-publish","format-standard","has-post-thumbnail","hentry","category-tuxpan","tag-cafe","tag-tuxpan","tag-veracruz"],"jetpack_publicize_connections":[],"jetpack_featured_media_url":"https:\/\/i0.wp.com\/politicosaldesnudo.com.mx\/wp-content\/uploads\/2023\/05\/P-CAFE-TUXPAN-4.png?fit=1816%2C1016&ssl=1","jetpack-related-posts":[],"jetpack_sharing_enabled":true,"_links":{"self":[{"href":"https:\/\/politicosaldesnudo.com.mx\/index.php\/wp-json\/wp\/v2\/posts\/20461","targetHints":{"allow":["GET"]}}],"collection":[{"href":"https:\/\/politicosaldesnudo.com.mx\/index.php\/wp-json\/wp\/v2\/posts"}],"about":[{"href":"https:\/\/politicosaldesnudo.com.mx\/index.php\/wp-json\/wp\/v2\/types\/post"}],"author":[{"embeddable":true,"href":"https:\/\/politicosaldesnudo.com.mx\/index.php\/wp-json\/wp\/v2\/users\/4"}],"replies":[{"embeddable":true,"href":"https:\/\/politicosaldesnudo.com.mx\/index.php\/wp-json\/wp\/v2\/comments?post=20461"}],"version-history":[{"count":0,"href":"https:\/\/politicosaldesnudo.com.mx\/index.php\/wp-json\/wp\/v2\/posts\/20461\/revisions"}],"wp:featuredmedia":[{"embeddable":true,"href":"https:\/\/politicosaldesnudo.com.mx\/index.php\/wp-json\/wp\/v2\/media\/20462"}],"wp:attachment":[{"href":"https:\/\/politicosaldesnudo.com.mx\/index.php\/wp-json\/wp\/v2\/media?parent=20461"}],"wp:term":[{"taxonomy":"category","embeddable":true,"href":"https:\/\/politicosaldesnudo.com.mx\/index.php\/wp-json\/wp\/v2\/categories?post=20461"},{"taxonomy":"post_tag","embeddable":true,"href":"https:\/\/politicosaldesnudo.com.mx\/index.php\/wp-json\/wp\/v2\/tags?post=20461"}],"curies":[{"name":"wp","href":"https:\/\/api.w.org\/{rel}","templated":true}]}}