{"id":20536,"date":"2023-06-01T21:33:46","date_gmt":"2023-06-02T02:33:46","guid":{"rendered":"https:\/\/politicosaldesnudo.com.mx\/?p=20536"},"modified":"2023-06-01T21:42:17","modified_gmt":"2023-06-02T02:42:17","slug":"inauguran-en-mty-sede-de-multinacional-tata-consultancy-services-generara-2500-empleos","status":"publish","type":"post","link":"https:\/\/politicosaldesnudo.com.mx\/index.php\/2023\/06\/01\/inauguran-en-mty-sede-de-multinacional-tata-consultancy-services-generara-2500-empleos\/","title":{"rendered":"Inauguran en MTY sede de multinacional Tata Consultancy Services, generar\u00e1 2,500 empleos"},"content":{"rendered":"<p>&nbsp;<\/p>\n<p class=\"p1\"><span style=\"font-size: 14pt;\"><em><strong>MONTERREY, NL.<\/strong><\/em> En compa\u00f1\u00eda del gobernador de Nuevo Le\u00f3n, Samuel Garc\u00eda, el alcalde, Luis Donaldo Colosio, y el CEO de la empresa en Am\u00e9rica Latina, Marcelo Wurman, el secretario de Relaciones Exteriores (SRE), Marcelo Ebrard, <strong>inauguraron las nuevas instalaciones de Tata Consultancy Services (TCS) en Monterrey.<\/strong><\/span><\/p>\n<p class=\"p1\"><span style=\"font-size: 18pt;\"><strong>Con la inversi\u00f3n dada a conocer, TSC, una empresa enfocada en TI y parte del corporativo m\u00e1s grande de la India, generar\u00e1 2,500 nuevos empleos tanto en Nuevo Le\u00f3n como en el resto de M\u00e9xico.<\/strong><\/span><\/p>\n<p class=\"p1\"><span style=\"font-size: 18pt;\"><strong>El canciller Ebrard dijo que la llegada de TSC y otras empresas indias a M\u00e9xico es fruto de una visi\u00f3n com\u00fan de dos pa\u00edses que van a ser socios cada vez mayores, con mejores sueldos, m\u00e1s empleos y m\u00e1s posibilidades de crecimiento agregado.<\/strong><\/span><\/p>\n<p class=\"p1\"><span style=\"font-size: 14pt;\">Durante su intervenci\u00f3n, el secretario de Relaciones Exteriores resalt\u00f3 las condiciones favorables que ofrece M\u00e9xico para la inversi\u00f3n extranjera, entre las que destacan su plataforma de exportaciones a Estados Unidos y otros pa\u00edses, su fortaleza financiera, el viento a favor por la relocalizaci\u00f3n de empresas, as\u00ed como su bono demogr\u00e1fico.<\/span><\/p>\n<p>&nbsp;<\/p>\n<blockquote>\n<p class=\"p1\"><span style=\"font-size: 14pt;\">Tenemos todo en la perspectiva \u2014me dec\u00eda el CEO de TCS\u2014 para que M\u00e9xico tenga un crecimiento de m\u00e1s del doble de lo que tiene ahora, o sea, el crecimiento es entre cuatro y cinco en promedio, o sea, pasar una d\u00e9cada de crecimiento a esa tasa\u201d, expuso Ebrard.<\/span><\/p>\n<\/blockquote>\n<p>&nbsp;<\/p>\n<p class=\"p1\"><span style=\"font-size: 18pt;\"><strong>Record\u00f3 Marcelo Ebrard que \u201cpronto en M\u00e9xico, en diciembre tenemos ya \u2014merced de un acuerdo con la India tambi\u00e9n, no con TCS pero s\u00ed con otra instituci\u00f3n\u2014, vamos a desarrollar inmunoterapia en M\u00e9xico\u201d.<\/strong><\/span><\/p>\n<p class=\"p1\"><span style=\"font-size: 14pt;\">En su intervenci\u00f3n, el gobernador Samuel Garc\u00eda Sep\u00falveda agradeci\u00f3 el apoyo del canciller Ebrard y se\u00f1al\u00f3 que \u201cha sido fundamental la Secretar\u00eda de Relaciones Exteriores para consolidar r\u00e9cords hist\u00f3ricos (de inversi\u00f3n) en Nuevo Le\u00f3n\u201d.<\/span><\/p>\n<p>&nbsp;<\/p>\n<p>&nbsp;<\/p>\n<p>&nbsp;<\/p>\n","protected":false},"excerpt":{"rendered":"<p>&nbsp; MONTERREY, NL. En compa\u00f1\u00eda del gobernador de Nuevo Le\u00f3n, Samuel Garc\u00eda, el alcalde, Luis Donaldo Colosio, y el CEO [&hellip;]<\/p>\n","protected":false},"author":4,"featured_media":20537,"comment_status":"closed","ping_status":"closed","sticky":false,"template":"","format":"standard","meta":{"site-sidebar-layout":"default","site-content-layout":"","ast-site-content-layout":"default","site-content-style":"default","site-sidebar-style":"default","ast-global-header-display":"","ast-banner-title-visibility":"","ast-main-header-display":"","ast-hfb-above-header-display":"","ast-hfb-below-header-display":"","ast-hfb-mobile-header-display":"","site-post-title":"","ast-breadcrumbs-content":"","ast-featured-img":"","footer-sml-layout":"","ast-disable-related-posts":"","theme-transparent-header-meta":"","adv-header-id-meta":"","stick-header-meta":"","header-above-stick-meta":"","header-main-stick-meta":"","header-below-stick-meta":"","astra-migrate-meta-layouts":"default","ast-page-background-enabled":"default","ast-page-background-meta":{"desktop":{"background-color":"var(--ast-global-color-5)","background-image":"","background-repeat":"repeat","background-position":"center center","background-size":"auto","background-attachment":"scroll","background-type":"","background-media":"","overlay-type":"","overlay-color":"","overlay-opacity":"","overlay-gradient":""},"tablet":{"background-color":"","background-image":"","background-repeat":"repeat","background-position":"center center","background-size":"auto","background-attachment":"scroll","background-type":"","background-media":"","overlay-type":"","overlay-color":"","overlay-opacity":"","overlay-gradient":""},"mobile":{"background-color":"","background-image":"","background-repeat":"repeat","background-position":"center center","background-size":"auto","background-attachment":"scroll","background-type":"","background-media":"","overlay-type":"","overlay-color":"","overlay-opacity":"","overlay-gradient":""}},"ast-content-background-meta":{"desktop":{"background-color":"var(--ast-global-color-4)","background-image":"","background-repeat":"repeat","background-position":"center center","background-size":"auto","background-attachment":"scroll","background-type":"","background-media":"","overlay-type":"","overlay-color":"","overlay-opacity":"","overlay-gradient":""},"tablet":{"background-color":"var(--ast-global-color-4)","background-image":"","background-repeat":"repeat","background-position":"center center","background-size":"auto","background-attachment":"scroll","background-type":"","background-media":"","overlay-type":"","overlay-color":"","overlay-opacity":"","overlay-gradient":""},"mobile":{"background-color":"var(--ast-global-color-4)","background-image":"","background-repeat":"repeat","background-position":"center center","background-size":"auto","background-attachment":"scroll","background-type":"","background-media":"","overlay-type":"","overlay-color":"","overlay-opacity":"","overlay-gradient":""}},"_jetpack_newsletter_access":"","_jetpack_dont_email_post_to_subs":false,"_jetpack_newsletter_tier_id":0,"_jetpack_memberships_contains_paywalled_content":false,"_jetpack_feature_clip_id":0,"_jetpack_memberships_contains_paid_content":false,"footnotes":"","jetpack_publicize_message":"","jetpack_publicize_feature_enabled":true,"jetpack_social_post_already_shared":false,"jetpack_social_options":{"image_generator_settings":{"template":"highway","default_image_id":0,"font":"","enabled":false},"version":2},"jetpack_post_was_ever_published":false},"categories":[2050],"tags":[46,42,1126,2793,2794],"class_list":["post-20536","post","type-post","status-publish","format-standard","has-post-thumbnail","hentry","category-economia","tag-marcelo-ebrard","tag-mexico","tag-monterrey","tag-tata-consultancy-services","tag-tcs"],"yoast_head":"<!-- This site is optimized with the Yoast SEO plugin v28.3 - https:\/\/yoast.com\/product\/yoast-seo-wordpress\/ -->\n<title>Inauguran en MTY sede de multinacional Tata Consultancy Services, generar\u00e1 2,500 empleos - Pol\u00edticos al Desnudo<\/title>\n<meta name=\"robots\" content=\"index, follow, max-snippet:-1, max-image-preview:large, max-video-preview:-1\" \/>\n<link rel=\"canonical\" href=\"https:\/\/politicosaldesnudo.com.mx\/index.php\/2023\/06\/01\/inauguran-en-mty-sede-de-multinacional-tata-consultancy-services-generara-2500-empleos\/\" \/>\n<meta property=\"og:locale\" content=\"es_ES\" \/>\n<meta property=\"og:type\" content=\"article\" \/>\n<meta property=\"og:title\" content=\"Inauguran en MTY sede de multinacional Tata Consultancy Services, generar\u00e1 2,500 empleos - Pol\u00edticos al Desnudo\" \/>\n<meta property=\"og:description\" content=\"&nbsp; MONTERREY, NL. En compa\u00f1\u00eda del gobernador de Nuevo Le\u00f3n, Samuel Garc\u00eda, el alcalde, Luis Donaldo Colosio, y el CEO [&hellip;]\" \/>\n<meta property=\"og:url\" content=\"https:\/\/politicosaldesnudo.com.mx\/index.php\/2023\/06\/01\/inauguran-en-mty-sede-de-multinacional-tata-consultancy-services-generara-2500-empleos\/\" \/>\n<meta property=\"og:site_name\" content=\"Pol\u00edticos al Desnudo\" \/>\n<meta property=\"article:publisher\" content=\"https:\/\/www.facebook.com\/PoliticosAD\" \/>\n<meta property=\"article:published_time\" content=\"2023-06-02T02:33:46+00:00\" \/>\n<meta property=\"article:modified_time\" content=\"2023-06-02T02:42:17+00:00\" \/>\n<meta property=\"og:image\" content=\"https:\/\/i0.wp.com\/politicosaldesnudo.com.mx\/wp-content\/uploads\/2023\/06\/P-TCS-MONTERREY.png?fit=1816%2C1016&ssl=1\" \/>\n\t<meta property=\"og:image:width\" content=\"1816\" \/>\n\t<meta property=\"og:image:height\" content=\"1016\" \/>\n\t<meta property=\"og:image:type\" content=\"image\/png\" \/>\n<meta name=\"author\" content=\"Redacci\u00f3n Pol\u00edticos\" \/>\n<meta name=\"twitter:card\" content=\"summary_large_image\" \/>\n<meta name=\"twitter:label1\" content=\"Escrito por\" \/>\n\t<meta name=\"twitter:data1\" content=\"Redacci\u00f3n Pol\u00edticos\" \/>\n\t<meta name=\"twitter:label2\" content=\"Tiempo de lectura\" \/>\n\t<meta name=\"twitter:data2\" content=\"2 minutos\" \/>\n<script type=\"application\/ld+json\" class=\"yoast-schema-graph\">{\"@context\":\"https:\\\/\\\/schema.org\",\"@graph\":[{\"@type\":\"Article\",\"@id\":\"https:\\\/\\\/politicosaldesnudo.com.mx\\\/index.php\\\/2023\\\/06\\\/01\\\/inauguran-en-mty-sede-de-multinacional-tata-consultancy-services-generara-2500-empleos\\\/#article\",\"isPartOf\":{\"@id\":\"https:\\\/\\\/politicosaldesnudo.com.mx\\\/index.php\\\/2023\\\/06\\\/01\\\/inauguran-en-mty-sede-de-multinacional-tata-consultancy-services-generara-2500-empleos\\\/\"},\"author\":{\"name\":\"Redacci\u00f3n Pol\u00edticos\",\"@id\":\"https:\\\/\\\/politicosaldesnudo.com.mx\\\/#\\\/schema\\\/person\\\/ef3a64e561cc3f3f5dc52fab81adde7e\"},\"headline\":\"Inauguran en MTY sede de multinacional Tata Consultancy Services, generar\u00e1 2,500 empleos\",\"datePublished\":\"2023-06-02T02:33:46+00:00\",\"dateModified\":\"2023-06-02T02:42:17+00:00\",\"mainEntityOfPage\":{\"@id\":\"https:\\\/\\\/politicosaldesnudo.com.mx\\\/index.php\\\/2023\\\/06\\\/01\\\/inauguran-en-mty-sede-de-multinacional-tata-consultancy-services-generara-2500-empleos\\\/\"},\"wordCount\":343,\"publisher\":{\"@id\":\"https:\\\/\\\/politicosaldesnudo.com.mx\\\/#organization\"},\"image\":{\"@id\":\"https:\\\/\\\/politicosaldesnudo.com.mx\\\/index.php\\\/2023\\\/06\\\/01\\\/inauguran-en-mty-sede-de-multinacional-tata-consultancy-services-generara-2500-empleos\\\/#primaryimage\"},\"thumbnailUrl\":\"https:\\\/\\\/i0.wp.com\\\/politicosaldesnudo.com.mx\\\/wp-content\\\/uploads\\\/2023\\\/06\\\/P-TCS-MONTERREY.png?fit=1816%2C1016&ssl=1\",\"keywords\":[\"MARCELO EBRARD\",\"M\u00c9XICO\",\"MONTERREY\",\"TATA CONSULTANCY SERVICES\",\"TCS\"],\"articleSection\":[\"ECONOM\u00cdA\"],\"inLanguage\":\"es\"},{\"@type\":\"WebPage\",\"@id\":\"https:\\\/\\\/politicosaldesnudo.com.mx\\\/index.php\\\/2023\\\/06\\\/01\\\/inauguran-en-mty-sede-de-multinacional-tata-consultancy-services-generara-2500-empleos\\\/\",\"url\":\"https:\\\/\\\/politicosaldesnudo.com.mx\\\/index.php\\\/2023\\\/06\\\/01\\\/inauguran-en-mty-sede-de-multinacional-tata-consultancy-services-generara-2500-empleos\\\/\",\"name\":\"Inauguran en MTY sede de multinacional Tata Consultancy Services, generar\u00e1 2,500 empleos - Pol\u00edticos al Desnudo\",\"isPartOf\":{\"@id\":\"https:\\\/\\\/politicosaldesnudo.com.mx\\\/#website\"},\"primaryImageOfPage\":{\"@id\":\"https:\\\/\\\/politicosaldesnudo.com.mx\\\/index.php\\\/2023\\\/06\\\/01\\\/inauguran-en-mty-sede-de-multinacional-tata-consultancy-services-generara-2500-empleos\\\/#primaryimage\"},\"image\":{\"@id\":\"https:\\\/\\\/politicosaldesnudo.com.mx\\\/index.php\\\/2023\\\/06\\\/01\\\/inauguran-en-mty-sede-de-multinacional-tata-consultancy-services-generara-2500-empleos\\\/#primaryimage\"},\"thumbnailUrl\":\"https:\\\/\\\/i0.wp.com\\\/politicosaldesnudo.com.mx\\\/wp-content\\\/uploads\\\/2023\\\/06\\\/P-TCS-MONTERREY.png?fit=1816%2C1016&ssl=1\",\"datePublished\":\"2023-06-02T02:33:46+00:00\",\"dateModified\":\"2023-06-02T02:42:17+00:00\",\"breadcrumb\":{\"@id\":\"https:\\\/\\\/politicosaldesnudo.com.mx\\\/index.php\\\/2023\\\/06\\\/01\\\/inauguran-en-mty-sede-de-multinacional-tata-consultancy-services-generara-2500-empleos\\\/#breadcrumb\"},\"inLanguage\":\"es\",\"potentialAction\":[{\"@type\":\"ReadAction\",\"target\":[\"https:\\\/\\\/politicosaldesnudo.com.mx\\\/index.php\\\/2023\\\/06\\\/01\\\/inauguran-en-mty-sede-de-multinacional-tata-consultancy-services-generara-2500-empleos\\\/\"]}]},{\"@type\":\"ImageObject\",\"inLanguage\":\"es\",\"@id\":\"https:\\\/\\\/politicosaldesnudo.com.mx\\\/index.php\\\/2023\\\/06\\\/01\\\/inauguran-en-mty-sede-de-multinacional-tata-consultancy-services-generara-2500-empleos\\\/#primaryimage\",\"url\":\"https:\\\/\\\/i0.wp.com\\\/politicosaldesnudo.com.mx\\\/wp-content\\\/uploads\\\/2023\\\/06\\\/P-TCS-MONTERREY.png?fit=1816%2C1016&ssl=1\",\"contentUrl\":\"https:\\\/\\\/i0.wp.com\\\/politicosaldesnudo.com.mx\\\/wp-content\\\/uploads\\\/2023\\\/06\\\/P-TCS-MONTERREY.png?fit=1816%2C1016&ssl=1\",\"width\":1816,\"height\":1016},{\"@type\":\"BreadcrumbList\",\"@id\":\"https:\\\/\\\/politicosaldesnudo.com.mx\\\/index.php\\\/2023\\\/06\\\/01\\\/inauguran-en-mty-sede-de-multinacional-tata-consultancy-services-generara-2500-empleos\\\/#breadcrumb\",\"itemListElement\":[{\"@type\":\"ListItem\",\"position\":1,\"name\":\"Portada\",\"item\":\"https:\\\/\\\/politicosaldesnudo.com.mx\\\/\"},{\"@type\":\"ListItem\",\"position\":2,\"name\":\"Inauguran en MTY sede de multinacional Tata Consultancy Services, generar\u00e1 2,500 empleos\"}]},{\"@type\":\"WebSite\",\"@id\":\"https:\\\/\\\/politicosaldesnudo.com.mx\\\/#website\",\"url\":\"https:\\\/\\\/politicosaldesnudo.com.mx\\\/\",\"name\":\"Pol\u00edticos al Desnudo\",\"description\":\"\",\"publisher\":{\"@id\":\"https:\\\/\\\/politicosaldesnudo.com.mx\\\/#organization\"},\"potentialAction\":[{\"@type\":\"SearchAction\",\"target\":{\"@type\":\"EntryPoint\",\"urlTemplate\":\"https:\\\/\\\/politicosaldesnudo.com.mx\\\/?s={search_term_string}\"},\"query-input\":{\"@type\":\"PropertyValueSpecification\",\"valueRequired\":true,\"valueName\":\"search_term_string\"}}],\"inLanguage\":\"es\"},{\"@type\":\"Organization\",\"@id\":\"https:\\\/\\\/politicosaldesnudo.com.mx\\\/#organization\",\"name\":\"Pol\u00edticos al Desnudo\",\"url\":\"https:\\\/\\\/politicosaldesnudo.com.mx\\\/\",\"logo\":{\"@type\":\"ImageObject\",\"inLanguage\":\"es\",\"@id\":\"https:\\\/\\\/politicosaldesnudo.com.mx\\\/#\\\/schema\\\/logo\\\/image\\\/\",\"url\":\"https:\\\/\\\/i0.wp.com\\\/politicosaldesnudo.com.mx\\\/wp-content\\\/uploads\\\/2026\\\/08\\\/cropped-logo.webp?fit=400%2C126&ssl=1\",\"contentUrl\":\"https:\\\/\\\/i0.wp.com\\\/politicosaldesnudo.com.mx\\\/wp-content\\\/uploads\\\/2026\\\/08\\\/cropped-logo.webp?fit=400%2C126&ssl=1\",\"width\":400,\"height\":126,\"caption\":\"Pol\u00edticos al Desnudo\"},\"image\":{\"@id\":\"https:\\\/\\\/politicosaldesnudo.com.mx\\\/#\\\/schema\\\/logo\\\/image\\\/\"},\"sameAs\":[\"https:\\\/\\\/www.facebook.com\\\/PoliticosAD\"]},{\"@type\":\"Person\",\"@id\":\"https:\\\/\\\/politicosaldesnudo.com.mx\\\/#\\\/schema\\\/person\\\/ef3a64e561cc3f3f5dc52fab81adde7e\",\"name\":\"Redacci\u00f3n Pol\u00edticos\",\"url\":\"https:\\\/\\\/politicosaldesnudo.com.mx\\\/index.php\\\/author\\\/redaccion-politicos\\\/\"}]}<\/script>\n<!-- \/ Yoast SEO plugin. -->","yoast_head_json":{"title":"Inauguran en MTY sede de multinacional Tata Consultancy Services, generar\u00e1 2,500 empleos - Pol\u00edticos al Desnudo","robots":{"index":"index","follow":"follow","max-snippet":"max-snippet:-1","max-image-preview":"max-image-preview:large","max-video-preview":"max-video-preview:-1"},"canonical":"https:\/\/politicosaldesnudo.com.mx\/index.php\/2023\/06\/01\/inauguran-en-mty-sede-de-multinacional-tata-consultancy-services-generara-2500-empleos\/","og_locale":"es_ES","og_type":"article","og_title":"Inauguran en MTY sede de multinacional Tata Consultancy Services, generar\u00e1 2,500 empleos - Pol\u00edticos al Desnudo","og_description":"&nbsp; MONTERREY, NL. En compa\u00f1\u00eda del gobernador de Nuevo Le\u00f3n, Samuel Garc\u00eda, el alcalde, Luis Donaldo Colosio, y el CEO [&hellip;]","og_url":"https:\/\/politicosaldesnudo.com.mx\/index.php\/2023\/06\/01\/inauguran-en-mty-sede-de-multinacional-tata-consultancy-services-generara-2500-empleos\/","og_site_name":"Pol\u00edticos al Desnudo","article_publisher":"https:\/\/www.facebook.com\/PoliticosAD","article_published_time":"2023-06-02T02:33:46+00:00","article_modified_time":"2023-06-02T02:42:17+00:00","og_image":[{"width":1816,"height":1016,"url":"https:\/\/i0.wp.com\/politicosaldesnudo.com.mx\/wp-content\/uploads\/2023\/06\/P-TCS-MONTERREY.png?fit=1816%2C1016&ssl=1","type":"image\/png"}],"author":"Redacci\u00f3n Pol\u00edticos","twitter_card":"summary_large_image","twitter_misc":{"Escrito por":"Redacci\u00f3n Pol\u00edticos","Tiempo de lectura":"2 minutos"},"schema":{"@context":"https:\/\/schema.org","@graph":[{"@type":"Article","@id":"https:\/\/politicosaldesnudo.com.mx\/index.php\/2023\/06\/01\/inauguran-en-mty-sede-de-multinacional-tata-consultancy-services-generara-2500-empleos\/#article","isPartOf":{"@id":"https:\/\/politicosaldesnudo.com.mx\/index.php\/2023\/06\/01\/inauguran-en-mty-sede-de-multinacional-tata-consultancy-services-generara-2500-empleos\/"},"author":{"name":"Redacci\u00f3n Pol\u00edticos","@id":"https:\/\/politicosaldesnudo.com.mx\/#\/schema\/person\/ef3a64e561cc3f3f5dc52fab81adde7e"},"headline":"Inauguran en MTY sede de multinacional Tata Consultancy Services, generar\u00e1 2,500 empleos","datePublished":"2023-06-02T02:33:46+00:00","dateModified":"2023-06-02T02:42:17+00:00","mainEntityOfPage":{"@id":"https:\/\/politicosaldesnudo.com.mx\/index.php\/2023\/06\/01\/inauguran-en-mty-sede-de-multinacional-tata-consultancy-services-generara-2500-empleos\/"},"wordCount":343,"publisher":{"@id":"https:\/\/politicosaldesnudo.com.mx\/#organization"},"image":{"@id":"https:\/\/politicosaldesnudo.com.mx\/index.php\/2023\/06\/01\/inauguran-en-mty-sede-de-multinacional-tata-consultancy-services-generara-2500-empleos\/#primaryimage"},"thumbnailUrl":"https:\/\/i0.wp.com\/politicosaldesnudo.com.mx\/wp-content\/uploads\/2023\/06\/P-TCS-MONTERREY.png?fit=1816%2C1016&ssl=1","keywords":["MARCELO EBRARD","M\u00c9XICO","MONTERREY","TATA CONSULTANCY SERVICES","TCS"],"articleSection":["ECONOM\u00cdA"],"inLanguage":"es"},{"@type":"WebPage","@id":"https:\/\/politicosaldesnudo.com.mx\/index.php\/2023\/06\/01\/inauguran-en-mty-sede-de-multinacional-tata-consultancy-services-generara-2500-empleos\/","url":"https:\/\/politicosaldesnudo.com.mx\/index.php\/2023\/06\/01\/inauguran-en-mty-sede-de-multinacional-tata-consultancy-services-generara-2500-empleos\/","name":"Inauguran en MTY sede de multinacional Tata Consultancy Services, generar\u00e1 2,500 empleos - Pol\u00edticos al Desnudo","isPartOf":{"@id":"https:\/\/politicosaldesnudo.com.mx\/#website"},"primaryImageOfPage":{"@id":"https:\/\/politicosaldesnudo.com.mx\/index.php\/2023\/06\/01\/inauguran-en-mty-sede-de-multinacional-tata-consultancy-services-generara-2500-empleos\/#primaryimage"},"image":{"@id":"https:\/\/politicosaldesnudo.com.mx\/index.php\/2023\/06\/01\/inauguran-en-mty-sede-de-multinacional-tata-consultancy-services-generara-2500-empleos\/#primaryimage"},"thumbnailUrl":"https:\/\/i0.wp.com\/politicosaldesnudo.com.mx\/wp-content\/uploads\/2023\/06\/P-TCS-MONTERREY.png?fit=1816%2C1016&ssl=1","datePublished":"2023-06-02T02:33:46+00:00","dateModified":"2023-06-02T02:42:17+00:00","breadcrumb":{"@id":"https:\/\/politicosaldesnudo.com.mx\/index.php\/2023\/06\/01\/inauguran-en-mty-sede-de-multinacional-tata-consultancy-services-generara-2500-empleos\/#breadcrumb"},"inLanguage":"es","potentialAction":[{"@type":"ReadAction","target":["https:\/\/politicosaldesnudo.com.mx\/index.php\/2023\/06\/01\/inauguran-en-mty-sede-de-multinacional-tata-consultancy-services-generara-2500-empleos\/"]}]},{"@type":"ImageObject","inLanguage":"es","@id":"https:\/\/politicosaldesnudo.com.mx\/index.php\/2023\/06\/01\/inauguran-en-mty-sede-de-multinacional-tata-consultancy-services-generara-2500-empleos\/#primaryimage","url":"https:\/\/i0.wp.com\/politicosaldesnudo.com.mx\/wp-content\/uploads\/2023\/06\/P-TCS-MONTERREY.png?fit=1816%2C1016&ssl=1","contentUrl":"https:\/\/i0.wp.com\/politicosaldesnudo.com.mx\/wp-content\/uploads\/2023\/06\/P-TCS-MONTERREY.png?fit=1816%2C1016&ssl=1","width":1816,"height":1016},{"@type":"BreadcrumbList","@id":"https:\/\/politicosaldesnudo.com.mx\/index.php\/2023\/06\/01\/inauguran-en-mty-sede-de-multinacional-tata-consultancy-services-generara-2500-empleos\/#breadcrumb","itemListElement":[{"@type":"ListItem","position":1,"name":"Portada","item":"https:\/\/politicosaldesnudo.com.mx\/"},{"@type":"ListItem","position":2,"name":"Inauguran en MTY sede de multinacional Tata Consultancy Services, generar\u00e1 2,500 empleos"}]},{"@type":"WebSite","@id":"https:\/\/politicosaldesnudo.com.mx\/#website","url":"https:\/\/politicosaldesnudo.com.mx\/","name":"Pol\u00edticos al Desnudo","description":"","publisher":{"@id":"https:\/\/politicosaldesnudo.com.mx\/#organization"},"potentialAction":[{"@type":"SearchAction","target":{"@type":"EntryPoint","urlTemplate":"https:\/\/politicosaldesnudo.com.mx\/?s={search_term_string}"},"query-input":{"@type":"PropertyValueSpecification","valueRequired":true,"valueName":"search_term_string"}}],"inLanguage":"es"},{"@type":"Organization","@id":"https:\/\/politicosaldesnudo.com.mx\/#organization","name":"Pol\u00edticos al Desnudo","url":"https:\/\/politicosaldesnudo.com.mx\/","logo":{"@type":"ImageObject","inLanguage":"es","@id":"https:\/\/politicosaldesnudo.com.mx\/#\/schema\/logo\/image\/","url":"https:\/\/i0.wp.com\/politicosaldesnudo.com.mx\/wp-content\/uploads\/2026\/08\/cropped-logo.webp?fit=400%2C126&ssl=1","contentUrl":"https:\/\/i0.wp.com\/politicosaldesnudo.com.mx\/wp-content\/uploads\/2026\/08\/cropped-logo.webp?fit=400%2C126&ssl=1","width":400,"height":126,"caption":"Pol\u00edticos al Desnudo"},"image":{"@id":"https:\/\/politicosaldesnudo.com.mx\/#\/schema\/logo\/image\/"},"sameAs":["https:\/\/www.facebook.com\/PoliticosAD"]},{"@type":"Person","@id":"https:\/\/politicosaldesnudo.com.mx\/#\/schema\/person\/ef3a64e561cc3f3f5dc52fab81adde7e","name":"Redacci\u00f3n Pol\u00edticos","url":"https:\/\/politicosaldesnudo.com.mx\/index.php\/author\/redaccion-politicos\/"}]}},"jetpack_publicize_connections":[],"jetpack-related-posts":[{"id":87953,"url":"https:\/\/politicosaldesnudo.com.mx\/index.php\/2026\/08\/21\/anuncia-trump-que-negocia-nuevas-condiciones-comerciales-con-mexico\/","url_meta":{"origin":20536,"position":0},"title":"Anuncia Trump que negocia nuevas condiciones comerciales con M\u00e9xico","author":"Redacci\u00f3n Pol\u00edticos","date":"21 de agosto de 2026","format":false,"excerpt":"El presidente de Estados Unidos, Donald Trump, afirm\u00f3 que su gobierno comenz\u00f3 a trabajar en un nuevo entendimiento comercial con M\u00e9xico, en medio de las negociaciones abiertas tras la primera revisi\u00f3n conjunta del T-MEC. Durante un mensaje ofrecido este viernes, el mandatario estadounidense asegur\u00f3 que el eventual acuerdo ser\u00e1 m\u00e1s\u2026","rel":"","context":"En \u00abINTERNACIONAL\u00bb","block_context":{"text":"INTERNACIONAL","link":"https:\/\/politicosaldesnudo.com.mx\/index.php\/category\/internacional\/"},"img":{"alt_text":"","src":"https:\/\/i0.wp.com\/politicosaldesnudo.com.mx\/wp-content\/uploads\/2026\/08\/trimp.webp?fit=1200%2C800&ssl=1&resize=350%2C200","width":350,"height":200,"srcset":"https:\/\/i0.wp.com\/politicosaldesnudo.com.mx\/wp-content\/uploads\/2026\/08\/trimp.webp?fit=1200%2C800&ssl=1&resize=350%2C200 1x, https:\/\/i0.wp.com\/politicosaldesnudo.com.mx\/wp-content\/uploads\/2026\/08\/trimp.webp?fit=1200%2C800&ssl=1&resize=525%2C300 1.5x, https:\/\/i0.wp.com\/politicosaldesnudo.com.mx\/wp-content\/uploads\/2026\/08\/trimp.webp?fit=1200%2C800&ssl=1&resize=700%2C400 2x, https:\/\/i0.wp.com\/politicosaldesnudo.com.mx\/wp-content\/uploads\/2026\/08\/trimp.webp?fit=1200%2C800&ssl=1&resize=1050%2C600 3x"},"classes":[]},{"id":87580,"url":"https:\/\/politicosaldesnudo.com.mx\/index.php\/2026\/08\/08\/detienen-a-hector-ivan-n-senalado-por-la-muerte-de-un-adulto-mayor-en-monterrey\/","url_meta":{"origin":20536,"position":1},"title":"Detienen a H\u00e9ctor Iv\u00e1n \u201cN\u201d, se\u00f1alado por la muerte de un adulto mayor en Monterrey","author":"Redacci\u00f3n Pol\u00edticos","date":"8 de agosto de 2026","format":false,"excerpt":"El detenido habr\u00eda empujado a la v\u00edctima cuando ambos se encontraban en la banqueta de la avenida Ruiz Cortines; el adulto mayor cay\u00f3 a la calle y fue arrollado por un tr\u00e1iler. Monterrey, Nuevo Le\u00f3n. \u2014 H\u00e9ctor Iv\u00e1n \u201cN\u201d fue detenido por elementos de la Secretar\u00eda de Seguridad y Protecci\u00f3n\u2026","rel":"","context":"En \u00abESTADOS\u00bb","block_context":{"text":"ESTADOS","link":"https:\/\/politicosaldesnudo.com.mx\/index.php\/category\/estados\/"},"img":{"alt_text":"","src":"https:\/\/i0.wp.com\/politicosaldesnudo.com.mx\/wp-content\/uploads\/2026\/08\/hector-ivan-n-provoco-muerte-adulto-mayor-monterrey.jpg?fit=1200%2C769&ssl=1&resize=350%2C200","width":350,"height":200,"srcset":"https:\/\/i0.wp.com\/politicosaldesnudo.com.mx\/wp-content\/uploads\/2026\/08\/hector-ivan-n-provoco-muerte-adulto-mayor-monterrey.jpg?fit=1200%2C769&ssl=1&resize=350%2C200 1x, https:\/\/i0.wp.com\/politicosaldesnudo.com.mx\/wp-content\/uploads\/2026\/08\/hector-ivan-n-provoco-muerte-adulto-mayor-monterrey.jpg?fit=1200%2C769&ssl=1&resize=525%2C300 1.5x, https:\/\/i0.wp.com\/politicosaldesnudo.com.mx\/wp-content\/uploads\/2026\/08\/hector-ivan-n-provoco-muerte-adulto-mayor-monterrey.jpg?fit=1200%2C769&ssl=1&resize=700%2C400 2x, https:\/\/i0.wp.com\/politicosaldesnudo.com.mx\/wp-content\/uploads\/2026\/08\/hector-ivan-n-provoco-muerte-adulto-mayor-monterrey.jpg?fit=1200%2C769&ssl=1&resize=1050%2C600 3x"},"classes":[]},{"id":88230,"url":"https:\/\/politicosaldesnudo.com.mx\/index.php\/2026\/08\/31\/golpe-al-trafico-de-armas-frenan-en-nuevo-leon-arsenal-de-alto-poder-enviado-desde-texas\/","url_meta":{"origin":20536,"position":2},"title":"Golpe al tr\u00e1fico de armas: frenan en Nuevo Le\u00f3n arsenal de alto poder enviado desde Texas","author":"Redacci\u00f3n Pol\u00edticos","date":"31 de agosto de 2026","format":false,"excerpt":"Un cargamento de 210 armas de fuego que presuntamente ser\u00eda entregado a grupos criminales en M\u00e9xico fue interceptado durante un operativo federal en Nuevo Le\u00f3n. La movilizaci\u00f3n se realiz\u00f3 en la carretera Nuevo Laredo-Monterrey, a la altura del municipio de Sabinas Hidalgo, donde fueron detenidas tres personas vinculadas con el\u2026","rel":"","context":"En \u00abNACIONAL\u00bb","block_context":{"text":"NACIONAL","link":"https:\/\/politicosaldesnudo.com.mx\/index.php\/category\/nacional\/"},"img":{"alt_text":"","src":"https:\/\/i0.wp.com\/politicosaldesnudo.com.mx\/wp-content\/uploads\/2026\/08\/HRDT3FdW8AAByBH.jpg?fit=1200%2C781&ssl=1&resize=350%2C200","width":350,"height":200,"srcset":"https:\/\/i0.wp.com\/politicosaldesnudo.com.mx\/wp-content\/uploads\/2026\/08\/HRDT3FdW8AAByBH.jpg?fit=1200%2C781&ssl=1&resize=350%2C200 1x, https:\/\/i0.wp.com\/politicosaldesnudo.com.mx\/wp-content\/uploads\/2026\/08\/HRDT3FdW8AAByBH.jpg?fit=1200%2C781&ssl=1&resize=525%2C300 1.5x, https:\/\/i0.wp.com\/politicosaldesnudo.com.mx\/wp-content\/uploads\/2026\/08\/HRDT3FdW8AAByBH.jpg?fit=1200%2C781&ssl=1&resize=700%2C400 2x, https:\/\/i0.wp.com\/politicosaldesnudo.com.mx\/wp-content\/uploads\/2026\/08\/HRDT3FdW8AAByBH.jpg?fit=1200%2C781&ssl=1&resize=1050%2C600 3x"},"classes":[]},{"id":88081,"url":"https:\/\/politicosaldesnudo.com.mx\/index.php\/2026\/08\/26\/estados-unidos-aprieta-a-mexico-exige-frenar-el-fentanilo-y-desmantelar-a-los-carteles\/","url_meta":{"origin":20536,"position":3},"title":"Estados Unidos aprieta a M\u00e9xico: exige frenar el fentanilo y desmantelar a los c\u00e1rteles","author":"Redacci\u00f3n Pol\u00edticos","date":"26 de agosto de 2026","format":false,"excerpt":"El combate al narcotr\u00e1fico y la migraci\u00f3n irregular volvieron al centro de la relaci\u00f3n entre M\u00e9xico y Estados Unidos. Durante una reuni\u00f3n celebrada en Washington, el secretario de Estado estadounidense, Marco Rubio, plante\u00f3 al canciller Roberto Velasco la necesidad de acelerar las acciones contra los c\u00e1rteles y el tr\u00e1fico de\u2026","rel":"","context":"En \u00abINTERNACIONAL\u00bb","block_context":{"text":"INTERNACIONAL","link":"https:\/\/politicosaldesnudo.com.mx\/index.php\/category\/internacional\/"},"img":{"alt_text":"","src":"https:\/\/i0.wp.com\/politicosaldesnudo.com.mx\/wp-content\/uploads\/2026\/08\/782144596_1492096299330079_1426179680717466472_n.jpg?fit=1200%2C948&ssl=1&resize=350%2C200","width":350,"height":200,"srcset":"https:\/\/i0.wp.com\/politicosaldesnudo.com.mx\/wp-content\/uploads\/2026\/08\/782144596_1492096299330079_1426179680717466472_n.jpg?fit=1200%2C948&ssl=1&resize=350%2C200 1x, https:\/\/i0.wp.com\/politicosaldesnudo.com.mx\/wp-content\/uploads\/2026\/08\/782144596_1492096299330079_1426179680717466472_n.jpg?fit=1200%2C948&ssl=1&resize=525%2C300 1.5x, https:\/\/i0.wp.com\/politicosaldesnudo.com.mx\/wp-content\/uploads\/2026\/08\/782144596_1492096299330079_1426179680717466472_n.jpg?fit=1200%2C948&ssl=1&resize=700%2C400 2x, https:\/\/i0.wp.com\/politicosaldesnudo.com.mx\/wp-content\/uploads\/2026\/08\/782144596_1492096299330079_1426179680717466472_n.jpg?fit=1200%2C948&ssl=1&resize=1050%2C600 3x"},"classes":[]},{"id":87361,"url":"https:\/\/politicosaldesnudo.com.mx\/index.php\/2026\/07\/31\/se-inaugura-nueva-cancha-de-futbol-5-gracias-a-gestion-realizada-ante-el-gobierno-federal\/","url_meta":{"origin":20536,"position":4},"title":"Se inaugura nueva cancha de f\u00fatbol 5 gracias a gesti\u00f3n realizada ante el Gobierno Federal","author":"Redacci\u00f3n Pol\u00edticos","date":"31 de julio de 2026","format":false,"excerpt":"Como resultado de las gestiones realizadas por el Gobierno Municipal ante el Gobierno de M\u00e9xico, fue inaugurada la nueva cancha de f\u00fatbol 5 ubicada en el campo del Rastro Municipal, una obra impulsada a trav\u00e9s del programa federal \u201cMundial Social\u201d de la Secretar\u00eda de Desarrollo Agrario, Territorial y Urbano (SEDATU).\u2026","rel":"","context":"En \u00abTUXPAN\u00bb","block_context":{"text":"TUXPAN","link":"https:\/\/politicosaldesnudo.com.mx\/index.php\/category\/tuxpan\/"},"img":{"alt_text":"","src":"https:\/\/i0.wp.com\/politicosaldesnudo.com.mx\/wp-content\/uploads\/2026\/07\/WhatsApp-Image-2026-07-29-at-22.31.05-1.jpeg?fit=1200%2C800&ssl=1&resize=350%2C200","width":350,"height":200,"srcset":"https:\/\/i0.wp.com\/politicosaldesnudo.com.mx\/wp-content\/uploads\/2026\/07\/WhatsApp-Image-2026-07-29-at-22.31.05-1.jpeg?fit=1200%2C800&ssl=1&resize=350%2C200 1x, https:\/\/i0.wp.com\/politicosaldesnudo.com.mx\/wp-content\/uploads\/2026\/07\/WhatsApp-Image-2026-07-29-at-22.31.05-1.jpeg?fit=1200%2C800&ssl=1&resize=525%2C300 1.5x, https:\/\/i0.wp.com\/politicosaldesnudo.com.mx\/wp-content\/uploads\/2026\/07\/WhatsApp-Image-2026-07-29-at-22.31.05-1.jpeg?fit=1200%2C800&ssl=1&resize=700%2C400 2x, https:\/\/i0.wp.com\/politicosaldesnudo.com.mx\/wp-content\/uploads\/2026\/07\/WhatsApp-Image-2026-07-29-at-22.31.05-1.jpeg?fit=1200%2C800&ssl=1&resize=1050%2C600 3x"},"classes":[]},{"id":87005,"url":"https:\/\/politicosaldesnudo.com.mx\/index.php\/2026\/07\/20\/vacaciones-de-verano-dejaran-una-derrama-economica-a-mexico-por-883-mil-mdp\/","url_meta":{"origin":20536,"position":5},"title":"Vacaciones de verano dejar\u00e1n una derrama econ\u00f3mica a M\u00e9xico por 883 mil mdp","author":"Redacci\u00f3n Pol\u00edticos","date":"20 de julio de 2026","format":false,"excerpt":"M\u00e9xico recibir\u00e1 a m\u00e1s de 22 millones 400 mil turistas este verano, mismos que impulsar\u00e1n una derrama econ\u00f3mica de 883 mil millones de pesos. Este monto representa un crecimiento de 6.5 por ciento en comparaci\u00f3n con el mismo lapso de 2025, seg\u00fan datos oficiales y del sector privado. La Sectur\u2026","rel":"","context":"En \u00abECONOM\u00cdA\u00bb","block_context":{"text":"ECONOM\u00cdA","link":"https:\/\/politicosaldesnudo.com.mx\/index.php\/category\/economia\/"},"img":{"alt_text":"","src":"https:\/\/i0.wp.com\/politicosaldesnudo.com.mx\/wp-content\/uploads\/2026\/07\/GNDJWVNHRKDHOYFJ3PET7PYJTI.jpg?fit=1181%2C788&ssl=1&resize=350%2C200","width":350,"height":200,"srcset":"https:\/\/i0.wp.com\/politicosaldesnudo.com.mx\/wp-content\/uploads\/2026\/07\/GNDJWVNHRKDHOYFJ3PET7PYJTI.jpg?fit=1181%2C788&ssl=1&resize=350%2C200 1x, https:\/\/i0.wp.com\/politicosaldesnudo.com.mx\/wp-content\/uploads\/2026\/07\/GNDJWVNHRKDHOYFJ3PET7PYJTI.jpg?fit=1181%2C788&ssl=1&resize=525%2C300 1.5x, https:\/\/i0.wp.com\/politicosaldesnudo.com.mx\/wp-content\/uploads\/2026\/07\/GNDJWVNHRKDHOYFJ3PET7PYJTI.jpg?fit=1181%2C788&ssl=1&resize=700%2C400 2x, https:\/\/i0.wp.com\/politicosaldesnudo.com.mx\/wp-content\/uploads\/2026\/07\/GNDJWVNHRKDHOYFJ3PET7PYJTI.jpg?fit=1181%2C788&ssl=1&resize=1050%2C600 3x"},"classes":[]}],"jetpack_sharing_enabled":true,"jetpack_featured_media_url":"https:\/\/i0.wp.com\/politicosaldesnudo.com.mx\/wp-content\/uploads\/2023\/06\/P-TCS-MONTERREY.png?fit=1816%2C1016&ssl=1","_links":{"self":[{"href":"https:\/\/politicosaldesnudo.com.mx\/index.php\/wp-json\/wp\/v2\/posts\/20536","targetHints":{"allow":["GET"]}}],"collection":[{"href":"https:\/\/politicosaldesnudo.com.mx\/index.php\/wp-json\/wp\/v2\/posts"}],"about":[{"href":"https:\/\/politicosaldesnudo.com.mx\/index.php\/wp-json\/wp\/v2\/types\/post"}],"author":[{"embeddable":true,"href":"https:\/\/politicosaldesnudo.com.mx\/index.php\/wp-json\/wp\/v2\/users\/4"}],"replies":[{"embeddable":true,"href":"https:\/\/politicosaldesnudo.com.mx\/index.php\/wp-json\/wp\/v2\/comments?post=20536"}],"version-history":[{"count":0,"href":"https:\/\/politicosaldesnudo.com.mx\/index.php\/wp-json\/wp\/v2\/posts\/20536\/revisions"}],"wp:featuredmedia":[{"embeddable":true,"href":"https:\/\/politicosaldesnudo.com.mx\/index.php\/wp-json\/wp\/v2\/media\/20537"}],"wp:attachment":[{"href":"https:\/\/politicosaldesnudo.com.mx\/index.php\/wp-json\/wp\/v2\/media?parent=20536"}],"wp:term":[{"taxonomy":"category","embeddable":true,"href":"https:\/\/politicosaldesnudo.com.mx\/index.php\/wp-json\/wp\/v2\/categories?post=20536"},{"taxonomy":"post_tag","embeddable":true,"href":"https:\/\/politicosaldesnudo.com.mx\/index.php\/wp-json\/wp\/v2\/tags?post=20536"}],"curies":[{"name":"wp","href":"https:\/\/api.w.org\/{rel}","templated":true}]}}