{"id":20569,"date":"2023-06-02T18:52:06","date_gmt":"2023-06-02T23:52:06","guid":{"rendered":"https:\/\/politicosaldesnudo.com.mx\/?p=20569"},"modified":"2023-06-02T19:11:31","modified_gmt":"2023-06-03T00:11:31","slug":"ecuador-presidente-guillermo-lasso-anuncia-no-buscar-reeleccion","status":"publish","type":"post","link":"https:\/\/politicosaldesnudo.com.mx\/index.php\/2023\/06\/02\/ecuador-presidente-guillermo-lasso-anuncia-no-buscar-reeleccion\/","title":{"rendered":"Ecuador: presidente Guillermo Lasso anuncia no buscar reelecci\u00f3n"},"content":{"rendered":"<p>&nbsp;<\/p>\n<p class=\"p1\"><span style=\"font-size: 14pt;\"><em><strong>QUITO, ECUADOR.<\/strong> <\/em>El presidente ecuatoriano, <strong>Guillermo Lasso<\/strong>, anunci\u00f3 que <strong>no postular\u00e1 a reelecci\u00f3n presidencial<\/strong>. en los comicios anticipados derivados de su decisi\u00f3n de\u00a0disolver la Asamblea hace dos semanas y acortar su propio per\u00edodo de gobierno, como respuesta a la crisis pol\u00edtica que manten\u00eda en virtual par\u00e1lisis al ejecutivo.<\/span><\/p>\n<p class=\"p1\"><span style=\"font-size: 18pt;\"><strong>El mandatario, en rueda de prensa desde el Palacio de Carondelet, asever\u00f3 que tras una profunda reflexi\u00f3n \u201che definido mi lugar\u201d -no concurrir como candidato- en los comicios presidenciales del pr\u00f3ximo 20 de agosto e invit\u00f3 a los sectores democr\u00e1ticos del pa\u00eds a meditar sobre el papel que desempe\u00f1ar\u00e1n en los meses venideros.<\/strong><\/span><\/p>\n<p>&nbsp;<\/p>\n<blockquote>\n<p class=\"p1\"><span style=\"font-size: 14pt;\">Este es el m\u00e1s grande honor de mi vida, sin embargo, muy por encima del cargo del presidente, yo amo a la democracia. Muy por encima de la presidencia, yo amo la libertad. Y si mi deber de presidente me exige que me desprenda de mi cargo para proteger la democracia, pues as\u00ed lo har\u00e9. Sin miedo y con la conciencia tranquila\u201d, pronunci\u00f3 Lasso.<\/span><\/p>\n<\/blockquote>\n<p>&nbsp;<\/p>\n<p class=\"p1\"><span style=\"font-size: 18pt;\"><strong>A\u00f1adi\u00f3 que los dem\u00f3cratas \u201cno nos aferramos al poder, sino a la libertad\u201d, pero aclar\u00f3 que \u201cno es ni de lejos un punto final, m\u00e1s bien es un nuevo comienzo para redoblar esfuerzos en el gobierno en beneficio de los ciudadanos\u201d.<\/strong><\/span><\/p>\n<p class=\"p1\"><span style=\"font-size: 14pt;\">Lasso un ex banquero de derecha, lleg\u00f3 al poder en mayo de 2021, luego de buscar la presidencia en tres ocasiones para un per\u00edodo de cuatro a\u00f1os.<\/span><\/p>\n<p class=\"p1\"><span style=\"font-size: 18pt;\"><strong>Mauricio Alarc\u00f3n, analista e integrante de la Fundaci\u00f3n Ciudadan\u00eda y Desarrollo, en declaraciones asegur\u00f3 que es acertado que el presidente \u201cd\u00e9 un paso al costado en la carrera a las elecciones\u201d y dijo que los niveles de credibilidad y confianza del mandatario \u201cestaban por los suelos\u201d. A su juicio, no ten\u00eda opci\u00f3n alguna para la ratificaci\u00f3n de su mandato.<\/strong><\/span><\/p>\n<p class=\"p1\"><span style=\"font-size: 14pt;\">En la ceremonia en que Lasso hizo el anuncio, estaba acompa\u00f1ado por todo su gabinete y por su familia, pero no precis\u00f3 si su partido presentar\u00e1 otro postulante o apoyar\u00e1 a alguien m\u00e1s de otra tienda pol\u00edtica.<\/span><\/p>\n<p class=\"p1\"><span style=\"font-size: 18pt;\"><strong>Un total de 13,4 millones de ecuatorianos fueron convocados a las urnas en agosto para elegir presidente, vicepresidente y 137 legisladores, quienes tendr\u00e1n que completar el actual per\u00edodo de gesti\u00f3n, que termina en mayo del 2025. En caso que no haya ganador en primer vuelta, se ha previsto una segunda vuelta el 15 de octubre.<\/strong><\/span><\/p>\n<p class=\"p1\"><span style=\"font-size: 14pt;\">Los partidos y movimientos pol\u00edticos ecuatorianos se encuentran en medio de reuniones para elegir a sus candidatos presidenciales y parlamentarios hasta el 10 de junio, plazo m\u00e1ximo para la inscripci\u00f3n de aspirantes. A\u00fan no hay ning\u00fan postulante inscrito.<\/span><\/p>\n<p class=\"p1\"><span style=\"font-size: 14pt;\">Entre los nombres que resonaban estaba el de Le\u00f3nidas Iza, l\u00edder del mayor movimiento ind\u00edgena del pa\u00eds, pero asegur\u00f3 que no ser\u00e1 candidato a la presidencia del pa\u00eds, como lo hab\u00eda pedido el brazo pol\u00edtico de su colectivo, Pachakutik. Argument\u00f3 que \u201cno podemos seguir entregando nuestras fuerzas a las coyunturas electorales\u201d y dijo que concentrar\u00e1 su fuerza en impulsar un proyecto de transformaci\u00f3n.<\/span><\/p>\n<p class=\"p1\"><span style=\"font-size: 14pt;\">Iza ha liderado al menos dos paros nacionales, uno en octubre del 2019 y otro en junio del 2022, caracterizados por la\u00a0paralizaci\u00f3n de la mayor parte del pa\u00eds\u00a0a trav\u00e9s de cierre de las principales carreteras y violentas acciones en las ciudades que forzaron el cierre de negocios o la interrupci\u00f3n de la jornada laboral. En ambos casos, la situaci\u00f3n comenz\u00f3 con la exigencia de reducci\u00f3n del precio de los combustibles.<\/span><\/p>\n<p>&nbsp;<\/p>\n<p>&nbsp;<\/p>\n<p>&nbsp;<\/p>\n<p>&nbsp;<\/p>\n","protected":false},"excerpt":{"rendered":"<p>&nbsp; QUITO, ECUADOR. El presidente ecuatoriano, Guillermo Lasso, anunci\u00f3 que no postular\u00e1 a reelecci\u00f3n presidencial. en los comicios anticipados derivados [&hellip;]<\/p>\n","protected":false},"author":4,"featured_media":20570,"comment_status":"closed","ping_status":"closed","sticky":false,"template":"","format":"standard","meta":{"site-sidebar-layout":"default","site-content-layout":"","ast-site-content-layout":"default","site-content-style":"default","site-sidebar-style":"default","ast-global-header-display":"","ast-banner-title-visibility":"","ast-main-header-display":"","ast-hfb-above-header-display":"","ast-hfb-below-header-display":"","ast-hfb-mobile-header-display":"","site-post-title":"","ast-breadcrumbs-content":"","ast-featured-img":"","footer-sml-layout":"","ast-disable-related-posts":"","theme-transparent-header-meta":"","adv-header-id-meta":"","stick-header-meta":"","header-above-stick-meta":"","header-main-stick-meta":"","header-below-stick-meta":"","astra-migrate-meta-layouts":"default","ast-page-background-enabled":"default","ast-page-background-meta":{"desktop":{"background-color":"var(--ast-global-color-5)","background-image":"","background-repeat":"repeat","background-position":"center center","background-size":"auto","background-attachment":"scroll","background-type":"","background-media":"","overlay-type":"","overlay-color":"","overlay-opacity":"","overlay-gradient":""},"tablet":{"background-color":"","background-image":"","background-repeat":"repeat","background-position":"center center","background-size":"auto","background-attachment":"scroll","background-type":"","background-media":"","overlay-type":"","overlay-color":"","overlay-opacity":"","overlay-gradient":""},"mobile":{"background-color":"","background-image":"","background-repeat":"repeat","background-position":"center center","background-size":"auto","background-attachment":"scroll","background-type":"","background-media":"","overlay-type":"","overlay-color":"","overlay-opacity":"","overlay-gradient":""}},"ast-content-background-meta":{"desktop":{"background-color":"var(--ast-global-color-4)","background-image":"","background-repeat":"repeat","background-position":"center center","background-size":"auto","background-attachment":"scroll","background-type":"","background-media":"","overlay-type":"","overlay-color":"","overlay-opacity":"","overlay-gradient":""},"tablet":{"background-color":"var(--ast-global-color-4)","background-image":"","background-repeat":"repeat","background-position":"center center","background-size":"auto","background-attachment":"scroll","background-type":"","background-media":"","overlay-type":"","overlay-color":"","overlay-opacity":"","overlay-gradient":""},"mobile":{"background-color":"var(--ast-global-color-4)","background-image":"","background-repeat":"repeat","background-position":"center center","background-size":"auto","background-attachment":"scroll","background-type":"","background-media":"","overlay-type":"","overlay-color":"","overlay-opacity":"","overlay-gradient":""}},"_jetpack_newsletter_access":"","_jetpack_dont_email_post_to_subs":false,"_jetpack_newsletter_tier_id":0,"_jetpack_memberships_contains_paywalled_content":false,"_jetpack_feature_clip_id":0,"_jetpack_memberships_contains_paid_content":false,"footnotes":"","jetpack_publicize_message":"","jetpack_publicize_feature_enabled":true,"jetpack_social_post_already_shared":false,"jetpack_social_options":{"image_generator_settings":{"template":"highway","default_image_id":0,"font":"","enabled":false},"version":2},"jetpack_post_was_ever_published":false},"categories":[28],"tags":[1029,1030,2795,1467],"class_list":["post-20569","post","type-post","status-publish","format-standard","has-post-thumbnail","hentry","category-internacional","tag-ecuador","tag-guillermo-lasso","tag-presidente-ecuador","tag-reeleccion"],"yoast_head":"<!-- This site is optimized with the Yoast SEO plugin v28.3 - https:\/\/yoast.com\/product\/yoast-seo-wordpress\/ -->\n<title>Ecuador: presidente Guillermo Lasso anuncia no buscar reelecci\u00f3n - Pol\u00edticos al Desnudo<\/title>\n<meta name=\"robots\" content=\"index, follow, max-snippet:-1, max-image-preview:large, max-video-preview:-1\" \/>\n<link rel=\"canonical\" href=\"https:\/\/politicosaldesnudo.com.mx\/index.php\/2023\/06\/02\/ecuador-presidente-guillermo-lasso-anuncia-no-buscar-reeleccion\/\" \/>\n<meta property=\"og:locale\" content=\"es_ES\" \/>\n<meta property=\"og:type\" content=\"article\" \/>\n<meta property=\"og:title\" content=\"Ecuador: presidente Guillermo Lasso anuncia no buscar reelecci\u00f3n - Pol\u00edticos al Desnudo\" \/>\n<meta property=\"og:description\" content=\"&nbsp; QUITO, ECUADOR. El presidente ecuatoriano, Guillermo Lasso, anunci\u00f3 que no postular\u00e1 a reelecci\u00f3n presidencial. en los comicios anticipados derivados [&hellip;]\" \/>\n<meta property=\"og:url\" content=\"https:\/\/politicosaldesnudo.com.mx\/index.php\/2023\/06\/02\/ecuador-presidente-guillermo-lasso-anuncia-no-buscar-reeleccion\/\" \/>\n<meta property=\"og:site_name\" content=\"Pol\u00edticos al Desnudo\" \/>\n<meta property=\"article:publisher\" content=\"https:\/\/www.facebook.com\/PoliticosAD\" \/>\n<meta property=\"article:published_time\" content=\"2023-06-02T23:52:06+00:00\" \/>\n<meta property=\"article:modified_time\" content=\"2023-06-03T00:11:31+00:00\" \/>\n<meta property=\"og:image\" content=\"https:\/\/i0.wp.com\/politicosaldesnudo.com.mx\/wp-content\/uploads\/2023\/06\/P-GUILLERMO-LASSO-ECUADOR.png?fit=1816%2C1016&ssl=1\" \/>\n\t<meta property=\"og:image:width\" content=\"1816\" \/>\n\t<meta property=\"og:image:height\" content=\"1016\" \/>\n\t<meta property=\"og:image:type\" content=\"image\/png\" \/>\n<meta name=\"author\" content=\"Redacci\u00f3n Pol\u00edticos\" \/>\n<meta name=\"twitter:card\" content=\"summary_large_image\" \/>\n<meta name=\"twitter:label1\" content=\"Escrito por\" \/>\n\t<meta name=\"twitter:data1\" content=\"Redacci\u00f3n Pol\u00edticos\" \/>\n\t<meta name=\"twitter:label2\" content=\"Tiempo de lectura\" \/>\n\t<meta name=\"twitter:data2\" content=\"3 minutos\" \/>\n<script type=\"application\/ld+json\" class=\"yoast-schema-graph\">{\"@context\":\"https:\\\/\\\/schema.org\",\"@graph\":[{\"@type\":\"Article\",\"@id\":\"https:\\\/\\\/politicosaldesnudo.com.mx\\\/index.php\\\/2023\\\/06\\\/02\\\/ecuador-presidente-guillermo-lasso-anuncia-no-buscar-reeleccion\\\/#article\",\"isPartOf\":{\"@id\":\"https:\\\/\\\/politicosaldesnudo.com.mx\\\/index.php\\\/2023\\\/06\\\/02\\\/ecuador-presidente-guillermo-lasso-anuncia-no-buscar-reeleccion\\\/\"},\"author\":{\"name\":\"Redacci\u00f3n Pol\u00edticos\",\"@id\":\"https:\\\/\\\/politicosaldesnudo.com.mx\\\/#\\\/schema\\\/person\\\/ef3a64e561cc3f3f5dc52fab81adde7e\"},\"headline\":\"Ecuador: presidente Guillermo Lasso anuncia no buscar reelecci\u00f3n\",\"datePublished\":\"2023-06-02T23:52:06+00:00\",\"dateModified\":\"2023-06-03T00:11:31+00:00\",\"mainEntityOfPage\":{\"@id\":\"https:\\\/\\\/politicosaldesnudo.com.mx\\\/index.php\\\/2023\\\/06\\\/02\\\/ecuador-presidente-guillermo-lasso-anuncia-no-buscar-reeleccion\\\/\"},\"wordCount\":614,\"publisher\":{\"@id\":\"https:\\\/\\\/politicosaldesnudo.com.mx\\\/#organization\"},\"image\":{\"@id\":\"https:\\\/\\\/politicosaldesnudo.com.mx\\\/index.php\\\/2023\\\/06\\\/02\\\/ecuador-presidente-guillermo-lasso-anuncia-no-buscar-reeleccion\\\/#primaryimage\"},\"thumbnailUrl\":\"https:\\\/\\\/i0.wp.com\\\/politicosaldesnudo.com.mx\\\/wp-content\\\/uploads\\\/2023\\\/06\\\/P-GUILLERMO-LASSO-ECUADOR.png?fit=1816%2C1016&ssl=1\",\"keywords\":[\"ECUADOR\",\"GUILLERMO LASSO\",\"PRESIDENTE ECUADOR\",\"REELECCI\u00d3N\"],\"articleSection\":[\"INTERNACIONAL\"],\"inLanguage\":\"es\"},{\"@type\":\"WebPage\",\"@id\":\"https:\\\/\\\/politicosaldesnudo.com.mx\\\/index.php\\\/2023\\\/06\\\/02\\\/ecuador-presidente-guillermo-lasso-anuncia-no-buscar-reeleccion\\\/\",\"url\":\"https:\\\/\\\/politicosaldesnudo.com.mx\\\/index.php\\\/2023\\\/06\\\/02\\\/ecuador-presidente-guillermo-lasso-anuncia-no-buscar-reeleccion\\\/\",\"name\":\"Ecuador: presidente Guillermo Lasso anuncia no buscar reelecci\u00f3n - Pol\u00edticos al Desnudo\",\"isPartOf\":{\"@id\":\"https:\\\/\\\/politicosaldesnudo.com.mx\\\/#website\"},\"primaryImageOfPage\":{\"@id\":\"https:\\\/\\\/politicosaldesnudo.com.mx\\\/index.php\\\/2023\\\/06\\\/02\\\/ecuador-presidente-guillermo-lasso-anuncia-no-buscar-reeleccion\\\/#primaryimage\"},\"image\":{\"@id\":\"https:\\\/\\\/politicosaldesnudo.com.mx\\\/index.php\\\/2023\\\/06\\\/02\\\/ecuador-presidente-guillermo-lasso-anuncia-no-buscar-reeleccion\\\/#primaryimage\"},\"thumbnailUrl\":\"https:\\\/\\\/i0.wp.com\\\/politicosaldesnudo.com.mx\\\/wp-content\\\/uploads\\\/2023\\\/06\\\/P-GUILLERMO-LASSO-ECUADOR.png?fit=1816%2C1016&ssl=1\",\"datePublished\":\"2023-06-02T23:52:06+00:00\",\"dateModified\":\"2023-06-03T00:11:31+00:00\",\"breadcrumb\":{\"@id\":\"https:\\\/\\\/politicosaldesnudo.com.mx\\\/index.php\\\/2023\\\/06\\\/02\\\/ecuador-presidente-guillermo-lasso-anuncia-no-buscar-reeleccion\\\/#breadcrumb\"},\"inLanguage\":\"es\",\"potentialAction\":[{\"@type\":\"ReadAction\",\"target\":[\"https:\\\/\\\/politicosaldesnudo.com.mx\\\/index.php\\\/2023\\\/06\\\/02\\\/ecuador-presidente-guillermo-lasso-anuncia-no-buscar-reeleccion\\\/\"]}]},{\"@type\":\"ImageObject\",\"inLanguage\":\"es\",\"@id\":\"https:\\\/\\\/politicosaldesnudo.com.mx\\\/index.php\\\/2023\\\/06\\\/02\\\/ecuador-presidente-guillermo-lasso-anuncia-no-buscar-reeleccion\\\/#primaryimage\",\"url\":\"https:\\\/\\\/i0.wp.com\\\/politicosaldesnudo.com.mx\\\/wp-content\\\/uploads\\\/2023\\\/06\\\/P-GUILLERMO-LASSO-ECUADOR.png?fit=1816%2C1016&ssl=1\",\"contentUrl\":\"https:\\\/\\\/i0.wp.com\\\/politicosaldesnudo.com.mx\\\/wp-content\\\/uploads\\\/2023\\\/06\\\/P-GUILLERMO-LASSO-ECUADOR.png?fit=1816%2C1016&ssl=1\",\"width\":1816,\"height\":1016},{\"@type\":\"BreadcrumbList\",\"@id\":\"https:\\\/\\\/politicosaldesnudo.com.mx\\\/index.php\\\/2023\\\/06\\\/02\\\/ecuador-presidente-guillermo-lasso-anuncia-no-buscar-reeleccion\\\/#breadcrumb\",\"itemListElement\":[{\"@type\":\"ListItem\",\"position\":1,\"name\":\"Portada\",\"item\":\"https:\\\/\\\/politicosaldesnudo.com.mx\\\/\"},{\"@type\":\"ListItem\",\"position\":2,\"name\":\"Ecuador: presidente Guillermo Lasso anuncia no buscar reelecci\u00f3n\"}]},{\"@type\":\"WebSite\",\"@id\":\"https:\\\/\\\/politicosaldesnudo.com.mx\\\/#website\",\"url\":\"https:\\\/\\\/politicosaldesnudo.com.mx\\\/\",\"name\":\"Pol\u00edticos al Desnudo\",\"description\":\"\",\"publisher\":{\"@id\":\"https:\\\/\\\/politicosaldesnudo.com.mx\\\/#organization\"},\"potentialAction\":[{\"@type\":\"SearchAction\",\"target\":{\"@type\":\"EntryPoint\",\"urlTemplate\":\"https:\\\/\\\/politicosaldesnudo.com.mx\\\/?s={search_term_string}\"},\"query-input\":{\"@type\":\"PropertyValueSpecification\",\"valueRequired\":true,\"valueName\":\"search_term_string\"}}],\"inLanguage\":\"es\"},{\"@type\":\"Organization\",\"@id\":\"https:\\\/\\\/politicosaldesnudo.com.mx\\\/#organization\",\"name\":\"Pol\u00edticos al Desnudo\",\"url\":\"https:\\\/\\\/politicosaldesnudo.com.mx\\\/\",\"logo\":{\"@type\":\"ImageObject\",\"inLanguage\":\"es\",\"@id\":\"https:\\\/\\\/politicosaldesnudo.com.mx\\\/#\\\/schema\\\/logo\\\/image\\\/\",\"url\":\"https:\\\/\\\/i0.wp.com\\\/politicosaldesnudo.com.mx\\\/wp-content\\\/uploads\\\/2026\\\/08\\\/cropped-logo.webp?fit=400%2C126&ssl=1\",\"contentUrl\":\"https:\\\/\\\/i0.wp.com\\\/politicosaldesnudo.com.mx\\\/wp-content\\\/uploads\\\/2026\\\/08\\\/cropped-logo.webp?fit=400%2C126&ssl=1\",\"width\":400,\"height\":126,\"caption\":\"Pol\u00edticos al Desnudo\"},\"image\":{\"@id\":\"https:\\\/\\\/politicosaldesnudo.com.mx\\\/#\\\/schema\\\/logo\\\/image\\\/\"},\"sameAs\":[\"https:\\\/\\\/www.facebook.com\\\/PoliticosAD\"]},{\"@type\":\"Person\",\"@id\":\"https:\\\/\\\/politicosaldesnudo.com.mx\\\/#\\\/schema\\\/person\\\/ef3a64e561cc3f3f5dc52fab81adde7e\",\"name\":\"Redacci\u00f3n Pol\u00edticos\",\"url\":\"https:\\\/\\\/politicosaldesnudo.com.mx\\\/index.php\\\/author\\\/redaccion-politicos\\\/\"}]}<\/script>\n<!-- \/ Yoast SEO plugin. -->","yoast_head_json":{"title":"Ecuador: presidente Guillermo Lasso anuncia no buscar reelecci\u00f3n - Pol\u00edticos al Desnudo","robots":{"index":"index","follow":"follow","max-snippet":"max-snippet:-1","max-image-preview":"max-image-preview:large","max-video-preview":"max-video-preview:-1"},"canonical":"https:\/\/politicosaldesnudo.com.mx\/index.php\/2023\/06\/02\/ecuador-presidente-guillermo-lasso-anuncia-no-buscar-reeleccion\/","og_locale":"es_ES","og_type":"article","og_title":"Ecuador: presidente Guillermo Lasso anuncia no buscar reelecci\u00f3n - Pol\u00edticos al Desnudo","og_description":"&nbsp; QUITO, ECUADOR. El presidente ecuatoriano, Guillermo Lasso, anunci\u00f3 que no postular\u00e1 a reelecci\u00f3n presidencial. en los comicios anticipados derivados [&hellip;]","og_url":"https:\/\/politicosaldesnudo.com.mx\/index.php\/2023\/06\/02\/ecuador-presidente-guillermo-lasso-anuncia-no-buscar-reeleccion\/","og_site_name":"Pol\u00edticos al Desnudo","article_publisher":"https:\/\/www.facebook.com\/PoliticosAD","article_published_time":"2023-06-02T23:52:06+00:00","article_modified_time":"2023-06-03T00:11:31+00:00","og_image":[{"width":1816,"height":1016,"url":"https:\/\/i0.wp.com\/politicosaldesnudo.com.mx\/wp-content\/uploads\/2023\/06\/P-GUILLERMO-LASSO-ECUADOR.png?fit=1816%2C1016&ssl=1","type":"image\/png"}],"author":"Redacci\u00f3n Pol\u00edticos","twitter_card":"summary_large_image","twitter_misc":{"Escrito por":"Redacci\u00f3n Pol\u00edticos","Tiempo de lectura":"3 minutos"},"schema":{"@context":"https:\/\/schema.org","@graph":[{"@type":"Article","@id":"https:\/\/politicosaldesnudo.com.mx\/index.php\/2023\/06\/02\/ecuador-presidente-guillermo-lasso-anuncia-no-buscar-reeleccion\/#article","isPartOf":{"@id":"https:\/\/politicosaldesnudo.com.mx\/index.php\/2023\/06\/02\/ecuador-presidente-guillermo-lasso-anuncia-no-buscar-reeleccion\/"},"author":{"name":"Redacci\u00f3n Pol\u00edticos","@id":"https:\/\/politicosaldesnudo.com.mx\/#\/schema\/person\/ef3a64e561cc3f3f5dc52fab81adde7e"},"headline":"Ecuador: presidente Guillermo Lasso anuncia no buscar reelecci\u00f3n","datePublished":"2023-06-02T23:52:06+00:00","dateModified":"2023-06-03T00:11:31+00:00","mainEntityOfPage":{"@id":"https:\/\/politicosaldesnudo.com.mx\/index.php\/2023\/06\/02\/ecuador-presidente-guillermo-lasso-anuncia-no-buscar-reeleccion\/"},"wordCount":614,"publisher":{"@id":"https:\/\/politicosaldesnudo.com.mx\/#organization"},"image":{"@id":"https:\/\/politicosaldesnudo.com.mx\/index.php\/2023\/06\/02\/ecuador-presidente-guillermo-lasso-anuncia-no-buscar-reeleccion\/#primaryimage"},"thumbnailUrl":"https:\/\/i0.wp.com\/politicosaldesnudo.com.mx\/wp-content\/uploads\/2023\/06\/P-GUILLERMO-LASSO-ECUADOR.png?fit=1816%2C1016&ssl=1","keywords":["ECUADOR","GUILLERMO LASSO","PRESIDENTE ECUADOR","REELECCI\u00d3N"],"articleSection":["INTERNACIONAL"],"inLanguage":"es"},{"@type":"WebPage","@id":"https:\/\/politicosaldesnudo.com.mx\/index.php\/2023\/06\/02\/ecuador-presidente-guillermo-lasso-anuncia-no-buscar-reeleccion\/","url":"https:\/\/politicosaldesnudo.com.mx\/index.php\/2023\/06\/02\/ecuador-presidente-guillermo-lasso-anuncia-no-buscar-reeleccion\/","name":"Ecuador: presidente Guillermo Lasso anuncia no buscar reelecci\u00f3n - Pol\u00edticos al Desnudo","isPartOf":{"@id":"https:\/\/politicosaldesnudo.com.mx\/#website"},"primaryImageOfPage":{"@id":"https:\/\/politicosaldesnudo.com.mx\/index.php\/2023\/06\/02\/ecuador-presidente-guillermo-lasso-anuncia-no-buscar-reeleccion\/#primaryimage"},"image":{"@id":"https:\/\/politicosaldesnudo.com.mx\/index.php\/2023\/06\/02\/ecuador-presidente-guillermo-lasso-anuncia-no-buscar-reeleccion\/#primaryimage"},"thumbnailUrl":"https:\/\/i0.wp.com\/politicosaldesnudo.com.mx\/wp-content\/uploads\/2023\/06\/P-GUILLERMO-LASSO-ECUADOR.png?fit=1816%2C1016&ssl=1","datePublished":"2023-06-02T23:52:06+00:00","dateModified":"2023-06-03T00:11:31+00:00","breadcrumb":{"@id":"https:\/\/politicosaldesnudo.com.mx\/index.php\/2023\/06\/02\/ecuador-presidente-guillermo-lasso-anuncia-no-buscar-reeleccion\/#breadcrumb"},"inLanguage":"es","potentialAction":[{"@type":"ReadAction","target":["https:\/\/politicosaldesnudo.com.mx\/index.php\/2023\/06\/02\/ecuador-presidente-guillermo-lasso-anuncia-no-buscar-reeleccion\/"]}]},{"@type":"ImageObject","inLanguage":"es","@id":"https:\/\/politicosaldesnudo.com.mx\/index.php\/2023\/06\/02\/ecuador-presidente-guillermo-lasso-anuncia-no-buscar-reeleccion\/#primaryimage","url":"https:\/\/i0.wp.com\/politicosaldesnudo.com.mx\/wp-content\/uploads\/2023\/06\/P-GUILLERMO-LASSO-ECUADOR.png?fit=1816%2C1016&ssl=1","contentUrl":"https:\/\/i0.wp.com\/politicosaldesnudo.com.mx\/wp-content\/uploads\/2023\/06\/P-GUILLERMO-LASSO-ECUADOR.png?fit=1816%2C1016&ssl=1","width":1816,"height":1016},{"@type":"BreadcrumbList","@id":"https:\/\/politicosaldesnudo.com.mx\/index.php\/2023\/06\/02\/ecuador-presidente-guillermo-lasso-anuncia-no-buscar-reeleccion\/#breadcrumb","itemListElement":[{"@type":"ListItem","position":1,"name":"Portada","item":"https:\/\/politicosaldesnudo.com.mx\/"},{"@type":"ListItem","position":2,"name":"Ecuador: presidente Guillermo Lasso anuncia no buscar reelecci\u00f3n"}]},{"@type":"WebSite","@id":"https:\/\/politicosaldesnudo.com.mx\/#website","url":"https:\/\/politicosaldesnudo.com.mx\/","name":"Pol\u00edticos al Desnudo","description":"","publisher":{"@id":"https:\/\/politicosaldesnudo.com.mx\/#organization"},"potentialAction":[{"@type":"SearchAction","target":{"@type":"EntryPoint","urlTemplate":"https:\/\/politicosaldesnudo.com.mx\/?s={search_term_string}"},"query-input":{"@type":"PropertyValueSpecification","valueRequired":true,"valueName":"search_term_string"}}],"inLanguage":"es"},{"@type":"Organization","@id":"https:\/\/politicosaldesnudo.com.mx\/#organization","name":"Pol\u00edticos al Desnudo","url":"https:\/\/politicosaldesnudo.com.mx\/","logo":{"@type":"ImageObject","inLanguage":"es","@id":"https:\/\/politicosaldesnudo.com.mx\/#\/schema\/logo\/image\/","url":"https:\/\/i0.wp.com\/politicosaldesnudo.com.mx\/wp-content\/uploads\/2026\/08\/cropped-logo.webp?fit=400%2C126&ssl=1","contentUrl":"https:\/\/i0.wp.com\/politicosaldesnudo.com.mx\/wp-content\/uploads\/2026\/08\/cropped-logo.webp?fit=400%2C126&ssl=1","width":400,"height":126,"caption":"Pol\u00edticos al Desnudo"},"image":{"@id":"https:\/\/politicosaldesnudo.com.mx\/#\/schema\/logo\/image\/"},"sameAs":["https:\/\/www.facebook.com\/PoliticosAD"]},{"@type":"Person","@id":"https:\/\/politicosaldesnudo.com.mx\/#\/schema\/person\/ef3a64e561cc3f3f5dc52fab81adde7e","name":"Redacci\u00f3n Pol\u00edticos","url":"https:\/\/politicosaldesnudo.com.mx\/index.php\/author\/redaccion-politicos\/"}]}},"jetpack_publicize_connections":[],"jetpack-related-posts":[{"id":87915,"url":"https:\/\/politicosaldesnudo.com.mx\/index.php\/2026\/08\/20\/sheinbaum-abre-la-puerta-a-incorporar-a-monica-soto-al-gobierno-federal\/","url_meta":{"origin":20569,"position":0},"title":"Sheinbaum abre la puerta a incorporar a M\u00f3nica Soto al Gobierno federal","author":"Redacci\u00f3n Pol\u00edticos","date":"20 de agosto de 2026","format":false,"excerpt":"La presidenta Claudia Sheinbaum Pardo dej\u00f3 abierta la posibilidad de que M\u00f3nica Soto Fregoso se integre en el futuro a la administraci\u00f3n p\u00fablica federal, luego de presentar su renuncia como magistrada de la Sala Superior del Tribunal Electoral del Poder Judicial de la Federaci\u00f3n (TEPJF). Durante su conferencia matutina, la\u2026","rel":"","context":"En \u00abNACIONAL\u00bb","block_context":{"text":"NACIONAL","link":"https:\/\/politicosaldesnudo.com.mx\/index.php\/category\/nacional\/"},"img":{"alt_text":"","src":"https:\/\/i0.wp.com\/politicosaldesnudo.com.mx\/wp-content\/uploads\/2026\/08\/monica-soto.jpeg?fit=1200%2C812&ssl=1&resize=350%2C200","width":350,"height":200,"srcset":"https:\/\/i0.wp.com\/politicosaldesnudo.com.mx\/wp-content\/uploads\/2026\/08\/monica-soto.jpeg?fit=1200%2C812&ssl=1&resize=350%2C200 1x, https:\/\/i0.wp.com\/politicosaldesnudo.com.mx\/wp-content\/uploads\/2026\/08\/monica-soto.jpeg?fit=1200%2C812&ssl=1&resize=525%2C300 1.5x, https:\/\/i0.wp.com\/politicosaldesnudo.com.mx\/wp-content\/uploads\/2026\/08\/monica-soto.jpeg?fit=1200%2C812&ssl=1&resize=700%2C400 2x, https:\/\/i0.wp.com\/politicosaldesnudo.com.mx\/wp-content\/uploads\/2026\/08\/monica-soto.jpeg?fit=1200%2C812&ssl=1&resize=1050%2C600 3x"},"classes":[]},{"id":87950,"url":"https:\/\/politicosaldesnudo.com.mx\/index.php\/2026\/08\/21\/pan-abre-la-puerta-a-pactos-con-el-pri-en-veracruz-rumbo-a-2027\/","url_meta":{"origin":20569,"position":1},"title":"PAN abre la puerta a pactos con el PRI en Veracruz rumbo a 2027","author":"Redacci\u00f3n Pol\u00edticos","date":"21 de agosto de 2026","format":false,"excerpt":"La posibilidad de que el PAN y el PRI vuelvan a competir juntos en Veracruz no est\u00e1 completamente descartada. La dirigencia nacional de Acci\u00f3n Nacional evaluar\u00e1 cada distrito antes de decidir si establece acuerdos electorales para los comicios de 2027. Durante una visita a la entidad, el presidente nacional del\u2026","rel":"","context":"En \u00abESTADOS\u00bb","block_context":{"text":"ESTADOS","link":"https:\/\/politicosaldesnudo.com.mx\/index.php\/category\/estados\/"},"img":{"alt_text":"","src":"https:\/\/i0.wp.com\/politicosaldesnudo.com.mx\/wp-content\/uploads\/2026\/08\/pan-pri.png?fit=1200%2C675&ssl=1&resize=350%2C200","width":350,"height":200,"srcset":"https:\/\/i0.wp.com\/politicosaldesnudo.com.mx\/wp-content\/uploads\/2026\/08\/pan-pri.png?fit=1200%2C675&ssl=1&resize=350%2C200 1x, https:\/\/i0.wp.com\/politicosaldesnudo.com.mx\/wp-content\/uploads\/2026\/08\/pan-pri.png?fit=1200%2C675&ssl=1&resize=525%2C300 1.5x, https:\/\/i0.wp.com\/politicosaldesnudo.com.mx\/wp-content\/uploads\/2026\/08\/pan-pri.png?fit=1200%2C675&ssl=1&resize=700%2C400 2x, https:\/\/i0.wp.com\/politicosaldesnudo.com.mx\/wp-content\/uploads\/2026\/08\/pan-pri.png?fit=1200%2C675&ssl=1&resize=1050%2C600 3x"},"classes":[]},{"id":53619,"url":"https:\/\/politicosaldesnudo.com.mx\/index.php\/2025\/01\/04\/opositor-venezolano-edmundo-gonzalez-llega-a-argentina-para-reunirse-con-milei\/","url_meta":{"origin":20569,"position":2},"title":"Opositor venezolano, Edmundo Gonz\u00e1lez, llega a Argentina para reunirse con Milei","author":"Redacci\u00f3n Pol\u00edticos","date":"4 de enero de 2025","format":false,"excerpt":"El opositor Edmundo Gonz\u00e1lez Urrutia, quien reclama el triunfo electoral de 2024 frente a Nicol\u00e1s Maduro, llega a Argentina este viernes para reunirse el s\u00e1bado con el presidente Javier Milei, en el inicio de una \"gira latinoamericana\" antes de la asunci\u00f3n presidencial venezolana del 10 de enero. La visita de\u2026","rel":"","context":"En \u00abINTERNACIONAL\u00bb","block_context":{"text":"INTERNACIONAL","link":"https:\/\/politicosaldesnudo.com.mx\/index.php\/category\/internacional\/"},"img":{"alt_text":"","src":"https:\/\/i0.wp.com\/politicosaldesnudo.com.mx\/wp-content\/uploads\/2025\/01\/descarga-1.jpg?fit=1200%2C675&ssl=1&resize=350%2C200","width":350,"height":200,"srcset":"https:\/\/i0.wp.com\/politicosaldesnudo.com.mx\/wp-content\/uploads\/2025\/01\/descarga-1.jpg?fit=1200%2C675&ssl=1&resize=350%2C200 1x, https:\/\/i0.wp.com\/politicosaldesnudo.com.mx\/wp-content\/uploads\/2025\/01\/descarga-1.jpg?fit=1200%2C675&ssl=1&resize=525%2C300 1.5x, https:\/\/i0.wp.com\/politicosaldesnudo.com.mx\/wp-content\/uploads\/2025\/01\/descarga-1.jpg?fit=1200%2C675&ssl=1&resize=700%2C400 2x, https:\/\/i0.wp.com\/politicosaldesnudo.com.mx\/wp-content\/uploads\/2025\/01\/descarga-1.jpg?fit=1200%2C675&ssl=1&resize=1050%2C600 3x"},"classes":[]},{"id":34134,"url":"https:\/\/politicosaldesnudo.com.mx\/index.php\/2024\/03\/25\/sin-solucion-de-raiz-la-migracion-seguira\/","url_meta":{"origin":20569,"position":3},"title":"Sin soluci\u00f3n de ra\u00edz, la migraci\u00f3n seguir\u00e1","author":"Redacci\u00f3n Pol\u00edticos","date":"25 de marzo de 2024","format":false,"excerpt":"En una entrevista con el programa estadunidense \u201860 Minutos\u2019 de CBS News, el presidente Andr\u00e9s Manuel L\u00f3pez Obrador afirm\u00f3 que si el problema de la migraci\u00f3n no se enfrenta de ra\u00edz y no se aplican sus propuestas de soluci\u00f3n, como realizar una inversi\u00f3n de 20 mil millones de d\u00f3lares en\u2026","rel":"","context":"En \u00abNACIONAL\u00bb","block_context":{"text":"NACIONAL","link":"https:\/\/politicosaldesnudo.com.mx\/index.php\/category\/nacional\/"},"img":{"alt_text":"","src":"https:\/\/i0.wp.com\/politicosaldesnudo.com.mx\/wp-content\/uploads\/2024\/03\/127283324_4317b55d-baea-47f8-b710-166d31efb5c7.jpg?fit=640%2C360&ssl=1&resize=350%2C200","width":350,"height":200,"srcset":"https:\/\/i0.wp.com\/politicosaldesnudo.com.mx\/wp-content\/uploads\/2024\/03\/127283324_4317b55d-baea-47f8-b710-166d31efb5c7.jpg?fit=640%2C360&ssl=1&resize=350%2C200 1x, https:\/\/i0.wp.com\/politicosaldesnudo.com.mx\/wp-content\/uploads\/2024\/03\/127283324_4317b55d-baea-47f8-b710-166d31efb5c7.jpg?fit=640%2C360&ssl=1&resize=525%2C300 1.5x"},"classes":[]},{"id":87649,"url":"https:\/\/politicosaldesnudo.com.mx\/index.php\/2026\/08\/11\/pago-para-que-me-aplaudan\/","url_meta":{"origin":20569,"position":4},"title":"Pago para que me aplaudan","author":"Redacci\u00f3n Pol\u00edticos","date":"11 de agosto de 2026","format":false,"excerpt":"R\u00fabrica Por Aurelio Contreras Moreno Hace m\u00e1s de 40 a\u00f1os, el entonces presidente Jos\u00e9 L\u00f3pez Portillo sintetiz\u00f3 en una frase una de las formas m\u00e1s autoritarias, patrimonialistas y perversas de entender la relaci\u00f3n entre el poder p\u00fablico y la prensa: \u201cno pago para que me peguen\u201d, en relaci\u00f3n con su\u2026","rel":"","context":"En \u00abOPINI\u00d3N\u00bb","block_context":{"text":"OPINI\u00d3N","link":"https:\/\/politicosaldesnudo.com.mx\/index.php\/category\/columnistas\/"},"img":{"alt_text":"","src":"https:\/\/i0.wp.com\/politicosaldesnudo.com.mx\/wp-content\/uploads\/2026\/08\/AURELIO-CONTRERAS-MORENO.png?fit=1200%2C658&ssl=1&resize=350%2C200","width":350,"height":200,"srcset":"https:\/\/i0.wp.com\/politicosaldesnudo.com.mx\/wp-content\/uploads\/2026\/08\/AURELIO-CONTRERAS-MORENO.png?fit=1200%2C658&ssl=1&resize=350%2C200 1x, https:\/\/i0.wp.com\/politicosaldesnudo.com.mx\/wp-content\/uploads\/2026\/08\/AURELIO-CONTRERAS-MORENO.png?fit=1200%2C658&ssl=1&resize=525%2C300 1.5x, https:\/\/i0.wp.com\/politicosaldesnudo.com.mx\/wp-content\/uploads\/2026\/08\/AURELIO-CONTRERAS-MORENO.png?fit=1200%2C658&ssl=1&resize=700%2C400 2x, https:\/\/i0.wp.com\/politicosaldesnudo.com.mx\/wp-content\/uploads\/2026\/08\/AURELIO-CONTRERAS-MORENO.png?fit=1200%2C658&ssl=1&resize=1050%2C600 3x"},"classes":[]},{"id":87471,"url":"https:\/\/politicosaldesnudo.com.mx\/index.php\/2026\/08\/03\/las-elecciones-del-2027-seran-el-termometro-politico-y-social-de-la-presidenta-claudia-sheinbaum\/","url_meta":{"origin":20569,"position":5},"title":"Las elecciones del 2027 ser\u00e1n el term\u00f3metro pol\u00edtico y social de la presidenta Claudia Sheinbaum","author":"Redacci\u00f3n Pol\u00edticos","date":"3 de agosto de 2026","format":false,"excerpt":"LEAD POL\u00cdTICO\u2026 Por: Ren\u00e9 Mart\u00ednez Torres Los procesos electorales federales del 2027, la renovaci\u00f3n del Senado de la Rep\u00fablica, el Congreso Federal, 17 estados renovar\u00e1n sus gubernaturas, en algunas entidades solo habr\u00e1 elecci\u00f3n de diputados locales y federales como el caso de Veracruz, ser\u00e1 el term\u00f3metro pol\u00edtico y social de\u2026","rel":"","context":"En \u00abOPINI\u00d3N\u00bb","block_context":{"text":"OPINI\u00d3N","link":"https:\/\/politicosaldesnudo.com.mx\/index.php\/category\/columnistas\/"},"img":{"alt_text":"","src":"https:\/\/i0.wp.com\/politicosaldesnudo.com.mx\/wp-content\/uploads\/2026\/02\/LEAD-POLITICO-AZUL.jpg?fit=800%2C445&ssl=1&resize=350%2C200","width":350,"height":200,"srcset":"https:\/\/i0.wp.com\/politicosaldesnudo.com.mx\/wp-content\/uploads\/2026\/02\/LEAD-POLITICO-AZUL.jpg?fit=800%2C445&ssl=1&resize=350%2C200 1x, https:\/\/i0.wp.com\/politicosaldesnudo.com.mx\/wp-content\/uploads\/2026\/02\/LEAD-POLITICO-AZUL.jpg?fit=800%2C445&ssl=1&resize=525%2C300 1.5x, https:\/\/i0.wp.com\/politicosaldesnudo.com.mx\/wp-content\/uploads\/2026\/02\/LEAD-POLITICO-AZUL.jpg?fit=800%2C445&ssl=1&resize=700%2C400 2x"},"classes":[]}],"jetpack_sharing_enabled":true,"jetpack_featured_media_url":"https:\/\/i0.wp.com\/politicosaldesnudo.com.mx\/wp-content\/uploads\/2023\/06\/P-GUILLERMO-LASSO-ECUADOR.png?fit=1816%2C1016&ssl=1","_links":{"self":[{"href":"https:\/\/politicosaldesnudo.com.mx\/index.php\/wp-json\/wp\/v2\/posts\/20569","targetHints":{"allow":["GET"]}}],"collection":[{"href":"https:\/\/politicosaldesnudo.com.mx\/index.php\/wp-json\/wp\/v2\/posts"}],"about":[{"href":"https:\/\/politicosaldesnudo.com.mx\/index.php\/wp-json\/wp\/v2\/types\/post"}],"author":[{"embeddable":true,"href":"https:\/\/politicosaldesnudo.com.mx\/index.php\/wp-json\/wp\/v2\/users\/4"}],"replies":[{"embeddable":true,"href":"https:\/\/politicosaldesnudo.com.mx\/index.php\/wp-json\/wp\/v2\/comments?post=20569"}],"version-history":[{"count":0,"href":"https:\/\/politicosaldesnudo.com.mx\/index.php\/wp-json\/wp\/v2\/posts\/20569\/revisions"}],"wp:featuredmedia":[{"embeddable":true,"href":"https:\/\/politicosaldesnudo.com.mx\/index.php\/wp-json\/wp\/v2\/media\/20570"}],"wp:attachment":[{"href":"https:\/\/politicosaldesnudo.com.mx\/index.php\/wp-json\/wp\/v2\/media?parent=20569"}],"wp:term":[{"taxonomy":"category","embeddable":true,"href":"https:\/\/politicosaldesnudo.com.mx\/index.php\/wp-json\/wp\/v2\/categories?post=20569"},{"taxonomy":"post_tag","embeddable":true,"href":"https:\/\/politicosaldesnudo.com.mx\/index.php\/wp-json\/wp\/v2\/tags?post=20569"}],"curies":[{"name":"wp","href":"https:\/\/api.w.org\/{rel}","templated":true}]}}