{"id":20591,"date":"2023-06-04T23:24:21","date_gmt":"2023-06-05T04:24:21","guid":{"rendered":"https:\/\/politicosaldesnudo.com.mx\/?p=20591"},"modified":"2023-06-04T23:39:36","modified_gmt":"2023-06-05T04:39:36","slug":"sin-peligro-para-tuxpenos-proteccion-civil-monitorea-incendio-en-zona-de-tulares","status":"publish","type":"post","link":"https:\/\/politicosaldesnudo.com.mx\/index.php\/2023\/06\/04\/sin-peligro-para-tuxpenos-proteccion-civil-monitorea-incendio-en-zona-de-tulares\/","title":{"rendered":"Sin peligro para tuxpe\u00f1os, Protecci\u00f3n Civil monitorea incendio en zona de tulares \u00a0"},"content":{"rendered":"<p>&nbsp;<\/p>\n<p class=\"p1\"><span style=\"font-size: 14pt;\"><em><strong>TUXPAN, VERACRUZ.<\/strong> <\/em>La <strong>Secretar\u00eda de Seguridad P\u00fablica<\/strong> a trav\u00e9s de la Direcci\u00f3n de <strong>Protecci\u00f3n Civil Municipal<\/strong> inform\u00f3 que desde las <strong>19:50 horas se monitorea el incendio de \u00e1rea de tulares del recinto portuario<\/strong>, el cual no representa riesgo para la poblaci\u00f3n.<span class=\"Apple-converted-space\">\u00a0<\/span><\/span><\/p>\n<p class=\"p1\"><span style=\"font-size: 18pt; color: #139eca;\"><strong>De acuerdo con los reportes de Protecci\u00f3n Civil este incendio se origin\u00f3 cerca del estero de Tumilco.<\/strong><\/span><\/p>\n<p class=\"p1\"><span style=\"font-size: 18pt;\"><strong>El organismo se\u00f1al\u00f3 que espera que los vientos lo puedan redireccionar hacia la zona portuaria, en donde se encuentran concentrados elementos de PC, Bomberos y personal contra incendios de Asipona Tuxpan a fin de que este pueda ser controlado en los predios aleda\u00f1os al libramiento portuario. <span class=\"Apple-converted-space\">\u00a0<\/span><\/strong><\/span><\/p>\n<p>\u00a0<img data-recalc-dims=\"1\" loading=\"lazy\" decoding=\"async\" class=\"aligncenter wp-image-20593 size-large\" src=\"https:\/\/i0.wp.com\/politicosaldesnudo.com.mx\/wp-content\/uploads\/2023\/06\/P-INCENDIO-TULARES-2-1024x573.png?resize=800%2C448&#038;ssl=1\" alt=\"\" width=\"800\" height=\"448\" srcset=\"https:\/\/i0.wp.com\/politicosaldesnudo.com.mx\/wp-content\/uploads\/2023\/06\/P-INCENDIO-TULARES-2.png?resize=1024%2C573&amp;ssl=1 1024w, https:\/\/i0.wp.com\/politicosaldesnudo.com.mx\/wp-content\/uploads\/2023\/06\/P-INCENDIO-TULARES-2.png?resize=300%2C168&amp;ssl=1 300w, https:\/\/i0.wp.com\/politicosaldesnudo.com.mx\/wp-content\/uploads\/2023\/06\/P-INCENDIO-TULARES-2.png?resize=768%2C430&amp;ssl=1 768w, https:\/\/i0.wp.com\/politicosaldesnudo.com.mx\/wp-content\/uploads\/2023\/06\/P-INCENDIO-TULARES-2.png?resize=1536%2C859&amp;ssl=1 1536w, https:\/\/i0.wp.com\/politicosaldesnudo.com.mx\/wp-content\/uploads\/2023\/06\/P-INCENDIO-TULARES-2.png?w=1816&amp;ssl=1 1816w, https:\/\/i0.wp.com\/politicosaldesnudo.com.mx\/wp-content\/uploads\/2023\/06\/P-INCENDIO-TULARES-2.png?w=1600&amp;ssl=1 1600w\" sizes=\"auto, (max-width: 800px) 100vw, 800px\" \/><\/p>\n<p>&nbsp;<\/p>\n<p class=\"p1\"><span style=\"font-size: 14pt;\">Cabe mencionar que, de manera preventiva, la Direcci\u00f3n de Protecci\u00f3n Civil en coordinaci\u00f3n con los tres niveles de gobierno, realizaron la construcci\u00f3n de guardarrayas, con el objetivo de que \u00e9stas contribuyan en la contenci\u00f3n de los incendios de pastizales y tulares y con ello evitar que estas se acerquen a la zona portuaria. <span class=\"Apple-converted-space\">\u00a0<\/span><\/span><\/p>\n<p class=\"p1\"><span style=\"font-size: 18pt;\"><strong>En estos momentos en Consejo Municipal de Protecci\u00f3n Civil se mantiene alerta, para llevar a cabo acciones inmediatas que permitan controlarlo. <span class=\"Apple-converted-space\">\u00a0<\/span><\/strong><\/span><\/p>\n<p class=\"p1\"><span style=\"font-size: 14pt;\">El monitoreo permanente de este incendio se realiza a trav\u00e9s de Protecci\u00f3n Civil en coordinaci\u00f3n con Semar, Sedena, Asipona Tuxpan, as\u00ed como las empresas que se ubican cerca de la zona portuaria.<\/span><\/p>\n<p class=\"p1\"><span style=\"font-size: 18pt;\"><strong>El Ayuntamiento de Tuxpan hace un llamado a la poblaci\u00f3n a mantenerse informada a trav\u00e9s de medios oficiales.<\/strong><\/span><\/p>\n<p>&nbsp;<\/p>\n<p>&nbsp;<\/p>\n<p>&nbsp;<\/p>\n","protected":false},"excerpt":{"rendered":"<p>&nbsp; TUXPAN, VERACRUZ. La Secretar\u00eda de Seguridad P\u00fablica a trav\u00e9s de la Direcci\u00f3n de Protecci\u00f3n Civil Municipal inform\u00f3 que desde<\/p>\n","protected":false},"author":4,"featured_media":20592,"comment_status":"closed","ping_status":"closed","sticky":false,"template":"","format":"standard","meta":{"colormag_page_container_layout":"default_layout","colormag_page_sidebar_layout":"default_layout","_jetpack_memberships_contains_paid_content":false,"footnotes":"","jetpack_publicize_message":"","jetpack_publicize_feature_enabled":true,"jetpack_social_post_already_shared":false,"jetpack_social_options":{"image_generator_settings":{"template":"highway","default_image_id":0,"font":"","enabled":false},"version":2}},"categories":[1082],"tags":[228,851,2800,70,100],"class_list":["post-20591","post","type-post","status-publish","format-standard","has-post-thumbnail","hentry","category-tuxpan","tag-incendio","tag-proteccion-civil","tag-tulares","tag-tuxpan","tag-veracruz"],"jetpack_publicize_connections":[],"jetpack_featured_media_url":"https:\/\/i0.wp.com\/politicosaldesnudo.com.mx\/wp-content\/uploads\/2023\/06\/P-INCENDIO-TULARES-1.png?fit=1816%2C1016&ssl=1","jetpack-related-posts":[],"jetpack_sharing_enabled":true,"_links":{"self":[{"href":"https:\/\/politicosaldesnudo.com.mx\/index.php\/wp-json\/wp\/v2\/posts\/20591","targetHints":{"allow":["GET"]}}],"collection":[{"href":"https:\/\/politicosaldesnudo.com.mx\/index.php\/wp-json\/wp\/v2\/posts"}],"about":[{"href":"https:\/\/politicosaldesnudo.com.mx\/index.php\/wp-json\/wp\/v2\/types\/post"}],"author":[{"embeddable":true,"href":"https:\/\/politicosaldesnudo.com.mx\/index.php\/wp-json\/wp\/v2\/users\/4"}],"replies":[{"embeddable":true,"href":"https:\/\/politicosaldesnudo.com.mx\/index.php\/wp-json\/wp\/v2\/comments?post=20591"}],"version-history":[{"count":0,"href":"https:\/\/politicosaldesnudo.com.mx\/index.php\/wp-json\/wp\/v2\/posts\/20591\/revisions"}],"wp:featuredmedia":[{"embeddable":true,"href":"https:\/\/politicosaldesnudo.com.mx\/index.php\/wp-json\/wp\/v2\/media\/20592"}],"wp:attachment":[{"href":"https:\/\/politicosaldesnudo.com.mx\/index.php\/wp-json\/wp\/v2\/media?parent=20591"}],"wp:term":[{"taxonomy":"category","embeddable":true,"href":"https:\/\/politicosaldesnudo.com.mx\/index.php\/wp-json\/wp\/v2\/categories?post=20591"},{"taxonomy":"post_tag","embeddable":true,"href":"https:\/\/politicosaldesnudo.com.mx\/index.php\/wp-json\/wp\/v2\/tags?post=20591"}],"curies":[{"name":"wp","href":"https:\/\/api.w.org\/{rel}","templated":true}]}}