{"id":20621,"date":"2023-06-05T02:25:06","date_gmt":"2023-06-05T07:25:06","guid":{"rendered":"https:\/\/politicosaldesnudo.com.mx\/?p=20621"},"modified":"2023-06-05T02:25:06","modified_gmt":"2023-06-05T07:25:06","slug":"el-rol-de-la-prensa-hoy","status":"publish","type":"post","link":"https:\/\/politicosaldesnudo.com.mx\/index.php\/2023\/06\/05\/el-rol-de-la-prensa-hoy\/","title":{"rendered":"El rol de la prensa hoy"},"content":{"rendered":"<p class=\"p1\">\n<p>&nbsp;<\/p>\n<p class=\"p1\"><span style=\"font-size: 18pt;\"><b>Por Ricardo Homs<\/b><\/span><\/p>\n<p class=\"p1\"><span style=\"font-size: 14pt;\">La prensa mexicana ha evolucionado en los \u00faltimos a\u00f1os en la misma medida que lo ha hecho la sociedad.<\/span><\/p>\n<p class=\"p1\"><span style=\"font-size: 14pt;\">Habiendo estudiado comunicaci\u00f3n en los inicios de los a\u00f1os setenta, -aun estando en el entorno del legado pol\u00edtico del movimiento estudiantil del a\u00f1o 1968-, el periodismo tradicional, -escrito-, no era tomado en cuenta como oportunidad laboral por quienes curs\u00e1bamos esa nueva carrera. Si acaso el periodismo televisado era una gran motivaci\u00f3n y un reto. Formar parte del equipo de reporteros que cubr\u00eda las noticias para Jacobo Zabludovsky, era un gran sue\u00f1o.\u00a0 Esa era la mayor aproximaci\u00f3n al periodismo.\u00a0<\/span><\/p>\n<p class=\"p1\"><span style=\"font-size: 14pt;\">Sin embargo, fueron los aires democr\u00e1ticos de la alternancia los que definitivamente impulsaron la profesionalizaci\u00f3n del periodismo en todos sus \u00e1mbitos, incluyendo el periodismo escrito.<\/span><\/p>\n<p class=\"p1\"><span style=\"font-size: 14pt;\">El periodismo en este inicio del nuevo siglo transit\u00f3 de haber sido considerado siempre un oficio, hasta llegar a convertirse en una profesi\u00f3n medianamente remunerada y en las figuras con grandes audiencias, un gran negocio.<\/span><\/p>\n<p class=\"p1\"><span style=\"font-size: 14pt;\">Los aires competitivos de la democracia estimularon el debate period\u00edstico.<\/span><\/p>\n<p class=\"p1\"><span style=\"font-size: 14pt;\">Adem\u00e1s, durante estos \u00faltimos veinte a\u00f1os la funci\u00f3n informativa del periodismo fue perdiendo impacto conforme las noticias empezaron a llegarnos de modo autom\u00e1tico a trav\u00e9s del Internet primero, y de las redes sociales despu\u00e9s. La informaci\u00f3n se convirti\u00f3 en un gen\u00e9rico sin valor.<\/span><\/p>\n<p class=\"p1\"><span style=\"font-size: 14pt;\">Hoy ya no necesitamos salir a buscar las noticias como antes suced\u00eda; hoy las noticias llegan a nosotros. El riesgo es que entre las noticias verdaderas, pueden llegarnos fake news.<\/span><\/p>\n<p class=\"p1\"><span style=\"font-size: 14pt;\">Conforme las redes se convierten en generadoras de contenidos y noticias, se empieza a saturar el ecosistema informativo y en su lugar el g\u00e9nero de \u201copini\u00f3n\u201d empieza a coinvertirse en un indicador que ayuda al p\u00fablico a descubrir lo relevante, dentro del torrente informativo.<\/span><\/p>\n<p class=\"p1\"><span style=\"font-size: 14pt;\">Hoy la prensa de opini\u00f3n se ha convertido en la conciencia cr\u00edtica de la sociedad y el periodismo de investigaci\u00f3n ha tomado el rol de las fiscal\u00edas, descubriendo esc\u00e1ndalos y delitos que las autoridades no se molestan en investigar.<\/span><\/p>\n<p class=\"p1\"><span style=\"font-size: 14pt;\">Hoy vemos que los grandes esc\u00e1ndalos se difunden con lujo de detalles en los noticieros televisados de difusi\u00f3n nacional y las autoridades no se dan por enteradas, dej\u00e1ndolos en la impunidad.<\/span><\/p>\n<p class=\"p1\"><span style=\"font-size: 14pt;\">Las desapariciones de personas hoy terminan siendo investigadas por las familias de las v\u00edctimas, pues las autoridades federales y estatales asumen con total indiferencia su responsabilidad, no obstante que detr\u00e1s del hecho denunciado haya una tragedia. Lo mismo sucede con los cr\u00edmenes m\u00e1s espeluznantes, que con horror superan en dramatismo a las pel\u00edculas de suspenso que se filman en Hollywood.<\/span><\/p>\n<p class=\"p1\"><span style=\"font-size: 14pt;\">Los grandes esc\u00e1ndalos pol\u00edticos ni siquiera los descubren las autoridades que por obligaci\u00f3n, -como parte de sus responsabilidades-, debiesen investigar.<\/span><\/p>\n<p class=\"p1\"><span style=\"font-size: 14pt;\">Mientras las autoridades que forman parte de este gobierno de la 4T s\u00f3lo invierten su tiempo en investigar asuntos que tienen rentabilidad pol\u00edtica a su favor, la prensa y la misma sociedad son los que terminan investigando las tragedias de la vida real, esas que realmente duelen y lastiman la vida de los ciudadanos y sus familias.<\/span><\/p>\n<p class=\"p1\"><span style=\"font-size: 14pt;\">El caso del colectivo de \u201cLas madres buscadoras\u201d, nos debiese llenar de indignaci\u00f3n.<\/span><\/p>\n<p class=\"p1\"><span style=\"font-size: 14pt;\">Que ellas hayan tenido que suplicar a los verdugos de sus hijos, de sus parejas y de familiares que les permitan buscar sus cuerpos, debiese ser vergonzoso para las autoridades responsables de la seguridad p\u00fablica, porque evidencia su fracaso. Sin embargo, el silencio c\u00ednico de quienes nos gobiernan muestra su desinter\u00e9s.<\/span><\/p>\n<p class=\"p1\"><span style=\"font-size: 14pt;\">Mientras el circo ma\u00f1anero siga imponiendo la agenda del pa\u00eds con temas banales, fr\u00edvolos, con esp\u00edritu pendenciero, el M\u00e9xico real, -donde viven millones de mexicanos-, seguir\u00e1 siendo una tragedia para la gente vulnerable, a la que prometieron una calidad de vida como la de Dinamarca.<\/span><\/p>\n<p>&nbsp;<\/p>\n<p class=\"p1\"><span style=\"font-size: 18pt;\"><strong>\u00bfA usted qu\u00e9 le parece?<\/strong><\/span><\/p>\n<p>&nbsp;<\/p>\n<hr \/>\n<p>&nbsp;<\/p>\n<p class=\"p1\"><span style=\"font-size: 18pt;\"><strong>Facebook:<a href=\"https:\/\/www.facebook.com\/Ricardo.Homs1\">@Ricardo.Homs1<\/a><\/strong><\/span><\/p>\n<p class=\"p1\"><span style=\"font-size: 18pt;\"><strong>Twitter:\u00a0<\/strong><a href=\"https:\/\/twitter.com\/homsricardo\"><strong>@homsricardo<\/strong><\/a><\/span><\/p>\n<p class=\"p1\"><span style=\"font-size: 18pt;\"><strong>LinkedIn: <a href=\"https:\/\/www.linkedin.com\/in\/ricardo-homs-3920449\/?originalSubdomain=mx\">RicardoHoms<\/a><\/strong><\/span><\/p>\n<p class=\"p1\"><span style=\"font-size: 18pt;\"><a href=\"https:\/\/ricardohoms.com\/\"><strong>www.ricardohoms.com<\/strong><\/a><\/span><\/p>\n<p>&nbsp;<\/p>\n<p><img data-recalc-dims=\"1\" loading=\"lazy\" decoding=\"async\" class=\"aligncenter wp-image-14351\" src=\"https:\/\/i0.wp.com\/politicosaldesnudo.com.mx\/wp-content\/uploads\/2023\/01\/FIRMA-EDITORIAL-PD-300x37.png?resize=800%2C98&#038;ssl=1\" alt=\"\" width=\"800\" height=\"98\" srcset=\"https:\/\/i0.wp.com\/politicosaldesnudo.com.mx\/wp-content\/uploads\/2023\/01\/FIRMA-EDITORIAL-PD.png?resize=300%2C37&amp;ssl=1 300w, https:\/\/i0.wp.com\/politicosaldesnudo.com.mx\/wp-content\/uploads\/2023\/01\/FIRMA-EDITORIAL-PD.png?resize=1024%2C125&amp;ssl=1 1024w, https:\/\/i0.wp.com\/politicosaldesnudo.com.mx\/wp-content\/uploads\/2023\/01\/FIRMA-EDITORIAL-PD.png?resize=768%2C94&amp;ssl=1 768w, https:\/\/i0.wp.com\/politicosaldesnudo.com.mx\/wp-content\/uploads\/2023\/01\/FIRMA-EDITORIAL-PD.png?resize=1536%2C188&amp;ssl=1 1536w, https:\/\/i0.wp.com\/politicosaldesnudo.com.mx\/wp-content\/uploads\/2023\/01\/FIRMA-EDITORIAL-PD.png?resize=2048%2C250&amp;ssl=1 2048w, https:\/\/i0.wp.com\/politicosaldesnudo.com.mx\/wp-content\/uploads\/2023\/01\/FIRMA-EDITORIAL-PD.png?w=1600&amp;ssl=1 1600w, https:\/\/i0.wp.com\/politicosaldesnudo.com.mx\/wp-content\/uploads\/2023\/01\/FIRMA-EDITORIAL-PD.png?w=2400&amp;ssl=1 2400w\" sizes=\"auto, (max-width: 800px) 100vw, 800px\" \/><\/p>\n<p>&nbsp;<\/p>\n<p>&nbsp;<\/p>\n","protected":false},"excerpt":{"rendered":"<p>&nbsp; Por Ricardo Homs La prensa mexicana ha evolucionado en los \u00faltimos a\u00f1os en la misma medida que lo ha<\/p>\n","protected":false},"author":4,"featured_media":3778,"comment_status":"closed","ping_status":"closed","sticky":false,"template":"","format":"standard","meta":{"colormag_page_container_layout":"default_layout","colormag_page_sidebar_layout":"default_layout","_jetpack_memberships_contains_paid_content":false,"footnotes":"","jetpack_publicize_message":"","jetpack_publicize_feature_enabled":true,"jetpack_social_post_already_shared":false,"jetpack_social_options":{"image_generator_settings":{"template":"highway","default_image_id":0,"font":"","enabled":false},"version":2}},"categories":[26],"tags":[],"class_list":["post-20621","post","type-post","status-publish","format-standard","has-post-thumbnail","hentry","category-columnistas"],"jetpack_publicize_connections":[],"jetpack_featured_media_url":"https:\/\/i0.wp.com\/politicosaldesnudo.com.mx\/wp-content\/uploads\/2022\/04\/RICARDO-HOMS.png?fit=1816%2C1016&ssl=1","jetpack-related-posts":[],"jetpack_sharing_enabled":true,"_links":{"self":[{"href":"https:\/\/politicosaldesnudo.com.mx\/index.php\/wp-json\/wp\/v2\/posts\/20621","targetHints":{"allow":["GET"]}}],"collection":[{"href":"https:\/\/politicosaldesnudo.com.mx\/index.php\/wp-json\/wp\/v2\/posts"}],"about":[{"href":"https:\/\/politicosaldesnudo.com.mx\/index.php\/wp-json\/wp\/v2\/types\/post"}],"author":[{"embeddable":true,"href":"https:\/\/politicosaldesnudo.com.mx\/index.php\/wp-json\/wp\/v2\/users\/4"}],"replies":[{"embeddable":true,"href":"https:\/\/politicosaldesnudo.com.mx\/index.php\/wp-json\/wp\/v2\/comments?post=20621"}],"version-history":[{"count":0,"href":"https:\/\/politicosaldesnudo.com.mx\/index.php\/wp-json\/wp\/v2\/posts\/20621\/revisions"}],"wp:featuredmedia":[{"embeddable":true,"href":"https:\/\/politicosaldesnudo.com.mx\/index.php\/wp-json\/wp\/v2\/media\/3778"}],"wp:attachment":[{"href":"https:\/\/politicosaldesnudo.com.mx\/index.php\/wp-json\/wp\/v2\/media?parent=20621"}],"wp:term":[{"taxonomy":"category","embeddable":true,"href":"https:\/\/politicosaldesnudo.com.mx\/index.php\/wp-json\/wp\/v2\/categories?post=20621"},{"taxonomy":"post_tag","embeddable":true,"href":"https:\/\/politicosaldesnudo.com.mx\/index.php\/wp-json\/wp\/v2\/tags?post=20621"}],"curies":[{"name":"wp","href":"https:\/\/api.w.org\/{rel}","templated":true}]}}