{"id":20631,"date":"2023-06-05T02:40:30","date_gmt":"2023-06-05T07:40:30","guid":{"rendered":"https:\/\/politicosaldesnudo.com.mx\/?p=20631"},"modified":"2023-06-05T02:40:30","modified_gmt":"2023-06-05T07:40:30","slug":"medios-y-ministros-violentos","status":"publish","type":"post","link":"https:\/\/politicosaldesnudo.com.mx\/index.php\/2023\/06\/05\/medios-y-ministros-violentos\/","title":{"rendered":"Medios y ministros violentos"},"content":{"rendered":"<p class=\"p1\">\n<p>&nbsp;<\/p>\n<p class=\"p1\"><span style=\"font-size: 18pt;\"><b>Por Jos\u00e9 Garc\u00eda S\u00e1nchez<\/b><\/span><\/p>\n<p class=\"p1\"><span style=\"font-size: 14pt;\">Otra vez todo le sali\u00f3 mal a la oposici\u00f3n. El plant\u00f3n frente a la Suprema Corte de Justicia de la Naci\u00f3n que quer\u00edan reventar violentamente tuvo consecuencias que llevar\u00e1n a la c\u00e1rcel a m\u00e1s de uno de los porros disfrazados de manifestantes. El principal cierre de campa\u00f1a de la candidata de la oposici\u00f3n empa\u00f1\u00f3 cualquier discurso por encendido que fuera, por una ri\u00f1a entre sus simpatizantes.<\/span><\/p>\n<p class=\"p1\"><span style=\"font-size: 18pt;\"><strong>La violencia de la derecha es cosa de todos los d\u00edas habr\u00e1 que ver los discursos de Kenia L\u00f3pez, de Mariana G\u00f3mez, de Sandra Cuevas, de X\u00f3chitl G\u00e1lvez, del lado femenino y del otro lado, de Ricardo Rubio, Santiago Taboada, Santiago Creel, Ricardo Anaya, Alito Moreno, Jorge romero, Gabriel Quadri, el tal Maynez, etc.<\/strong><\/span><\/p>\n<p class=\"p1\"><span style=\"font-size: 18pt; color: #139eca;\"><strong>La marcha del 28 de mayo de la oposici\u00f3n que promovi\u00f3 Ciro G\u00f3mez Leyva desde d\u00edas antes de la marcha hasta la saciedad, con mucho entusiasmo por cierto, mostr\u00f3 la miseria de los convocantes a la agresi\u00f3n, que estuvo conformada por 50 organizaciones, al parecer muy fam\u00e9licas, porque apenas y llegaron a los 2,000 participantes: es decir, cada organizaci\u00f3n que represent\u00f3 a la sociedad mexicana aport\u00f3 40 personas, entre los cuales algunos infiltraron golpeadores que tienen diferentes or\u00edgenes, desde el PAN hasta la propia Suprema Corte, pasando por la recua de Sandra Cuevas y sus grupos de choque.<\/strong><\/span><\/p>\n<p class=\"p1\"><span style=\"font-size: 14pt;\">Debe subrayarse que el papel de medios como radio f\u00f3rmula e Imagen fu determinante para que asistieran tantas personas, que, si bien cada d\u00eda son menos, el impulso que el dieron algunos de sus comentaristas debe tomarse muy en cuenta.<\/span><\/p>\n<p>&nbsp;<\/p>\n<p><img data-recalc-dims=\"1\" loading=\"lazy\" decoding=\"async\" class=\"aligncenter wp-image-20632 size-large\" src=\"https:\/\/i0.wp.com\/politicosaldesnudo.com.mx\/wp-content\/uploads\/2023\/06\/P-PLANTON-SCJN-1024x573.png?resize=800%2C448&#038;ssl=1\" alt=\"\" width=\"800\" height=\"448\" srcset=\"https:\/\/i0.wp.com\/politicosaldesnudo.com.mx\/wp-content\/uploads\/2023\/06\/P-PLANTON-SCJN.png?resize=1024%2C573&amp;ssl=1 1024w, https:\/\/i0.wp.com\/politicosaldesnudo.com.mx\/wp-content\/uploads\/2023\/06\/P-PLANTON-SCJN.png?resize=300%2C168&amp;ssl=1 300w, https:\/\/i0.wp.com\/politicosaldesnudo.com.mx\/wp-content\/uploads\/2023\/06\/P-PLANTON-SCJN.png?resize=768%2C430&amp;ssl=1 768w, https:\/\/i0.wp.com\/politicosaldesnudo.com.mx\/wp-content\/uploads\/2023\/06\/P-PLANTON-SCJN.png?resize=1536%2C859&amp;ssl=1 1536w, https:\/\/i0.wp.com\/politicosaldesnudo.com.mx\/wp-content\/uploads\/2023\/06\/P-PLANTON-SCJN.png?w=1816&amp;ssl=1 1816w, https:\/\/i0.wp.com\/politicosaldesnudo.com.mx\/wp-content\/uploads\/2023\/06\/P-PLANTON-SCJN.png?w=1600&amp;ssl=1 1600w\" sizes=\"auto, (max-width: 800px) 100vw, 800px\" \/><\/p>\n<p>&nbsp;<\/p>\n<p class=\"p1\"><span style=\"font-size: 18pt;\"><strong>La consigna era levantar un plant\u00f3n que denunciaba todas las anomal\u00edas de Norma Pi\u00f1a y sus ministros c\u00f3mplices, a las puertas de sus oficinas, a donde hab\u00edan acudido medios internacionales a mostrar la corrupci\u00f3n que existe en la c\u00fapula del Poder Judicial. Con estas \u00f3rdenes golpearon a mujeres, ancianos, ni\u00f1os, robaron objetos, destruyeron objetos, carpas, ropa, y pertenencias que no eran de los agresores, instalaron y violentaron a los que ah\u00ed estaban ejerciendo un derecho. Pero la pluralidad para la derecha del pa\u00eds debe ser exterminada. Son intolerantes y agresivos, requiere atenci\u00f3n profesional como pudo mostrarse en su expresi\u00f3n de agresi\u00f3n reprimida que exhibieron.<\/strong><\/span><\/p>\n<p class=\"p1\"><span style=\"font-size: 14pt;\">Una vez que los grupos de choque abandonaron las puertas de la Suprema Corte de Justicia de la Naci\u00f3n quienes estaban plantados en esa posici\u00f3n, levantaron sus correspondientes denuncias penales por diferentes motivos y regresaron a su plant\u00f3n, ahora, con la presencia de medios permanente, no s\u00f3lo del pa\u00eds sino del extranjero. Ahora juntan firmas para la destituci\u00f3n de Norma Pi\u00f1a, mientras buscan y detienen a los culpables y dan a conocer a los autores intelectuales de esta agresi\u00f3n que muestra los tiempos en los que al derecha quiere vivir.<\/span><\/p>\n<p>&nbsp;<\/p>\n<p class=\"p1\"><span style=\"font-size: 18pt; color: #139eca;\"><b>OPOSICI\u00d3N DESUNIDA<\/b><\/span><\/p>\n<p class=\"p1\"><span style=\"font-size: 18pt;\"><strong>En cuanto al cierre de campa\u00f1a de Alejandra del Moral, en Toluca la batalla campal entre perredistas y pri\u00edstas mostr\u00f3 no s\u00f3lo que no hay unidad dentro de la alianza opositora sino que la polarizaci\u00f3n la provocan los opositoras.<\/strong><\/span><\/p>\n<p class=\"p1\"><span style=\"font-size: 14pt;\">Para la derecha la ma\u00f1anera es punto de polarizaci\u00f3n, cuando en realidad no s\u00f3lo se muestra a los mentirosos sino que detiene el avance de consignas de la oposici\u00f3n basadas en el sabotaje y el golpismo, como lo ocurrido el domingo 28, donde confluyeron los intereses personales de la se\u00f1ora Pi\u00f1a, la constante intenci\u00f3n de desestabilizar del PAN; la necesidad de hacer presencia de la oposici\u00f3n ante las elecciones del 4 de junio en el Edomex, la criminalidad de la alcaldesa de Cuauht\u00e9moc y la existencia de grupos de choque contratados por todas estas instancias de las que echan mano cada vez m\u00e1s continuamente,<\/span><\/p>\n<p class=\"p1\"><span style=\"font-size: 14pt;\">Sin embargo, tanto en el Corte como en Toluca, su aut\u00e9ntica personalidad emergi\u00f3 de la violencia para dar a conocer que la polarizaci\u00f3n son ellos que est\u00e1n m\u00e1s desunidos que nunca.<\/span><\/p>\n<div><\/div>\n<div><\/div>\n<div>\n<hr \/>\n<p>&nbsp;<\/p>\n<p><span style=\"font-size: 18pt;\"><strong>Twitter:\u00a0<a href=\"https:\/\/twitter.com\/Josangasa3\">@Josangasa3<\/a><\/strong><\/span><\/p>\n<p>&nbsp;<\/p>\n<p><img data-recalc-dims=\"1\" loading=\"lazy\" decoding=\"async\" class=\"aligncenter wp-image-14351\" src=\"https:\/\/i0.wp.com\/politicosaldesnudo.com.mx\/wp-content\/uploads\/2023\/01\/FIRMA-EDITORIAL-PD-300x37.png?resize=800%2C98&#038;ssl=1\" alt=\"\" width=\"800\" height=\"98\" srcset=\"https:\/\/i0.wp.com\/politicosaldesnudo.com.mx\/wp-content\/uploads\/2023\/01\/FIRMA-EDITORIAL-PD.png?resize=300%2C37&amp;ssl=1 300w, https:\/\/i0.wp.com\/politicosaldesnudo.com.mx\/wp-content\/uploads\/2023\/01\/FIRMA-EDITORIAL-PD.png?resize=1024%2C125&amp;ssl=1 1024w, https:\/\/i0.wp.com\/politicosaldesnudo.com.mx\/wp-content\/uploads\/2023\/01\/FIRMA-EDITORIAL-PD.png?resize=768%2C94&amp;ssl=1 768w, https:\/\/i0.wp.com\/politicosaldesnudo.com.mx\/wp-content\/uploads\/2023\/01\/FIRMA-EDITORIAL-PD.png?resize=1536%2C188&amp;ssl=1 1536w, https:\/\/i0.wp.com\/politicosaldesnudo.com.mx\/wp-content\/uploads\/2023\/01\/FIRMA-EDITORIAL-PD.png?resize=2048%2C250&amp;ssl=1 2048w, https:\/\/i0.wp.com\/politicosaldesnudo.com.mx\/wp-content\/uploads\/2023\/01\/FIRMA-EDITORIAL-PD.png?w=1600&amp;ssl=1 1600w, https:\/\/i0.wp.com\/politicosaldesnudo.com.mx\/wp-content\/uploads\/2023\/01\/FIRMA-EDITORIAL-PD.png?w=2400&amp;ssl=1 2400w\" sizes=\"auto, (max-width: 800px) 100vw, 800px\" \/><\/p>\n<p>&nbsp;<\/p>\n<\/div>\n<p>&nbsp;<\/p>\n","protected":false},"excerpt":{"rendered":"<p>&nbsp; Por Jos\u00e9 Garc\u00eda S\u00e1nchez Otra vez todo le sali\u00f3 mal a la oposici\u00f3n. El plant\u00f3n frente a la Suprema<\/p>\n","protected":false},"author":4,"featured_media":1086,"comment_status":"closed","ping_status":"closed","sticky":false,"template":"","format":"standard","meta":{"colormag_page_container_layout":"default_layout","colormag_page_sidebar_layout":"default_layout","_jetpack_memberships_contains_paid_content":false,"footnotes":"","jetpack_publicize_message":"","jetpack_publicize_feature_enabled":true,"jetpack_social_post_already_shared":false,"jetpack_social_options":{"image_generator_settings":{"template":"highway","default_image_id":0,"font":"","enabled":false},"version":2}},"categories":[26],"tags":[452,103,2803,545],"class_list":["post-20631","post","type-post","status-publish","format-standard","has-post-thumbnail","hentry","category-columnistas","tag-oposicion","tag-pan","tag-platon","tag-suprema-corte-de-justicia"],"jetpack_publicize_connections":[],"jetpack_featured_media_url":"https:\/\/i0.wp.com\/politicosaldesnudo.com.mx\/wp-content\/uploads\/2021\/12\/JOSE%CC%81-GARCI%CC%81A.png?fit=1816%2C1016&ssl=1","jetpack-related-posts":[],"jetpack_sharing_enabled":true,"_links":{"self":[{"href":"https:\/\/politicosaldesnudo.com.mx\/index.php\/wp-json\/wp\/v2\/posts\/20631","targetHints":{"allow":["GET"]}}],"collection":[{"href":"https:\/\/politicosaldesnudo.com.mx\/index.php\/wp-json\/wp\/v2\/posts"}],"about":[{"href":"https:\/\/politicosaldesnudo.com.mx\/index.php\/wp-json\/wp\/v2\/types\/post"}],"author":[{"embeddable":true,"href":"https:\/\/politicosaldesnudo.com.mx\/index.php\/wp-json\/wp\/v2\/users\/4"}],"replies":[{"embeddable":true,"href":"https:\/\/politicosaldesnudo.com.mx\/index.php\/wp-json\/wp\/v2\/comments?post=20631"}],"version-history":[{"count":0,"href":"https:\/\/politicosaldesnudo.com.mx\/index.php\/wp-json\/wp\/v2\/posts\/20631\/revisions"}],"wp:featuredmedia":[{"embeddable":true,"href":"https:\/\/politicosaldesnudo.com.mx\/index.php\/wp-json\/wp\/v2\/media\/1086"}],"wp:attachment":[{"href":"https:\/\/politicosaldesnudo.com.mx\/index.php\/wp-json\/wp\/v2\/media?parent=20631"}],"wp:term":[{"taxonomy":"category","embeddable":true,"href":"https:\/\/politicosaldesnudo.com.mx\/index.php\/wp-json\/wp\/v2\/categories?post=20631"},{"taxonomy":"post_tag","embeddable":true,"href":"https:\/\/politicosaldesnudo.com.mx\/index.php\/wp-json\/wp\/v2\/tags?post=20631"}],"curies":[{"name":"wp","href":"https:\/\/api.w.org\/{rel}","templated":true}]}}