{"id":20702,"date":"2023-06-06T03:45:07","date_gmt":"2023-06-06T08:45:07","guid":{"rendered":"https:\/\/politicosaldesnudo.com.mx\/?p=20702"},"modified":"2023-06-06T05:38:55","modified_gmt":"2023-06-06T10:38:55","slug":"las-cenizas-del-pri","status":"publish","type":"post","link":"https:\/\/politicosaldesnudo.com.mx\/index.php\/2023\/06\/06\/las-cenizas-del-pri\/","title":{"rendered":"Las cenizas del PRI"},"content":{"rendered":"<p>&nbsp;<\/p>\n<p class=\"p1\"><span style=\"font-size: 18pt;\"><strong>Por Jos\u00e9 Garc\u00eda S\u00e1nchez<\/strong><\/span><\/p>\n<p class=\"p1\"><span style=\"font-size: 14pt;\">Empez\u00f3 la desbandada en el PRI. La mayor\u00eda ni siquiera se toma la molestia de darse de baja. A nadie sirve ser la cuarta fuerza electoral del pa\u00eds, despu\u00e9s de haberlo tenido todo en sus manos. A esta lamentable situaci\u00f3n se suma otra, que su l\u00edder nacional. Alito Moreno, se perfila como candidato a la Presidencia dela Rep\u00fablica por ese partido, lo cual lo condena a una derrota mayor.<\/span><\/p>\n<p class=\"p1\"><span style=\"font-size: 18pt;\"><strong>Los resultados de las elecciones en el Estado de M\u00e9xico dejaron catat\u00f3nicos a m\u00e1s de uno de los l\u00edderes verdaderos del tricolor, que, a pesar de estar suficientemente telegrafiada su derrota, no lo creyeron. Deber\u00e1n organizarse y dar la cara al pueblo al que han olvidado desde hace muchos a\u00f1os.<\/strong><\/span><\/p>\n<p class=\"p1\"><span style=\"font-size: 18pt;\"><strong>Los priistas llegaron a tal punto de enfrentamiento interno que las derrotas los divid\u00edan lo mismo que las victorias electorales. La decadencia exige refundaci\u00f3n, cambios, transformaciones, pero los pri\u00edstas hilvanaron sus caracter\u00edsticas m\u00e1s profundas, como la corrupci\u00f3n, hasta hacerlas aparecer en el presente, con la enorme cantidad de corruptelas concentradas en la persona de su l\u00edder nacional. El PRI nunca conoci\u00f3 la autocr\u00edtica.<\/strong><\/span><\/p>\n<p class=\"p1\"><span style=\"font-size: 14pt;\">Lo primero que deb\u00edan sacudirse que es la fama de la corrupci\u00f3n sigue siendo una pr\u00e1ctica diaria para la c\u00fapula de ese partido, que act\u00faa como si fuera inocente. Ahora, tendr\u00e1 que mantenerse al margen de cualquier alianza a la que da\u00f1ar\u00eda lejos de beneficiarla en las urnas.<\/span><\/p>\n<p>&nbsp;<\/p>\n<p><img data-recalc-dims=\"1\" loading=\"lazy\" decoding=\"async\" class=\"aligncenter wp-image-20703 size-large\" src=\"https:\/\/i0.wp.com\/politicosaldesnudo.com.mx\/wp-content\/uploads\/2023\/06\/P-PRI-1-1024x573.png?resize=800%2C448&#038;ssl=1\" alt=\"\" width=\"800\" height=\"448\" srcset=\"https:\/\/i0.wp.com\/politicosaldesnudo.com.mx\/wp-content\/uploads\/2023\/06\/P-PRI-1.png?resize=1024%2C573&amp;ssl=1 1024w, https:\/\/i0.wp.com\/politicosaldesnudo.com.mx\/wp-content\/uploads\/2023\/06\/P-PRI-1.png?resize=300%2C168&amp;ssl=1 300w, https:\/\/i0.wp.com\/politicosaldesnudo.com.mx\/wp-content\/uploads\/2023\/06\/P-PRI-1.png?resize=768%2C430&amp;ssl=1 768w, https:\/\/i0.wp.com\/politicosaldesnudo.com.mx\/wp-content\/uploads\/2023\/06\/P-PRI-1.png?resize=1536%2C859&amp;ssl=1 1536w, https:\/\/i0.wp.com\/politicosaldesnudo.com.mx\/wp-content\/uploads\/2023\/06\/P-PRI-1.png?w=1816&amp;ssl=1 1816w, https:\/\/i0.wp.com\/politicosaldesnudo.com.mx\/wp-content\/uploads\/2023\/06\/P-PRI-1.png?w=1600&amp;ssl=1 1600w\" sizes=\"auto, (max-width: 800px) 100vw, 800px\" \/><\/p>\n<p>&nbsp;<\/p>\n<p class=\"p1\"><span style=\"font-size: 18pt; color: #139eca;\"><strong>El PRI no aprendi\u00f3 de sus errores porque siempre se crey\u00f3 perfecto y m\u00e1s de unos de sus militantes que creyeron que hab\u00eda ganado su candidata en el Estado de M\u00e9xico, en realidad estaban convencidos de ellos, lo cual habla de una separaci\u00f3n muy grave con la realidad, pero sobre todo, con la poblaci\u00f3n.<\/strong><\/span><\/p>\n<p class=\"p1\"><span style=\"font-size: 14pt;\">El epicentro del pri\u00edsmo fue derribado con una gran cantidad de votos de diferencia. Es decir, no hubo una batalla electoral re\u00f1ida en el basti\u00f3n m\u00e1s s\u00f3lido del tricolor, sino una derrota clara y, m\u00e1s a\u00fan apabullante.<\/span><\/p>\n<p class=\"p1\"><span style=\"font-size: 14pt;\">El desencanto del tricolor tambi\u00e9n golpe\u00f3 a quienes sin militar en el partido ten\u00edan por costumbre seguir la inercia electorera de llevar al triunfo a ese partido. Ahora s\u00f3lo lo llevan a enterrar. Es decir, se quedan hu\u00e9rfanos sin alternativa, porque el hecho de haber aguantado hasta ahora les muestra que no hay otro partido que les llame la atenci\u00f3n para apoyar, porque no conocen a los dem\u00e1s. Los priistas militantes y simpatizantes vivieron en una esfera de cristal, primero en el poder y luego en la nostalgia por el poder que ya no pueden resistir, simplemente se van al limbo partidista.<\/span><\/p>\n<p class=\"p1\"><span style=\"font-size: 14pt;\">El camino hacia las legislaturas plurinominales se hab\u00eda prostituido a grado tal que no permit\u00eda eufemismos ni connotaciones. La corrupci\u00f3n era insoportable incluso para los priistas, acostumbrados a estas pr\u00e1cticas todos los d\u00edas.<\/span><\/p>\n<p class=\"p1\"><span style=\"font-size: 18pt;\"><strong>La larga agon\u00eda del PRI se debe a que sus simpatizantes no los hab\u00edan abandonado, de no ser por ellos, los poco menos de un mill\u00f3n de militantes hubieran cerrado la puerta por fuera. Una de las fuerzas que alargaron la agon\u00eda del PRI fueron tres generaciones de periodistas que vivieron de las d\u00e1divas del partido, desde la c\u00fapula, desde las oficinas de Comunicaci\u00f3n Social, hasta las curules y sus perfumados ocupantes.<\/strong><\/span><\/p>\n<p class=\"p1\"><span style=\"font-size: 18pt; color: #139eca;\"><strong>Lleg\u00f3 el momento que en las elecciones del Estado de M\u00e9xico mostraron el cad\u00e1ver, aunque aseguraban que al minuto de haberse cerrado las casillas todav\u00eda respiraba.<\/strong><\/span><\/p>\n<div><\/div>\n<div><\/div>\n<div>\n<hr \/>\n<p>&nbsp;<\/p>\n<p><span style=\"font-size: 18pt;\"><strong>Twitter:\u00a0<a href=\"https:\/\/twitter.com\/Josangasa3\">@Josangasa3<\/a><\/strong><\/span><\/p>\n<p>&nbsp;<\/p>\n<p><img data-recalc-dims=\"1\" loading=\"lazy\" decoding=\"async\" class=\"aligncenter wp-image-14351\" src=\"https:\/\/i0.wp.com\/politicosaldesnudo.com.mx\/wp-content\/uploads\/2023\/01\/FIRMA-EDITORIAL-PD-300x37.png?resize=800%2C98&#038;ssl=1\" alt=\"\" width=\"800\" height=\"98\" srcset=\"https:\/\/i0.wp.com\/politicosaldesnudo.com.mx\/wp-content\/uploads\/2023\/01\/FIRMA-EDITORIAL-PD.png?resize=300%2C37&amp;ssl=1 300w, https:\/\/i0.wp.com\/politicosaldesnudo.com.mx\/wp-content\/uploads\/2023\/01\/FIRMA-EDITORIAL-PD.png?resize=1024%2C125&amp;ssl=1 1024w, https:\/\/i0.wp.com\/politicosaldesnudo.com.mx\/wp-content\/uploads\/2023\/01\/FIRMA-EDITORIAL-PD.png?resize=768%2C94&amp;ssl=1 768w, https:\/\/i0.wp.com\/politicosaldesnudo.com.mx\/wp-content\/uploads\/2023\/01\/FIRMA-EDITORIAL-PD.png?resize=1536%2C188&amp;ssl=1 1536w, https:\/\/i0.wp.com\/politicosaldesnudo.com.mx\/wp-content\/uploads\/2023\/01\/FIRMA-EDITORIAL-PD.png?resize=2048%2C250&amp;ssl=1 2048w, https:\/\/i0.wp.com\/politicosaldesnudo.com.mx\/wp-content\/uploads\/2023\/01\/FIRMA-EDITORIAL-PD.png?w=1600&amp;ssl=1 1600w, https:\/\/i0.wp.com\/politicosaldesnudo.com.mx\/wp-content\/uploads\/2023\/01\/FIRMA-EDITORIAL-PD.png?w=2400&amp;ssl=1 2400w\" sizes=\"auto, (max-width: 800px) 100vw, 800px\" \/><\/p>\n<p>&nbsp;<\/p>\n<\/div>\n<p>&nbsp;<\/p>\n<p>&nbsp;<\/p>\n","protected":false},"excerpt":{"rendered":"<p>&nbsp; Por Jos\u00e9 Garc\u00eda S\u00e1nchez Empez\u00f3 la desbandada en el PRI. La mayor\u00eda ni siquiera se toma la molestia de<\/p>\n","protected":false},"author":4,"featured_media":3934,"comment_status":"closed","ping_status":"closed","sticky":false,"template":"","format":"standard","meta":{"colormag_page_container_layout":"default_layout","colormag_page_sidebar_layout":"default_layout","_jetpack_memberships_contains_paid_content":false,"footnotes":"","jetpack_publicize_message":"","jetpack_publicize_feature_enabled":true,"jetpack_social_post_already_shared":false,"jetpack_social_options":{"image_generator_settings":{"template":"highway","default_image_id":0,"font":"","enabled":false},"version":2}},"categories":[26],"tags":[250,375,226,2814],"class_list":["post-20702","post","type-post","status-publish","format-standard","has-post-thumbnail","hentry","category-columnistas","tag-alito-moreno","tag-estado-de-mexico","tag-pri","tag-priistas"],"jetpack_publicize_connections":[],"jetpack_featured_media_url":"https:\/\/i0.wp.com\/politicosaldesnudo.com.mx\/wp-content\/uploads\/2022\/04\/JOSE%CC%81-GARCI%CC%81A.png?fit=1816%2C1016&ssl=1","jetpack-related-posts":[],"jetpack_sharing_enabled":true,"_links":{"self":[{"href":"https:\/\/politicosaldesnudo.com.mx\/index.php\/wp-json\/wp\/v2\/posts\/20702","targetHints":{"allow":["GET"]}}],"collection":[{"href":"https:\/\/politicosaldesnudo.com.mx\/index.php\/wp-json\/wp\/v2\/posts"}],"about":[{"href":"https:\/\/politicosaldesnudo.com.mx\/index.php\/wp-json\/wp\/v2\/types\/post"}],"author":[{"embeddable":true,"href":"https:\/\/politicosaldesnudo.com.mx\/index.php\/wp-json\/wp\/v2\/users\/4"}],"replies":[{"embeddable":true,"href":"https:\/\/politicosaldesnudo.com.mx\/index.php\/wp-json\/wp\/v2\/comments?post=20702"}],"version-history":[{"count":0,"href":"https:\/\/politicosaldesnudo.com.mx\/index.php\/wp-json\/wp\/v2\/posts\/20702\/revisions"}],"wp:featuredmedia":[{"embeddable":true,"href":"https:\/\/politicosaldesnudo.com.mx\/index.php\/wp-json\/wp\/v2\/media\/3934"}],"wp:attachment":[{"href":"https:\/\/politicosaldesnudo.com.mx\/index.php\/wp-json\/wp\/v2\/media?parent=20702"}],"wp:term":[{"taxonomy":"category","embeddable":true,"href":"https:\/\/politicosaldesnudo.com.mx\/index.php\/wp-json\/wp\/v2\/categories?post=20702"},{"taxonomy":"post_tag","embeddable":true,"href":"https:\/\/politicosaldesnudo.com.mx\/index.php\/wp-json\/wp\/v2\/tags?post=20702"}],"curies":[{"name":"wp","href":"https:\/\/api.w.org\/{rel}","templated":true}]}}