{"id":20760,"date":"2023-06-07T08:02:54","date_gmt":"2023-06-07T13:02:54","guid":{"rendered":"https:\/\/politicosaldesnudo.com.mx\/?p=20760"},"modified":"2023-07-01T10:20:50","modified_gmt":"2023-07-01T15:20:50","slug":"certifica-gobierno-de-tuxpan-a-252-servidores-publicos-y-educadores-en-lengua-de-senas-mexicana","status":"publish","type":"post","link":"https:\/\/politicosaldesnudo.com.mx\/index.php\/2023\/06\/07\/certifica-gobierno-de-tuxpan-a-252-servidores-publicos-y-educadores-en-lengua-de-senas-mexicana\/","title":{"rendered":"Certifica gobierno de Tuxpan a 252 servidores p\u00fablicos y educadores en \u201cLengua de Se\u00f1as Mexicana\u201d"},"content":{"rendered":"<p>&nbsp;<\/p>\n<p class=\"p1\"><span style=\"font-size: 14pt;\"><em><strong>TUXPAN, VERACRUZ.<\/strong><\/em> <strong>El alcalde Jos\u00e9 Manuel Pozos<\/strong> presidi\u00f3 la entrega de <strong>Constancias del Curso de Lengua de Se\u00f1as Mexicana B\u00e1sico I a 252 educadoras y educadores<\/strong> de nivel preescolar y servidores p\u00fablicos.<span class=\"Apple-converted-space\">\u00a0<\/span><\/span><\/p>\n<p class=\"p1\"><span style=\"font-size: 18pt;\"><strong>Acompa\u00f1ado de su esposa Pamela Morales Huesca, presidenta del DIF Tuxpan, Jos\u00e9 Manuel Pozos dio un emotivo mensaje en el que destac\u00f3 que esta capacitaci\u00f3n abre la puerta a la inclusi\u00f3n y a la igualdad.<\/strong><\/span><\/p>\n<p>&nbsp;<\/p>\n<p><img data-recalc-dims=\"1\" loading=\"lazy\" decoding=\"async\" class=\"aligncenter wp-image-20763 size-large\" src=\"https:\/\/i0.wp.com\/politicosaldesnudo.com.mx\/wp-content\/uploads\/2023\/06\/P-TUXPAN-LENGUAS-DE-SENAS-3-1024x573.png?resize=800%2C448&#038;ssl=1\" alt=\"\" width=\"800\" height=\"448\" srcset=\"https:\/\/i0.wp.com\/politicosaldesnudo.com.mx\/wp-content\/uploads\/2023\/06\/P-TUXPAN-LENGUAS-DE-SENAS-3.png?resize=1024%2C573&amp;ssl=1 1024w, https:\/\/i0.wp.com\/politicosaldesnudo.com.mx\/wp-content\/uploads\/2023\/06\/P-TUXPAN-LENGUAS-DE-SENAS-3.png?resize=300%2C168&amp;ssl=1 300w, https:\/\/i0.wp.com\/politicosaldesnudo.com.mx\/wp-content\/uploads\/2023\/06\/P-TUXPAN-LENGUAS-DE-SENAS-3.png?resize=768%2C430&amp;ssl=1 768w, https:\/\/i0.wp.com\/politicosaldesnudo.com.mx\/wp-content\/uploads\/2023\/06\/P-TUXPAN-LENGUAS-DE-SENAS-3.png?resize=1536%2C859&amp;ssl=1 1536w, https:\/\/i0.wp.com\/politicosaldesnudo.com.mx\/wp-content\/uploads\/2023\/06\/P-TUXPAN-LENGUAS-DE-SENAS-3.png?w=1816&amp;ssl=1 1816w, https:\/\/i0.wp.com\/politicosaldesnudo.com.mx\/wp-content\/uploads\/2023\/06\/P-TUXPAN-LENGUAS-DE-SENAS-3.png?w=1600&amp;ssl=1 1600w\" sizes=\"auto, (max-width: 800px) 100vw, 800px\" \/><\/p>\n<p>&nbsp;<\/p>\n<blockquote>\n<p class=\"p1\"><span style=\"font-size: 14pt;\">El tomar la iniciativa para capacitarse en Lengua de Se\u00f1as, es un gran acto de generosidad, de solidaridad y empat\u00eda, valores que solo est\u00e1n presentes en las personas de gran coraz\u00f3n\u201d<\/span><\/p>\n<\/blockquote>\n<p>&nbsp;<\/p>\n<p class=\"p1\"><span style=\"font-size: 18pt;\"><strong>Reconoci\u00f3 y felicit\u00f3 al personal del DIF, a empleados del Ayuntamiento y educadoras que recibieron sus constancias.<\/strong><\/span><\/p>\n<p>&nbsp;<\/p>\n<blockquote>\n<p class=\"p1\"><span style=\"font-size: 14pt;\">En sus manos est\u00e1 el don de la palabra y la voz que transforma la realidad de quienes padecen sordera\u201d<\/span><\/p>\n<\/blockquote>\n<p>&nbsp;<\/p>\n<p><img data-recalc-dims=\"1\" loading=\"lazy\" decoding=\"async\" class=\"aligncenter wp-image-20765 size-large\" src=\"https:\/\/i0.wp.com\/politicosaldesnudo.com.mx\/wp-content\/uploads\/2023\/06\/P-TUXPAN-LENGUAS-DE-SENAS-5-1024x573.png?resize=800%2C448&#038;ssl=1\" alt=\"\" width=\"800\" height=\"448\" srcset=\"https:\/\/i0.wp.com\/politicosaldesnudo.com.mx\/wp-content\/uploads\/2023\/06\/P-TUXPAN-LENGUAS-DE-SENAS-5.png?resize=1024%2C573&amp;ssl=1 1024w, https:\/\/i0.wp.com\/politicosaldesnudo.com.mx\/wp-content\/uploads\/2023\/06\/P-TUXPAN-LENGUAS-DE-SENAS-5.png?resize=300%2C168&amp;ssl=1 300w, https:\/\/i0.wp.com\/politicosaldesnudo.com.mx\/wp-content\/uploads\/2023\/06\/P-TUXPAN-LENGUAS-DE-SENAS-5.png?resize=768%2C430&amp;ssl=1 768w, https:\/\/i0.wp.com\/politicosaldesnudo.com.mx\/wp-content\/uploads\/2023\/06\/P-TUXPAN-LENGUAS-DE-SENAS-5.png?resize=1536%2C859&amp;ssl=1 1536w, https:\/\/i0.wp.com\/politicosaldesnudo.com.mx\/wp-content\/uploads\/2023\/06\/P-TUXPAN-LENGUAS-DE-SENAS-5.png?w=1816&amp;ssl=1 1816w, https:\/\/i0.wp.com\/politicosaldesnudo.com.mx\/wp-content\/uploads\/2023\/06\/P-TUXPAN-LENGUAS-DE-SENAS-5.png?w=1600&amp;ssl=1 1600w\" sizes=\"auto, (max-width: 800px) 100vw, 800px\" \/><\/p>\n<p>&nbsp;<\/p>\n<p class=\"p1\"><span style=\"font-size: 18pt;\"><strong>Jos\u00e9 Manuel Pozos destac\u00f3 que lo maestros son el alma de la Nueva Escuela Mexicana y en las aulas se esfuerzan por mejorar los alcances formativos, sin dejar a nadie fuera.<\/strong><\/span><\/p>\n<p>&nbsp;<\/p>\n<blockquote>\n<p class=\"p1\"><span style=\"font-size: 14pt;\">Mi reconocimiento a todos ustedes, por su aporte al desarrollo educativo con sentido igualitario y m\u00e1s humano\u201d<\/span><\/p>\n<\/blockquote>\n<p>&nbsp;<\/p>\n<p class=\"p1\"><span style=\"font-size: 18pt;\"><strong>Asimismo Jos\u00e9 Manuel Pozos resalt\u00f3 que Tuxpan es uno de los primeros municipios a nivel nacional en capacitar y certificar a funcionarios p\u00fablicos y maestros en lengua de se\u00f1as mexicana.<\/strong><\/span><\/p>\n<p>&nbsp;<\/p>\n<p><img data-recalc-dims=\"1\" loading=\"lazy\" decoding=\"async\" class=\"aligncenter wp-image-20762 size-large\" src=\"https:\/\/i0.wp.com\/politicosaldesnudo.com.mx\/wp-content\/uploads\/2023\/06\/P-TUXPAN-LENGUAS-DE-SENAS-2-1024x573.png?resize=800%2C448&#038;ssl=1\" alt=\"\" width=\"800\" height=\"448\" srcset=\"https:\/\/i0.wp.com\/politicosaldesnudo.com.mx\/wp-content\/uploads\/2023\/06\/P-TUXPAN-LENGUAS-DE-SENAS-2.png?resize=1024%2C573&amp;ssl=1 1024w, https:\/\/i0.wp.com\/politicosaldesnudo.com.mx\/wp-content\/uploads\/2023\/06\/P-TUXPAN-LENGUAS-DE-SENAS-2.png?resize=300%2C168&amp;ssl=1 300w, https:\/\/i0.wp.com\/politicosaldesnudo.com.mx\/wp-content\/uploads\/2023\/06\/P-TUXPAN-LENGUAS-DE-SENAS-2.png?resize=768%2C430&amp;ssl=1 768w, https:\/\/i0.wp.com\/politicosaldesnudo.com.mx\/wp-content\/uploads\/2023\/06\/P-TUXPAN-LENGUAS-DE-SENAS-2.png?resize=1536%2C859&amp;ssl=1 1536w, https:\/\/i0.wp.com\/politicosaldesnudo.com.mx\/wp-content\/uploads\/2023\/06\/P-TUXPAN-LENGUAS-DE-SENAS-2.png?w=1816&amp;ssl=1 1816w, https:\/\/i0.wp.com\/politicosaldesnudo.com.mx\/wp-content\/uploads\/2023\/06\/P-TUXPAN-LENGUAS-DE-SENAS-2.png?w=1600&amp;ssl=1 1600w\" sizes=\"auto, (max-width: 800px) 100vw, 800px\" \/><\/p>\n<p>&nbsp;<\/p>\n<p class=\"p1\"><span style=\"font-size: 18pt;\"><strong>Por su parte, On\u00e9simo P\u00e9rez Ramos, delegado regional de la SEV felicit\u00f3 -en nombre del secretario de Educaci\u00f3n- a los docentes que se capacitaron, ya que con ello refrendan la entrega y el compromiso en su labor.<\/strong><\/span><\/p>\n<p class=\"p1\"><span style=\"font-size: 14pt;\">Acompa\u00f1aron al alcalde en esta entrega On\u00e9simo P\u00e9rez Ramos, delegado regional de la SEV en Tuxpan, en representaci\u00f3n del secretario de Educaci\u00f3n, Zenyazen Escobar Garc\u00eda; Claudia Susana Mu\u00f1oz Gonz\u00e1lez, jefa del Sector Federal; Karla Mart\u00ednez Fuentes, supervisora escolar de Preescolar Estatal.<span class=\"Apple-converted-space\">\u00a0<\/span><\/span><\/p>\n<p class=\"p1\"><span style=\"font-size: 14pt;\">Wulfrano Sol\u00eds Guzm\u00e1n, jefe de sector Federal de Primarias; Pablo de la Cruz Reyes, Supervisor Escolar Estatal; los ediles Luis Demetrio L\u00f3pez Mar\u00edn, comisionado en Educaci\u00f3n, Lucero Res\u00e9ndis Ambrocio y Axel Bernal Herrera y el Lic. en Educaci\u00f3n Especial en el \u00e1rea intelectual y encargado de impartir los cursos, Heriberto del \u00c1ngel Cruz.<\/span><\/p>\n<p>&nbsp;<\/p>\n<p><img data-recalc-dims=\"1\" loading=\"lazy\" decoding=\"async\" class=\"aligncenter wp-image-20761 size-large\" src=\"https:\/\/i0.wp.com\/politicosaldesnudo.com.mx\/wp-content\/uploads\/2023\/06\/P-TUXPAN-LENGUAS-DE-SENAS-1-1024x573.png?resize=800%2C448&#038;ssl=1\" alt=\"\" width=\"800\" height=\"448\" srcset=\"https:\/\/i0.wp.com\/politicosaldesnudo.com.mx\/wp-content\/uploads\/2023\/06\/P-TUXPAN-LENGUAS-DE-SENAS-1.png?resize=1024%2C573&amp;ssl=1 1024w, https:\/\/i0.wp.com\/politicosaldesnudo.com.mx\/wp-content\/uploads\/2023\/06\/P-TUXPAN-LENGUAS-DE-SENAS-1.png?resize=300%2C168&amp;ssl=1 300w, https:\/\/i0.wp.com\/politicosaldesnudo.com.mx\/wp-content\/uploads\/2023\/06\/P-TUXPAN-LENGUAS-DE-SENAS-1.png?resize=768%2C430&amp;ssl=1 768w, https:\/\/i0.wp.com\/politicosaldesnudo.com.mx\/wp-content\/uploads\/2023\/06\/P-TUXPAN-LENGUAS-DE-SENAS-1.png?resize=1536%2C859&amp;ssl=1 1536w, https:\/\/i0.wp.com\/politicosaldesnudo.com.mx\/wp-content\/uploads\/2023\/06\/P-TUXPAN-LENGUAS-DE-SENAS-1.png?w=1816&amp;ssl=1 1816w, https:\/\/i0.wp.com\/politicosaldesnudo.com.mx\/wp-content\/uploads\/2023\/06\/P-TUXPAN-LENGUAS-DE-SENAS-1.png?w=1600&amp;ssl=1 1600w\" sizes=\"auto, (max-width: 800px) 100vw, 800px\" \/><\/p>\n<p>&nbsp;<\/p>\n<p>&nbsp;<\/p>\n<p>&nbsp;<\/p>\n<p>&nbsp;<\/p>\n<p>&nbsp;<\/p>\n<p>&nbsp;<\/p>\n","protected":false},"excerpt":{"rendered":"<p>&nbsp; TUXPAN, VERACRUZ. El alcalde Jos\u00e9 Manuel Pozos presidi\u00f3 la entrega de Constancias del Curso de Lengua de Se\u00f1as Mexicana<\/p>\n","protected":false},"author":4,"featured_media":20764,"comment_status":"closed","ping_status":"closed","sticky":false,"template":"","format":"standard","meta":{"colormag_page_container_layout":"default_layout","colormag_page_sidebar_layout":"default_layout","_jetpack_memberships_contains_paid_content":false,"footnotes":"","jetpack_publicize_message":"","jetpack_publicize_feature_enabled":true,"jetpack_social_post_already_shared":false,"jetpack_social_options":{"image_generator_settings":{"template":"highway","default_image_id":0,"font":"","enabled":false},"version":2}},"categories":[1082],"tags":[1099,576,1871,2819,1872,650,70,100],"class_list":["post-20760","post","type-post","status-publish","format-standard","has-post-thumbnail","hentry","category-tuxpan","tag-dif-tuxpan","tag-jose-manuel-pozos","tag-lengua-de-senas-mexicana","tag-onesimo-perez","tag-pamela-morales","tag-sev","tag-tuxpan","tag-veracruz"],"jetpack_publicize_connections":[],"jetpack_featured_media_url":"https:\/\/i0.wp.com\/politicosaldesnudo.com.mx\/wp-content\/uploads\/2023\/06\/P-TUXPAN-LENGUAS-DE-SENAS-4.png?fit=1816%2C1016&ssl=1","jetpack-related-posts":[],"jetpack_sharing_enabled":true,"_links":{"self":[{"href":"https:\/\/politicosaldesnudo.com.mx\/index.php\/wp-json\/wp\/v2\/posts\/20760","targetHints":{"allow":["GET"]}}],"collection":[{"href":"https:\/\/politicosaldesnudo.com.mx\/index.php\/wp-json\/wp\/v2\/posts"}],"about":[{"href":"https:\/\/politicosaldesnudo.com.mx\/index.php\/wp-json\/wp\/v2\/types\/post"}],"author":[{"embeddable":true,"href":"https:\/\/politicosaldesnudo.com.mx\/index.php\/wp-json\/wp\/v2\/users\/4"}],"replies":[{"embeddable":true,"href":"https:\/\/politicosaldesnudo.com.mx\/index.php\/wp-json\/wp\/v2\/comments?post=20760"}],"version-history":[{"count":0,"href":"https:\/\/politicosaldesnudo.com.mx\/index.php\/wp-json\/wp\/v2\/posts\/20760\/revisions"}],"wp:featuredmedia":[{"embeddable":true,"href":"https:\/\/politicosaldesnudo.com.mx\/index.php\/wp-json\/wp\/v2\/media\/20764"}],"wp:attachment":[{"href":"https:\/\/politicosaldesnudo.com.mx\/index.php\/wp-json\/wp\/v2\/media?parent=20760"}],"wp:term":[{"taxonomy":"category","embeddable":true,"href":"https:\/\/politicosaldesnudo.com.mx\/index.php\/wp-json\/wp\/v2\/categories?post=20760"},{"taxonomy":"post_tag","embeddable":true,"href":"https:\/\/politicosaldesnudo.com.mx\/index.php\/wp-json\/wp\/v2\/tags?post=20760"}],"curies":[{"name":"wp","href":"https:\/\/api.w.org\/{rel}","templated":true}]}}