{"id":20780,"date":"2023-06-07T14:25:31","date_gmt":"2023-06-07T19:25:31","guid":{"rendered":"https:\/\/politicosaldesnudo.com.mx\/?p=20780"},"modified":"2023-06-07T15:04:40","modified_gmt":"2023-06-07T20:04:40","slug":"en-guadalajara-enrique-alfaro-y-pablo-lemus-mandan-a-quitar-el-antimonumento-5j","status":"publish","type":"post","link":"https:\/\/politicosaldesnudo.com.mx\/index.php\/2023\/06\/07\/en-guadalajara-enrique-alfaro-y-pablo-lemus-mandan-a-quitar-el-antimonumento-5j\/","title":{"rendered":"En Guadalajara, Enrique Alfaro y Pablo Lemus mandan a quitar el \u201cantimonumento 5J\u201d"},"content":{"rendered":"<p>&nbsp;<\/p>\n<p class=\"p2\"><span style=\"font-size: 14pt;\"><em><strong>GUADALAJARA, JALISCO.\u00a0<\/strong><\/em><strong>Un grupo de sujetos enviados por el gobernador Enrique Alfaro y el alcalde de Guadalajara, Pablo Lemus, quitaron el antimonumento 5J<\/strong>, instalado horas antes por diversos colectivos como recordatorio de la represi\u00f3n policial ordenada en junio de 2020 contra manifestantes molestos por la muerte del alba\u00f1il Giovanni L\u00f3pez, a causa de la golpiza que le dieron agentes que lo arrestaron por no usar cubrebocas.<\/span><\/p>\n<p>&nbsp;<\/p>\n<blockquote>\n<p class=\"p2\"><span style=\"font-size: 14pt;\">No hay pol\u00e9mica. Claro que la retiraron el gobierno del estado y el gobierno municipal de Guadalajara, los dos. Est\u00e1 prohibido poner eso. Yo habl\u00e9 en la ma\u00f1ana con el presidente Lemus con toda claridad; es una decisi\u00f3n de los dos y es una decisi\u00f3n que sostenemos y vamos a mantener en todo caso\u201d, advirti\u00f3 Enrique Alfaro<\/span><\/p>\n<\/blockquote>\n<p>&nbsp;<\/p>\n<p><img data-recalc-dims=\"1\" loading=\"lazy\" decoding=\"async\" class=\"aligncenter wp-image-20788 size-large\" src=\"https:\/\/i0.wp.com\/politicosaldesnudo.com.mx\/wp-content\/uploads\/2023\/06\/P-GUADALAJARA-ANTIMONUMENTO-5-1024x573.png?resize=800%2C448&#038;ssl=1\" alt=\"\" width=\"800\" height=\"448\" srcset=\"https:\/\/i0.wp.com\/politicosaldesnudo.com.mx\/wp-content\/uploads\/2023\/06\/P-GUADALAJARA-ANTIMONUMENTO-5.png?resize=1024%2C573&amp;ssl=1 1024w, https:\/\/i0.wp.com\/politicosaldesnudo.com.mx\/wp-content\/uploads\/2023\/06\/P-GUADALAJARA-ANTIMONUMENTO-5.png?resize=300%2C168&amp;ssl=1 300w, https:\/\/i0.wp.com\/politicosaldesnudo.com.mx\/wp-content\/uploads\/2023\/06\/P-GUADALAJARA-ANTIMONUMENTO-5.png?resize=768%2C430&amp;ssl=1 768w, https:\/\/i0.wp.com\/politicosaldesnudo.com.mx\/wp-content\/uploads\/2023\/06\/P-GUADALAJARA-ANTIMONUMENTO-5.png?resize=1536%2C859&amp;ssl=1 1536w, https:\/\/i0.wp.com\/politicosaldesnudo.com.mx\/wp-content\/uploads\/2023\/06\/P-GUADALAJARA-ANTIMONUMENTO-5.png?w=1816&amp;ssl=1 1816w\" sizes=\"auto, (max-width: 800px) 100vw, 800px\" \/><\/p>\n<p>&nbsp;<\/p>\n<blockquote>\n<p class=\"p2\"><span style=\"font-size: 14pt;\">Pidi\u00f3 imaginar que \u201ccualquier persona llega y pone un monumento en el centro. Eso no funciona as\u00ed, qu\u00e9 absurdo es eso (\u2026) El centro hist\u00f3rico est\u00e1 regulado por ley. Cada escultura, cada cosa que se pone debe tener una autorizaci\u00f3n hasta del Instituto Nacional de Antropolog\u00eda e Historia (INAH)\u201d<\/span><\/p>\n<\/blockquote>\n<p>&nbsp;<\/p>\n<p class=\"p2\"><span style=\"font-size: 18pt;\"><strong>Contrario a lo dicho por Alfaro, la delegada del INAH en Jalisco, Alicia Garc\u00eda V\u00e1zquez, dijo que no es necesario un permiso del instituto porque la estructura no da\u00f1a el entorno arquitect\u00f3nico patrimonial, ni siquiera de forma visual, adem\u00e1s de que puede moverse de ser necesario y, destac\u00f3, representa una demanda social.<\/strong><\/span><\/p>\n<p>&nbsp;<\/p>\n<blockquote>\n<p class=\"p2\"><span style=\"font-size: 14pt;\">El INAH no s\u00f3lo se encarga de proteger y conservar monumentos hist\u00f3ricos; trabajamos con personas y con sus manifestaciones culturales y sociales, entre ellas los movimientos y sus representaciones. Creo que debemos ser sensibles a estos temas\u201d<\/span><\/p>\n<\/blockquote>\n<p>&nbsp;<\/p>\n<p><img data-recalc-dims=\"1\" loading=\"lazy\" decoding=\"async\" class=\"aligncenter wp-image-20782 size-large\" src=\"https:\/\/i0.wp.com\/politicosaldesnudo.com.mx\/wp-content\/uploads\/2023\/06\/P-GUADALAJARA-ANTIMONUMENTO-2-1024x573.png?resize=800%2C448&#038;ssl=1\" alt=\"\" width=\"800\" height=\"448\" srcset=\"https:\/\/i0.wp.com\/politicosaldesnudo.com.mx\/wp-content\/uploads\/2023\/06\/P-GUADALAJARA-ANTIMONUMENTO-2.png?resize=1024%2C573&amp;ssl=1 1024w, https:\/\/i0.wp.com\/politicosaldesnudo.com.mx\/wp-content\/uploads\/2023\/06\/P-GUADALAJARA-ANTIMONUMENTO-2.png?resize=300%2C168&amp;ssl=1 300w, https:\/\/i0.wp.com\/politicosaldesnudo.com.mx\/wp-content\/uploads\/2023\/06\/P-GUADALAJARA-ANTIMONUMENTO-2.png?resize=768%2C430&amp;ssl=1 768w, https:\/\/i0.wp.com\/politicosaldesnudo.com.mx\/wp-content\/uploads\/2023\/06\/P-GUADALAJARA-ANTIMONUMENTO-2.png?resize=1536%2C859&amp;ssl=1 1536w, https:\/\/i0.wp.com\/politicosaldesnudo.com.mx\/wp-content\/uploads\/2023\/06\/P-GUADALAJARA-ANTIMONUMENTO-2.png?w=1816&amp;ssl=1 1816w\" sizes=\"auto, (max-width: 800px) 100vw, 800px\" \/><\/p>\n<p>&nbsp;<\/p>\n<p class=\"p2\"><span style=\"font-size: 18pt;\"><strong>Record\u00f3 que en el centro hist\u00f3rico hay otras estructuras colocadas tanto por el ayuntamiento como por el gobierno estatal que tampoco han requerido de la autorizaci\u00f3n del organismo federal, entre ellas el t\u00f3tem Guadalajara, Guadalajara, en plaza Liberaci\u00f3n, donde muchos turistas van a tomarse fotograf\u00edas.<\/strong><\/span><\/p>\n<p>&nbsp;<\/p>\n<blockquote>\n<p class=\"p2\"><span style=\"font-size: 14pt;\">En el caso del antimonumento y la antimonumenta que est\u00e1 a un lado (colocada en 2020), que como antrop\u00f3loga y mujer apoyo porque es a favor de los derechos de las mujeres, no estamos hablando de esculturas para decorar. Son una representaci\u00f3n social para visibilizar el sentir de las personas\u201d<\/span><\/p>\n<\/blockquote>\n<p>&nbsp;<\/p>\n<p><img data-recalc-dims=\"1\" loading=\"lazy\" decoding=\"async\" class=\"aligncenter wp-image-20783 size-large\" src=\"https:\/\/i0.wp.com\/politicosaldesnudo.com.mx\/wp-content\/uploads\/2023\/06\/P-GUADALAJARA-ANTIMONUMENTO-3-1024x573.png?resize=800%2C448&#038;ssl=1\" alt=\"\" width=\"800\" height=\"448\" srcset=\"https:\/\/i0.wp.com\/politicosaldesnudo.com.mx\/wp-content\/uploads\/2023\/06\/P-GUADALAJARA-ANTIMONUMENTO-3.png?resize=1024%2C573&amp;ssl=1 1024w, https:\/\/i0.wp.com\/politicosaldesnudo.com.mx\/wp-content\/uploads\/2023\/06\/P-GUADALAJARA-ANTIMONUMENTO-3.png?resize=300%2C168&amp;ssl=1 300w, https:\/\/i0.wp.com\/politicosaldesnudo.com.mx\/wp-content\/uploads\/2023\/06\/P-GUADALAJARA-ANTIMONUMENTO-3.png?resize=768%2C430&amp;ssl=1 768w, https:\/\/i0.wp.com\/politicosaldesnudo.com.mx\/wp-content\/uploads\/2023\/06\/P-GUADALAJARA-ANTIMONUMENTO-3.png?resize=1536%2C859&amp;ssl=1 1536w, https:\/\/i0.wp.com\/politicosaldesnudo.com.mx\/wp-content\/uploads\/2023\/06\/P-GUADALAJARA-ANTIMONUMENTO-3.png?w=1816&amp;ssl=1 1816w\" sizes=\"auto, (max-width: 800px) 100vw, 800px\" \/><\/p>\n<p>&nbsp;<\/p>\n<p class=\"p2\"><span style=\"font-size: 18pt; color: #139eca;\"><strong>ACCIONES DEL COLECTIVO<span class=\"Apple-converted-space\">\u00a0<\/span><\/strong><\/span><\/p>\n<p class=\"p2\"><span style=\"font-size: 14pt;\">Organismos civiles repudiaron la acci\u00f3n del gobernador y el alcalde, ambos del partido Movimiento Ciudadano, y la calificaron de revictimizaci\u00f3n de las casi 100 personas que hace tres a\u00f1os fueron privadas de la libertad por agentes de la fiscal\u00eda y polic\u00edas estatales.<\/span><\/p>\n<p class=\"p2\"><span style=\"font-size: 18pt;\"><strong>Relataron que el 5 de junio de 2020, agentes vestidos de civiles, de forma indiscriminada, subieron a la fuerza en camionetas sin placas a decenas de personas que ellos supon\u00edan iban a participar en una de las manifestaciones por el homicidio de Giovanni L\u00f3pez.<\/strong><\/span><\/p>\n<p class=\"p2\"><span style=\"font-size: 14pt;\">Los inconformes fueron ingresados, con los ojos vendados, a las instalaciones de la fiscal\u00eda estatal en la zona industrial ubicada al sur de Guadalajara; los amenazaron de muerte y desaparici\u00f3n; algunos fueron golpeados y finalmente los abandonaron en la periferia de la ciudad, luego de ser forzados a entregar sus datos personales.<\/span><\/p>\n<p class=\"p2\"><span style=\"font-size: 18pt;\"><strong>Por la tarde y noche de ayer, a convocatoria del colectivo 5 de Junio Memoria, integrado por algunas de las personas que sufrieron el denominado\u00a0\u201chalconazo\u00a0alfarista\u201d, se realiz\u00f3 una vigilia para exigir la reinstalaci\u00f3n de la simb\u00f3lica estructura de color rojo y unos 300 kilos de peso, mientras eran vigilados por polic\u00edas de Guadalajara y antimotines del estado.<\/strong><\/span><\/p>\n<p>&nbsp;<\/p>\n<p>&nbsp;<\/p>\n<p>&nbsp;<\/p>\n","protected":false},"excerpt":{"rendered":"<p>&nbsp; GUADALAJARA, JALISCO.\u00a0Un grupo de sujetos enviados por el gobernador Enrique Alfaro y el alcalde de Guadalajara, Pablo Lemus, quitaron [&hellip;]<\/p>\n","protected":false},"author":4,"featured_media":20781,"comment_status":"closed","ping_status":"closed","sticky":false,"template":"","format":"standard","meta":{"site-sidebar-layout":"default","site-content-layout":"","ast-site-content-layout":"default","site-content-style":"default","site-sidebar-style":"default","ast-global-header-display":"","ast-banner-title-visibility":"","ast-main-header-display":"","ast-hfb-above-header-display":"","ast-hfb-below-header-display":"","ast-hfb-mobile-header-display":"","site-post-title":"","ast-breadcrumbs-content":"","ast-featured-img":"","footer-sml-layout":"","ast-disable-related-posts":"","theme-transparent-header-meta":"","adv-header-id-meta":"","stick-header-meta":"","header-above-stick-meta":"","header-main-stick-meta":"","header-below-stick-meta":"","astra-migrate-meta-layouts":"default","ast-page-background-enabled":"default","ast-page-background-meta":{"desktop":{"background-color":"var(--ast-global-color-5)","background-image":"","background-repeat":"repeat","background-position":"center center","background-size":"auto","background-attachment":"scroll","background-type":"","background-media":"","overlay-type":"","overlay-color":"","overlay-opacity":"","overlay-gradient":""},"tablet":{"background-color":"","background-image":"","background-repeat":"repeat","background-position":"center center","background-size":"auto","background-attachment":"scroll","background-type":"","background-media":"","overlay-type":"","overlay-color":"","overlay-opacity":"","overlay-gradient":""},"mobile":{"background-color":"","background-image":"","background-repeat":"repeat","background-position":"center center","background-size":"auto","background-attachment":"scroll","background-type":"","background-media":"","overlay-type":"","overlay-color":"","overlay-opacity":"","overlay-gradient":""}},"ast-content-background-meta":{"desktop":{"background-color":"var(--ast-global-color-4)","background-image":"","background-repeat":"repeat","background-position":"center center","background-size":"auto","background-attachment":"scroll","background-type":"","background-media":"","overlay-type":"","overlay-color":"","overlay-opacity":"","overlay-gradient":""},"tablet":{"background-color":"var(--ast-global-color-4)","background-image":"","background-repeat":"repeat","background-position":"center center","background-size":"auto","background-attachment":"scroll","background-type":"","background-media":"","overlay-type":"","overlay-color":"","overlay-opacity":"","overlay-gradient":""},"mobile":{"background-color":"var(--ast-global-color-4)","background-image":"","background-repeat":"repeat","background-position":"center center","background-size":"auto","background-attachment":"scroll","background-type":"","background-media":"","overlay-type":"","overlay-color":"","overlay-opacity":"","overlay-gradient":""}},"_jetpack_newsletter_access":"","_jetpack_dont_email_post_to_subs":false,"_jetpack_newsletter_tier_id":0,"_jetpack_memberships_contains_paywalled_content":false,"_jetpack_feature_clip_id":0,"_jetpack_memberships_contains_paid_content":false,"footnotes":"","jetpack_publicize_message":"","jetpack_publicize_feature_enabled":true,"jetpack_social_post_already_shared":false,"jetpack_social_options":{"image_generator_settings":{"template":"highway","default_image_id":0,"font":"","enabled":false},"version":2},"jetpack_post_was_ever_published":false},"categories":[30],"tags":[2821,2823,247,1400,2822,2820],"class_list":["post-20780","post","type-post","status-publish","format-standard","has-post-thumbnail","hentry","category-estados","tag-antimonumento-5j","tag-colectivos","tag-enrique-alfaro","tag-guadalajara","tag-inhah","tag-pablo-lemus"],"yoast_head":"<!-- This site is optimized with the Yoast SEO plugin v28.3 - https:\/\/yoast.com\/product\/yoast-seo-wordpress\/ -->\n<title>En Guadalajara, Enrique Alfaro y Pablo Lemus mandan a quitar el \u201cantimonumento 5J\u201d - Pol\u00edticos al Desnudo<\/title>\n<meta name=\"robots\" content=\"index, follow, max-snippet:-1, max-image-preview:large, max-video-preview:-1\" \/>\n<link rel=\"canonical\" href=\"https:\/\/politicosaldesnudo.com.mx\/index.php\/2023\/06\/07\/en-guadalajara-enrique-alfaro-y-pablo-lemus-mandan-a-quitar-el-antimonumento-5j\/\" \/>\n<meta property=\"og:locale\" content=\"es_ES\" \/>\n<meta property=\"og:type\" content=\"article\" \/>\n<meta property=\"og:title\" content=\"En Guadalajara, Enrique Alfaro y Pablo Lemus mandan a quitar el \u201cantimonumento 5J\u201d - Pol\u00edticos al Desnudo\" \/>\n<meta property=\"og:description\" content=\"&nbsp; GUADALAJARA, JALISCO.\u00a0Un grupo de sujetos enviados por el gobernador Enrique Alfaro y el alcalde de Guadalajara, Pablo Lemus, quitaron [&hellip;]\" \/>\n<meta property=\"og:url\" content=\"https:\/\/politicosaldesnudo.com.mx\/index.php\/2023\/06\/07\/en-guadalajara-enrique-alfaro-y-pablo-lemus-mandan-a-quitar-el-antimonumento-5j\/\" \/>\n<meta property=\"og:site_name\" content=\"Pol\u00edticos al Desnudo\" \/>\n<meta property=\"article:publisher\" content=\"https:\/\/www.facebook.com\/PoliticosAD\" \/>\n<meta property=\"article:published_time\" content=\"2023-06-07T19:25:31+00:00\" \/>\n<meta property=\"article:modified_time\" content=\"2023-06-07T20:04:40+00:00\" \/>\n<meta property=\"og:image\" content=\"https:\/\/i0.wp.com\/politicosaldesnudo.com.mx\/wp-content\/uploads\/2023\/06\/P-GUADALAJARA-ANTIMONUMENTO-1.png?fit=1816%2C1016&ssl=1\" \/>\n\t<meta property=\"og:image:width\" content=\"1816\" \/>\n\t<meta property=\"og:image:height\" content=\"1016\" \/>\n\t<meta property=\"og:image:type\" content=\"image\/png\" \/>\n<meta name=\"author\" content=\"Redacci\u00f3n Pol\u00edticos\" \/>\n<meta name=\"twitter:card\" content=\"summary_large_image\" \/>\n<meta name=\"twitter:label1\" content=\"Escrito por\" \/>\n\t<meta name=\"twitter:data1\" content=\"Redacci\u00f3n Pol\u00edticos\" \/>\n\t<meta name=\"twitter:label2\" content=\"Tiempo de lectura\" \/>\n\t<meta name=\"twitter:data2\" content=\"3 minutos\" \/>\n<script type=\"application\/ld+json\" class=\"yoast-schema-graph\">{\"@context\":\"https:\\\/\\\/schema.org\",\"@graph\":[{\"@type\":\"Article\",\"@id\":\"https:\\\/\\\/politicosaldesnudo.com.mx\\\/index.php\\\/2023\\\/06\\\/07\\\/en-guadalajara-enrique-alfaro-y-pablo-lemus-mandan-a-quitar-el-antimonumento-5j\\\/#article\",\"isPartOf\":{\"@id\":\"https:\\\/\\\/politicosaldesnudo.com.mx\\\/index.php\\\/2023\\\/06\\\/07\\\/en-guadalajara-enrique-alfaro-y-pablo-lemus-mandan-a-quitar-el-antimonumento-5j\\\/\"},\"author\":{\"name\":\"Redacci\u00f3n Pol\u00edticos\",\"@id\":\"https:\\\/\\\/politicosaldesnudo.com.mx\\\/#\\\/schema\\\/person\\\/ef3a64e561cc3f3f5dc52fab81adde7e\"},\"headline\":\"En Guadalajara, Enrique Alfaro y Pablo Lemus mandan a quitar el \u201cantimonumento 5J\u201d\",\"datePublished\":\"2023-06-07T19:25:31+00:00\",\"dateModified\":\"2023-06-07T20:04:40+00:00\",\"mainEntityOfPage\":{\"@id\":\"https:\\\/\\\/politicosaldesnudo.com.mx\\\/index.php\\\/2023\\\/06\\\/07\\\/en-guadalajara-enrique-alfaro-y-pablo-lemus-mandan-a-quitar-el-antimonumento-5j\\\/\"},\"wordCount\":611,\"publisher\":{\"@id\":\"https:\\\/\\\/politicosaldesnudo.com.mx\\\/#organization\"},\"image\":{\"@id\":\"https:\\\/\\\/politicosaldesnudo.com.mx\\\/index.php\\\/2023\\\/06\\\/07\\\/en-guadalajara-enrique-alfaro-y-pablo-lemus-mandan-a-quitar-el-antimonumento-5j\\\/#primaryimage\"},\"thumbnailUrl\":\"https:\\\/\\\/i0.wp.com\\\/politicosaldesnudo.com.mx\\\/wp-content\\\/uploads\\\/2023\\\/06\\\/P-GUADALAJARA-ANTIMONUMENTO-1.png?fit=1816%2C1016&ssl=1\",\"keywords\":[\"ANTIMONUMENTO 5J\",\"COLECTIVOS\",\"ENRIQUE ALFARO\",\"GUADALAJARA\",\"INHAH\",\"PABLO LEMUS\"],\"articleSection\":[\"ESTADOS\"],\"inLanguage\":\"es\"},{\"@type\":\"WebPage\",\"@id\":\"https:\\\/\\\/politicosaldesnudo.com.mx\\\/index.php\\\/2023\\\/06\\\/07\\\/en-guadalajara-enrique-alfaro-y-pablo-lemus-mandan-a-quitar-el-antimonumento-5j\\\/\",\"url\":\"https:\\\/\\\/politicosaldesnudo.com.mx\\\/index.php\\\/2023\\\/06\\\/07\\\/en-guadalajara-enrique-alfaro-y-pablo-lemus-mandan-a-quitar-el-antimonumento-5j\\\/\",\"name\":\"En Guadalajara, Enrique Alfaro y Pablo Lemus mandan a quitar el \u201cantimonumento 5J\u201d - Pol\u00edticos al Desnudo\",\"isPartOf\":{\"@id\":\"https:\\\/\\\/politicosaldesnudo.com.mx\\\/#website\"},\"primaryImageOfPage\":{\"@id\":\"https:\\\/\\\/politicosaldesnudo.com.mx\\\/index.php\\\/2023\\\/06\\\/07\\\/en-guadalajara-enrique-alfaro-y-pablo-lemus-mandan-a-quitar-el-antimonumento-5j\\\/#primaryimage\"},\"image\":{\"@id\":\"https:\\\/\\\/politicosaldesnudo.com.mx\\\/index.php\\\/2023\\\/06\\\/07\\\/en-guadalajara-enrique-alfaro-y-pablo-lemus-mandan-a-quitar-el-antimonumento-5j\\\/#primaryimage\"},\"thumbnailUrl\":\"https:\\\/\\\/i0.wp.com\\\/politicosaldesnudo.com.mx\\\/wp-content\\\/uploads\\\/2023\\\/06\\\/P-GUADALAJARA-ANTIMONUMENTO-1.png?fit=1816%2C1016&ssl=1\",\"datePublished\":\"2023-06-07T19:25:31+00:00\",\"dateModified\":\"2023-06-07T20:04:40+00:00\",\"breadcrumb\":{\"@id\":\"https:\\\/\\\/politicosaldesnudo.com.mx\\\/index.php\\\/2023\\\/06\\\/07\\\/en-guadalajara-enrique-alfaro-y-pablo-lemus-mandan-a-quitar-el-antimonumento-5j\\\/#breadcrumb\"},\"inLanguage\":\"es\",\"potentialAction\":[{\"@type\":\"ReadAction\",\"target\":[\"https:\\\/\\\/politicosaldesnudo.com.mx\\\/index.php\\\/2023\\\/06\\\/07\\\/en-guadalajara-enrique-alfaro-y-pablo-lemus-mandan-a-quitar-el-antimonumento-5j\\\/\"]}]},{\"@type\":\"ImageObject\",\"inLanguage\":\"es\",\"@id\":\"https:\\\/\\\/politicosaldesnudo.com.mx\\\/index.php\\\/2023\\\/06\\\/07\\\/en-guadalajara-enrique-alfaro-y-pablo-lemus-mandan-a-quitar-el-antimonumento-5j\\\/#primaryimage\",\"url\":\"https:\\\/\\\/i0.wp.com\\\/politicosaldesnudo.com.mx\\\/wp-content\\\/uploads\\\/2023\\\/06\\\/P-GUADALAJARA-ANTIMONUMENTO-1.png?fit=1816%2C1016&ssl=1\",\"contentUrl\":\"https:\\\/\\\/i0.wp.com\\\/politicosaldesnudo.com.mx\\\/wp-content\\\/uploads\\\/2023\\\/06\\\/P-GUADALAJARA-ANTIMONUMENTO-1.png?fit=1816%2C1016&ssl=1\",\"width\":1816,\"height\":1016},{\"@type\":\"BreadcrumbList\",\"@id\":\"https:\\\/\\\/politicosaldesnudo.com.mx\\\/index.php\\\/2023\\\/06\\\/07\\\/en-guadalajara-enrique-alfaro-y-pablo-lemus-mandan-a-quitar-el-antimonumento-5j\\\/#breadcrumb\",\"itemListElement\":[{\"@type\":\"ListItem\",\"position\":1,\"name\":\"Portada\",\"item\":\"https:\\\/\\\/politicosaldesnudo.com.mx\\\/\"},{\"@type\":\"ListItem\",\"position\":2,\"name\":\"En Guadalajara, Enrique Alfaro y Pablo Lemus mandan a quitar el \u201cantimonumento 5J\u201d\"}]},{\"@type\":\"WebSite\",\"@id\":\"https:\\\/\\\/politicosaldesnudo.com.mx\\\/#website\",\"url\":\"https:\\\/\\\/politicosaldesnudo.com.mx\\\/\",\"name\":\"Pol\u00edticos al Desnudo\",\"description\":\"\",\"publisher\":{\"@id\":\"https:\\\/\\\/politicosaldesnudo.com.mx\\\/#organization\"},\"potentialAction\":[{\"@type\":\"SearchAction\",\"target\":{\"@type\":\"EntryPoint\",\"urlTemplate\":\"https:\\\/\\\/politicosaldesnudo.com.mx\\\/?s={search_term_string}\"},\"query-input\":{\"@type\":\"PropertyValueSpecification\",\"valueRequired\":true,\"valueName\":\"search_term_string\"}}],\"inLanguage\":\"es\"},{\"@type\":\"Organization\",\"@id\":\"https:\\\/\\\/politicosaldesnudo.com.mx\\\/#organization\",\"name\":\"Pol\u00edticos al Desnudo\",\"url\":\"https:\\\/\\\/politicosaldesnudo.com.mx\\\/\",\"logo\":{\"@type\":\"ImageObject\",\"inLanguage\":\"es\",\"@id\":\"https:\\\/\\\/politicosaldesnudo.com.mx\\\/#\\\/schema\\\/logo\\\/image\\\/\",\"url\":\"https:\\\/\\\/i0.wp.com\\\/politicosaldesnudo.com.mx\\\/wp-content\\\/uploads\\\/2026\\\/08\\\/cropped-logo.webp?fit=400%2C126&ssl=1\",\"contentUrl\":\"https:\\\/\\\/i0.wp.com\\\/politicosaldesnudo.com.mx\\\/wp-content\\\/uploads\\\/2026\\\/08\\\/cropped-logo.webp?fit=400%2C126&ssl=1\",\"width\":400,\"height\":126,\"caption\":\"Pol\u00edticos al Desnudo\"},\"image\":{\"@id\":\"https:\\\/\\\/politicosaldesnudo.com.mx\\\/#\\\/schema\\\/logo\\\/image\\\/\"},\"sameAs\":[\"https:\\\/\\\/www.facebook.com\\\/PoliticosAD\"]},{\"@type\":\"Person\",\"@id\":\"https:\\\/\\\/politicosaldesnudo.com.mx\\\/#\\\/schema\\\/person\\\/ef3a64e561cc3f3f5dc52fab81adde7e\",\"name\":\"Redacci\u00f3n Pol\u00edticos\",\"url\":\"https:\\\/\\\/politicosaldesnudo.com.mx\\\/index.php\\\/author\\\/redaccion-politicos\\\/\"}]}<\/script>\n<!-- \/ Yoast SEO plugin. -->","yoast_head_json":{"title":"En Guadalajara, Enrique Alfaro y Pablo Lemus mandan a quitar el \u201cantimonumento 5J\u201d - Pol\u00edticos al Desnudo","robots":{"index":"index","follow":"follow","max-snippet":"max-snippet:-1","max-image-preview":"max-image-preview:large","max-video-preview":"max-video-preview:-1"},"canonical":"https:\/\/politicosaldesnudo.com.mx\/index.php\/2023\/06\/07\/en-guadalajara-enrique-alfaro-y-pablo-lemus-mandan-a-quitar-el-antimonumento-5j\/","og_locale":"es_ES","og_type":"article","og_title":"En Guadalajara, Enrique Alfaro y Pablo Lemus mandan a quitar el \u201cantimonumento 5J\u201d - Pol\u00edticos al Desnudo","og_description":"&nbsp; GUADALAJARA, JALISCO.\u00a0Un grupo de sujetos enviados por el gobernador Enrique Alfaro y el alcalde de Guadalajara, Pablo Lemus, quitaron [&hellip;]","og_url":"https:\/\/politicosaldesnudo.com.mx\/index.php\/2023\/06\/07\/en-guadalajara-enrique-alfaro-y-pablo-lemus-mandan-a-quitar-el-antimonumento-5j\/","og_site_name":"Pol\u00edticos al Desnudo","article_publisher":"https:\/\/www.facebook.com\/PoliticosAD","article_published_time":"2023-06-07T19:25:31+00:00","article_modified_time":"2023-06-07T20:04:40+00:00","og_image":[{"width":1816,"height":1016,"url":"https:\/\/i0.wp.com\/politicosaldesnudo.com.mx\/wp-content\/uploads\/2023\/06\/P-GUADALAJARA-ANTIMONUMENTO-1.png?fit=1816%2C1016&ssl=1","type":"image\/png"}],"author":"Redacci\u00f3n Pol\u00edticos","twitter_card":"summary_large_image","twitter_misc":{"Escrito por":"Redacci\u00f3n Pol\u00edticos","Tiempo de lectura":"3 minutos"},"schema":{"@context":"https:\/\/schema.org","@graph":[{"@type":"Article","@id":"https:\/\/politicosaldesnudo.com.mx\/index.php\/2023\/06\/07\/en-guadalajara-enrique-alfaro-y-pablo-lemus-mandan-a-quitar-el-antimonumento-5j\/#article","isPartOf":{"@id":"https:\/\/politicosaldesnudo.com.mx\/index.php\/2023\/06\/07\/en-guadalajara-enrique-alfaro-y-pablo-lemus-mandan-a-quitar-el-antimonumento-5j\/"},"author":{"name":"Redacci\u00f3n Pol\u00edticos","@id":"https:\/\/politicosaldesnudo.com.mx\/#\/schema\/person\/ef3a64e561cc3f3f5dc52fab81adde7e"},"headline":"En Guadalajara, Enrique Alfaro y Pablo Lemus mandan a quitar el \u201cantimonumento 5J\u201d","datePublished":"2023-06-07T19:25:31+00:00","dateModified":"2023-06-07T20:04:40+00:00","mainEntityOfPage":{"@id":"https:\/\/politicosaldesnudo.com.mx\/index.php\/2023\/06\/07\/en-guadalajara-enrique-alfaro-y-pablo-lemus-mandan-a-quitar-el-antimonumento-5j\/"},"wordCount":611,"publisher":{"@id":"https:\/\/politicosaldesnudo.com.mx\/#organization"},"image":{"@id":"https:\/\/politicosaldesnudo.com.mx\/index.php\/2023\/06\/07\/en-guadalajara-enrique-alfaro-y-pablo-lemus-mandan-a-quitar-el-antimonumento-5j\/#primaryimage"},"thumbnailUrl":"https:\/\/i0.wp.com\/politicosaldesnudo.com.mx\/wp-content\/uploads\/2023\/06\/P-GUADALAJARA-ANTIMONUMENTO-1.png?fit=1816%2C1016&ssl=1","keywords":["ANTIMONUMENTO 5J","COLECTIVOS","ENRIQUE ALFARO","GUADALAJARA","INHAH","PABLO LEMUS"],"articleSection":["ESTADOS"],"inLanguage":"es"},{"@type":"WebPage","@id":"https:\/\/politicosaldesnudo.com.mx\/index.php\/2023\/06\/07\/en-guadalajara-enrique-alfaro-y-pablo-lemus-mandan-a-quitar-el-antimonumento-5j\/","url":"https:\/\/politicosaldesnudo.com.mx\/index.php\/2023\/06\/07\/en-guadalajara-enrique-alfaro-y-pablo-lemus-mandan-a-quitar-el-antimonumento-5j\/","name":"En Guadalajara, Enrique Alfaro y Pablo Lemus mandan a quitar el \u201cantimonumento 5J\u201d - Pol\u00edticos al Desnudo","isPartOf":{"@id":"https:\/\/politicosaldesnudo.com.mx\/#website"},"primaryImageOfPage":{"@id":"https:\/\/politicosaldesnudo.com.mx\/index.php\/2023\/06\/07\/en-guadalajara-enrique-alfaro-y-pablo-lemus-mandan-a-quitar-el-antimonumento-5j\/#primaryimage"},"image":{"@id":"https:\/\/politicosaldesnudo.com.mx\/index.php\/2023\/06\/07\/en-guadalajara-enrique-alfaro-y-pablo-lemus-mandan-a-quitar-el-antimonumento-5j\/#primaryimage"},"thumbnailUrl":"https:\/\/i0.wp.com\/politicosaldesnudo.com.mx\/wp-content\/uploads\/2023\/06\/P-GUADALAJARA-ANTIMONUMENTO-1.png?fit=1816%2C1016&ssl=1","datePublished":"2023-06-07T19:25:31+00:00","dateModified":"2023-06-07T20:04:40+00:00","breadcrumb":{"@id":"https:\/\/politicosaldesnudo.com.mx\/index.php\/2023\/06\/07\/en-guadalajara-enrique-alfaro-y-pablo-lemus-mandan-a-quitar-el-antimonumento-5j\/#breadcrumb"},"inLanguage":"es","potentialAction":[{"@type":"ReadAction","target":["https:\/\/politicosaldesnudo.com.mx\/index.php\/2023\/06\/07\/en-guadalajara-enrique-alfaro-y-pablo-lemus-mandan-a-quitar-el-antimonumento-5j\/"]}]},{"@type":"ImageObject","inLanguage":"es","@id":"https:\/\/politicosaldesnudo.com.mx\/index.php\/2023\/06\/07\/en-guadalajara-enrique-alfaro-y-pablo-lemus-mandan-a-quitar-el-antimonumento-5j\/#primaryimage","url":"https:\/\/i0.wp.com\/politicosaldesnudo.com.mx\/wp-content\/uploads\/2023\/06\/P-GUADALAJARA-ANTIMONUMENTO-1.png?fit=1816%2C1016&ssl=1","contentUrl":"https:\/\/i0.wp.com\/politicosaldesnudo.com.mx\/wp-content\/uploads\/2023\/06\/P-GUADALAJARA-ANTIMONUMENTO-1.png?fit=1816%2C1016&ssl=1","width":1816,"height":1016},{"@type":"BreadcrumbList","@id":"https:\/\/politicosaldesnudo.com.mx\/index.php\/2023\/06\/07\/en-guadalajara-enrique-alfaro-y-pablo-lemus-mandan-a-quitar-el-antimonumento-5j\/#breadcrumb","itemListElement":[{"@type":"ListItem","position":1,"name":"Portada","item":"https:\/\/politicosaldesnudo.com.mx\/"},{"@type":"ListItem","position":2,"name":"En Guadalajara, Enrique Alfaro y Pablo Lemus mandan a quitar el \u201cantimonumento 5J\u201d"}]},{"@type":"WebSite","@id":"https:\/\/politicosaldesnudo.com.mx\/#website","url":"https:\/\/politicosaldesnudo.com.mx\/","name":"Pol\u00edticos al Desnudo","description":"","publisher":{"@id":"https:\/\/politicosaldesnudo.com.mx\/#organization"},"potentialAction":[{"@type":"SearchAction","target":{"@type":"EntryPoint","urlTemplate":"https:\/\/politicosaldesnudo.com.mx\/?s={search_term_string}"},"query-input":{"@type":"PropertyValueSpecification","valueRequired":true,"valueName":"search_term_string"}}],"inLanguage":"es"},{"@type":"Organization","@id":"https:\/\/politicosaldesnudo.com.mx\/#organization","name":"Pol\u00edticos al Desnudo","url":"https:\/\/politicosaldesnudo.com.mx\/","logo":{"@type":"ImageObject","inLanguage":"es","@id":"https:\/\/politicosaldesnudo.com.mx\/#\/schema\/logo\/image\/","url":"https:\/\/i0.wp.com\/politicosaldesnudo.com.mx\/wp-content\/uploads\/2026\/08\/cropped-logo.webp?fit=400%2C126&ssl=1","contentUrl":"https:\/\/i0.wp.com\/politicosaldesnudo.com.mx\/wp-content\/uploads\/2026\/08\/cropped-logo.webp?fit=400%2C126&ssl=1","width":400,"height":126,"caption":"Pol\u00edticos al Desnudo"},"image":{"@id":"https:\/\/politicosaldesnudo.com.mx\/#\/schema\/logo\/image\/"},"sameAs":["https:\/\/www.facebook.com\/PoliticosAD"]},{"@type":"Person","@id":"https:\/\/politicosaldesnudo.com.mx\/#\/schema\/person\/ef3a64e561cc3f3f5dc52fab81adde7e","name":"Redacci\u00f3n Pol\u00edticos","url":"https:\/\/politicosaldesnudo.com.mx\/index.php\/author\/redaccion-politicos\/"}]}},"jetpack_publicize_connections":[],"jetpack-related-posts":[{"id":88074,"url":"https:\/\/politicosaldesnudo.com.mx\/index.php\/2026\/08\/26\/presionado-por-acusaciones-enrique-inzunza-deja-la-bancada-de-morena-pero-no-el-senado\/","url_meta":{"origin":20780,"position":0},"title":"Presionado por acusaciones, Enrique Inzunza deja la bancada de Morena, pero no el Senado","author":"Redacci\u00f3n Pol\u00edticos","date":"26 de agosto de 2026","format":false,"excerpt":"El senador Enrique Inzunza anunci\u00f3 su salida del grupo parlamentario de Morena y continuar\u00e1 sus funciones como legislador independiente, en medio de los se\u00f1alamientos que lo relacionan presuntamente con la facci\u00f3n de Los Chapitos. La decisi\u00f3n fue comunicada mediante una carta enviada a Ignacio Mier, coordinador de la bancada morenista\u2026","rel":"","context":"En \u00abNACIONAL\u00bb","block_context":{"text":"NACIONAL","link":"https:\/\/politicosaldesnudo.com.mx\/index.php\/category\/nacional\/"},"img":{"alt_text":"","src":"https:\/\/i0.wp.com\/politicosaldesnudo.com.mx\/wp-content\/uploads\/2026\/08\/inzunza-1.png?fit=1200%2C675&ssl=1&resize=350%2C200","width":350,"height":200,"srcset":"https:\/\/i0.wp.com\/politicosaldesnudo.com.mx\/wp-content\/uploads\/2026\/08\/inzunza-1.png?fit=1200%2C675&ssl=1&resize=350%2C200 1x, https:\/\/i0.wp.com\/politicosaldesnudo.com.mx\/wp-content\/uploads\/2026\/08\/inzunza-1.png?fit=1200%2C675&ssl=1&resize=525%2C300 1.5x, https:\/\/i0.wp.com\/politicosaldesnudo.com.mx\/wp-content\/uploads\/2026\/08\/inzunza-1.png?fit=1200%2C675&ssl=1&resize=700%2C400 2x, https:\/\/i0.wp.com\/politicosaldesnudo.com.mx\/wp-content\/uploads\/2026\/08\/inzunza-1.png?fit=1200%2C675&ssl=1&resize=1050%2C600 3x"},"classes":[]},{"id":27244,"url":"https:\/\/politicosaldesnudo.com.mx\/index.php\/2023\/12\/11\/cada-dia-son-mas-periodistas-rechazados\/","url_meta":{"origin":20780,"position":1},"title":"Cada d\u00eda son m\u00e1s periodistas rechazados","author":"Redacci\u00f3n Pol\u00edticos","date":"11 de diciembre de 2023","format":false,"excerpt":"-En lo que va del sexenio se ha desechado 114 solicitudes para entrar a la protecci\u00f3n otorgada por esa instancia Por \u00c1ngel \u00c1lvaro Pe\u00f1a La vida de un periodista pende de un hilo en M\u00e9xico, pero las autoridades encargadas de brindarles protecci\u00f3n son insensibles ante la muerte de los comunicadores\u2026","rel":"","context":"En \u00abOPINI\u00d3N\u00bb","block_context":{"text":"OPINI\u00d3N","link":"https:\/\/politicosaldesnudo.com.mx\/index.php\/category\/columnistas\/"},"img":{"alt_text":"","src":"https:\/\/i0.wp.com\/politicosaldesnudo.com.mx\/wp-content\/uploads\/2023\/12\/4JVPR2T6M4I6ZDGIW2LFMS5HSY-scaled.jpg?fit=1200%2C800&ssl=1&resize=350%2C200","width":350,"height":200,"srcset":"https:\/\/i0.wp.com\/politicosaldesnudo.com.mx\/wp-content\/uploads\/2023\/12\/4JVPR2T6M4I6ZDGIW2LFMS5HSY-scaled.jpg?fit=1200%2C800&ssl=1&resize=350%2C200 1x, https:\/\/i0.wp.com\/politicosaldesnudo.com.mx\/wp-content\/uploads\/2023\/12\/4JVPR2T6M4I6ZDGIW2LFMS5HSY-scaled.jpg?fit=1200%2C800&ssl=1&resize=525%2C300 1.5x, https:\/\/i0.wp.com\/politicosaldesnudo.com.mx\/wp-content\/uploads\/2023\/12\/4JVPR2T6M4I6ZDGIW2LFMS5HSY-scaled.jpg?fit=1200%2C800&ssl=1&resize=700%2C400 2x, https:\/\/i0.wp.com\/politicosaldesnudo.com.mx\/wp-content\/uploads\/2023\/12\/4JVPR2T6M4I6ZDGIW2LFMS5HSY-scaled.jpg?fit=1200%2C800&ssl=1&resize=1050%2C600 3x"},"classes":[]},{"id":4677,"url":"https:\/\/politicosaldesnudo.com.mx\/index.php\/2022\/05\/02\/muestra-de-arte-colectiva-en-banxico\/","url_meta":{"origin":20780,"position":2},"title":"Muestra de arte colectiva en Banxico","author":"Redacci\u00f3n Pol\u00edticos","date":"2 de mayo de 2022","format":false,"excerpt":"Ciudad de M\u00e9xico. Esta exposici\u00f3n es parte del programa que tiene como objetivo vincular al visitante con la labor cultural del Banco de M\u00e9xico y destacar la relaci\u00f3n entre la educaci\u00f3n financiera con la cultura nacional e internacional. Arte\/Billete\/Maculatura\/Refines\/Dise\u00f1o, es el pretexto pl\u00e1stico que expone el Banco de M\u00e9xico como\u2026","rel":"","context":"En \u00abCULTURA\u00bb","block_context":{"text":"CULTURA","link":"https:\/\/politicosaldesnudo.com.mx\/index.php\/category\/cultura\/"},"img":{"alt_text":"","src":"https:\/\/i0.wp.com\/politicosaldesnudo.com.mx\/wp-content\/uploads\/2022\/05\/FPmw4pcUcAAJg9E.jpeg?fit=1024%2C512&ssl=1&resize=350%2C200","width":350,"height":200,"srcset":"https:\/\/i0.wp.com\/politicosaldesnudo.com.mx\/wp-content\/uploads\/2022\/05\/FPmw4pcUcAAJg9E.jpeg?fit=1024%2C512&ssl=1&resize=350%2C200 1x, https:\/\/i0.wp.com\/politicosaldesnudo.com.mx\/wp-content\/uploads\/2022\/05\/FPmw4pcUcAAJg9E.jpeg?fit=1024%2C512&ssl=1&resize=525%2C300 1.5x, https:\/\/i0.wp.com\/politicosaldesnudo.com.mx\/wp-content\/uploads\/2022\/05\/FPmw4pcUcAAJg9E.jpeg?fit=1024%2C512&ssl=1&resize=700%2C400 2x"},"classes":[]},{"id":87005,"url":"https:\/\/politicosaldesnudo.com.mx\/index.php\/2026\/07\/20\/vacaciones-de-verano-dejaran-una-derrama-economica-a-mexico-por-883-mil-mdp\/","url_meta":{"origin":20780,"position":3},"title":"Vacaciones de verano dejar\u00e1n una derrama econ\u00f3mica a M\u00e9xico por 883 mil mdp","author":"Redacci\u00f3n Pol\u00edticos","date":"20 de julio de 2026","format":false,"excerpt":"M\u00e9xico recibir\u00e1 a m\u00e1s de 22 millones 400 mil turistas este verano, mismos que impulsar\u00e1n una derrama econ\u00f3mica de 883 mil millones de pesos. Este monto representa un crecimiento de 6.5 por ciento en comparaci\u00f3n con el mismo lapso de 2025, seg\u00fan datos oficiales y del sector privado. La Sectur\u2026","rel":"","context":"En \u00abECONOM\u00cdA\u00bb","block_context":{"text":"ECONOM\u00cdA","link":"https:\/\/politicosaldesnudo.com.mx\/index.php\/category\/economia\/"},"img":{"alt_text":"","src":"https:\/\/i0.wp.com\/politicosaldesnudo.com.mx\/wp-content\/uploads\/2026\/07\/GNDJWVNHRKDHOYFJ3PET7PYJTI.jpg?fit=1181%2C788&ssl=1&resize=350%2C200","width":350,"height":200,"srcset":"https:\/\/i0.wp.com\/politicosaldesnudo.com.mx\/wp-content\/uploads\/2026\/07\/GNDJWVNHRKDHOYFJ3PET7PYJTI.jpg?fit=1181%2C788&ssl=1&resize=350%2C200 1x, https:\/\/i0.wp.com\/politicosaldesnudo.com.mx\/wp-content\/uploads\/2026\/07\/GNDJWVNHRKDHOYFJ3PET7PYJTI.jpg?fit=1181%2C788&ssl=1&resize=525%2C300 1.5x, https:\/\/i0.wp.com\/politicosaldesnudo.com.mx\/wp-content\/uploads\/2026\/07\/GNDJWVNHRKDHOYFJ3PET7PYJTI.jpg?fit=1181%2C788&ssl=1&resize=700%2C400 2x, https:\/\/i0.wp.com\/politicosaldesnudo.com.mx\/wp-content\/uploads\/2026\/07\/GNDJWVNHRKDHOYFJ3PET7PYJTI.jpg?fit=1181%2C788&ssl=1&resize=1050%2C600 3x"},"classes":[]},{"id":87799,"url":"https:\/\/politicosaldesnudo.com.mx\/index.php\/2026\/08\/17\/sinaloa-salio-de-guatemala-y-entro-a-guatepeor-muy-peor\/","url_meta":{"origin":20780,"position":4},"title":"Sinaloa sali\u00f3 de Guatemala y entr\u00f3 a Guatepeor\u2026 muy peor","author":"Redacci\u00f3n Pol\u00edticos","date":"17 de agosto de 2026","format":false,"excerpt":"TEL\u00c9FONO ROJO Por: Jos\u00e9 Ure\u00f1a -\u00bfC\u00f3mo est\u00e1 Sinaloa? Gerardo Vargas, defenestrado como alcalde de Ahome (Los Mochis) por\u00a0Rub\u00e9n Rocha Moya, responde sin pensar: -Peor que antes. \u00a0-\u00bfPeor que con\u00a0Rocha Moya? \u00a0-Mucho peor.\u00a0Rocha Moya\u00a0nunca se fue, no se ha ido. Tiene una oficina al lado de la gobernadora\u00a0Yeraldine Bonilla\u00a0y el gabinete\u2026","rel":"","context":"En \u00abOPINI\u00d3N\u00bb","block_context":{"text":"OPINI\u00d3N","link":"https:\/\/politicosaldesnudo.com.mx\/index.php\/category\/columnistas\/"},"img":{"alt_text":"","src":"https:\/\/i0.wp.com\/politicosaldesnudo.com.mx\/wp-content\/uploads\/2026\/08\/tel-rojo-170826-scaled.png?fit=1200%2C659&ssl=1&resize=350%2C200","width":350,"height":200,"srcset":"https:\/\/i0.wp.com\/politicosaldesnudo.com.mx\/wp-content\/uploads\/2026\/08\/tel-rojo-170826-scaled.png?fit=1200%2C659&ssl=1&resize=350%2C200 1x, https:\/\/i0.wp.com\/politicosaldesnudo.com.mx\/wp-content\/uploads\/2026\/08\/tel-rojo-170826-scaled.png?fit=1200%2C659&ssl=1&resize=525%2C300 1.5x, https:\/\/i0.wp.com\/politicosaldesnudo.com.mx\/wp-content\/uploads\/2026\/08\/tel-rojo-170826-scaled.png?fit=1200%2C659&ssl=1&resize=700%2C400 2x, https:\/\/i0.wp.com\/politicosaldesnudo.com.mx\/wp-content\/uploads\/2026\/08\/tel-rojo-170826-scaled.png?fit=1200%2C659&ssl=1&resize=1050%2C600 3x"},"classes":[]},{"id":87759,"url":"https:\/\/politicosaldesnudo.com.mx\/index.php\/2026\/08\/15\/le-quitaron-la-visa-a-andy-y-se-sintio-secretario-de-estado-de-trump\/","url_meta":{"origin":20780,"position":5},"title":"Le quitaron la visa a Andy\u2026 y se sinti\u00f3 secretario de Estado de Trump","author":"Redacci\u00f3n Pol\u00edticos","date":"15 de agosto de 2026","format":false,"excerpt":"COLUMNA: LA LIBRETA DE LA EDITORA Hay gente que cuando le cancelan una visa pregunta: \u201c\u00bfY ahora por qu\u00e9?\u201d. Y hay otro tipo de gente que, cuando le cancelan la visa, le escribe al presidente del pa\u00eds para decirle c\u00f3mo debe manejar su gobierno. Andy L\u00f3pez Beltr\u00e1n, evidentemente, pertenece al\u2026","rel":"","context":"En \u00abOPINI\u00d3N\u00bb","block_context":{"text":"OPINI\u00d3N","link":"https:\/\/politicosaldesnudo.com.mx\/index.php\/category\/columnistas\/"},"img":{"alt_text":"","src":"https:\/\/i0.wp.com\/politicosaldesnudo.com.mx\/wp-content\/uploads\/2026\/08\/COLUMNISTAS-PAD.png?fit=1200%2C659&ssl=1&resize=350%2C200","width":350,"height":200,"srcset":"https:\/\/i0.wp.com\/politicosaldesnudo.com.mx\/wp-content\/uploads\/2026\/08\/COLUMNISTAS-PAD.png?fit=1200%2C659&ssl=1&resize=350%2C200 1x, https:\/\/i0.wp.com\/politicosaldesnudo.com.mx\/wp-content\/uploads\/2026\/08\/COLUMNISTAS-PAD.png?fit=1200%2C659&ssl=1&resize=525%2C300 1.5x, https:\/\/i0.wp.com\/politicosaldesnudo.com.mx\/wp-content\/uploads\/2026\/08\/COLUMNISTAS-PAD.png?fit=1200%2C659&ssl=1&resize=700%2C400 2x, https:\/\/i0.wp.com\/politicosaldesnudo.com.mx\/wp-content\/uploads\/2026\/08\/COLUMNISTAS-PAD.png?fit=1200%2C659&ssl=1&resize=1050%2C600 3x"},"classes":[]}],"jetpack_sharing_enabled":true,"jetpack_featured_media_url":"https:\/\/i0.wp.com\/politicosaldesnudo.com.mx\/wp-content\/uploads\/2023\/06\/P-GUADALAJARA-ANTIMONUMENTO-1.png?fit=1816%2C1016&ssl=1","_links":{"self":[{"href":"https:\/\/politicosaldesnudo.com.mx\/index.php\/wp-json\/wp\/v2\/posts\/20780","targetHints":{"allow":["GET"]}}],"collection":[{"href":"https:\/\/politicosaldesnudo.com.mx\/index.php\/wp-json\/wp\/v2\/posts"}],"about":[{"href":"https:\/\/politicosaldesnudo.com.mx\/index.php\/wp-json\/wp\/v2\/types\/post"}],"author":[{"embeddable":true,"href":"https:\/\/politicosaldesnudo.com.mx\/index.php\/wp-json\/wp\/v2\/users\/4"}],"replies":[{"embeddable":true,"href":"https:\/\/politicosaldesnudo.com.mx\/index.php\/wp-json\/wp\/v2\/comments?post=20780"}],"version-history":[{"count":0,"href":"https:\/\/politicosaldesnudo.com.mx\/index.php\/wp-json\/wp\/v2\/posts\/20780\/revisions"}],"wp:featuredmedia":[{"embeddable":true,"href":"https:\/\/politicosaldesnudo.com.mx\/index.php\/wp-json\/wp\/v2\/media\/20781"}],"wp:attachment":[{"href":"https:\/\/politicosaldesnudo.com.mx\/index.php\/wp-json\/wp\/v2\/media?parent=20780"}],"wp:term":[{"taxonomy":"category","embeddable":true,"href":"https:\/\/politicosaldesnudo.com.mx\/index.php\/wp-json\/wp\/v2\/categories?post=20780"},{"taxonomy":"post_tag","embeddable":true,"href":"https:\/\/politicosaldesnudo.com.mx\/index.php\/wp-json\/wp\/v2\/tags?post=20780"}],"curies":[{"name":"wp","href":"https:\/\/api.w.org\/{rel}","templated":true}]}}