{"id":20813,"date":"2023-06-07T21:50:13","date_gmt":"2023-06-08T02:50:13","guid":{"rendered":"https:\/\/politicosaldesnudo.com.mx\/?p=20813"},"modified":"2023-06-07T22:01:53","modified_gmt":"2023-06-08T03:01:53","slug":"programa-fertilizantes-para-el-bienestar-beneficia-a-491-productores-tuxpenos-con-entrega-de-abono","status":"publish","type":"post","link":"https:\/\/politicosaldesnudo.com.mx\/index.php\/2023\/06\/07\/programa-fertilizantes-para-el-bienestar-beneficia-a-491-productores-tuxpenos-con-entrega-de-abono\/","title":{"rendered":"\u201cFertilizantes para el Bienestar\u201d beneficia a 491 productores tuxpe\u00f1os con entrega de abono"},"content":{"rendered":"<p>&nbsp;<\/p>\n<p class=\"p2\" style=\"text-align: center;\"><em><span style=\"font-size: 18pt;\"><strong>&lt;&lt;El alcalde Jos\u00e9 Manuel Pozos agradeci\u00f3 al presidente Andr\u00e9s Manuel L\u00f3pez Obrador y al gobernador Cuitl\u00e1huac Garc\u00eda por su respaldo al campo local&gt;&gt;<\/strong><\/span><\/em><\/p>\n<p>&nbsp;<\/p>\n<p class=\"p2\"><span style=\"font-size: 14pt;\"><em><strong>TUXPAN, VERACRUZ.<\/strong> <\/em>Como resultado del trabajo coordinado de los 3 niveles de gobierno, <strong>491 productores, de 52 localidades de Tuxpan recibieron m\u00e1s de 255 toneladas de abono Urea y DAP<\/strong>, del Programa <strong>\u201cFertilizantes para el Bienestar\u201d<\/strong>, con lo que incrementar\u00e1n sus cosechas.<\/span><\/p>\n<p class=\"p2\"><span style=\"font-size: 18pt;\"><strong>El alcalde Jos\u00e9 Manuel Pozos Castro agradeci\u00f3 al presidente Andr\u00e9s Manuel L\u00f3pez Obrador y al Gobernador Cuitl\u00e1huac Garc\u00eda Jim\u00e9nez, por todo su apoyo para incrementar la producci\u00f3n del campo tuxpe\u00f1o: \u201cTodos somos testigos que hoy se gobierna diferente, porque se atiende con sentido humano y compromiso social\u201d.<\/strong><\/span><\/p>\n<p>&nbsp;<\/p>\n<p><img data-recalc-dims=\"1\" loading=\"lazy\" decoding=\"async\" class=\"aligncenter wp-image-20815 size-large\" src=\"https:\/\/i0.wp.com\/politicosaldesnudo.com.mx\/wp-content\/uploads\/2023\/06\/P-FERTILIZANTE-TUXPAN-2-1024x573.png?resize=800%2C448&#038;ssl=1\" alt=\"\" width=\"800\" height=\"448\" srcset=\"https:\/\/i0.wp.com\/politicosaldesnudo.com.mx\/wp-content\/uploads\/2023\/06\/P-FERTILIZANTE-TUXPAN-2.png?resize=1024%2C573&amp;ssl=1 1024w, https:\/\/i0.wp.com\/politicosaldesnudo.com.mx\/wp-content\/uploads\/2023\/06\/P-FERTILIZANTE-TUXPAN-2.png?resize=300%2C168&amp;ssl=1 300w, https:\/\/i0.wp.com\/politicosaldesnudo.com.mx\/wp-content\/uploads\/2023\/06\/P-FERTILIZANTE-TUXPAN-2.png?resize=768%2C430&amp;ssl=1 768w, https:\/\/i0.wp.com\/politicosaldesnudo.com.mx\/wp-content\/uploads\/2023\/06\/P-FERTILIZANTE-TUXPAN-2.png?resize=1536%2C859&amp;ssl=1 1536w, https:\/\/i0.wp.com\/politicosaldesnudo.com.mx\/wp-content\/uploads\/2023\/06\/P-FERTILIZANTE-TUXPAN-2.png?w=1816&amp;ssl=1 1816w, https:\/\/i0.wp.com\/politicosaldesnudo.com.mx\/wp-content\/uploads\/2023\/06\/P-FERTILIZANTE-TUXPAN-2.png?w=1600&amp;ssl=1 1600w\" sizes=\"auto, (max-width: 800px) 100vw, 800px\" \/><\/p>\n<p>&nbsp;<\/p>\n<blockquote>\n<p class=\"p2\"><span style=\"font-size: 14pt;\">No hay duda de que este esfuerzo coordinado entre los 3 niveles de gobierno nos permite cumplir cabalmente con la premisa del presidente L\u00f3pez Obrador: Que coman primero los que nos dan de comer\u201d<\/span><\/p>\n<\/blockquote>\n<p>&nbsp;<\/p>\n<p class=\"p2\"><span style=\"font-size: 18pt;\"><strong>Jos\u00e9 Manuel Pozos se comprometi\u00f3 con los productores a llevar hasta cada una de las comunidades beneficiadas el fertilizante que hoy recibieron, evit\u00e1ndoles gastos y p\u00e9rdida de tiempo, reiterando ser un aliado permanente en la tarea de incentivar la producci\u00f3n agr\u00edcola y garantizar a los campesinos y sus familias vivan cada vez mejor.<span class=\"Apple-converted-space\">\u00a0<\/span><\/strong><\/span><\/p>\n<p>&nbsp;<\/p>\n<p><img data-recalc-dims=\"1\" loading=\"lazy\" decoding=\"async\" class=\"aligncenter wp-image-20817 size-large\" src=\"https:\/\/i0.wp.com\/politicosaldesnudo.com.mx\/wp-content\/uploads\/2023\/06\/P-FERTILIZANTE-TUXPAN-4-1024x573.png?resize=800%2C448&#038;ssl=1\" alt=\"\" width=\"800\" height=\"448\" srcset=\"https:\/\/i0.wp.com\/politicosaldesnudo.com.mx\/wp-content\/uploads\/2023\/06\/P-FERTILIZANTE-TUXPAN-4.png?resize=1024%2C573&amp;ssl=1 1024w, https:\/\/i0.wp.com\/politicosaldesnudo.com.mx\/wp-content\/uploads\/2023\/06\/P-FERTILIZANTE-TUXPAN-4.png?resize=300%2C168&amp;ssl=1 300w, https:\/\/i0.wp.com\/politicosaldesnudo.com.mx\/wp-content\/uploads\/2023\/06\/P-FERTILIZANTE-TUXPAN-4.png?resize=768%2C430&amp;ssl=1 768w, https:\/\/i0.wp.com\/politicosaldesnudo.com.mx\/wp-content\/uploads\/2023\/06\/P-FERTILIZANTE-TUXPAN-4.png?resize=1536%2C859&amp;ssl=1 1536w, https:\/\/i0.wp.com\/politicosaldesnudo.com.mx\/wp-content\/uploads\/2023\/06\/P-FERTILIZANTE-TUXPAN-4.png?w=1816&amp;ssl=1 1816w, https:\/\/i0.wp.com\/politicosaldesnudo.com.mx\/wp-content\/uploads\/2023\/06\/P-FERTILIZANTE-TUXPAN-4.png?w=1600&amp;ssl=1 1600w\" sizes=\"auto, (max-width: 800px) 100vw, 800px\" \/><\/p>\n<p>&nbsp;<\/p>\n<p class=\"p2\"><span style=\"font-size: 18pt; color: #139eca;\"><strong>Por su parte, \u00d3scar Javier Fern\u00e1ndez Morales, titular de la Representaci\u00f3n de Agricultura en Veracruz, resalt\u00f3 la importancia de darle un uso adecuado a los fertilizantes para nutrir de forma correcta sus cultivos.<\/strong><\/span><\/p>\n<p>&nbsp;<\/p>\n<p><img data-recalc-dims=\"1\" loading=\"lazy\" decoding=\"async\" class=\"aligncenter wp-image-20816 size-large\" src=\"https:\/\/i0.wp.com\/politicosaldesnudo.com.mx\/wp-content\/uploads\/2023\/06\/P-FERTILIZANTE-TUXPAN-3-1024x573.png?resize=800%2C448&#038;ssl=1\" alt=\"\" width=\"800\" height=\"448\" srcset=\"https:\/\/i0.wp.com\/politicosaldesnudo.com.mx\/wp-content\/uploads\/2023\/06\/P-FERTILIZANTE-TUXPAN-3.png?resize=1024%2C573&amp;ssl=1 1024w, https:\/\/i0.wp.com\/politicosaldesnudo.com.mx\/wp-content\/uploads\/2023\/06\/P-FERTILIZANTE-TUXPAN-3.png?resize=300%2C168&amp;ssl=1 300w, https:\/\/i0.wp.com\/politicosaldesnudo.com.mx\/wp-content\/uploads\/2023\/06\/P-FERTILIZANTE-TUXPAN-3.png?resize=768%2C430&amp;ssl=1 768w, https:\/\/i0.wp.com\/politicosaldesnudo.com.mx\/wp-content\/uploads\/2023\/06\/P-FERTILIZANTE-TUXPAN-3.png?resize=1536%2C859&amp;ssl=1 1536w, https:\/\/i0.wp.com\/politicosaldesnudo.com.mx\/wp-content\/uploads\/2023\/06\/P-FERTILIZANTE-TUXPAN-3.png?w=1816&amp;ssl=1 1816w, https:\/\/i0.wp.com\/politicosaldesnudo.com.mx\/wp-content\/uploads\/2023\/06\/P-FERTILIZANTE-TUXPAN-3.png?w=1600&amp;ssl=1 1600w\" sizes=\"auto, (max-width: 800px) 100vw, 800px\" \/><\/p>\n<p>&nbsp;<\/p>\n<p class=\"p2\"><span style=\"font-size: 18pt;\"><strong>Asimismo Gustavo Rosales, coordinador estatal de Segalmex, dijo estar contento por asistir a Tuxpan para hacer entrega de estos apoyos que sin duda son una gran ayuda para los productores.<\/strong><\/span><\/p>\n<p>&nbsp;<\/p>\n<p><img data-recalc-dims=\"1\" loading=\"lazy\" decoding=\"async\" class=\"aligncenter wp-image-20814 size-large\" src=\"https:\/\/i0.wp.com\/politicosaldesnudo.com.mx\/wp-content\/uploads\/2023\/06\/P-FERTILIZANTE-TUXPAN-1-1024x708.png?resize=800%2C553&#038;ssl=1\" alt=\"\" width=\"800\" height=\"553\" srcset=\"https:\/\/i0.wp.com\/politicosaldesnudo.com.mx\/wp-content\/uploads\/2023\/06\/P-FERTILIZANTE-TUXPAN-1.png?resize=1024%2C708&amp;ssl=1 1024w, https:\/\/i0.wp.com\/politicosaldesnudo.com.mx\/wp-content\/uploads\/2023\/06\/P-FERTILIZANTE-TUXPAN-1.png?resize=300%2C207&amp;ssl=1 300w, https:\/\/i0.wp.com\/politicosaldesnudo.com.mx\/wp-content\/uploads\/2023\/06\/P-FERTILIZANTE-TUXPAN-1.png?resize=768%2C531&amp;ssl=1 768w, https:\/\/i0.wp.com\/politicosaldesnudo.com.mx\/wp-content\/uploads\/2023\/06\/P-FERTILIZANTE-TUXPAN-1.png?resize=392%2C272&amp;ssl=1 392w, https:\/\/i0.wp.com\/politicosaldesnudo.com.mx\/wp-content\/uploads\/2023\/06\/P-FERTILIZANTE-TUXPAN-1.png?resize=130%2C90&amp;ssl=1 130w, https:\/\/i0.wp.com\/politicosaldesnudo.com.mx\/wp-content\/uploads\/2023\/06\/P-FERTILIZANTE-TUXPAN-1.png?w=1254&amp;ssl=1 1254w\" sizes=\"auto, (max-width: 800px) 100vw, 800px\" \/><\/p>\n<p>&nbsp;<\/p>\n<p class=\"p2\"><span style=\"font-size: 14pt;\">La entrega se realiz\u00f3 en Tampiquillo, en un evento que fue encabezado por el alcalde Jos\u00e9 Manuel Pozos, \u00d3scar Javier Fern\u00e1ndez Morales, titular de la Representaci\u00f3n de Sader en Veracruz; Gustavo Adolfo Rosales Falc\u00f3n, coordinador estatal de Segalmex en Veracruz; H\u00e9ctor Flores Gonz\u00e1lez, jefe del Programa Agr\u00edcola de la Representaci\u00f3n Estatal de la Sader Veracruz.<\/span><\/p>\n<p class=\"p2\"><span style=\"font-size: 14pt;\">Tambi\u00e9n se cont\u00f3 la presencia Manuel S\u00e1nchez Jacinto, jefe de distrito de Desarrollo Rural de la Sader en Tuxpan; la regidora Mar\u00eda del Pilar Mart\u00ednez Matesanz, comisionada en Fomento Agropecuario; Edmundo Crist\u00f3bal Cruz, director de Fomento Agropecuario y el subagente municipal de Tampiquillo, Catarino Mendoza.<\/span><\/p>\n<p>&nbsp;<\/p>\n<p>&nbsp;<\/p>\n","protected":false},"excerpt":{"rendered":"<p>&nbsp; &lt;&lt;El alcalde Jos\u00e9 Manuel Pozos agradeci\u00f3 al presidente Andr\u00e9s Manuel L\u00f3pez Obrador y al gobernador Cuitl\u00e1huac Garc\u00eda por su<\/p>\n","protected":false},"author":4,"featured_media":20818,"comment_status":"closed","ping_status":"closed","sticky":false,"template":"","format":"standard","meta":{"colormag_page_container_layout":"default_layout","colormag_page_sidebar_layout":"default_layout","_jetpack_memberships_contains_paid_content":false,"footnotes":"","jetpack_publicize_message":"","jetpack_publicize_feature_enabled":true,"jetpack_social_post_already_shared":false,"jetpack_social_options":{"image_generator_settings":{"template":"highway","default_image_id":0,"font":"","enabled":false},"version":2}},"categories":[1082],"tags":[2834,2833,2835,2832,576,1031,1351,70,100],"class_list":["post-20813","post","type-post","status-publish","format-standard","has-post-thumbnail","hentry","category-tuxpan","tag-abono","tag-fertilizante","tag-fertilizantes-para-el-bienestar","tag-gustavo-rosales","tag-jose-manuel-pozos","tag-sader","tag-segalmex","tag-tuxpan","tag-veracruz"],"jetpack_publicize_connections":[],"jetpack_featured_media_url":"https:\/\/i0.wp.com\/politicosaldesnudo.com.mx\/wp-content\/uploads\/2023\/06\/P-FERTILIZANTE-TUXPAN-6.png?fit=1816%2C1016&ssl=1","jetpack-related-posts":[],"jetpack_sharing_enabled":true,"_links":{"self":[{"href":"https:\/\/politicosaldesnudo.com.mx\/index.php\/wp-json\/wp\/v2\/posts\/20813","targetHints":{"allow":["GET"]}}],"collection":[{"href":"https:\/\/politicosaldesnudo.com.mx\/index.php\/wp-json\/wp\/v2\/posts"}],"about":[{"href":"https:\/\/politicosaldesnudo.com.mx\/index.php\/wp-json\/wp\/v2\/types\/post"}],"author":[{"embeddable":true,"href":"https:\/\/politicosaldesnudo.com.mx\/index.php\/wp-json\/wp\/v2\/users\/4"}],"replies":[{"embeddable":true,"href":"https:\/\/politicosaldesnudo.com.mx\/index.php\/wp-json\/wp\/v2\/comments?post=20813"}],"version-history":[{"count":0,"href":"https:\/\/politicosaldesnudo.com.mx\/index.php\/wp-json\/wp\/v2\/posts\/20813\/revisions"}],"wp:featuredmedia":[{"embeddable":true,"href":"https:\/\/politicosaldesnudo.com.mx\/index.php\/wp-json\/wp\/v2\/media\/20818"}],"wp:attachment":[{"href":"https:\/\/politicosaldesnudo.com.mx\/index.php\/wp-json\/wp\/v2\/media?parent=20813"}],"wp:term":[{"taxonomy":"category","embeddable":true,"href":"https:\/\/politicosaldesnudo.com.mx\/index.php\/wp-json\/wp\/v2\/categories?post=20813"},{"taxonomy":"post_tag","embeddable":true,"href":"https:\/\/politicosaldesnudo.com.mx\/index.php\/wp-json\/wp\/v2\/tags?post=20813"}],"curies":[{"name":"wp","href":"https:\/\/api.w.org\/{rel}","templated":true}]}}