{"id":20825,"date":"2023-06-08T05:00:30","date_gmt":"2023-06-08T10:00:30","guid":{"rendered":"https:\/\/politicosaldesnudo.com.mx\/?p=20825"},"modified":"2023-06-08T08:01:51","modified_gmt":"2023-06-08T13:01:51","slug":"festejo-o-conmemoracion","status":"publish","type":"post","link":"https:\/\/politicosaldesnudo.com.mx\/index.php\/2023\/06\/08\/festejo-o-conmemoracion\/","title":{"rendered":"Festejo o conmemoraci\u00f3n"},"content":{"rendered":"<p>&nbsp;<\/p>\n<p class=\"p2\"><span style=\"font-size: 18pt;\"><strong>Por Norma Meraz<\/strong><\/span><\/p>\n<p class=\"p2\"><span style=\"font-size: 14pt;\">El periodismo<span class=\"Apple-converted-space\">\u00a0 <\/span>profesional en M\u00e9xico, est\u00e1 de luto. M\u00e1s de 170 periodistas<span class=\"Apple-converted-space\">\u00a0 <\/span>han sido asesinados<span class=\"Apple-converted-space\">\u00a0 <\/span>en nuestro pa\u00eds<span class=\"Apple-converted-space\">\u00a0 <\/span>en los \u00faltimos 5 a\u00f1os .<\/span><\/p>\n<p class=\"p2\"><span style=\"font-size: 14pt;\">El 7 de junio, <em>D\u00eda<span class=\"Apple-converted-space\">\u00a0 <\/span>de la Libertad de Expresi\u00f3n<\/em>, no es fecha para festejar, solo para refrescar el hecho triste de la p\u00e9rdida de tantos periodistas que por cumplir con la tarea de informar, han muerto en la trinchera.<\/span><\/p>\n<p class=\"p2\"><span style=\"font-size: 14pt;\">Han dejado a sus familias en el desamparo y con el dolor de no encontrar sus restos, en muchos casos. <\/span><span style=\"font-size: 14pt;\">Con la impotencia de no encontrar<span class=\"Apple-converted-space\">\u00a0 <\/span>justicia a esas desapariciones y asesinatos, las madres y esposas de esos periodistas, con lo que se topan es con la muerte o las garras de la impunidad.<\/span><\/p>\n<p class=\"p2\"><span style=\"font-size: 14pt;\">A la convocatoria dela agrupaci\u00f3n: \u201cReporteros<span class=\"Apple-converted-space\">\u00a0 <\/span>2023\u201d, acudimos<span class=\"Apple-converted-space\">\u00a0<\/span>incontables<span class=\"Apple-converted-space\"> a<\/span>cademias, asociaciones y organizaciones de periodistas, para conmemorar el <em>D\u00eda<span class=\"Apple-converted-space\">\u00a0 <\/span>de la Libertad de Expresi\u00f3n<\/em>.<\/span><\/p>\n<p class=\"p2\"><span style=\"font-size: 14pt;\">No pocos tomaron la palabra y todos coincidieron en se\u00f1alar la dif\u00edcil situaci\u00f3n por la que atraviesa el ejercicio period\u00edstico a lo largo y ancho del pa\u00eds.<\/span><\/p>\n<p class=\"p2\"><span style=\"font-size: 14pt;\">La prensa no alineada al gobierno de la Rep\u00fablica es denostada, agredida<span class=\"Apple-converted-space\">\u00a0 <\/span>e injuriada, por decir lo menos.<\/span><\/p>\n<p class=\"p2\"><span style=\"font-size: 14pt;\">En el caso del atentado contra la vida del periodista Ciro Gomez Leyva, el 15 de diciembre del 2022, no hay avances en la investigaci\u00f3n, respecto de qui\u00e9n o quienes son los responsables.<\/span><\/p>\n<p class=\"p2\"><span style=\"font-size: 14pt;\">La Fiscal\u00eda General de la Rep\u00fablica sigue en pausa a cerca a de este hecho tan terrible. <\/span><span style=\"font-size: 14pt;\">Es lamentable que muchos colegas del gremio period\u00edstico: reporteros, fot\u00f3grafos, camar\u00f3grafos, redactores, reporteros de Radio y TV no cuenten con seguridad social y con una pensi\u00f3n digna.<\/span><\/p>\n<p class=\"p2\"><span style=\"font-size: 14pt;\">\u00bfCu\u00e1ntos<span class=\"Apple-converted-space\">\u00a0<\/span>mueren en la miseria, luego de haber trabajado toda una vida? \u00bfCu\u00e1ntos ni siquiera cuentan con una vivienda propia?<\/span><\/p>\n<p class=\"p2\"><span style=\"font-size: 14pt;\">Es hora de voltear los ojos a ese ej\u00e9rcito de compa\u00f1eros de los diferentes medios de comunicaci\u00f3n <span class=\"Apple-converted-space\">\u00a0<\/span>que merecen una mejor calidad de vida.<\/span><\/p>\n<p class=\"p2\"><span style=\"font-size: 14pt;\">La periodista Maru Rojas propuso la creaci\u00f3n de un fondo, con aportaciones de todo aquel que quiera y pueda ayudar, con el fin de poder sufragar gastos m\u00e9dicos de aquellos colegas que no cuenten con recursos para atenderse, a lo que todos respondimos estar de acuerdo.<\/span><\/p>\n<p class=\"p2\"><span style=\"font-size: 14pt;\">AsImismo hubo consenso en reprobar la decisi\u00f3n del Presidente Andr\u00e9s Manuel L\u00f3pez Obrador de desaparecer la Agencia Notimex, luego de tres a\u00f1os de estar en huelga y dar la espalda a todos los trabajadores e informadores de la agencia que durante estos a\u00f1os no han recibido ingreso alguno.<\/span><\/p>\n<p class=\"p2\"><span style=\"font-size: 14pt;\">La misi\u00f3n de informar lo que ocurre en el pa\u00eds como: el \u00edndice de feminicidios, la falta de apoyos a los deportistas, la falta de medicamentos para la cura del c\u00e1ncer en ni\u00f1os y mujeres, por citar s\u00f3lo algunos casos, son temas que molestan mucho a Lopez Obrador, se injerta en pantera y arremete de inmediato contra los periodistas.<\/span><\/p>\n<p class=\"p2\"><span style=\"font-size: 14pt;\">Otra distinguida periodista , Elena<span class=\"Apple-converted-space\">\u00a0 <\/span>Chavez Gonz\u00e1lez, autora del libro, <em>\u201cEl Rey del Cash\u201d<\/em>, en su intervenci\u00f3n<span class=\"Apple-converted-space\">\u00a0 <\/span>destac\u00f3<span class=\"Apple-converted-space\">\u00a0 <\/span>lo dif\u00edcil que es hoy en d\u00eda , el desempe\u00f1o del periodismo en nuestro pa\u00eds y como desde el p\u00falpito virreynal<span class=\"Apple-converted-space\">\u00a0 <\/span>se acomete contra<span class=\"Apple-converted-space\">\u00a0<\/span>la labor de informar .<\/span><\/p>\n<p class=\"p2\"><span style=\"font-size: 14pt;\">Tambi\u00e9n anunci\u00f3 que ya viene la publicaci\u00f3n de su segundo libro, quiz\u00e1 para octubre de este a\u00f1o y que sacar\u00e1 chispas, a lo que le comentamos que lo esperamos con ansias.<\/span><\/p>\n<p class=\"p2\"><span style=\"font-size: 14pt;\">\u00bfNo le avergonzar\u00e1 al <\/span><span style=\"font-size: 14pt;\">Presidente L\u00f3pez Obrador que, M\u00e9xico sea considerado uno de los pa\u00edses m\u00e1s peligrosos para ejercer el periodismo?<span class=\"Apple-converted-space\">\u00a0<\/span><\/span><\/p>\n<p class=\"p2\"><span style=\"font-size: 14pt;\">\u00bfQu\u00e9 no vivimos<span class=\"Apple-converted-space\">\u00a0 <\/span>en una democracia donde se supone que se ejerce la libertad de expresi\u00f3n sin represi\u00f3n? <\/span><span style=\"font-size: 14pt;\">Entonces el 7 de junio no es para festejar, sino conmemorar que el ejercicio del periodismo debe continuar y dignificar a quienes lo ejercen a pesar de las descalificaciones desde el poder.<\/span><\/p>\n<p class=\"p2\"><span style=\"font-size: 14pt;\">Matar periodistas, no es para festejar<\/span><\/p>\n<p>&nbsp;<\/p>\n<p class=\"p1\"><span style=\"font-size: 18pt;\"><strong>\u00a1Digamos la verdad!<\/strong><\/span><\/p>\n<p>&nbsp;<\/p>\n<hr \/>\n<p>&nbsp;<\/p>\n<p><img data-recalc-dims=\"1\" loading=\"lazy\" decoding=\"async\" class=\"aligncenter wp-image-14351\" src=\"https:\/\/i0.wp.com\/politicosaldesnudo.com.mx\/wp-content\/uploads\/2023\/01\/FIRMA-EDITORIAL-PD-300x37.png?resize=800%2C98&#038;ssl=1\" alt=\"\" width=\"800\" height=\"98\" srcset=\"https:\/\/i0.wp.com\/politicosaldesnudo.com.mx\/wp-content\/uploads\/2023\/01\/FIRMA-EDITORIAL-PD.png?resize=300%2C37&amp;ssl=1 300w, https:\/\/i0.wp.com\/politicosaldesnudo.com.mx\/wp-content\/uploads\/2023\/01\/FIRMA-EDITORIAL-PD.png?resize=1024%2C125&amp;ssl=1 1024w, https:\/\/i0.wp.com\/politicosaldesnudo.com.mx\/wp-content\/uploads\/2023\/01\/FIRMA-EDITORIAL-PD.png?resize=768%2C94&amp;ssl=1 768w, https:\/\/i0.wp.com\/politicosaldesnudo.com.mx\/wp-content\/uploads\/2023\/01\/FIRMA-EDITORIAL-PD.png?resize=1536%2C188&amp;ssl=1 1536w, https:\/\/i0.wp.com\/politicosaldesnudo.com.mx\/wp-content\/uploads\/2023\/01\/FIRMA-EDITORIAL-PD.png?resize=2048%2C250&amp;ssl=1 2048w, https:\/\/i0.wp.com\/politicosaldesnudo.com.mx\/wp-content\/uploads\/2023\/01\/FIRMA-EDITORIAL-PD.png?w=1600&amp;ssl=1 1600w, https:\/\/i0.wp.com\/politicosaldesnudo.com.mx\/wp-content\/uploads\/2023\/01\/FIRMA-EDITORIAL-PD.png?w=2400&amp;ssl=1 2400w\" sizes=\"auto, (max-width: 800px) 100vw, 800px\" \/><\/p>\n<p>&nbsp;<\/p>\n<p>&nbsp;<\/p>\n<p>&nbsp;<\/p>\n","protected":false},"excerpt":{"rendered":"<p>&nbsp; Por Norma Meraz El periodismo\u00a0 profesional en M\u00e9xico, est\u00e1 de luto. M\u00e1s de 170 periodistas\u00a0 han sido asesinados\u00a0 en<\/p>\n","protected":false},"author":4,"featured_media":12682,"comment_status":"closed","ping_status":"closed","sticky":false,"template":"","format":"standard","meta":{"colormag_page_container_layout":"default_layout","colormag_page_sidebar_layout":"default_layout","_jetpack_memberships_contains_paid_content":false,"footnotes":"","jetpack_publicize_message":"","jetpack_publicize_feature_enabled":true,"jetpack_social_post_already_shared":false,"jetpack_social_options":{"image_generator_settings":{"template":"highway","default_image_id":0,"font":"","enabled":false},"version":2}},"categories":[26],"tags":[],"class_list":["post-20825","post","type-post","status-publish","format-standard","has-post-thumbnail","hentry","category-columnistas"],"jetpack_publicize_connections":[],"jetpack_featured_media_url":"https:\/\/i0.wp.com\/politicosaldesnudo.com.mx\/wp-content\/uploads\/2022\/11\/P-NORMA-MERAZ-PD.png?fit=1816%2C1016&ssl=1","jetpack-related-posts":[],"jetpack_sharing_enabled":true,"_links":{"self":[{"href":"https:\/\/politicosaldesnudo.com.mx\/index.php\/wp-json\/wp\/v2\/posts\/20825","targetHints":{"allow":["GET"]}}],"collection":[{"href":"https:\/\/politicosaldesnudo.com.mx\/index.php\/wp-json\/wp\/v2\/posts"}],"about":[{"href":"https:\/\/politicosaldesnudo.com.mx\/index.php\/wp-json\/wp\/v2\/types\/post"}],"author":[{"embeddable":true,"href":"https:\/\/politicosaldesnudo.com.mx\/index.php\/wp-json\/wp\/v2\/users\/4"}],"replies":[{"embeddable":true,"href":"https:\/\/politicosaldesnudo.com.mx\/index.php\/wp-json\/wp\/v2\/comments?post=20825"}],"version-history":[{"count":0,"href":"https:\/\/politicosaldesnudo.com.mx\/index.php\/wp-json\/wp\/v2\/posts\/20825\/revisions"}],"wp:featuredmedia":[{"embeddable":true,"href":"https:\/\/politicosaldesnudo.com.mx\/index.php\/wp-json\/wp\/v2\/media\/12682"}],"wp:attachment":[{"href":"https:\/\/politicosaldesnudo.com.mx\/index.php\/wp-json\/wp\/v2\/media?parent=20825"}],"wp:term":[{"taxonomy":"category","embeddable":true,"href":"https:\/\/politicosaldesnudo.com.mx\/index.php\/wp-json\/wp\/v2\/categories?post=20825"},{"taxonomy":"post_tag","embeddable":true,"href":"https:\/\/politicosaldesnudo.com.mx\/index.php\/wp-json\/wp\/v2\/tags?post=20825"}],"curies":[{"name":"wp","href":"https:\/\/api.w.org\/{rel}","templated":true}]}}