{"id":20899,"date":"2023-06-09T10:42:53","date_gmt":"2023-06-09T15:42:53","guid":{"rendered":"https:\/\/politicosaldesnudo.com.mx\/?p=20899"},"modified":"2023-06-09T10:42:53","modified_gmt":"2023-06-09T15:42:53","slug":"canada-espera-refuerzo-internacional-para-combatir-150-incendios-forestales","status":"publish","type":"post","link":"https:\/\/politicosaldesnudo.com.mx\/index.php\/2023\/06\/09\/canada-espera-refuerzo-internacional-para-combatir-150-incendios-forestales\/","title":{"rendered":"Canad\u00e1 espera refuerzo internacional para combatir 150 incendios forestales"},"content":{"rendered":"<p class=\"p1\">\n<p>&nbsp;<\/p>\n<p class=\"p1\"><span style=\"font-size: 14pt;\"><em><strong>MONTREAL, CANAD\u00c1.<\/strong> <\/em><strong>Convertido en epicentro de incendios forestales<\/strong> que arrasan gran parte de Canad\u00e1, la provincia de Quebec espera con impaciencia la<strong> llegada de refuerzos internacionales para combatir las llamas<\/strong>, mientras el humo de los <strong>150 siniestros de fuego<\/strong> a\u00fan en curso alcanza a Estados Unidos.<\/span><\/p>\n<p class=\"p1\"><span style=\"font-size: 18pt;\"><strong>Los devastadores incendios en este pa\u00eds, concentrados en esta provincia franc\u00f3fona, provocaron la evacuaci\u00f3n de m\u00e1s de 20 mil personas y en lo que va del a\u00f1o arrasaron casi 3.8 millones de hect\u00e1reas.<\/strong><\/span><\/p>\n<p>&nbsp;<\/p>\n<p><img data-recalc-dims=\"1\" loading=\"lazy\" decoding=\"async\" class=\"aligncenter wp-image-20901 size-large\" src=\"https:\/\/i0.wp.com\/politicosaldesnudo.com.mx\/wp-content\/uploads\/2023\/06\/P-INCENDIOS-CANADA-2-1024x573.png?resize=800%2C448&#038;ssl=1\" alt=\"\" width=\"800\" height=\"448\" srcset=\"https:\/\/i0.wp.com\/politicosaldesnudo.com.mx\/wp-content\/uploads\/2023\/06\/P-INCENDIOS-CANADA-2.png?resize=1024%2C573&amp;ssl=1 1024w, https:\/\/i0.wp.com\/politicosaldesnudo.com.mx\/wp-content\/uploads\/2023\/06\/P-INCENDIOS-CANADA-2.png?resize=300%2C168&amp;ssl=1 300w, https:\/\/i0.wp.com\/politicosaldesnudo.com.mx\/wp-content\/uploads\/2023\/06\/P-INCENDIOS-CANADA-2.png?resize=768%2C430&amp;ssl=1 768w, https:\/\/i0.wp.com\/politicosaldesnudo.com.mx\/wp-content\/uploads\/2023\/06\/P-INCENDIOS-CANADA-2.png?resize=1536%2C859&amp;ssl=1 1536w, https:\/\/i0.wp.com\/politicosaldesnudo.com.mx\/wp-content\/uploads\/2023\/06\/P-INCENDIOS-CANADA-2.png?w=1816&amp;ssl=1 1816w, https:\/\/i0.wp.com\/politicosaldesnudo.com.mx\/wp-content\/uploads\/2023\/06\/P-INCENDIOS-CANADA-2.png?w=1600&amp;ssl=1 1600w\" sizes=\"auto, (max-width: 800px) 100vw, 800px\" \/><\/p>\n<p>&nbsp;<\/p>\n<p class=\"p1\"><span style=\"font-size: 14pt;\">De los 150 siniestros activos, un centenar de ellos est\u00e1 fuera de control. Y no se esperan lluvias importantes antes del lunes 12 de junio por la noche.<\/span><\/p>\n<p>&nbsp;<\/p>\n<p><span style=\"font-size: 18pt; color: #139eca;\"><strong>LA PEOR TEMPORADA DE LA HISTORIA<\/strong><\/span><\/p>\n<p class=\"p1\"><span style=\"font-size: 18pt;\"><strong>El primer ministro canadiense, Justin Trudeau, describi\u00f3 esta temporada como la peor de su historia, y advirti\u00f3 que los recursos est\u00e1n al l\u00edmite.<\/strong><\/span><\/p>\n<p>&nbsp;<\/p>\n<blockquote>\n<p class=\"p1\"><span style=\"font-size: 14pt;\">Con los efectivos con los que contamos podemos cubrir al mismo tiempo unos 40 incendios, pero hay 150 activos\u201d, declar\u00f3 el premier de Quebec, Fran\u00e7ois Legault. \u201cTenemos que atender lo urgente\u201d<\/span><\/p>\n<\/blockquote>\n<p>&nbsp;<\/p>\n<p class=\"p1\"><span style=\"font-size: 18pt;\"><strong>La referida provincia moviliz\u00f3 cientos de personas para combatir la crisis y espera llegar a mil 200 con la ayuda internacional.<\/strong><\/span><\/p>\n<p>&nbsp;<\/p>\n<p><img data-recalc-dims=\"1\" loading=\"lazy\" decoding=\"async\" class=\"aligncenter wp-image-20900 size-large\" src=\"https:\/\/i0.wp.com\/politicosaldesnudo.com.mx\/wp-content\/uploads\/2023\/06\/P-INCENDIOS-CANADA-1-1024x573.png?resize=800%2C448&#038;ssl=1\" alt=\"\" width=\"800\" height=\"448\" srcset=\"https:\/\/i0.wp.com\/politicosaldesnudo.com.mx\/wp-content\/uploads\/2023\/06\/P-INCENDIOS-CANADA-1.png?resize=1024%2C573&amp;ssl=1 1024w, https:\/\/i0.wp.com\/politicosaldesnudo.com.mx\/wp-content\/uploads\/2023\/06\/P-INCENDIOS-CANADA-1.png?resize=300%2C168&amp;ssl=1 300w, https:\/\/i0.wp.com\/politicosaldesnudo.com.mx\/wp-content\/uploads\/2023\/06\/P-INCENDIOS-CANADA-1.png?resize=768%2C430&amp;ssl=1 768w, https:\/\/i0.wp.com\/politicosaldesnudo.com.mx\/wp-content\/uploads\/2023\/06\/P-INCENDIOS-CANADA-1.png?resize=1536%2C859&amp;ssl=1 1536w, https:\/\/i0.wp.com\/politicosaldesnudo.com.mx\/wp-content\/uploads\/2023\/06\/P-INCENDIOS-CANADA-1.png?w=1816&amp;ssl=1 1816w, https:\/\/i0.wp.com\/politicosaldesnudo.com.mx\/wp-content\/uploads\/2023\/06\/P-INCENDIOS-CANADA-1.png?w=1600&amp;ssl=1 1600w\" sizes=\"auto, (max-width: 800px) 100vw, 800px\" \/><\/p>\n<p>&nbsp;<\/p>\n<p class=\"p1\"><span style=\"font-size: 18pt; color: #139eca;\"><strong>La Casa Blanca declar\u00f3 que el presidente Joe Biden ofreci\u00f3 a Trudeau \u201capoyo adicional para responder a los devastadores e hist\u00f3ricos incendios forestales\u201d. Biden afirm\u00f3 que los fuegos, son \u201cotro claro recordatorio de las consecuencias del cambio clim\u00e1tico\u201d.<\/strong><\/span><\/p>\n<p class=\"p1\"><span style=\"font-size: 18pt;\"><strong>La Uni\u00f3n Europea propuso enviar m\u00e1s de 280 bomberos procedentes de Francia, Espa\u00f1a y Portugal, seg\u00fan anunci\u00f3 la presidenta de su brazo ejecutivo, Ursula von der Leyen.<\/strong><\/span><\/p>\n<p class=\"p1\"><span style=\"font-size: 14pt;\">Trudeau tuiteo que agradeci\u00f3 a Biden. \u201cEstos incendios est\u00e1n afectando a miles de personas en sus actividades diarias y afectando, en muchos casos, sus medios de sustento, y perjudicando la calidad del aire\u201d<\/span><\/p>\n<blockquote class=\"twitter-tweet\" data-width=\"550\" data-dnt=\"true\">\n<p lang=\"en\" dir=\"ltr\">The wildfire situation remains serious across the country. Tune in as I join Ministers <a href=\"https:\/\/twitter.com\/BillBlair?ref_src=twsrc%5Etfw\">@BillBlair<\/a>, <a href=\"https:\/\/twitter.com\/AnitaAnandMP?ref_src=twsrc%5Etfw\">@AnitaAnandMP<\/a>, and <a href=\"https:\/\/twitter.com\/PattyHajdu?ref_src=twsrc%5Etfw\">@PattyHajdu<\/a> to provide an update on the support we\u2019re providing to affected Canadians, communities, provinces, and territories: <a href=\"https:\/\/t.co\/CC651kFFA1\">https:\/\/t.co\/CC651kFFA1<\/a><\/p>\n<p>&mdash; Justin Trudeau (@JustinTrudeau) <a href=\"https:\/\/twitter.com\/JustinTrudeau\/status\/1666485038173544464?ref_src=twsrc%5Etfw\">June 7, 2023<\/a><\/p><\/blockquote>\n<p><script async src=\"https:\/\/platform.twitter.com\/widgets.js\" charset=\"utf-8\"><\/script><\/p>\n<p>&nbsp;<\/p>\n<p class=\"p1\"><span style=\"font-size: 18pt;\"><strong>M\u00e1s de 20 mil canadienses han sido evacuados, m\u00e1s de la mitad en Quebec, donde el gobierno se prepara para trasladar a otros 4 mil.<\/strong><\/span><\/p>\n<p class=\"p1\"><span style=\"font-size: 14pt;\">En el municipio de Chapais, el residente Daniel Harvey explic\u00f3 a los medios locales que hab\u00eda recogido papeles importantes, discos de memoria y fotograf\u00edas para prepararse ante una evacuaci\u00f3n. \u201cNo sabemos qu\u00e9 va a pasar, por lo que tenemos que actuar como si\u201d todo fuera a arder, expuso.<\/span><\/p>\n<p class=\"p1\"><span style=\"font-size: 18pt;\"><strong>Desde principios de a\u00f1o, se registraron 438 incendios en esa provincia franc\u00f3fona, frente a una media de 200 en la d\u00e9cada reciente durante el mismo periodo. El n\u00famero de hect\u00e1reas quemadas tambi\u00e9n es excepcional.<\/strong><\/span><\/p>\n<p>&nbsp;<\/p>\n<p><img data-recalc-dims=\"1\" loading=\"lazy\" decoding=\"async\" class=\"aligncenter wp-image-20902 size-large\" src=\"https:\/\/i0.wp.com\/politicosaldesnudo.com.mx\/wp-content\/uploads\/2023\/06\/P-INCENDIOS-CANADA-3-1024x573.png?resize=800%2C448&#038;ssl=1\" alt=\"\" width=\"800\" height=\"448\" srcset=\"https:\/\/i0.wp.com\/politicosaldesnudo.com.mx\/wp-content\/uploads\/2023\/06\/P-INCENDIOS-CANADA-3.png?resize=1024%2C573&amp;ssl=1 1024w, https:\/\/i0.wp.com\/politicosaldesnudo.com.mx\/wp-content\/uploads\/2023\/06\/P-INCENDIOS-CANADA-3.png?resize=300%2C168&amp;ssl=1 300w, https:\/\/i0.wp.com\/politicosaldesnudo.com.mx\/wp-content\/uploads\/2023\/06\/P-INCENDIOS-CANADA-3.png?resize=768%2C430&amp;ssl=1 768w, https:\/\/i0.wp.com\/politicosaldesnudo.com.mx\/wp-content\/uploads\/2023\/06\/P-INCENDIOS-CANADA-3.png?resize=1536%2C859&amp;ssl=1 1536w, https:\/\/i0.wp.com\/politicosaldesnudo.com.mx\/wp-content\/uploads\/2023\/06\/P-INCENDIOS-CANADA-3.png?w=1816&amp;ssl=1 1816w, https:\/\/i0.wp.com\/politicosaldesnudo.com.mx\/wp-content\/uploads\/2023\/06\/P-INCENDIOS-CANADA-3.png?w=1600&amp;ssl=1 1600w\" sizes=\"auto, (max-width: 800px) 100vw, 800px\" \/><\/p>\n<p>&nbsp;<\/p>\n<p class=\"p1\"><span style=\"font-size: 18pt; color: #139eca;\"><strong>Todo Canad\u00e1 pasa por un a\u00f1o sin precedentes con 2 mil 203 incendios forestales y casi 3.8 millones de hect\u00e1reas, muy por encima de la media de los decenios pasados.<\/strong><\/span><\/p>\n<p class=\"p1\"><span style=\"font-size: 14pt;\">Por su situaci\u00f3n geogr\u00e1fica, Canad\u00e1 se calienta m\u00e1s r\u00e1pido que el resto del planeta y ha enfrentado cada vez m\u00e1s fen\u00f3menos meteorol\u00f3gicos extremos, cuya intensidad y frecuencia se incrementaron por el cambio clim\u00e1tico.<\/span><\/p>\n<p class=\"p1\"><span style=\"font-size: 14pt;\">El humo de los incendios forestales canadienses sigui\u00f3 nublando ciudades estadunidenses por segundo d\u00eda consecutivo, y ello oblig\u00f3 a retrasar vuelos de aeronaves y a cancelar actividades al aire libre.<\/span><\/p>\n<p class=\"p1\"><span style=\"font-size: 14pt;\">En tanto, las autoridades de Noruega prev\u00e9n que el humo de los incendios forestales canadienses llegue pronto al pa\u00eds europeo.<\/span><\/p>\n<p>&nbsp;<\/p>\n<p><span style=\"color: #139eca;\"><strong><span style=\"font-size: 18pt;\">LA AYUDA VA LLEGANDO<\/span><\/strong><\/span><\/p>\n<p><span style=\"font-size: 18pt;\"><b style=\"font-size: 18pt;\">M\u00e1s de 200 bomberos provenientes de <\/b><span style=\"font-size: 24px;\"><b>Sud\u00e1frica<\/b><\/span><b style=\"font-size: 18pt;\">\u00a0arriba al<\/b> <b style=\"font-size: 18pt;\">Aeropuerto Internacional de Montreal para ayudar a los incendios que est\u00e1n devastando las zonas forestales.\u00a0<\/b><\/span><\/p>\n<p>&nbsp;<\/p>\n<div style=\"width: 490px;\" class=\"wp-video\"><video class=\"wp-video-shortcode\" id=\"video-20899-1\" width=\"490\" height=\"270\" preload=\"metadata\" controls=\"controls\"><source type=\"video\/mp4\" src=\"https:\/\/politicosaldesnudo.com.mx\/wp-content\/uploads\/2023\/06\/BOMBEROS-SUDAFRICANOS.mp4?_=1\" \/><a href=\"https:\/\/politicosaldesnudo.com.mx\/wp-content\/uploads\/2023\/06\/BOMBEROS-SUDAFRICANOS.mp4\">https:\/\/politicosaldesnudo.com.mx\/wp-content\/uploads\/2023\/06\/BOMBEROS-SUDAFRICANOS.mp4<\/a><\/video><\/div>\n<p>&nbsp;<\/p>\n<p>&nbsp;<\/p>\n<p>&nbsp;<\/p>\n","protected":false},"excerpt":{"rendered":"<p>&nbsp; MONTREAL, CANAD\u00c1. Convertido en epicentro de incendios forestales que arrasan gran parte de Canad\u00e1, la provincia de Quebec espera<\/p>\n","protected":false},"author":4,"featured_media":20903,"comment_status":"closed","ping_status":"closed","sticky":false,"template":"","format":"standard","meta":{"colormag_page_container_layout":"default_layout","colormag_page_sidebar_layout":"default_layout","_jetpack_memberships_contains_paid_content":false,"footnotes":"","jetpack_publicize_message":"","jetpack_publicize_feature_enabled":true,"jetpack_social_post_already_shared":false,"jetpack_social_options":{"image_generator_settings":{"template":"highway","default_image_id":0,"font":"","enabled":false},"version":2}},"categories":[28],"tags":[2843,1224,269,203,2114,81,2043],"class_list":["post-20899","post","type-post","status-publish","format-standard","has-post-thumbnail","hentry","category-internacional","tag-ayuda-internacional","tag-canada","tag-estados-unidos","tag-incendios","tag-incendios-forestales","tag-joe-biden","tag-justin-trudeau"],"jetpack_publicize_connections":[],"jetpack_featured_media_url":"https:\/\/i0.wp.com\/politicosaldesnudo.com.mx\/wp-content\/uploads\/2023\/06\/P-INCENDIOS-CANADA-5.png?fit=1816%2C1016&ssl=1","jetpack-related-posts":[],"jetpack_sharing_enabled":true,"_links":{"self":[{"href":"https:\/\/politicosaldesnudo.com.mx\/index.php\/wp-json\/wp\/v2\/posts\/20899","targetHints":{"allow":["GET"]}}],"collection":[{"href":"https:\/\/politicosaldesnudo.com.mx\/index.php\/wp-json\/wp\/v2\/posts"}],"about":[{"href":"https:\/\/politicosaldesnudo.com.mx\/index.php\/wp-json\/wp\/v2\/types\/post"}],"author":[{"embeddable":true,"href":"https:\/\/politicosaldesnudo.com.mx\/index.php\/wp-json\/wp\/v2\/users\/4"}],"replies":[{"embeddable":true,"href":"https:\/\/politicosaldesnudo.com.mx\/index.php\/wp-json\/wp\/v2\/comments?post=20899"}],"version-history":[{"count":0,"href":"https:\/\/politicosaldesnudo.com.mx\/index.php\/wp-json\/wp\/v2\/posts\/20899\/revisions"}],"wp:featuredmedia":[{"embeddable":true,"href":"https:\/\/politicosaldesnudo.com.mx\/index.php\/wp-json\/wp\/v2\/media\/20903"}],"wp:attachment":[{"href":"https:\/\/politicosaldesnudo.com.mx\/index.php\/wp-json\/wp\/v2\/media?parent=20899"}],"wp:term":[{"taxonomy":"category","embeddable":true,"href":"https:\/\/politicosaldesnudo.com.mx\/index.php\/wp-json\/wp\/v2\/categories?post=20899"},{"taxonomy":"post_tag","embeddable":true,"href":"https:\/\/politicosaldesnudo.com.mx\/index.php\/wp-json\/wp\/v2\/tags?post=20899"}],"curies":[{"name":"wp","href":"https:\/\/api.w.org\/{rel}","templated":true}]}}