{"id":20906,"date":"2023-06-09T05:40:26","date_gmt":"2023-06-09T10:40:26","guid":{"rendered":"https:\/\/politicosaldesnudo.com.mx\/?p=20906"},"modified":"2023-06-09T10:59:34","modified_gmt":"2023-06-09T15:59:34","slug":"quienes-son-las-corcholatas-jarochas","status":"publish","type":"post","link":"https:\/\/politicosaldesnudo.com.mx\/index.php\/2023\/06\/09\/quienes-son-las-corcholatas-jarochas\/","title":{"rendered":"\u00bfQui\u00e9nes son las corcholatas jarochas?"},"content":{"rendered":"<p>&nbsp;<\/p>\n<p class=\"p1\" style=\"text-align: center;\"><em><span style=\"font-size: 18pt;\"><strong>&lt;&lt;Todav\u00eda no hay ning\u00fan candidato oficial &gt;&gt;<\/strong><\/span><\/em><\/p>\n<p class=\"p1\" style=\"text-align: center;\"><em><span style=\"font-size: 18pt;\"><strong>&lt;&lt;Sin embargo, ya hay quienes est\u00e1n en campa\u00f1a electoral&gt;&gt;<\/strong><\/span><\/em><\/p>\n<p class=\"p1\" style=\"text-align: center;\"><em><span style=\"font-size: 18pt;\"><strong>&lt;&lt;Las dirigencias partidistas no se han definido&gt;&gt;<\/strong><\/span><\/em><\/p>\n<p>&nbsp;<\/p>\n<p>&nbsp;<\/p>\n<p><span style=\"font-size: 18pt;\"><strong>Por Miguel \u00c1ngel Cristiani Gonz\u00e1lez<\/strong><\/span><\/p>\n<p class=\"p1\"><span style=\"font-size: 14pt;\">Los candidatos a la gubernatura de Veracruz son los representantes de los diferentes partidos pol\u00edticos que buscan gobernar el estado en las elecciones del 2024. <\/span><\/p>\n<p>&nbsp;<\/p>\n<ul>\n<li class=\"p1\"><span style=\"font-size: 18pt; color: #139eca;\"><strong>Entre los nombres que se han mencionado como posibles aspirantes se encuentran:<\/strong><\/span><\/li>\n<\/ul>\n<p class=\"p1\"><span style=\"font-size: 14pt;\"><em><span style=\"font-size: 18pt;\"><strong>Roc\u00edo Nahle Garc\u00eda<\/strong><\/span><\/em>, secretaria de Energ\u00eda y militante de Morena, quien ha sido destapada por el excandidato a la alcald\u00eda de Veracruz, Ricardo Exome. Nahle ha reconocido que tiene inter\u00e9s en competir por la gubernatura y que esperar\u00e1 el proceso interno de su partido, aunque primero tiene que terminar la refiner\u00eda en Dos Bocas Tabasco.<\/span><\/p>\n<p class=\"p1\"><span style=\"font-size: 14pt;\"><span style=\"font-size: 18pt;\"><em><strong>Ricardo Ahued Bardahuil<\/strong><\/em><\/span>, alcalde de Xalapa y tambi\u00e9n miembro de Morena, quien ha sido se\u00f1alado como otro posible contendiente por la gubernatura. Ahued ha dicho que no tiene prisa por definir su futuro pol\u00edtico y que se enfocar\u00e1 en su trabajo como edil.<\/span><\/p>\n<p class=\"p1\"><span style=\"font-size: 14pt;\"><span style=\"font-size: 18pt;\"><em><strong>Zenyazen Escobar Garc\u00eda<\/strong><\/em><\/span>, secretario de Educaci\u00f3n de Veracruz y exdiputado local por Morena, quien ha expresado su disposici\u00f3n a participar en el proceso interno de su partido para la candidatura a la gubernatura. Escobar ha destacado su gesti\u00f3n al frente de la SEV y su cercan\u00eda con el gobernador Cuitl\u00e1huac Garc\u00eda.<\/span><\/p>\n<p class=\"p1\"><span style=\"font-size: 14pt;\"><span style=\"font-size: 18pt;\"><em><strong>Manuel Huerta Ladr\u00f3n de Guevara<\/strong><\/em><\/span>, delegado de los programas del Bienestar en Veracruz y exdirigente estatal de Morena, quien ha sido mencionado como otro posible candidato a la gubernatura por su partido. Huerta ha negado tener aspiraciones pol\u00edticas y ha asegurado que se dedicar\u00e1 a cumplir con su encomienda federal.<\/span><\/p>\n<p class=\"p1\"><span style=\"font-size: 14pt;\"><span style=\"font-size: 18pt;\"><em><strong>Sergio Guti\u00e9rrez Luna<\/strong><\/em><\/span>, diputado federal por el Estado de M\u00e9xico y expresidente de la Mesa Directiva en San L\u00e1zaro, quien se ha declarado listo para buscar la candidatura de Morena a la gubernatura de Veracruz. Guti\u00e9rrez ha afirmado que es el \u00fanico que lo ha dicho \u00abde frente\u00bb y que conf\u00eda en que ganar\u00e1 el proceso interno y la elecci\u00f3n.<\/span><\/p>\n<p>&nbsp;<\/p>\n<ul>\n<li class=\"p1\"><span style=\"font-size: 18pt; color: #139eca;\"><strong>Por el PAN, los nombres que se han dado a conocer son:<\/strong><\/span><\/li>\n<\/ul>\n<p class=\"p1\"><span style=\"font-size: 14pt;\"><em><span style=\"font-size: 18pt;\"><strong>Patricia Lobeira Rodr\u00edguez<\/strong><\/span><\/em>, alcaldesa de Veracruz y esposa del exalcalde, quien ha manifestado tambi\u00e9n su inter\u00e9s en contender por la gubernatura. Lobeira ha dicho que tiene el respaldo de su partido y que cuenta con experiencia pol\u00edtica y administrativa.<\/span><\/p>\n<p class=\"p1\"><span style=\"font-size: 14pt;\"><span style=\"font-size: 18pt;\"><em><strong>Indira Rosales San Rom\u00e1n<\/strong><\/em><\/span>, senadora y exsecretaria de Desarrollo Social del estado, quien ha sido mencionada como otra posible candidata a la gubernatura por el PAN. Rosales ha se\u00f1alado que est\u00e1 preparada para asumir el reto y que espera que su partido defina el m\u00e9todo de selecci\u00f3n.<\/span><\/p>\n<p class=\"p1\"><span style=\"font-size: 14pt;\"><span style=\"font-size: 18pt;\"><em><strong>Julen Rementer\u00eda del Puerto<\/strong><\/em><\/span>, senador y exsecretario de Infraestructura y Obras P\u00fablicas del estado, quien ha expresado su intenci\u00f3n de competir por la gubernatura. Rementer\u00eda ha destacado su trayectoria pol\u00edtica y su trabajo legislativo como aval para ser el candidato del PAN.<\/span><\/p>\n<p class=\"p1\"><span style=\"font-size: 14pt;\"><span style=\"font-size: 18pt;\"><em><strong>Fernando Yunes M\u00e1rquez<\/strong><\/em><\/span>, exalcalde de Veracruz e hijo del exgobernador Miguel \u00c1ngel Yunes Linares, quien ha sido se\u00f1alado como otro posible aspirante a la gubernatura por el PAN. Yunes M\u00e1rquez ha dicho que tiene el perfil adecuado para gobernar el estado y que esperar\u00e1 los tiempos del partido.<\/span><\/p>\n<p class=\"p1\"><span style=\"font-size: 14pt;\"><strong><span style=\"font-size: 18pt;\"><em>Miguel \u00c1ngel Yunes M\u00e1rquez<\/em><\/span><\/strong>, exalcalde de Boca del R\u00edo y tambi\u00e9n hijo del exgobernador Miguel \u00c1ngel Yunes Linares, quien ha sido mencionado como otro posible candidato a la gubernatura por el PAN. Yunes M\u00e1rquez ha afirmado que tiene el respaldo de la ciudadan\u00eda y que est\u00e1 listo para competir por la gubernatura.<\/span><\/p>\n<p class=\"p1\"><span style=\"font-size: 14pt;\"><span style=\"font-size: 18pt;\"><em><strong>Enrique Cambranis Torres<\/strong><\/em><\/span>, diputado local y exdirigente estatal del PAN, quien ha manifestado su inter\u00e9s en contender por la gubernatura. Cambranis ha se\u00f1alado que tiene el apoyo de la militancia y que cuenta con una propuesta de gobierno seria y responsable.<\/span><\/p>\n<p>&nbsp;<\/p>\n<ul>\n<li class=\"p1\"><span style=\"font-size: 18pt; color: #139eca;\"><strong>Los posibles candidatos del PRI son:<\/strong><\/span><\/li>\n<\/ul>\n<p class=\"p1\"><span style=\"font-size: 14pt;\"><span style=\"font-size: 18pt;\"><em><strong>Jos\u00e9 Francisco Yunes Zorrilla<\/strong><\/em><\/span>, diputado federal y exsenador, quien ha sido mencionado como uno de los posibles candidatos a la gubernatura por el PRI. Yunes Zorrilla ha dicho que tiene la experiencia y el conocimiento para gobernar el estado y que esperar\u00e1 la convocatoria de su partido.<\/span><\/p>\n<p class=\"p1\"><span style=\"font-size: 14pt;\"><span style=\"font-size: 18pt;\"><em><strong>H\u00e9ctor Yunes Landa<\/strong><\/em><\/span>, ya anda en campa\u00f1a, recorriendo todo el estado, exdiputado federal y exsenador, quien ha sido se\u00f1alado como otro posible candidato a la gubernatura por el PRI. Yunes Landa ha afirmado que tiene el respaldo de la dirigencia nacional y estatal del partido y que tiene una trayectoria pol\u00edtica reconocida.<\/span><\/p>\n<p class=\"p1\"><span style=\"font-size: 14pt;\"><span style=\"font-size: 18pt;\"><em><strong>Juan Manuel Diez Francos<\/strong><\/em><\/span>, alcalde de Orizaba y empresario, quien ha sido se\u00f1alado como otro posible candidato a la gubernatura por el PRI. Diez Francos ha destacado su gesti\u00f3n municipal y su capacidad de gesti\u00f3n como argumentos para ser el candidato del PRI.<\/span><\/p>\n<p class=\"p1\"><span style=\"font-size: 14pt;\"><span style=\"font-size: 18pt;\"><em><strong>Lorena Pi\u00f1\u00f3n Rivera<\/strong><\/em><\/span>, diputada federal y exdirigente estatal del PRI, quien ha expresado su disposici\u00f3n a participar en el proceso interno de su partido para la candidatura a la gubernatura. Pi\u00f1\u00f3n Rivera ha se\u00f1alado que tiene el respaldo de las mujeres y los j\u00f3venes priistas y que cuenta con una visi\u00f3n de desarrollo para el estado.<\/span><\/p>\n<p class=\"p1\"><span style=\"font-size: 14pt;\"><span style=\"font-size: 18pt;\"><em><strong>Anil\u00fa Ingram Vallines<\/strong><\/em><\/span>, diputada local y exdelegada federal de Sedesol, quien ha sido mencionada como otra posible candidata a la gubernatura por el PRI. Ingram Vallines ha dicho que tiene el apoyo de los sectores y organizaciones del partido y que tiene una propuesta de gobierno incluyente y participativa.<\/span><\/p>\n<p>&nbsp;<\/p>\n<ul>\n<li class=\"p1\"><span style=\"font-size: 18pt; color: #139eca;\"><strong>Por Movimiento Ciudadano se ha manejado el nombre de:<\/strong><\/span><\/li>\n<\/ul>\n<p class=\"p1\"><span style=\"font-size: 14pt;\"><span style=\"font-size: 18pt;\"><em><strong>Dante Delgado Rannauro<\/strong><\/em><\/span>, senador y coordinador nacional de Movimiento Ciudadano, quien ha sido mencionado como el posible candidato a la gubernatura por su partido. Delgado Rannauro ha dicho que tiene el apoyo de la ciudadan\u00eda y que tiene una propuesta de gobierno diferente y moderna.<\/span><\/p>\n<p class=\"p1\"><span style=\"font-size: 14pt;\"><span style=\"font-size: 18pt;\"><em><strong>Jos\u00e9 Manuel del R\u00edo Virgen<\/strong><\/em><\/span>, secretario t\u00e9cnico de la Junta de Coordinaci\u00f3n Pol\u00edtica en el Senado de la Rep\u00fablica, quien ha sido se\u00f1alado como otro posible candidato a la gubernatura por Movimiento Ciudadano. Del R\u00edo Virgen ha se\u00f1alado que tiene el respaldo de su partido y que tiene una visi\u00f3n de desarrollo para el estado.<\/span><\/p>\n<p>&nbsp;<\/p>\n<ul>\n<li><span style=\"font-size: 18pt; color: #139eca;\"><strong>Por el Partido del Trabajo se ha se\u00f1alado que podr\u00eda ser:<\/strong><\/span><\/li>\n<\/ul>\n<p class=\"p1\"><span style=\"font-size: 14pt;\"><span style=\"font-size: 18pt;\"><em><strong>Ram\u00f3n D\u00edaz \u00c1vila<\/strong><\/em><\/span>, diputado local y coordinador estatal del PT, quien ha sido mencionado como el posible candidato a la gubernatura por su partido. D\u00edaz \u00c1vila ha dicho que tiene el apoyo de la dirigencia nacional y estatal del PT y que tiene una propuesta de gobierno socialista.<\/span><\/p>\n<p>&nbsp;<\/p>\n<p class=\"p1\"><span style=\"font-size: 18pt;\"><strong>Mientras tanto, la pregunta sigue en el aire \u00bfQui\u00e9n ser\u00e1 el candidato del partido? Porque hasta ahora ninguno la tiene segura.<\/strong><\/span><\/p>\n<p>&nbsp;<\/p>\n<hr \/>\n<p>&nbsp;<\/p>\n<p class=\"p1\"><span style=\"font-size: 18pt;\"><strong>Cont\u00e1ctanos en nuestra p\u00e1gina:<\/strong><\/span><\/p>\n<p><a href=\"https:\/\/www.xn--bitacoraspolticas-ovb.com\/\"><span style=\"font-size: 18pt;\"><strong>BitacorasPolticas.com<\/strong><\/span><\/a><\/p>\n<p>&nbsp;<\/p>\n<p><img data-recalc-dims=\"1\" loading=\"lazy\" decoding=\"async\" class=\"aligncenter wp-image-14351\" src=\"https:\/\/i0.wp.com\/politicosaldesnudo.com.mx\/wp-content\/uploads\/2023\/01\/FIRMA-EDITORIAL-PD-300x37.png?resize=800%2C98&#038;ssl=1\" alt=\"\" width=\"800\" height=\"98\" srcset=\"https:\/\/i0.wp.com\/politicosaldesnudo.com.mx\/wp-content\/uploads\/2023\/01\/FIRMA-EDITORIAL-PD.png?resize=300%2C37&amp;ssl=1 300w, https:\/\/i0.wp.com\/politicosaldesnudo.com.mx\/wp-content\/uploads\/2023\/01\/FIRMA-EDITORIAL-PD.png?resize=1024%2C125&amp;ssl=1 1024w, https:\/\/i0.wp.com\/politicosaldesnudo.com.mx\/wp-content\/uploads\/2023\/01\/FIRMA-EDITORIAL-PD.png?resize=768%2C94&amp;ssl=1 768w, https:\/\/i0.wp.com\/politicosaldesnudo.com.mx\/wp-content\/uploads\/2023\/01\/FIRMA-EDITORIAL-PD.png?resize=1536%2C188&amp;ssl=1 1536w, https:\/\/i0.wp.com\/politicosaldesnudo.com.mx\/wp-content\/uploads\/2023\/01\/FIRMA-EDITORIAL-PD.png?resize=2048%2C250&amp;ssl=1 2048w, https:\/\/i0.wp.com\/politicosaldesnudo.com.mx\/wp-content\/uploads\/2023\/01\/FIRMA-EDITORIAL-PD.png?w=1600&amp;ssl=1 1600w, https:\/\/i0.wp.com\/politicosaldesnudo.com.mx\/wp-content\/uploads\/2023\/01\/FIRMA-EDITORIAL-PD.png?w=2400&amp;ssl=1 2400w\" sizes=\"auto, (max-width: 800px) 100vw, 800px\" \/><\/p>\n<p>&nbsp;<\/p>\n<p>&nbsp;<\/p>\n<p class=\"p1\">\n","protected":false},"excerpt":{"rendered":"<p>&nbsp; &lt;&lt;Todav\u00eda no hay ning\u00fan candidato oficial &gt;&gt; &lt;&lt;Sin embargo, ya hay quienes est\u00e1n en campa\u00f1a electoral&gt;&gt; &lt;&lt;Las dirigencias partidistas<\/p>\n","protected":false},"author":4,"featured_media":3789,"comment_status":"closed","ping_status":"closed","sticky":false,"template":"","format":"standard","meta":{"colormag_page_container_layout":"default_layout","colormag_page_sidebar_layout":"default_layout","_jetpack_memberships_contains_paid_content":false,"footnotes":"","jetpack_publicize_message":"","jetpack_publicize_feature_enabled":true,"jetpack_social_post_already_shared":false,"jetpack_social_options":{"image_generator_settings":{"template":"highway","default_image_id":0,"font":"","enabled":false},"version":2}},"categories":[26],"tags":[],"class_list":["post-20906","post","type-post","status-publish","format-standard","has-post-thumbnail","hentry","category-columnistas"],"jetpack_publicize_connections":[],"jetpack_featured_media_url":"https:\/\/i0.wp.com\/politicosaldesnudo.com.mx\/wp-content\/uploads\/2022\/04\/CRISTIANI.png?fit=1816%2C1016&ssl=1","jetpack-related-posts":[],"jetpack_sharing_enabled":true,"_links":{"self":[{"href":"https:\/\/politicosaldesnudo.com.mx\/index.php\/wp-json\/wp\/v2\/posts\/20906","targetHints":{"allow":["GET"]}}],"collection":[{"href":"https:\/\/politicosaldesnudo.com.mx\/index.php\/wp-json\/wp\/v2\/posts"}],"about":[{"href":"https:\/\/politicosaldesnudo.com.mx\/index.php\/wp-json\/wp\/v2\/types\/post"}],"author":[{"embeddable":true,"href":"https:\/\/politicosaldesnudo.com.mx\/index.php\/wp-json\/wp\/v2\/users\/4"}],"replies":[{"embeddable":true,"href":"https:\/\/politicosaldesnudo.com.mx\/index.php\/wp-json\/wp\/v2\/comments?post=20906"}],"version-history":[{"count":0,"href":"https:\/\/politicosaldesnudo.com.mx\/index.php\/wp-json\/wp\/v2\/posts\/20906\/revisions"}],"wp:featuredmedia":[{"embeddable":true,"href":"https:\/\/politicosaldesnudo.com.mx\/index.php\/wp-json\/wp\/v2\/media\/3789"}],"wp:attachment":[{"href":"https:\/\/politicosaldesnudo.com.mx\/index.php\/wp-json\/wp\/v2\/media?parent=20906"}],"wp:term":[{"taxonomy":"category","embeddable":true,"href":"https:\/\/politicosaldesnudo.com.mx\/index.php\/wp-json\/wp\/v2\/categories?post=20906"},{"taxonomy":"post_tag","embeddable":true,"href":"https:\/\/politicosaldesnudo.com.mx\/index.php\/wp-json\/wp\/v2\/tags?post=20906"}],"curies":[{"name":"wp","href":"https:\/\/api.w.org\/{rel}","templated":true}]}}