{"id":20921,"date":"2023-06-10T22:29:48","date_gmt":"2023-06-11T03:29:48","guid":{"rendered":"https:\/\/politicosaldesnudo.com.mx\/?p=20921"},"modified":"2023-06-12T00:42:54","modified_gmt":"2023-06-12T05:42:54","slug":"realizan-primer-taller-de-diagnostico-para-la-elaboracion-del-programa-municipal-de-desarrollo-urbano","status":"publish","type":"post","link":"https:\/\/politicosaldesnudo.com.mx\/index.php\/2023\/06\/10\/realizan-primer-taller-de-diagnostico-para-la-elaboracion-del-programa-municipal-de-desarrollo-urbano\/","title":{"rendered":"Realizan Taller de Diagn\u00f3stico para Elaboraci\u00f3n del Programa Municipal de Desarrollo Urbano"},"content":{"rendered":"<p>&nbsp;<\/p>\n<p class=\"p1\"><span style=\"font-size: 14pt;\"><em><strong>TUXPAN, VERACRUZ.<\/strong> <\/em>Con la finalidad de que Tuxpan tenga un desarrollo y un crecimiento ordenado, este d\u00eda se llev\u00f3 a cabo el primer <strong>Taller de Diagn\u00f3stico para la Elaboraci\u00f3n del Programa Municipal de Desarrollo Urbano.<\/strong><\/span><\/p>\n<p class=\"p1\"><span style=\"font-size: 18pt;\"><strong>Este taller se realiz\u00f3 gracias a la firma del convenio entre La Secretar\u00eda de Desarrollo Agrario, Territorial y Urbano (Sedatu) y el Ayuntamiento de Tuxpan.<\/strong><\/span><\/p>\n<p class=\"p1\"><span style=\"font-size: 14pt;\">El Programa Municipal de Desarrollo Urbano tiene como objetivo reducir las desigualdades y mejorar las condiciones de vida de las comunidades, a trav\u00e9s de la implementaci\u00f3n de acciones que permitan aprovechar el territorio de nuestro municipio de acuerdo con las caracter\u00edsticas, la vocaci\u00f3n, la potencialidad y los riesgos que existen en el mismo.<\/span><\/p>\n<p>&nbsp;<\/p>\n<p><img data-recalc-dims=\"1\" loading=\"lazy\" decoding=\"async\" class=\"aligncenter wp-image-20922 size-large\" src=\"https:\/\/i0.wp.com\/politicosaldesnudo.com.mx\/wp-content\/uploads\/2023\/06\/P-CURSO-DESARROLLO-1-1024x573.png?resize=800%2C448&#038;ssl=1\" alt=\"\" width=\"800\" height=\"448\" srcset=\"https:\/\/i0.wp.com\/politicosaldesnudo.com.mx\/wp-content\/uploads\/2023\/06\/P-CURSO-DESARROLLO-1.png?resize=1024%2C573&amp;ssl=1 1024w, https:\/\/i0.wp.com\/politicosaldesnudo.com.mx\/wp-content\/uploads\/2023\/06\/P-CURSO-DESARROLLO-1.png?resize=300%2C168&amp;ssl=1 300w, https:\/\/i0.wp.com\/politicosaldesnudo.com.mx\/wp-content\/uploads\/2023\/06\/P-CURSO-DESARROLLO-1.png?resize=768%2C430&amp;ssl=1 768w, https:\/\/i0.wp.com\/politicosaldesnudo.com.mx\/wp-content\/uploads\/2023\/06\/P-CURSO-DESARROLLO-1.png?resize=1536%2C859&amp;ssl=1 1536w, https:\/\/i0.wp.com\/politicosaldesnudo.com.mx\/wp-content\/uploads\/2023\/06\/P-CURSO-DESARROLLO-1.png?w=1816&amp;ssl=1 1816w, https:\/\/i0.wp.com\/politicosaldesnudo.com.mx\/wp-content\/uploads\/2023\/06\/P-CURSO-DESARROLLO-1.png?w=1600&amp;ssl=1 1600w\" sizes=\"auto, (max-width: 800px) 100vw, 800px\" \/><\/p>\n<p>&nbsp;<\/p>\n<p class=\"p1\"><span style=\"font-size: 18pt;\"><strong>Adem\u00e1s de establecer las pol\u00edticas, programas, proyectos y estrategias que determinan qu\u00e9 y c\u00f3mo se puede desarrollar en el municipio, la normatividad de aprovechamiento del suelo, acciones de conservaci\u00f3n, mejoramiento, y crecimiento de los asentamientos humanos a corto, mediano y largo plazo.<\/strong><\/span><\/p>\n<p class=\"p1\"><span style=\"font-size: 14pt;\">El taller fue impartido por la empresa Pladesu, encargada de realizar el Plan de Desarrollo Urbano; su representante Edgar S\u00e1nchez Barrientos explic\u00f3 que la participaci\u00f3n de la sociedad es fundamental, pues solo as\u00ed se pueden llevar a cabo acciones que permitan darle soluci\u00f3n a cada uno de los problemas que se plantean en este taller. <span class=\"Apple-converted-space\">\u00a0<\/span><\/span><\/p>\n<p>&nbsp;<\/p>\n<p><img data-recalc-dims=\"1\" loading=\"lazy\" decoding=\"async\" class=\"aligncenter wp-image-20924 size-large\" src=\"https:\/\/i0.wp.com\/politicosaldesnudo.com.mx\/wp-content\/uploads\/2023\/06\/P-CURSO-DESARROLLO-3-1024x573.png?resize=800%2C448&#038;ssl=1\" alt=\"\" width=\"800\" height=\"448\" srcset=\"https:\/\/i0.wp.com\/politicosaldesnudo.com.mx\/wp-content\/uploads\/2023\/06\/P-CURSO-DESARROLLO-3.png?resize=1024%2C573&amp;ssl=1 1024w, https:\/\/i0.wp.com\/politicosaldesnudo.com.mx\/wp-content\/uploads\/2023\/06\/P-CURSO-DESARROLLO-3.png?resize=300%2C168&amp;ssl=1 300w, https:\/\/i0.wp.com\/politicosaldesnudo.com.mx\/wp-content\/uploads\/2023\/06\/P-CURSO-DESARROLLO-3.png?resize=768%2C430&amp;ssl=1 768w, https:\/\/i0.wp.com\/politicosaldesnudo.com.mx\/wp-content\/uploads\/2023\/06\/P-CURSO-DESARROLLO-3.png?resize=1536%2C859&amp;ssl=1 1536w, https:\/\/i0.wp.com\/politicosaldesnudo.com.mx\/wp-content\/uploads\/2023\/06\/P-CURSO-DESARROLLO-3.png?w=1816&amp;ssl=1 1816w, https:\/\/i0.wp.com\/politicosaldesnudo.com.mx\/wp-content\/uploads\/2023\/06\/P-CURSO-DESARROLLO-3.png?w=1600&amp;ssl=1 1600w\" sizes=\"auto, (max-width: 800px) 100vw, 800px\" \/><\/p>\n<p>&nbsp;<\/p>\n<p class=\"p1\"><span style=\"font-size: 14pt;\">Se cont\u00f3 con la presencia del director de Desarrollo Social, Jes\u00fas Carballo Serrano, quien destac\u00f3 que por indicaciones el alcalde Jos\u00e9 Manuel Pozos Castro se estar\u00e1 convocando a este taller a representantes de diversos sectores de la poblaci\u00f3n, a fin de que se puedan poner en pr\u00e1ctica verdaderas estrategias que permitan que Tuxpan tenga un desarrollo ordenado, lo cual se ver\u00e1 reflejado en un mayor crecimiento.<span class=\"Apple-converted-space\">\u00a0<\/span><\/span><\/p>\n<p class=\"p1\"><span style=\"font-size: 14pt;\">Finalmente, el representante Pladesu explic\u00f3 que con la participaci\u00f3n ciudadana se avanza hacia un proceso participativo de planeaci\u00f3n que integre todas las necesidades de Tuxpan y de sus habitantes.<\/span><\/p>\n<p>&nbsp;<\/p>\n<p>&nbsp;<\/p>\n<p>&nbsp;<\/p>\n","protected":false},"excerpt":{"rendered":"<p>&nbsp; TUXPAN, VERACRUZ. Con la finalidad de que Tuxpan tenga un desarrollo y un crecimiento ordenado, este d\u00eda se llev\u00f3<\/p>\n","protected":false},"author":4,"featured_media":20923,"comment_status":"closed","ping_status":"closed","sticky":false,"template":"","format":"standard","meta":{"colormag_page_container_layout":"default_layout","colormag_page_sidebar_layout":"default_layout","_jetpack_memberships_contains_paid_content":false,"footnotes":"","jetpack_publicize_message":"","jetpack_publicize_feature_enabled":true,"jetpack_social_post_already_shared":false,"jetpack_social_options":{"image_generator_settings":{"template":"highway","default_image_id":0,"font":"","enabled":false},"version":2}},"categories":[1082],"tags":[455,2845,1410,70,100],"class_list":["post-20921","post","type-post","status-publish","format-standard","has-post-thumbnail","hentry","category-tuxpan","tag-crecimiento","tag-pladesu","tag-sedatu","tag-tuxpan","tag-veracruz"],"jetpack_publicize_connections":[],"jetpack_featured_media_url":"https:\/\/i0.wp.com\/politicosaldesnudo.com.mx\/wp-content\/uploads\/2023\/06\/P-CURSO-DESARROLLO-2.png?fit=1816%2C1016&ssl=1","jetpack-related-posts":[],"jetpack_sharing_enabled":true,"_links":{"self":[{"href":"https:\/\/politicosaldesnudo.com.mx\/index.php\/wp-json\/wp\/v2\/posts\/20921","targetHints":{"allow":["GET"]}}],"collection":[{"href":"https:\/\/politicosaldesnudo.com.mx\/index.php\/wp-json\/wp\/v2\/posts"}],"about":[{"href":"https:\/\/politicosaldesnudo.com.mx\/index.php\/wp-json\/wp\/v2\/types\/post"}],"author":[{"embeddable":true,"href":"https:\/\/politicosaldesnudo.com.mx\/index.php\/wp-json\/wp\/v2\/users\/4"}],"replies":[{"embeddable":true,"href":"https:\/\/politicosaldesnudo.com.mx\/index.php\/wp-json\/wp\/v2\/comments?post=20921"}],"version-history":[{"count":0,"href":"https:\/\/politicosaldesnudo.com.mx\/index.php\/wp-json\/wp\/v2\/posts\/20921\/revisions"}],"wp:featuredmedia":[{"embeddable":true,"href":"https:\/\/politicosaldesnudo.com.mx\/index.php\/wp-json\/wp\/v2\/media\/20923"}],"wp:attachment":[{"href":"https:\/\/politicosaldesnudo.com.mx\/index.php\/wp-json\/wp\/v2\/media?parent=20921"}],"wp:term":[{"taxonomy":"category","embeddable":true,"href":"https:\/\/politicosaldesnudo.com.mx\/index.php\/wp-json\/wp\/v2\/categories?post=20921"},{"taxonomy":"post_tag","embeddable":true,"href":"https:\/\/politicosaldesnudo.com.mx\/index.php\/wp-json\/wp\/v2\/tags?post=20921"}],"curies":[{"name":"wp","href":"https:\/\/api.w.org\/{rel}","templated":true}]}}