{"id":20948,"date":"2023-06-12T02:55:17","date_gmt":"2023-06-12T07:55:17","guid":{"rendered":"https:\/\/politicosaldesnudo.com.mx\/?p=20948"},"modified":"2023-06-12T02:55:26","modified_gmt":"2023-06-12T07:55:26","slug":"entre-el-dedo-presidencial-o-la-democracia-de-amlo","status":"publish","type":"post","link":"https:\/\/politicosaldesnudo.com.mx\/index.php\/2023\/06\/12\/entre-el-dedo-presidencial-o-la-democracia-de-amlo\/","title":{"rendered":"Entre el dedo presidencial o la democracia de AMLO\u00a0\u00a0\u00a0\u00a0\u00a0\u00a0\u00a0\u00a0\u00a0\u00a0\u00a0\u00a0\u00a0\u00a0\u00a0\u00a0\u00a0\u00a0\u00a0\u00a0"},"content":{"rendered":"<p>&nbsp;<\/p>\n<p class=\"p1\"><span style=\"font-size: 18pt;\"><b>Por Jos\u00e9 Lima Cobos<\/b><\/span><\/p>\n<p class=\"p1\"><span style=\"font-size: 14pt;\">Un d\u00eda, hace muchos a\u00f1os, el dictador Porfirio D\u00edaz declar\u00f3 a un periodista norteamericano \u2013no lo hizo a\u00a0ning\u00fan periodista\u00a0mexicano\u2013 que M\u00e9xico estaba preparado para la democracia\u00a0 y Madero \u2013latifundista\u00a0 de su momento\u2013 le tom\u00f3 la palabra pensado que el arraigo al poder por parte de ese presidente no era su fuerte, sin embargo, le sali\u00f3 el tiro por la culata y eso gener\u00f3 la revoluci\u00f3n que, si bien\u00a0 se cumpli\u00f3, en parte,\u00a0con el sufragio efectivo, al menos permiti\u00f3 que se hicieran grandes transformaci\u00f3n\u00a0 sociales que en los \u00faltimos treinta a\u00f1o\u00a0 de que lleg\u00f3 Salinas de Gortari, se fueron sepultando a grado tal que el pa\u00eds, apenas comienza a enderezarse .<\/span><\/p>\n<p class=\"p1\"><span style=\"font-size: 18pt;\"><strong>La crisis que se gener\u00f3 y\u00a0 ahond\u00f3 al pa\u00eds con la pol\u00edtica neoliberal o neoporfirista fue acompa\u00f1ada de la gran corrupci\u00f3n que\u00a0con esos\u00a0reg\u00edmenes\u00a0alcanz\u00f3 y encabez\u00f3 con orgullo a grado tal que lo presumen con la muerte de Colosio y la imposici\u00f3n\u00a0 de Zedillo, \u2013que lleg\u00f3 para consolidar la privaci\u00f3n de los bienes nacionales a extranjeros y mexicanos\u00a0 y que permiti\u00f3 que Salinas se robara la partida secreta\u00a0 de la presidencia\u2013, as\u00ed lo denunci\u00f3 el ingeniero T\u00e9llez, secuaz de ese\u00a0mandatario ep\u00f3nimo\u00a0que no creo que muchos, sobre todo los conservadores, a\u00f1oran su retorno.<\/strong><\/span><\/p>\n<p class=\"p1\"><span style=\"font-size: 14pt;\">Pero como se dice con sorna, \u201cque necesidad, si la lubricaci\u00f3n corruptiva funcionaba perfecta\u201d.<span class=\"Apple-converted-space\">\u00a0<\/span><\/span><\/p>\n<p class=\"p1\"><span style=\"font-size: 14pt;\">Ninguna necesidad ten\u00eda el presidente L\u00f3pez Obrador para que la corrupci\u00f3n y la defraudaci\u00f3n fiscal\u00a0o el fraude electoral\u00a0y otros m\u00e1s siguieran operando, sin\u00a0elevarse a rango constitucional y se considerara como delitos graves, pues al no existir\u00a0en el orden jur\u00eddico, con tanta energ\u00eda, eso vino a inhibir que el pa\u00eds se transformara, pues el salario m\u00ednimo y dem\u00e1s beneficios sociales no hac\u00edan da\u00f1o y todos viv\u00edamos en santa paz, es decir, se viv\u00eda en un r\u00e9gimen de extra\u00f1a procedencia porfirista que la oligarqu\u00eda a\u00f1ora.<\/span><\/p>\n<p>&nbsp;<\/p>\n<p><img data-recalc-dims=\"1\" loading=\"lazy\" decoding=\"async\" class=\"aligncenter wp-image-20949 size-large\" src=\"https:\/\/i0.wp.com\/politicosaldesnudo.com.mx\/wp-content\/uploads\/2023\/06\/P-AMLO-CORCHOLATAS-1024x573.png?resize=800%2C448&#038;ssl=1\" alt=\"\" width=\"800\" height=\"448\" srcset=\"https:\/\/i0.wp.com\/politicosaldesnudo.com.mx\/wp-content\/uploads\/2023\/06\/P-AMLO-CORCHOLATAS.png?resize=1024%2C573&amp;ssl=1 1024w, https:\/\/i0.wp.com\/politicosaldesnudo.com.mx\/wp-content\/uploads\/2023\/06\/P-AMLO-CORCHOLATAS.png?resize=300%2C168&amp;ssl=1 300w, https:\/\/i0.wp.com\/politicosaldesnudo.com.mx\/wp-content\/uploads\/2023\/06\/P-AMLO-CORCHOLATAS.png?resize=768%2C430&amp;ssl=1 768w, https:\/\/i0.wp.com\/politicosaldesnudo.com.mx\/wp-content\/uploads\/2023\/06\/P-AMLO-CORCHOLATAS.png?resize=1536%2C859&amp;ssl=1 1536w, https:\/\/i0.wp.com\/politicosaldesnudo.com.mx\/wp-content\/uploads\/2023\/06\/P-AMLO-CORCHOLATAS.png?w=1816&amp;ssl=1 1816w, https:\/\/i0.wp.com\/politicosaldesnudo.com.mx\/wp-content\/uploads\/2023\/06\/P-AMLO-CORCHOLATAS.png?w=1600&amp;ssl=1 1600w\" sizes=\"auto, (max-width: 800px) 100vw, 800px\" \/><\/p>\n<p>&nbsp;<\/p>\n<p class=\"p1\"><span style=\"font-size: 18pt;\"><strong>El cambio que se provoca\u00a0con la abrumadora elecci\u00f3n del 2018 en que L\u00f3pez Obrador,\u00a0hunde al partido hegem\u00f3nico y con \u00e9l a sus c\u00f3mplices que viene a revelar y se\u00a0conozca a profundidad el grado\u00a0de\u00a0desigualdad social que\u00a0pon\u00eda en riesgo grave\u00a0el bienestar de la naci\u00f3n\u00a0que ahora\u00a0se empieza a apaciguar y est\u00e1 calando, por esos acontecimientos nuevos\u00a0 que han generado un despertar de manera tal,\u00a0que el dedo presidencial para imponer a un presidente est\u00e1 a un paso de ser solo historia y viene a prevalecer la decisi\u00f3n de un\u00a0pueblo que ha luchado y seguir\u00e1 luchando por alcanzar los mejores y grandes beneficios, pese a la resistencia pertinaz de una oligarqu\u00eda voraz y depredadora que no gobierno, pero que acumula una riqueza descomunal, peligrosa para la estabilidad del pa\u00eds.<\/strong><\/span><\/p>\n<p class=\"p1\"><span style=\"font-size: 14pt;\">El gatopardismo qued\u00f3 atr\u00e1s y el juego es limpio y destroza la simulaci\u00f3n democr\u00e1tica en la que se ha vivido y presumido, cuando lo cierto es que el hoy Presidente de la Rep\u00fablica renuncia y repudia p\u00fablicamente el dejar un heredero a su modo, por lo mismo, los aspirantes\u00a0 a ese cargo tendr\u00e1n que gan\u00e1rselo a pulso y siendo el reto descomunal, la suerte est\u00e1 echada y el que quiera llegar tendr\u00e1 que probar que est\u00e1 capacitado y tiene conciencia de lo que viene, que es consolidar lo hecho y continuar el camino. Tarea no f\u00e1cil, pero necesaria.<\/span><\/p>\n<p class=\"p1\"><span style=\"font-size: 14pt;\">Al parecer ha\u00a0terminado la comodidad del dedo presidencial e incluso, en su momento, se pudo, con todos los riesgos,\u00a0 haber promovido la reelecci\u00f3n por otro per\u00edodo m\u00e1s, pero nada de eso se avizor\u00f3, por eso se mantuvo el principio de\u00a0 \u201cno reelecci\u00f3n\u201d en s\u00edntesis, la democracia va y en serio , aunque se escuche la voz de la ministra Pi\u00f1a que afirma que ella es producto de la democracia, cuando su ascenso al\u00a0 cargo es producto de complicidades ominosas, como producto del dedo presidencial y de gobiernos espurios- est\u00e1 probado-\u00a0 y no del avance democr\u00e1tico , por eso\u00a0 les tiemblen las piernas \u00a0 cuando se habla de democracia en el poder\u00a0 judicial, de manera que se procure limpiar ese poder que est\u00e1 sumamente corrompido y es producto de su procedencia antidemocr\u00e1tica\u00a0 pues decir que es una elecci\u00f3n\u00a0 indirecta, lleva a que creamos que eso les da legitimidad , nada m\u00e1s falso y no les da ninguna autoridad moral por ser producto de la corrupci\u00f3n.<\/span><\/p>\n<p>&nbsp;<\/p>\n<p class=\"p1\"><span style=\"font-size: 18pt; color: #139eca;\"><b>MORENA CONQUISTADOR<\/b><\/span><\/p>\n<p class=\"p1\"><span style=\"font-size: 14pt;\">Se cuestiona mucho y se condena, por los simuladores y corruptos que el Movimiento de Regeneraci\u00f3n Nacional se haya empoderado en la mayor\u00eda\u00a0 de los estados y recriminan a los gobernadores pr\u00edistas que no metieron las manos en la elecci\u00f3n de sus candidatos y que fueron reconocidos por el presidente L\u00f3pez Obrador envi\u00e1ndolos como representantes de M\u00e9xico a distintos pa\u00edses del mundo, cuando en el fondo, son aut\u00e9nticos dem\u00f3cratas que pueden presumir, en cualquier momento, que si bien formaban parte\u00a0 de la corrupci\u00f3n y por eso llegaron a ser gobernadores, no menos cierto es que su actuar fue bien visto y no alentaron el fraude electoral.<\/span><\/p>\n<p class=\"p1\"><span style=\"font-size: 18pt;\"><strong>El caso emblem\u00e1tico del Estado de M\u00e9xico, viene por si solo a demostrar que en alg\u00fan\u00a0 momento se puede ser digno y Alfredo del Mazo, gobernador\u00a0 de esa entidad federativa, impuesto por Pe\u00f1a Nieto y en un\u00a0 fraude electoral en que involucr\u00f3 toda la fuerza del gobierno federal \u2013ah\u00ed el coordinador de esa elecci\u00f3n priista\u00a0lo fue Jos\u00e9 Narro, ex rector de la UNAM\u00a0 y secretario de salud en ese momento, adem\u00e1s, autor de la frase que dice \u201cninis\u201d, en referencia a los j\u00f3venes\u00a0\u201cque ni estudian ni trabajan\u201d\u2013, por\u00a0eso\u00a0no es casual que el presidente del PRI, \u201calito\u201d Moreno, que deber\u00eda presumir y aplaudir esa elecci\u00f3n,\u00a0 lo se\u00f1ala como traidor y lo ubica como narco, al\u00a0 precisar que \u201centreg\u00f3 la plaza\u201d, es decir, que deber\u00eda haber actuado como el gobernador de Coahuila, Riquelme que arras\u00f3\u00a0con \u201cmanolo\u201d para sepultar al candidato de Morena.<\/strong><\/span><\/p>\n<p class=\"p1\"><span style=\"font-size: 14pt;\">Si el presidente L\u00f3pez Obrador se hubiera comportado como Pe\u00f1a Nieto lo hizo en el Estado de M\u00e9xico en la elecci\u00f3n\u00a0que llev\u00f3\u00a0 a Alfredo del Mazo, al gobierno del Estado, Riquelme ya estar\u00eda fuera de M\u00e9xico, lo\u00a0que quiere decir, que si se est\u00e1n viviendo otros tiempos y se ver\u00e1 en la elecci\u00f3n presidencial.<\/span><\/p>\n<p class=\"p1\"><span style=\"font-size: 14pt;\">El acontecimiento ser\u00e1 raro, como raro es\u00a0 que no se entienda\u00a0 que si la democracia tiene que perdurar, es necesario que tambi\u00e9n involucre a la Suprema Corte de Justicia en su conjunto,\u00a0porque ahora, es el presidente quien propone la terna para integrar ese poder y obviamente en la lista se sospecha de que existe inclinaci\u00f3n por alguien, cuando lo prudente es que se someta al escrutinio, a los propuestos o bien\u00a0que las ternas se elijan de manera democr\u00e1tica por lo menos mediante insaculaci\u00f3n como aconteci\u00f3 con la nueva presidenta del\u00a0INE, porque C\u00f3rdova\u00a0es resultado de la corrupci\u00f3n entre los l\u00edderes de los partidos que se comieron ese tamal que al final result\u00f3 una agresi\u00f3n a la democracia real y efectiva.<\/span><\/p>\n<p>&nbsp;<\/p>\n<p>&nbsp;<\/p>\n<hr \/>\n<p>&nbsp;<\/p>\n<p><span style=\"font-size: 18pt;\"><strong>Correo:<a href=\"mailto:limacobos@hotmail.com\"> limacobos@hotmail.com<\/a><\/strong><\/span><\/p>\n<p><span style=\"font-size: 18pt;\"><strong>Twitter: <a href=\"https:\/\/twitter.com\/limacobos1\">@limacobos1<\/a><\/strong><\/span><\/p>\n<p>&nbsp;<\/p>\n<p><img data-recalc-dims=\"1\" loading=\"lazy\" decoding=\"async\" class=\"aligncenter wp-image-14351\" src=\"https:\/\/i0.wp.com\/politicosaldesnudo.com.mx\/wp-content\/uploads\/2023\/01\/FIRMA-EDITORIAL-PD-300x37.png?resize=800%2C98&#038;ssl=1\" alt=\"\" width=\"800\" height=\"98\" srcset=\"https:\/\/i0.wp.com\/politicosaldesnudo.com.mx\/wp-content\/uploads\/2023\/01\/FIRMA-EDITORIAL-PD.png?resize=300%2C37&amp;ssl=1 300w, https:\/\/i0.wp.com\/politicosaldesnudo.com.mx\/wp-content\/uploads\/2023\/01\/FIRMA-EDITORIAL-PD.png?resize=1024%2C125&amp;ssl=1 1024w, https:\/\/i0.wp.com\/politicosaldesnudo.com.mx\/wp-content\/uploads\/2023\/01\/FIRMA-EDITORIAL-PD.png?resize=768%2C94&amp;ssl=1 768w, https:\/\/i0.wp.com\/politicosaldesnudo.com.mx\/wp-content\/uploads\/2023\/01\/FIRMA-EDITORIAL-PD.png?resize=1536%2C188&amp;ssl=1 1536w, https:\/\/i0.wp.com\/politicosaldesnudo.com.mx\/wp-content\/uploads\/2023\/01\/FIRMA-EDITORIAL-PD.png?resize=2048%2C250&amp;ssl=1 2048w, https:\/\/i0.wp.com\/politicosaldesnudo.com.mx\/wp-content\/uploads\/2023\/01\/FIRMA-EDITORIAL-PD.png?w=1600&amp;ssl=1 1600w, https:\/\/i0.wp.com\/politicosaldesnudo.com.mx\/wp-content\/uploads\/2023\/01\/FIRMA-EDITORIAL-PD.png?w=2400&amp;ssl=1 2400w\" sizes=\"auto, (max-width: 800px) 100vw, 800px\" \/><\/p>\n<p>&nbsp;<\/p>\n<p>&nbsp;<\/p>\n<p>&nbsp;<\/p>\n","protected":false},"excerpt":{"rendered":"<p>&nbsp; Por Jos\u00e9 Lima Cobos Un d\u00eda, hace muchos a\u00f1os, el dictador Porfirio D\u00edaz declar\u00f3 a un periodista norteamericano \u2013no<\/p>\n","protected":false},"author":4,"featured_media":4215,"comment_status":"closed","ping_status":"closed","sticky":false,"template":"","format":"standard","meta":{"colormag_page_container_layout":"default_layout","colormag_page_sidebar_layout":"default_layout","_jetpack_memberships_contains_paid_content":false,"footnotes":"","jetpack_publicize_message":"","jetpack_publicize_feature_enabled":true,"jetpack_social_post_already_shared":false,"jetpack_social_options":{"image_generator_settings":{"template":"highway","default_image_id":0,"font":"","enabled":false},"version":2}},"categories":[26,1],"tags":[628,42],"class_list":["post-20948","post","type-post","status-publish","format-standard","has-post-thumbnail","hentry","category-columnistas","category-sin-categoria","tag-lopez-obrador","tag-mexico"],"jetpack_publicize_connections":[],"jetpack_featured_media_url":"https:\/\/i0.wp.com\/politicosaldesnudo.com.mx\/wp-content\/uploads\/2022\/04\/JOSE%CC%81-LIMA-COBOS.png?fit=1816%2C1016&ssl=1","jetpack-related-posts":[],"jetpack_sharing_enabled":true,"_links":{"self":[{"href":"https:\/\/politicosaldesnudo.com.mx\/index.php\/wp-json\/wp\/v2\/posts\/20948","targetHints":{"allow":["GET"]}}],"collection":[{"href":"https:\/\/politicosaldesnudo.com.mx\/index.php\/wp-json\/wp\/v2\/posts"}],"about":[{"href":"https:\/\/politicosaldesnudo.com.mx\/index.php\/wp-json\/wp\/v2\/types\/post"}],"author":[{"embeddable":true,"href":"https:\/\/politicosaldesnudo.com.mx\/index.php\/wp-json\/wp\/v2\/users\/4"}],"replies":[{"embeddable":true,"href":"https:\/\/politicosaldesnudo.com.mx\/index.php\/wp-json\/wp\/v2\/comments?post=20948"}],"version-history":[{"count":0,"href":"https:\/\/politicosaldesnudo.com.mx\/index.php\/wp-json\/wp\/v2\/posts\/20948\/revisions"}],"wp:featuredmedia":[{"embeddable":true,"href":"https:\/\/politicosaldesnudo.com.mx\/index.php\/wp-json\/wp\/v2\/media\/4215"}],"wp:attachment":[{"href":"https:\/\/politicosaldesnudo.com.mx\/index.php\/wp-json\/wp\/v2\/media?parent=20948"}],"wp:term":[{"taxonomy":"category","embeddable":true,"href":"https:\/\/politicosaldesnudo.com.mx\/index.php\/wp-json\/wp\/v2\/categories?post=20948"},{"taxonomy":"post_tag","embeddable":true,"href":"https:\/\/politicosaldesnudo.com.mx\/index.php\/wp-json\/wp\/v2\/tags?post=20948"}],"curies":[{"name":"wp","href":"https:\/\/api.w.org\/{rel}","templated":true}]}}