{"id":20952,"date":"2023-06-12T02:58:34","date_gmt":"2023-06-12T07:58:34","guid":{"rendered":"https:\/\/politicosaldesnudo.com.mx\/?p=20952"},"modified":"2023-06-12T02:58:34","modified_gmt":"2023-06-12T07:58:34","slug":"las-reglas-corcholateras","status":"publish","type":"post","link":"https:\/\/politicosaldesnudo.com.mx\/index.php\/2023\/06\/12\/las-reglas-corcholateras\/","title":{"rendered":"Las reglas corcholateras"},"content":{"rendered":"<p class=\"p1\">\n<p>&nbsp;<\/p>\n<p class=\"p1\"><span style=\"font-size: 18pt;\"><b>Por Luis Ram\u00edrez Baqueiro<\/b><\/span><\/p>\n<p>&nbsp;<\/p>\n<p>&nbsp;<\/p>\n<p class=\"p1\" style=\"text-align: center;\"><em><span style=\"font-size: 18pt;\"><strong>\u201cLa conducta es un espejo en que cada uno muestra su imagen\u201d<span class=\"Apple-converted-space\">\u00a0<\/span><\/strong><\/span><\/em><\/p>\n<p class=\"p1\" style=\"text-align: center;\"><span style=\"font-size: 18pt;\">\u2013 Johann Wolfgang von Goethe \u2013<\/span><\/p>\n<p>&nbsp;<\/p>\n<p>&nbsp;<\/p>\n<p class=\"p1\"><span style=\"font-size: 14pt;\">Vaya que el presidente Andr\u00e9s Manuel L\u00f3pez Obrador ten\u00eda m\u00e1s que preparado, estudiado, analizado el tamal con el que habr\u00e1 de \u201cdedocratizar\u201d su proceso de sucesi\u00f3n para el 2024, y as\u00ed disfrazar lo que se ve a todas luces como el resurgimiento del maximato transformador del siglo XXI.<\/span><\/p>\n<p class=\"p1\"><span style=\"font-size: 14pt;\">As\u00ed del 12 al 16 de junio se habr\u00e1 de dar el registro de aspirantes y cada uno de los inscritos proponer las dos casas encuestadoras que sugieren participen del proceso de selecci\u00f3n.<\/span><\/p>\n<p class=\"p1\"><span style=\"font-size: 14pt;\">Del 19 de junio al 27 de agosto, los aspirantes podr\u00e1n realizar recorridos por todo el pa\u00eds en promoci\u00f3n de sus figuras, en los que deber\u00e1n de hablar de los logros de la 4T y de la promoci\u00f3n de la democracia.<\/span><\/p>\n<p class=\"p1\"><span style=\"font-size: 14pt;\">Entre el 28 de agosto y el 3 de septiembre se habr\u00e1 de levantar la encuesta por la Comisi\u00f3n de Encuestas de Morena y las empresas encuestadoras con representantes de los aspirantes.<\/span><\/p>\n<p class=\"p1\"><span style=\"font-size: 14pt;\">Del 4 al 6 de septiembre, se dar\u00e1 el procesamiento de informaci\u00f3n por parte de la Comisi\u00f3n Nacional de Encuestas de Morena e integrar\u00e1 el resultado.<\/span><\/p>\n<p class=\"p1\"><span style=\"font-size: 14pt;\">Y el 6 de septiembre ser\u00e1 el gran d\u00eda de difundir al ganador o ganadora de la encuesta; mismo que se realizar\u00e1 con entrega de los resultados de parte de la Comisi\u00f3n Nacional de Encuestas al Consejo Nacional y a la Comisi\u00f3n de Elecciones. Asimismo, se le informar\u00e1 al presidente del CEN y aliados para la presentaci\u00f3n p\u00fablica de los resultados en presencia de los aspirantes.<\/span><\/p>\n<p class=\"p1\"><span style=\"font-size: 14pt;\">Durante la presentaci\u00f3n de las reglas de competencia, los \u00f3rganos de direcci\u00f3n de Morena demandaron a los aspirantes presidenciales no fracturar al partido en su intenci\u00f3n de ganar la candidatura.<\/span><\/p>\n<p class=\"p1\"><span style=\"font-size: 14pt;\">El presidente del Consejo, Alfonso Durazo Monta\u00f1o al leer el contenido de la convocatoria enfatiz\u00f3: \u201cEvitar disputas internas que podr\u00edan derivar en fracturas y mantener la unidad de nuestro partido y de nuestro movimiento, aunque no habr\u00e1 motivo para ello, toda vez que se llevar\u00e1 a cabo caracterizado por la transparencia, la equidad y la imparcialidad\u201d.<\/span><\/p>\n<p class=\"p1\"><span style=\"font-size: 14pt;\">Adem\u00e1s, remarc\u00f3: \u201cSer\u00e1 fundamental enviar al pueblo de M\u00e9xico el mensaje de que actuamos con \u00e9tica y compa\u00f1erismo, esp\u00edritu unitario y \u00e1nimo de transformaci\u00f3n verdadera de la vida p\u00fablica del pa\u00eds\u201d.<\/span><\/p>\n<p class=\"p1\"><span style=\"font-size: 14pt;\">Ahora bien, si ya trazadas las reglas del juego, est\u00e1s no se respetaran por parte de los actores participantes \u00bfqu\u00e9 pasar\u00e1?<\/span><\/p>\n<p class=\"p1\"><span style=\"font-size: 14pt;\">Lo cierto es que la desbandada morenista pudiera ser una realidad, en caso de no favorecer a algunos de los aspirantes el resultado, y ah\u00ed habr\u00e1 que ver si la aletargada y taciturna oposici\u00f3n se despabila y opera para atraer a su terru\u00f1o a los actores pol\u00edticos inconformes para al menos intentar garantizarse m\u00e1s votos.<\/span><\/p>\n<p class=\"p1\"><span style=\"font-size: 14pt;\">Por lo pronto habr\u00e1 que ver a los actores locales al menos en el Estado de Veracruz, su est\u00e1n a favor de aplicarse las mismas reglas que los aspirantes presidenciales, y seguir el mismo esquema de elecci\u00f3n, que seguramente, ser\u00e1, a partir de ya, el modelo \u201cdedocr\u00e1tico\u201d empleado por el movimiento transformador.<\/span><\/p>\n<p class=\"p1\"><span style=\"font-size: 14pt;\">Mientras tanto, Roc\u00edo Nahle Garc\u00eda, Manuel Huerta Ladr\u00f3n de Guevara, Ricardo Ahued Bardahuil, Sergio Guti\u00e9rrez Luna, Zenyazen Escobar Garc\u00eda afilan ya sus machetes para llegado el momento prepararse para la batalla interna, que en la entidad pareciera ser de pron\u00f3stico semireservado.<\/span><\/p>\n<p class=\"p1\"><span style=\"font-size: 14pt;\">Pues la ventaja la tiene la propia secretar\u00eda de Energ\u00eda, Roc\u00edo Nahle, a la que personajes como Cuitl\u00e1huac Garc\u00eda Jim\u00e9nez y Juan Javier G\u00f3mez Cazar\u00edn afirman que \u201cChio es la buena\u201d Al tiempo.<\/span><\/p>\n<p>&nbsp;<\/p>\n<p class=\"p1\"><span style=\"font-size: 18pt;\"><strong>Al tiempo<\/strong><\/span><\/p>\n<p>&nbsp;<\/p>\n<hr \/>\n<p>&nbsp;<\/p>\n<p class=\"p1\"><span style=\"font-size: 18pt;\"><strong>Correo: <a href=\"mailto:astrolabiopoliticomx@gmail.com\">astrolabiopoliticomx@gmail.com<\/a><\/strong><\/span><\/p>\n<p class=\"p1\"><span style=\"font-size: 18pt;\"><strong>Twitter: <a href=\"http:\/\/www.twitter.com\/LuisBaqueiro_mx\">@LuisBaqueiro_mx<\/a><\/strong><\/span><\/p>\n<p>&nbsp;<\/p>\n<p><img data-recalc-dims=\"1\" loading=\"lazy\" decoding=\"async\" class=\"aligncenter wp-image-14351\" src=\"https:\/\/i0.wp.com\/politicosaldesnudo.com.mx\/wp-content\/uploads\/2023\/01\/FIRMA-EDITORIAL-PD-300x37.png?resize=800%2C98&#038;ssl=1\" alt=\"\" width=\"800\" height=\"98\" srcset=\"https:\/\/i0.wp.com\/politicosaldesnudo.com.mx\/wp-content\/uploads\/2023\/01\/FIRMA-EDITORIAL-PD.png?resize=300%2C37&amp;ssl=1 300w, https:\/\/i0.wp.com\/politicosaldesnudo.com.mx\/wp-content\/uploads\/2023\/01\/FIRMA-EDITORIAL-PD.png?resize=1024%2C125&amp;ssl=1 1024w, https:\/\/i0.wp.com\/politicosaldesnudo.com.mx\/wp-content\/uploads\/2023\/01\/FIRMA-EDITORIAL-PD.png?resize=768%2C94&amp;ssl=1 768w, https:\/\/i0.wp.com\/politicosaldesnudo.com.mx\/wp-content\/uploads\/2023\/01\/FIRMA-EDITORIAL-PD.png?resize=1536%2C188&amp;ssl=1 1536w, https:\/\/i0.wp.com\/politicosaldesnudo.com.mx\/wp-content\/uploads\/2023\/01\/FIRMA-EDITORIAL-PD.png?resize=2048%2C250&amp;ssl=1 2048w, https:\/\/i0.wp.com\/politicosaldesnudo.com.mx\/wp-content\/uploads\/2023\/01\/FIRMA-EDITORIAL-PD.png?w=1600&amp;ssl=1 1600w, https:\/\/i0.wp.com\/politicosaldesnudo.com.mx\/wp-content\/uploads\/2023\/01\/FIRMA-EDITORIAL-PD.png?w=2400&amp;ssl=1 2400w\" sizes=\"auto, (max-width: 800px) 100vw, 800px\" \/><\/p>\n<p>&nbsp;<\/p>\n<p>&nbsp;<\/p>\n<p>&nbsp;<\/p>\n<p>&nbsp;<\/p>\n","protected":false},"excerpt":{"rendered":"<p>&nbsp; Por Luis Ram\u00edrez Baqueiro &nbsp; &nbsp; \u201cLa conducta es un espejo en que cada uno muestra su imagen\u201d\u00a0 \u2013<\/p>\n","protected":false},"author":4,"featured_media":4390,"comment_status":"closed","ping_status":"closed","sticky":false,"template":"","format":"standard","meta":{"colormag_page_container_layout":"default_layout","colormag_page_sidebar_layout":"default_layout","_jetpack_memberships_contains_paid_content":false,"footnotes":"","jetpack_publicize_message":"","jetpack_publicize_feature_enabled":true,"jetpack_social_post_already_shared":false,"jetpack_social_options":{"image_generator_settings":{"template":"highway","default_image_id":0,"font":"","enabled":false},"version":2}},"categories":[26],"tags":[],"class_list":["post-20952","post","type-post","status-publish","format-standard","has-post-thumbnail","hentry","category-columnistas"],"jetpack_publicize_connections":[],"jetpack_featured_media_url":"https:\/\/i0.wp.com\/politicosaldesnudo.com.mx\/wp-content\/uploads\/2022\/04\/LUIS-RAMI%CC%81REZ-BAQUEIRO.png?fit=1816%2C1016&ssl=1","jetpack-related-posts":[],"jetpack_sharing_enabled":true,"_links":{"self":[{"href":"https:\/\/politicosaldesnudo.com.mx\/index.php\/wp-json\/wp\/v2\/posts\/20952","targetHints":{"allow":["GET"]}}],"collection":[{"href":"https:\/\/politicosaldesnudo.com.mx\/index.php\/wp-json\/wp\/v2\/posts"}],"about":[{"href":"https:\/\/politicosaldesnudo.com.mx\/index.php\/wp-json\/wp\/v2\/types\/post"}],"author":[{"embeddable":true,"href":"https:\/\/politicosaldesnudo.com.mx\/index.php\/wp-json\/wp\/v2\/users\/4"}],"replies":[{"embeddable":true,"href":"https:\/\/politicosaldesnudo.com.mx\/index.php\/wp-json\/wp\/v2\/comments?post=20952"}],"version-history":[{"count":0,"href":"https:\/\/politicosaldesnudo.com.mx\/index.php\/wp-json\/wp\/v2\/posts\/20952\/revisions"}],"wp:featuredmedia":[{"embeddable":true,"href":"https:\/\/politicosaldesnudo.com.mx\/index.php\/wp-json\/wp\/v2\/media\/4390"}],"wp:attachment":[{"href":"https:\/\/politicosaldesnudo.com.mx\/index.php\/wp-json\/wp\/v2\/media?parent=20952"}],"wp:term":[{"taxonomy":"category","embeddable":true,"href":"https:\/\/politicosaldesnudo.com.mx\/index.php\/wp-json\/wp\/v2\/categories?post=20952"},{"taxonomy":"post_tag","embeddable":true,"href":"https:\/\/politicosaldesnudo.com.mx\/index.php\/wp-json\/wp\/v2\/tags?post=20952"}],"curies":[{"name":"wp","href":"https:\/\/api.w.org\/{rel}","templated":true}]}}