{"id":21035,"date":"2023-06-13T20:06:51","date_gmt":"2023-06-14T01:06:51","guid":{"rendered":"https:\/\/politicosaldesnudo.com.mx\/?p=21035"},"modified":"2023-06-13T20:08:29","modified_gmt":"2023-06-14T01:08:29","slug":"alcalde-jose-manuel-pozos-se-reune-con-medallistas-tuxpenos-de-los-juegos-nacionales-conade","status":"publish","type":"post","link":"https:\/\/politicosaldesnudo.com.mx\/index.php\/2023\/06\/13\/alcalde-jose-manuel-pozos-se-reune-con-medallistas-tuxpenos-de-los-juegos-nacionales-conade\/","title":{"rendered":"Alcalde Jos\u00e9 Manuel Pozos se re\u00fane con medallistas tuxpe\u00f1os de los Juegos Nacionales Conade"},"content":{"rendered":"<p>&nbsp;<\/p>\n<p class=\"p1\"><span style=\"font-size: 14pt;\"><em><strong>TUXPAN, VERACRUZ.<\/strong><\/em> El <strong>alcalde Jos\u00e9 Manuel Pozos se reuni\u00f3 con j\u00f3venes cano\u00edstas y kayakistas tuxpe\u00f1os que representaron a Veracruz<\/strong> y obtuvieron <strong>medallas de oro, plata y bronce en la edici\u00f3n 2023<\/strong> de los Juegos Nacionales Conade.<\/span><\/p>\n<p class=\"p1\"><span style=\"font-size: 18pt;\"><strong>El evento deportivo de Conade a nivel amateur se llev\u00f3 acabo el pasado 9 de junio en el estado de Jalisco.<\/strong><\/span><\/p>\n<p class=\"p1\"><span style=\"font-size: 14pt;\">El alcalde reconoci\u00f3 la disciplina y la entrega de los j\u00f3venes, a quienes agradeci\u00f3 poner el nombre de Tuxpan muy en alto, y los exhort\u00f3 a que contin\u00faen con su preparaci\u00f3n f\u00edsica para competencias venideras.<\/span><\/p>\n<p>&nbsp;<\/p>\n<blockquote>\n<p class=\"p1\"><span style=\"font-size: 14pt;\">Tuxpan se siente orgulloso de todos ustedes, porque cumplieron con el m\u00e1s alto honor: la responsabilidad de representar a su querido municipio y al estado\u201d<\/span><\/p>\n<\/blockquote>\n<p>&nbsp;<\/p>\n<p class=\"p1\"><span style=\"font-size: 18pt;\"><strong>Asimismo Jos\u00e9 Manuel Pozos refrend\u00f3 el apoyo y respaldo del Gobierno de Tuxpan, asegurando que se realizan acciones permanentes en pro del deporte.<span class=\"Apple-converted-space\">\u00a0<\/span><\/strong><\/span><\/p>\n<p>&nbsp;<\/p>\n<p class=\"p1\"><span style=\"font-size: 18pt; color: #139eca;\"><strong>Los j\u00f3venes que obtuvieron preseas son: <span class=\"Apple-converted-space\">\u00a0<\/span><\/strong><\/span><\/p>\n<ul>\n<li class=\"p1\"><span style=\"font-size: 14pt;\">Los cano\u00edstas: Diego Jacobo Escudero (Oro y Bronce) y \u00c1ngel Cruz (Bronce).<\/span><\/li>\n<li class=\"p1\"><span style=\"font-size: 14pt;\">Los kayakistas: Carlos Mu\u00f1oz (Plata y Bronce), Luis del \u00c1ngel (Plata y Bronce), Carlos Vel\u00e1zquez (2 Bronce), Florentino Serrano (Bronce), Santiago Saucedo (Bronce) y Fernando Montes (2 Bronce).<\/span><\/li>\n<\/ul>\n<p>&nbsp;<\/p>\n<p><span style=\"font-size: 18pt;\"><strong>Los deportistas agradecieron el apoyo brindado por la administraci\u00f3n municipal en todas las disciplinas que se practican en Tuxpan.<\/strong><\/span><\/p>\n<p>&nbsp;<\/p>\n<p>&nbsp;<\/p>\n<p>&nbsp;<\/p>\n","protected":false},"excerpt":{"rendered":"<p>&nbsp; TUXPAN, VERACRUZ. El alcalde Jos\u00e9 Manuel Pozos se reuni\u00f3 con j\u00f3venes cano\u00edstas y kayakistas tuxpe\u00f1os que representaron a Veracruz<\/p>\n","protected":false},"author":4,"featured_media":21036,"comment_status":"closed","ping_status":"closed","sticky":false,"template":"","format":"standard","meta":{"colormag_page_container_layout":"default_layout","colormag_page_sidebar_layout":"default_layout","_jetpack_memberships_contains_paid_content":false,"footnotes":"","jetpack_publicize_message":"","jetpack_publicize_feature_enabled":true,"jetpack_social_post_already_shared":false,"jetpack_social_options":{"image_generator_settings":{"template":"highway","default_image_id":0,"font":"","enabled":false},"version":2}},"categories":[1082],"tags":[2853,576,2854,70,100],"class_list":["post-21035","post","type-post","status-publish","format-standard","has-post-thumbnail","hentry","category-tuxpan","tag-conade","tag-jose-manuel-pozos","tag-medallistas","tag-tuxpan","tag-veracruz"],"jetpack_publicize_connections":[],"jetpack_featured_media_url":"https:\/\/i0.wp.com\/politicosaldesnudo.com.mx\/wp-content\/uploads\/2023\/06\/P-MEDALLISTAS-CONADE-1.png?fit=1600%2C1066&ssl=1","jetpack-related-posts":[],"jetpack_sharing_enabled":true,"_links":{"self":[{"href":"https:\/\/politicosaldesnudo.com.mx\/index.php\/wp-json\/wp\/v2\/posts\/21035","targetHints":{"allow":["GET"]}}],"collection":[{"href":"https:\/\/politicosaldesnudo.com.mx\/index.php\/wp-json\/wp\/v2\/posts"}],"about":[{"href":"https:\/\/politicosaldesnudo.com.mx\/index.php\/wp-json\/wp\/v2\/types\/post"}],"author":[{"embeddable":true,"href":"https:\/\/politicosaldesnudo.com.mx\/index.php\/wp-json\/wp\/v2\/users\/4"}],"replies":[{"embeddable":true,"href":"https:\/\/politicosaldesnudo.com.mx\/index.php\/wp-json\/wp\/v2\/comments?post=21035"}],"version-history":[{"count":0,"href":"https:\/\/politicosaldesnudo.com.mx\/index.php\/wp-json\/wp\/v2\/posts\/21035\/revisions"}],"wp:featuredmedia":[{"embeddable":true,"href":"https:\/\/politicosaldesnudo.com.mx\/index.php\/wp-json\/wp\/v2\/media\/21036"}],"wp:attachment":[{"href":"https:\/\/politicosaldesnudo.com.mx\/index.php\/wp-json\/wp\/v2\/media?parent=21035"}],"wp:term":[{"taxonomy":"category","embeddable":true,"href":"https:\/\/politicosaldesnudo.com.mx\/index.php\/wp-json\/wp\/v2\/categories?post=21035"},{"taxonomy":"post_tag","embeddable":true,"href":"https:\/\/politicosaldesnudo.com.mx\/index.php\/wp-json\/wp\/v2\/tags?post=21035"}],"curies":[{"name":"wp","href":"https:\/\/api.w.org\/{rel}","templated":true}]}}